{"id":162982,"date":"2026-01-28T12:23:06","date_gmt":"2026-01-28T11:23:06","guid":{"rendered":"https:\/\/www.copealcoy.es\/?p=162982"},"modified":"2026-01-28T12:23:06","modified_gmt":"2026-01-28T11:23:06","slug":"alcoy-adopta-medidas-ante-la-alerta-naranja-por-viento","status":"publish","type":"post","link":"https:\/\/www.copealcoy.es\/es\/alcoy-adopta-medidas-ante-la-alerta-naranja-por-viento\/","title":{"rendered":"Alcoy adopta medidas ante la alerta naranja por viento"},"content":{"rendered":"<p style=\"text-align: justify;\" data-start=\"198\" data-end=\"524\">El <strong data-start=\"201\" data-end=\"257\">Centro de Coordinaci\u00f3n Operativa Municipal (CECOPAL)<\/strong> se reuni\u00f3 ayer<strong data-start=\"277\" data-end=\"302\">\u00a0al mediod\u00eda<\/strong> en el <a href=\"https:\/\/www.alcoi.org\/ca\/portal\/index.html\" target=\"_blank\" rel=\"noopener\"><span style=\"color: #0000ff;\"><strong data-start=\"309\" data-end=\"334\">Ayuntamiento de Alcoy<\/strong><\/span><\/a> con motivo de la <strong data-start=\"352\" data-end=\"399\">alerta naranja por fuertes rachas de viento. <\/strong>Esta \u00faltima ha sido decretada por el <strong data-start=\"418\" data-end=\"488\">Centro de Coordinaci\u00f3n de Emergencias de la Generalitat Valenciana<\/strong> y est\u00e1 activa desde las <strong data-start=\"508\" data-end=\"523\">09:00 horas<\/strong>.<\/p>\n<p style=\"text-align: justify;\" data-start=\"526\" data-end=\"924\">La reuni\u00f3n, presidida por el <strong data-start=\"555\" data-end=\"589\">alcalde de Alcoy, Toni Franc\u00e9s<\/strong>, sirvi\u00f3 para <strong data-start=\"607\" data-end=\"632\">analizar la situaci\u00f3n<\/strong>, establecer <strong data-start=\"645\" data-end=\"668\">medidas preventivas<\/strong> y coordinar los <strong data-start=\"685\" data-end=\"725\">recursos municipales y de emergencia<\/strong> que podr\u00edan ser necesarios mientras permanezca activa la alerta. <em data-start=\"791\" data-end=\"888\">\u201cEl objetivo es anticiparnos a posibles incidencias y garantizar la seguridad de la ciudadan\u00eda\u201d<\/em>, han se\u00f1alado desde el consistorio. Entre las <strong data-start=\"936\" data-end=\"957\">medidas adoptadas<\/strong> destaca el <strong data-start=\"969\" data-end=\"1052\">cierre preventivo de parques, jardines e instalaciones deportivas al aire libre<\/strong>, as\u00ed como la <strong data-start=\"1066\" data-end=\"1099\">suspensi\u00f3n de los mercadillos<\/strong> de la <strong data-start=\"1106\" data-end=\"1120\">Zona Norte<\/strong> y <strong data-start=\"1123\" data-end=\"1136\">San Roque<\/strong>. Adem\u00e1s, se recomienda <strong data-start=\"1160\" data-end=\"1199\">evitar desplazamientos innecesarios<\/strong> y <strong data-start=\"1202\" data-end=\"1246\">extremar la precauci\u00f3n en la v\u00eda p\u00fablica<\/strong>, mientras que los <strong data-start=\"1265\" data-end=\"1287\">centros educativos<\/strong> mantendr\u00e1n su actividad lectiva en el interior de las instalaciones.<\/p>\n<p style=\"text-align: justify;\" data-start=\"1358\" data-end=\"1721\">Desde el <strong data-start=\"1367\" data-end=\"1392\">Ayuntamiento de Alcoy<\/strong> se hace un llamamiento a la ciudadan\u00eda para <strong data-start=\"1437\" data-end=\"1468\">asegurar puertas y ventanas<\/strong>, retirar <strong data-start=\"1478\" data-end=\"1501\">objetos de balcones<\/strong> que puedan caer a la v\u00eda p\u00fablica y evitar transitar por <strong data-start=\"1558\" data-end=\"1638\">zonas con arbolado, cornisas u otros elementos con riesgo de desprendimiento<\/strong>. En la reuni\u00f3n estuvieron presentes tambi\u00e9n <strong data-start=\"1753\" data-end=\"1781\">responsables municipales<\/strong>, <strong data-start=\"1783\" data-end=\"1800\">Polic\u00eda Local<\/strong>, <strong data-start=\"1802\" data-end=\"1822\">Protecci\u00f3n Civil<\/strong> y <strong data-start=\"1825\" data-end=\"1847\">servicios t\u00e9cnicos<\/strong>, con el fin de garantizar una <strong data-start=\"1878\" data-end=\"1902\">respuesta coordinada<\/strong> ante cualquier incidencia. Adem\u00e1s, el <strong data-start=\"1933\" data-end=\"1944\">CECOPAL<\/strong> permanecer\u00e1 en <strong data-start=\"1960\" data-end=\"1983\">contacto permanente<\/strong> para evaluar la evoluci\u00f3n de la situaci\u00f3n meteorol\u00f3gica y, ante cualquier emergencia, se recuerda que el <strong data-start=\"2089\" data-end=\"2125\">tel\u00e9fono de referencia es el 112<\/strong>.<\/p>\n","protected":false},"excerpt":{"rendered":"<p>El Centro de Coordinaci\u00f3n Operativa Municipal (CECOPAL) se reuni\u00f3 ayer\u00a0al mediod\u00eda en el Ayuntamiento de Alcoy con motivo de la&#8230;<\/p>\n","protected":false},"author":1,"featured_media":162983,"comment_status":"closed","ping_status":"closed","sticky":false,"template":"","format":"standard","meta":{"footnotes":""},"categories":[6909,97,75],"tags":[1494,20063,20619,20620],"class_list":["post-162982","post","type-post","status-publish","format-standard","has-post-thumbnail","hentry","category-actualidad","category-alcoy","category-noticias","tag-alcoy","tag-alerta-naranja","tag-cecopal","tag-vientos"],"yoast_head":"<!-- This site is optimized with the Yoast SEO plugin v27.3 - https:\/\/yoast.com\/product\/yoast-seo-wordpress\/ -->\n<title>Alcoy adopta medidas ante la alerta naranja por viento - COPE Alcoy<\/title>\n<meta name=\"description\" content=\"Alcoy adopta medidas ante la alerta naranja por viento\" \/>\n<meta name=\"robots\" content=\"index, follow, max-snippet:-1, max-image-preview:large, max-video-preview:-1\" \/>\n<link rel=\"canonical\" href=\"https:\/\/www.copealcoy.es\/es\/alcoy-adopta-medidas-ante-la-alerta-naranja-por-viento\/\" \/>\n<meta property=\"og:locale\" content=\"es_ES\" \/>\n<meta property=\"og:type\" content=\"article\" \/>\n<meta property=\"og:title\" content=\"Alcoy adopta medidas ante la alerta naranja por viento - COPE Alcoy\" \/>\n<meta property=\"og:description\" content=\"Alcoy adopta medidas ante la alerta naranja por viento\" \/>\n<meta property=\"og:url\" content=\"https:\/\/www.copealcoy.es\/es\/alcoy-adopta-medidas-ante-la-alerta-naranja-por-viento\/\" \/>\n<meta property=\"og:site_name\" content=\"COPE Alcoy\" \/>\n<meta property=\"article:published_time\" content=\"2026-01-28T11:23:06+00:00\" \/>\n<meta property=\"og:image\" content=\"https:\/\/www.copealcoy.es\/wp-content\/uploads\/2026\/01\/Reunio-CECOPAL-1.jpg\" \/>\n\t<meta property=\"og:image:width\" content=\"625\" \/>\n\t<meta property=\"og:image:height\" content=\"469\" \/>\n\t<meta property=\"og:image:type\" content=\"image\/jpeg\" \/>\n<meta name=\"author\" content=\"Cope Alcoy\" \/>\n<meta name=\"twitter:label1\" content=\"Escrito por\" \/>\n\t<meta name=\"twitter:data1\" content=\"Cope Alcoy\" \/>\n\t<meta name=\"twitter:label2\" content=\"Tiempo de lectura\" \/>\n\t<meta name=\"twitter:data2\" content=\"2 minutos\" \/>\n<script type=\"application\/ld+json\" class=\"yoast-schema-graph\">{\"@context\":\"https:\\\/\\\/schema.org\",\"@graph\":[{\"@type\":\"Article\",\"@id\":\"https:\\\/\\\/www.copealcoy.es\\\/es\\\/alcoy-adopta-medidas-ante-la-alerta-naranja-por-viento\\\/#article\",\"isPartOf\":{\"@id\":\"https:\\\/\\\/www.copealcoy.es\\\/es\\\/alcoy-adopta-medidas-ante-la-alerta-naranja-por-viento\\\/\"},\"author\":{\"name\":\"Cope Alcoy\",\"@id\":\"https:\\\/\\\/www.copealcoy.es\\\/es\\\/#\\\/schema\\\/person\\\/e777c87fa024e57d40170af9df39882c\"},\"headline\":\"Alcoy adopta medidas ante la alerta naranja por viento\",\"datePublished\":\"2026-01-28T11:23:06+00:00\",\"mainEntityOfPage\":{\"@id\":\"https:\\\/\\\/www.copealcoy.es\\\/es\\\/alcoy-adopta-medidas-ante-la-alerta-naranja-por-viento\\\/\"},\"wordCount\":298,\"image\":{\"@id\":\"https:\\\/\\\/www.copealcoy.es\\\/es\\\/alcoy-adopta-medidas-ante-la-alerta-naranja-por-viento\\\/#primaryimage\"},\"thumbnailUrl\":\"https:\\\/\\\/www.copealcoy.es\\\/wp-content\\\/uploads\\\/2026\\\/01\\\/Reunio-CECOPAL-1.jpg\",\"keywords\":[\"Alcoy\",\"alerta naranja\",\"CECOPAL\",\"vientos\"],\"articleSection\":[\"Actualidad\",\"Alcoy\",\"Noticias\"],\"inLanguage\":\"es\"},{\"@type\":\"WebPage\",\"@id\":\"https:\\\/\\\/www.copealcoy.es\\\/es\\\/alcoy-adopta-medidas-ante-la-alerta-naranja-por-viento\\\/\",\"url\":\"https:\\\/\\\/www.copealcoy.es\\\/es\\\/alcoy-adopta-medidas-ante-la-alerta-naranja-por-viento\\\/\",\"name\":\"Alcoy adopta medidas ante la alerta naranja por viento - COPE Alcoy\",\"isPartOf\":{\"@id\":\"https:\\\/\\\/www.copealcoy.es\\\/es\\\/#website\"},\"primaryImageOfPage\":{\"@id\":\"https:\\\/\\\/www.copealcoy.es\\\/es\\\/alcoy-adopta-medidas-ante-la-alerta-naranja-por-viento\\\/#primaryimage\"},\"image\":{\"@id\":\"https:\\\/\\\/www.copealcoy.es\\\/es\\\/alcoy-adopta-medidas-ante-la-alerta-naranja-por-viento\\\/#primaryimage\"},\"thumbnailUrl\":\"https:\\\/\\\/www.copealcoy.es\\\/wp-content\\\/uploads\\\/2026\\\/01\\\/Reunio-CECOPAL-1.jpg\",\"datePublished\":\"2026-01-28T11:23:06+00:00\",\"author\":{\"@id\":\"https:\\\/\\\/www.copealcoy.es\\\/es\\\/#\\\/schema\\\/person\\\/e777c87fa024e57d40170af9df39882c\"},\"description\":\"Alcoy adopta medidas ante la alerta naranja por viento\",\"breadcrumb\":{\"@id\":\"https:\\\/\\\/www.copealcoy.es\\\/es\\\/alcoy-adopta-medidas-ante-la-alerta-naranja-por-viento\\\/#breadcrumb\"},\"inLanguage\":\"es\",\"potentialAction\":[{\"@type\":\"ReadAction\",\"target\":[\"https:\\\/\\\/www.copealcoy.es\\\/es\\\/alcoy-adopta-medidas-ante-la-alerta-naranja-por-viento\\\/\"]}]},{\"@type\":\"ImageObject\",\"inLanguage\":\"es\",\"@id\":\"https:\\\/\\\/www.copealcoy.es\\\/es\\\/alcoy-adopta-medidas-ante-la-alerta-naranja-por-viento\\\/#primaryimage\",\"url\":\"https:\\\/\\\/www.copealcoy.es\\\/wp-content\\\/uploads\\\/2026\\\/01\\\/Reunio-CECOPAL-1.jpg\",\"contentUrl\":\"https:\\\/\\\/www.copealcoy.es\\\/wp-content\\\/uploads\\\/2026\\\/01\\\/Reunio-CECOPAL-1.jpg\",\"width\":625,\"height\":469},{\"@type\":\"BreadcrumbList\",\"@id\":\"https:\\\/\\\/www.copealcoy.es\\\/es\\\/alcoy-adopta-medidas-ante-la-alerta-naranja-por-viento\\\/#breadcrumb\",\"itemListElement\":[{\"@type\":\"ListItem\",\"position\":1,\"name\":\"Portada\",\"item\":\"https:\\\/\\\/www.copealcoy.es\\\/es\\\/\"},{\"@type\":\"ListItem\",\"position\":2,\"name\":\"Alcoy adopta medidas ante la alerta naranja por viento\"}]},{\"@type\":\"WebSite\",\"@id\":\"https:\\\/\\\/www.copealcoy.es\\\/es\\\/#website\",\"url\":\"https:\\\/\\\/www.copealcoy.es\\\/es\\\/\",\"name\":\"COPE Alcoy\",\"description\":\"Emisora COPE de radio local con emisi\u00f3n online. Pont de Sant Jordi 8-10 03803 Alcoy\",\"potentialAction\":[{\"@type\":\"SearchAction\",\"target\":{\"@type\":\"EntryPoint\",\"urlTemplate\":\"https:\\\/\\\/www.copealcoy.es\\\/es\\\/?s={search_term_string}\"},\"query-input\":{\"@type\":\"PropertyValueSpecification\",\"valueRequired\":true,\"valueName\":\"search_term_string\"}}],\"inLanguage\":\"es\"},{\"@type\":\"Person\",\"@id\":\"https:\\\/\\\/www.copealcoy.es\\\/es\\\/#\\\/schema\\\/person\\\/e777c87fa024e57d40170af9df39882c\",\"name\":\"Cope Alcoy\",\"image\":{\"@type\":\"ImageObject\",\"inLanguage\":\"es\",\"@id\":\"https:\\\/\\\/secure.gravatar.com\\\/avatar\\\/bb65d0283347e303893ba14f0692005417c1e0e690a325a4c5d8bb2b3943ee14?s=96&d=mm&r=g\",\"url\":\"https:\\\/\\\/secure.gravatar.com\\\/avatar\\\/bb65d0283347e303893ba14f0692005417c1e0e690a325a4c5d8bb2b3943ee14?s=96&d=mm&r=g\",\"contentUrl\":\"https:\\\/\\\/secure.gravatar.com\\\/avatar\\\/bb65d0283347e303893ba14f0692005417c1e0e690a325a4c5d8bb2b3943ee14?s=96&d=mm&r=g\",\"caption\":\"Cope Alcoy\"}}]}<\/script>\n<!-- \/ Yoast SEO plugin. -->","yoast_head_json":{"title":"Alcoy adopta medidas ante la alerta naranja por viento - COPE Alcoy","description":"Alcoy adopta medidas ante la alerta naranja por viento","robots":{"index":"index","follow":"follow","max-snippet":"max-snippet:-1","max-image-preview":"max-image-preview:large","max-video-preview":"max-video-preview:-1"},"canonical":"https:\/\/www.copealcoy.es\/es\/alcoy-adopta-medidas-ante-la-alerta-naranja-por-viento\/","og_locale":"es_ES","og_type":"article","og_title":"Alcoy adopta medidas ante la alerta naranja por viento - COPE Alcoy","og_description":"Alcoy adopta medidas ante la alerta naranja por viento","og_url":"https:\/\/www.copealcoy.es\/es\/alcoy-adopta-medidas-ante-la-alerta-naranja-por-viento\/","og_site_name":"COPE Alcoy","article_published_time":"2026-01-28T11:23:06+00:00","og_image":[{"width":625,"height":469,"url":"https:\/\/www.copealcoy.es\/wp-content\/uploads\/2026\/01\/Reunio-CECOPAL-1.jpg","type":"image\/jpeg"}],"author":"Cope Alcoy","twitter_misc":{"Escrito por":"Cope Alcoy","Tiempo de lectura":"2 minutos"},"schema":{"@context":"https:\/\/schema.org","@graph":[{"@type":"Article","@id":"https:\/\/www.copealcoy.es\/es\/alcoy-adopta-medidas-ante-la-alerta-naranja-por-viento\/#article","isPartOf":{"@id":"https:\/\/www.copealcoy.es\/es\/alcoy-adopta-medidas-ante-la-alerta-naranja-por-viento\/"},"author":{"name":"Cope Alcoy","@id":"https:\/\/www.copealcoy.es\/es\/#\/schema\/person\/e777c87fa024e57d40170af9df39882c"},"headline":"Alcoy adopta medidas ante la alerta naranja por viento","datePublished":"2026-01-28T11:23:06+00:00","mainEntityOfPage":{"@id":"https:\/\/www.copealcoy.es\/es\/alcoy-adopta-medidas-ante-la-alerta-naranja-por-viento\/"},"wordCount":298,"image":{"@id":"https:\/\/www.copealcoy.es\/es\/alcoy-adopta-medidas-ante-la-alerta-naranja-por-viento\/#primaryimage"},"thumbnailUrl":"https:\/\/www.copealcoy.es\/wp-content\/uploads\/2026\/01\/Reunio-CECOPAL-1.jpg","keywords":["Alcoy","alerta naranja","CECOPAL","vientos"],"articleSection":["Actualidad","Alcoy","Noticias"],"inLanguage":"es"},{"@type":"WebPage","@id":"https:\/\/www.copealcoy.es\/es\/alcoy-adopta-medidas-ante-la-alerta-naranja-por-viento\/","url":"https:\/\/www.copealcoy.es\/es\/alcoy-adopta-medidas-ante-la-alerta-naranja-por-viento\/","name":"Alcoy adopta medidas ante la alerta naranja por viento - COPE Alcoy","isPartOf":{"@id":"https:\/\/www.copealcoy.es\/es\/#website"},"primaryImageOfPage":{"@id":"https:\/\/www.copealcoy.es\/es\/alcoy-adopta-medidas-ante-la-alerta-naranja-por-viento\/#primaryimage"},"image":{"@id":"https:\/\/www.copealcoy.es\/es\/alcoy-adopta-medidas-ante-la-alerta-naranja-por-viento\/#primaryimage"},"thumbnailUrl":"https:\/\/www.copealcoy.es\/wp-content\/uploads\/2026\/01\/Reunio-CECOPAL-1.jpg","datePublished":"2026-01-28T11:23:06+00:00","author":{"@id":"https:\/\/www.copealcoy.es\/es\/#\/schema\/person\/e777c87fa024e57d40170af9df39882c"},"description":"Alcoy adopta medidas ante la alerta naranja por viento","breadcrumb":{"@id":"https:\/\/www.copealcoy.es\/es\/alcoy-adopta-medidas-ante-la-alerta-naranja-por-viento\/#breadcrumb"},"inLanguage":"es","potentialAction":[{"@type":"ReadAction","target":["https:\/\/www.copealcoy.es\/es\/alcoy-adopta-medidas-ante-la-alerta-naranja-por-viento\/"]}]},{"@type":"ImageObject","inLanguage":"es","@id":"https:\/\/www.copealcoy.es\/es\/alcoy-adopta-medidas-ante-la-alerta-naranja-por-viento\/#primaryimage","url":"https:\/\/www.copealcoy.es\/wp-content\/uploads\/2026\/01\/Reunio-CECOPAL-1.jpg","contentUrl":"https:\/\/www.copealcoy.es\/wp-content\/uploads\/2026\/01\/Reunio-CECOPAL-1.jpg","width":625,"height":469},{"@type":"BreadcrumbList","@id":"https:\/\/www.copealcoy.es\/es\/alcoy-adopta-medidas-ante-la-alerta-naranja-por-viento\/#breadcrumb","itemListElement":[{"@type":"ListItem","position":1,"name":"Portada","item":"https:\/\/www.copealcoy.es\/es\/"},{"@type":"ListItem","position":2,"name":"Alcoy adopta medidas ante la alerta naranja por viento"}]},{"@type":"WebSite","@id":"https:\/\/www.copealcoy.es\/es\/#website","url":"https:\/\/www.copealcoy.es\/es\/","name":"COPE Alcoy","description":"Emisora COPE de radio local con emisi\u00f3n online. Pont de Sant Jordi 8-10 03803 Alcoy","potentialAction":[{"@type":"SearchAction","target":{"@type":"EntryPoint","urlTemplate":"https:\/\/www.copealcoy.es\/es\/?s={search_term_string}"},"query-input":{"@type":"PropertyValueSpecification","valueRequired":true,"valueName":"search_term_string"}}],"inLanguage":"es"},{"@type":"Person","@id":"https:\/\/www.copealcoy.es\/es\/#\/schema\/person\/e777c87fa024e57d40170af9df39882c","name":"Cope Alcoy","image":{"@type":"ImageObject","inLanguage":"es","@id":"https:\/\/secure.gravatar.com\/avatar\/bb65d0283347e303893ba14f0692005417c1e0e690a325a4c5d8bb2b3943ee14?s=96&d=mm&r=g","url":"https:\/\/secure.gravatar.com\/avatar\/bb65d0283347e303893ba14f0692005417c1e0e690a325a4c5d8bb2b3943ee14?s=96&d=mm&r=g","contentUrl":"https:\/\/secure.gravatar.com\/avatar\/bb65d0283347e303893ba14f0692005417c1e0e690a325a4c5d8bb2b3943ee14?s=96&d=mm&r=g","caption":"Cope Alcoy"}}]}},"_links":{"self":[{"href":"https:\/\/www.copealcoy.es\/es\/wp-json\/wp\/v2\/posts\/162982","targetHints":{"allow":["GET"]}}],"collection":[{"href":"https:\/\/www.copealcoy.es\/es\/wp-json\/wp\/v2\/posts"}],"about":[{"href":"https:\/\/www.copealcoy.es\/es\/wp-json\/wp\/v2\/types\/post"}],"author":[{"embeddable":true,"href":"https:\/\/www.copealcoy.es\/es\/wp-json\/wp\/v2\/users\/1"}],"replies":[{"embeddable":true,"href":"https:\/\/www.copealcoy.es\/es\/wp-json\/wp\/v2\/comments?post=162982"}],"version-history":[{"count":1,"href":"https:\/\/www.copealcoy.es\/es\/wp-json\/wp\/v2\/posts\/162982\/revisions"}],"predecessor-version":[{"id":162985,"href":"https:\/\/www.copealcoy.es\/es\/wp-json\/wp\/v2\/posts\/162982\/revisions\/162985"}],"wp:featuredmedia":[{"embeddable":true,"href":"https:\/\/www.copealcoy.es\/es\/wp-json\/wp\/v2\/media\/162983"}],"wp:attachment":[{"href":"https:\/\/www.copealcoy.es\/es\/wp-json\/wp\/v2\/media?parent=162982"}],"wp:term":[{"taxonomy":"category","embeddable":true,"href":"https:\/\/www.copealcoy.es\/es\/wp-json\/wp\/v2\/categories?post=162982"},{"taxonomy":"post_tag","embeddable":true,"href":"https:\/\/www.copealcoy.es\/es\/wp-json\/wp\/v2\/tags?post=162982"}],"curies":[{"name":"wp","href":"https:\/\/api.w.org\/{rel}","templated":true}]}}