{"id":162956,"date":"2026-01-28T09:00:16","date_gmt":"2026-01-28T08:00:16","guid":{"rendered":"https:\/\/www.copealcoy.es\/?p=162956"},"modified":"2026-01-28T11:24:59","modified_gmt":"2026-01-28T10:24:59","slug":"cocentaina-y-muro-inician-la-recuperacion-de-su-patrimonio-industrial-con-fondos-europeos","status":"publish","type":"post","link":"https:\/\/www.copealcoy.es\/es\/cocentaina-y-muro-inician-la-recuperacion-de-su-patrimonio-industrial-con-fondos-europeos\/","title":{"rendered":"Cocentaina y Muro inician la recuperaci\u00f3n de su patrimonio industrial con Fondos Europeos"},"content":{"rendered":"<p style=\"text-align: justify;\" data-start=\"118\" data-end=\"646\">Los Ayuntamientos de <a href=\"https:\/\/www.cocentaina.es\/\" target=\"_blank\" rel=\"noopener\"><span style=\"color: #0000ff;\"><strong data-start=\"139\" data-end=\"153\">Cocentaina<\/strong><\/span><\/a> y <a href=\"https:\/\/www.vilademuro.net\/es\/\" target=\"_blank\" rel=\"noopener\"><span style=\"color: #0000ff;\"><strong data-start=\"156\" data-end=\"164\">Muro<\/strong> <\/span><\/a>ya han comenzado a preparar los <strong data-start=\"197\" data-end=\"210\">proyectos<\/strong> que se financiar\u00e1n con los <strong data-start=\"238\" data-end=\"257\">Fondos Europeos<\/strong>, obtenidos de manera conjunta gracias a su participaci\u00f3n en una <strong data-start=\"322\" data-end=\"340\">\u00c1rea Funcional<\/strong> com\u00fan que supera los <strong data-start=\"362\" data-end=\"383\">20.000 habitantes<\/strong>. Tal y como inform\u00f3 <strong data-start=\"404\" data-end=\"418\">COPE ALCOY<\/strong> semanas atr\u00e1s, ambos municipios gestionar\u00e1n m\u00e1s de <strong data-start=\"456\" data-end=\"479\">7 millones de euros<\/strong>, de los cuales <strong data-start=\"495\" data-end=\"512\">4,28 millones<\/strong> provienen de la <strong data-start=\"529\" data-end=\"546\">Uni\u00f3n Europea<\/strong>, mientras que el resto, <strong data-start=\"571\" data-end=\"588\">2,85 millones<\/strong>, ser\u00e1n aportados a partes iguales por los consistorios.<\/p>\n<p style=\"text-align: justify;\" data-start=\"648\" data-end=\"1255\">Para gestionar estas <strong data-start=\"669\" data-end=\"679\">ayudas<\/strong>, se habilitar\u00e1 una <strong data-start=\"699\" data-end=\"718\">oficina t\u00e9cnica<\/strong> que centralizar\u00e1 los <strong data-start=\"740\" data-end=\"752\">tr\u00e1mites<\/strong> y coordinar\u00e1 a los <strong data-start=\"772\" data-end=\"801\">departamentos municipales<\/strong> implicados, contando adem\u00e1s con el respaldo de una <strong data-start=\"853\" data-end=\"878\">empresa especializada<\/strong> en Fondos Europeos <em data-start=\"899\" data-end=\"1164\">\u201cse trata de una inversi\u00f3n de gran envergadura, resultado del esfuerzo de los gobiernos de progreso que dirigen nuestros municipios. Gracias a este trabajo, nuestro proyecto conjunto ha sido el mejor valorado de la Comunitat Valenciana, con 86,5 puntos sobre 100\u201d<\/em>, se\u00f1alaron <strong data-start=\"1176\" data-end=\"1191\">Rub\u00e9n Mu\u00f1oz<\/strong>, alcalde de Cocentaina, y <strong data-start=\"1218\" data-end=\"1235\">Vicent Molina<\/strong>, alcalde de Muro. En cuanto a la ejecuci\u00f3n de los <strong data-start=\"1289\" data-end=\"1299\">fondos<\/strong>, <strong data-start=\"1301\" data-end=\"1309\">Muro<\/strong> rehabilitar\u00e1 la antigua <strong data-start=\"1334\" data-end=\"1363\">f\u00e1brica de \u2018Les Caixetes\u2019<\/strong> para frenar su deterioro, adem\u00e1s de crear un <strong data-start=\"1409\" data-end=\"1429\">corredor natural<\/strong> que conecte el <strong data-start=\"1445\" data-end=\"1461\">casco urbano<\/strong> con la <strong data-start=\"1469\" data-end=\"1482\">V\u00eda Verde<\/strong> y un <strong data-start=\"1488\" data-end=\"1511\">bosque bioclim\u00e1tico <\/strong><em data-start=\"1513\" data-end=\"1716\">\u201cuna vez acondicionada la infraestructura, se valorar\u00e1 acoger asociaciones locales, espacios de formaci\u00f3n y emprendimiento e incluso sedes de organismos que puedan prestar servicios desde el municipio\u201d<\/em>, explic\u00f3 <strong data-start=\"1726\" data-end=\"1742\">Sa\u00fcl Serrano<\/strong>, primer teniente de alcalde. Por su parte, en <strong data-start=\"1800\" data-end=\"1814\">Cocentaina<\/strong> se restaurar\u00e1 la nave que ocupaba la industria <strong data-start=\"1862\" data-end=\"1875\">Textiflok<\/strong>, con el objetivo de convertirla en un espacio para la <strong data-start=\"1930\" data-end=\"1955\">Formaci\u00f3n Profesional<\/strong>, la <strong data-start=\"1960\" data-end=\"1984\">retenci\u00f3n de talento<\/strong> y la colaboraci\u00f3n con la <strong data-start=\"2010\" data-end=\"2037\">Universidad de Alicante<\/strong>, que ya cuenta con sede en la localidad &#8220;<em>se instalar\u00e1n placas fotovoltaicas en el Polideportivo Municipal para impulsar una comunidad energ\u00e9tica local junto a la rehabilitaci\u00f3n de una vivienda en el casco antiguo&#8221;<\/em>, seg\u00fan destac\u00f3 <strong data-start=\"2283\" data-end=\"2296\">Jordi Pla<\/strong>, primer teniente de alcalde.<\/p>\n<p style=\"text-align: justify;\" data-start=\"2329\" data-end=\"2665\">Se trata del primer <strong data-start=\"2349\" data-end=\"2361\">proyecto<\/strong> de estas caracter\u00edsticas impulsado de forma conjunta por ambos municipios, con previsi\u00f3n de ejecuci\u00f3n hasta <strong data-start=\"2470\" data-end=\"2478\">2029<\/strong>. Tanto <strong data-start=\"2486\" data-end=\"2494\">Muro<\/strong> como <strong data-start=\"2500\" data-end=\"2514\">Cocentaina<\/strong> han reafirmado su compromiso de <em data-start=\"2547\" data-end=\"2575\">\u201cseguir sumando esfuerzos\u201d<\/em> para atraer <strong data-start=\"2588\" data-end=\"2603\">inversiones<\/strong> y atender de manera coordinada las <strong data-start=\"2639\" data-end=\"2662\">necesidades comunes<\/strong>.<\/p>\n","protected":false},"excerpt":{"rendered":"<p>Los Ayuntamientos de Cocentaina y Muro ya han comenzado a preparar los proyectos que se financiar\u00e1n con los Fondos Europeos,&#8230;<\/p>\n","protected":false},"author":1,"featured_media":162957,"comment_status":"closed","ping_status":"closed","sticky":false,"template":"","format":"standard","meta":{"footnotes":""},"categories":[6909,97,98,75],"tags":[132,11154,162,135,452],"class_list":["post-162956","post","type-post","status-publish","format-standard","has-post-thumbnail","hentry","category-actualidad","category-alcoy","category-comarcas","category-noticias","tag-cocentaina","tag-fondos-europeos","tag-inversion","tag-muro","tag-proyectos"],"yoast_head":"<!-- This site is optimized with the Yoast SEO plugin v27.3 - https:\/\/yoast.com\/product\/yoast-seo-wordpress\/ -->\n<title>Cocentaina y Muro inician la recuperaci\u00f3n de su patrimonio industrial con Fondos Europeos - COPE Alcoy<\/title>\n<meta name=\"description\" content=\"Cocentaina y Muro inician la recuperaci\u00f3n de su patrimonio industrial con Fondos Europeos\" \/>\n<meta name=\"robots\" content=\"index, follow, max-snippet:-1, max-image-preview:large, max-video-preview:-1\" \/>\n<link rel=\"canonical\" href=\"https:\/\/www.copealcoy.es\/es\/cocentaina-y-muro-inician-la-recuperacion-de-su-patrimonio-industrial-con-fondos-europeos\/\" \/>\n<meta property=\"og:locale\" content=\"es_ES\" \/>\n<meta property=\"og:type\" content=\"article\" \/>\n<meta property=\"og:title\" content=\"Cocentaina y Muro inician la recuperaci\u00f3n de su patrimonio industrial con Fondos Europeos - COPE Alcoy\" \/>\n<meta property=\"og:description\" content=\"Cocentaina y Muro inician la recuperaci\u00f3n de su patrimonio industrial con Fondos Europeos\" \/>\n<meta property=\"og:url\" content=\"https:\/\/www.copealcoy.es\/es\/cocentaina-y-muro-inician-la-recuperacion-de-su-patrimonio-industrial-con-fondos-europeos\/\" \/>\n<meta property=\"og:site_name\" content=\"COPE Alcoy\" \/>\n<meta property=\"article:published_time\" content=\"2026-01-28T08:00:16+00:00\" \/>\n<meta property=\"article:modified_time\" content=\"2026-01-28T10:24:59+00:00\" \/>\n<meta property=\"og:image\" content=\"https:\/\/www.copealcoy.es\/wp-content\/uploads\/2026\/01\/unnamed-1-26-scaled.jpg\" \/>\n\t<meta property=\"og:image:width\" content=\"2560\" \/>\n\t<meta property=\"og:image:height\" content=\"1642\" \/>\n\t<meta property=\"og:image:type\" content=\"image\/jpeg\" \/>\n<meta name=\"author\" content=\"Cope Alcoy\" \/>\n<meta name=\"twitter:label1\" content=\"Escrito por\" \/>\n\t<meta name=\"twitter:data1\" content=\"Cope Alcoy\" \/>\n\t<meta name=\"twitter:label2\" content=\"Tiempo de lectura\" \/>\n\t<meta name=\"twitter:data2\" content=\"3 minutos\" \/>\n<script type=\"application\/ld+json\" class=\"yoast-schema-graph\">{\"@context\":\"https:\\\/\\\/schema.org\",\"@graph\":[{\"@type\":\"Article\",\"@id\":\"https:\\\/\\\/www.copealcoy.es\\\/es\\\/cocentaina-y-muro-inician-la-recuperacion-de-su-patrimonio-industrial-con-fondos-europeos\\\/#article\",\"isPartOf\":{\"@id\":\"https:\\\/\\\/www.copealcoy.es\\\/es\\\/cocentaina-y-muro-inician-la-recuperacion-de-su-patrimonio-industrial-con-fondos-europeos\\\/\"},\"author\":{\"name\":\"Cope Alcoy\",\"@id\":\"https:\\\/\\\/www.copealcoy.es\\\/es\\\/#\\\/schema\\\/person\\\/e777c87fa024e57d40170af9df39882c\"},\"headline\":\"Cocentaina y Muro inician la recuperaci\u00f3n de su patrimonio industrial con Fondos Europeos\",\"datePublished\":\"2026-01-28T08:00:16+00:00\",\"dateModified\":\"2026-01-28T10:24:59+00:00\",\"mainEntityOfPage\":{\"@id\":\"https:\\\/\\\/www.copealcoy.es\\\/es\\\/cocentaina-y-muro-inician-la-recuperacion-de-su-patrimonio-industrial-con-fondos-europeos\\\/\"},\"wordCount\":399,\"image\":{\"@id\":\"https:\\\/\\\/www.copealcoy.es\\\/es\\\/cocentaina-y-muro-inician-la-recuperacion-de-su-patrimonio-industrial-con-fondos-europeos\\\/#primaryimage\"},\"thumbnailUrl\":\"https:\\\/\\\/www.copealcoy.es\\\/wp-content\\\/uploads\\\/2026\\\/01\\\/unnamed-1-26-scaled.jpg\",\"keywords\":[\"Cocentaina\",\"fondos europeos\",\"Inversi\u00f3n\",\"Muro\",\"Proyectos\"],\"articleSection\":[\"Actualidad\",\"Alcoy\",\"Comarcas\",\"Noticias\"],\"inLanguage\":\"es\"},{\"@type\":\"WebPage\",\"@id\":\"https:\\\/\\\/www.copealcoy.es\\\/es\\\/cocentaina-y-muro-inician-la-recuperacion-de-su-patrimonio-industrial-con-fondos-europeos\\\/\",\"url\":\"https:\\\/\\\/www.copealcoy.es\\\/es\\\/cocentaina-y-muro-inician-la-recuperacion-de-su-patrimonio-industrial-con-fondos-europeos\\\/\",\"name\":\"Cocentaina y Muro inician la recuperaci\u00f3n de su patrimonio industrial con Fondos Europeos - COPE Alcoy\",\"isPartOf\":{\"@id\":\"https:\\\/\\\/www.copealcoy.es\\\/es\\\/#website\"},\"primaryImageOfPage\":{\"@id\":\"https:\\\/\\\/www.copealcoy.es\\\/es\\\/cocentaina-y-muro-inician-la-recuperacion-de-su-patrimonio-industrial-con-fondos-europeos\\\/#primaryimage\"},\"image\":{\"@id\":\"https:\\\/\\\/www.copealcoy.es\\\/es\\\/cocentaina-y-muro-inician-la-recuperacion-de-su-patrimonio-industrial-con-fondos-europeos\\\/#primaryimage\"},\"thumbnailUrl\":\"https:\\\/\\\/www.copealcoy.es\\\/wp-content\\\/uploads\\\/2026\\\/01\\\/unnamed-1-26-scaled.jpg\",\"datePublished\":\"2026-01-28T08:00:16+00:00\",\"dateModified\":\"2026-01-28T10:24:59+00:00\",\"author\":{\"@id\":\"https:\\\/\\\/www.copealcoy.es\\\/es\\\/#\\\/schema\\\/person\\\/e777c87fa024e57d40170af9df39882c\"},\"description\":\"Cocentaina y Muro inician la recuperaci\u00f3n de su patrimonio industrial con Fondos Europeos\",\"breadcrumb\":{\"@id\":\"https:\\\/\\\/www.copealcoy.es\\\/es\\\/cocentaina-y-muro-inician-la-recuperacion-de-su-patrimonio-industrial-con-fondos-europeos\\\/#breadcrumb\"},\"inLanguage\":\"es\",\"potentialAction\":[{\"@type\":\"ReadAction\",\"target\":[\"https:\\\/\\\/www.copealcoy.es\\\/es\\\/cocentaina-y-muro-inician-la-recuperacion-de-su-patrimonio-industrial-con-fondos-europeos\\\/\"]}]},{\"@type\":\"ImageObject\",\"inLanguage\":\"es\",\"@id\":\"https:\\\/\\\/www.copealcoy.es\\\/es\\\/cocentaina-y-muro-inician-la-recuperacion-de-su-patrimonio-industrial-con-fondos-europeos\\\/#primaryimage\",\"url\":\"https:\\\/\\\/www.copealcoy.es\\\/wp-content\\\/uploads\\\/2026\\\/01\\\/unnamed-1-26-scaled.jpg\",\"contentUrl\":\"https:\\\/\\\/www.copealcoy.es\\\/wp-content\\\/uploads\\\/2026\\\/01\\\/unnamed-1-26-scaled.jpg\",\"width\":2560,\"height\":1642},{\"@type\":\"BreadcrumbList\",\"@id\":\"https:\\\/\\\/www.copealcoy.es\\\/es\\\/cocentaina-y-muro-inician-la-recuperacion-de-su-patrimonio-industrial-con-fondos-europeos\\\/#breadcrumb\",\"itemListElement\":[{\"@type\":\"ListItem\",\"position\":1,\"name\":\"Portada\",\"item\":\"https:\\\/\\\/www.copealcoy.es\\\/es\\\/\"},{\"@type\":\"ListItem\",\"position\":2,\"name\":\"Cocentaina y Muro inician la recuperaci\u00f3n de su patrimonio industrial con Fondos Europeos\"}]},{\"@type\":\"WebSite\",\"@id\":\"https:\\\/\\\/www.copealcoy.es\\\/es\\\/#website\",\"url\":\"https:\\\/\\\/www.copealcoy.es\\\/es\\\/\",\"name\":\"COPE Alcoy\",\"description\":\"Emisora COPE de radio local con emisi\u00f3n online. Pont de Sant Jordi 8-10 03803 Alcoy\",\"potentialAction\":[{\"@type\":\"SearchAction\",\"target\":{\"@type\":\"EntryPoint\",\"urlTemplate\":\"https:\\\/\\\/www.copealcoy.es\\\/es\\\/?s={search_term_string}\"},\"query-input\":{\"@type\":\"PropertyValueSpecification\",\"valueRequired\":true,\"valueName\":\"search_term_string\"}}],\"inLanguage\":\"es\"},{\"@type\":\"Person\",\"@id\":\"https:\\\/\\\/www.copealcoy.es\\\/es\\\/#\\\/schema\\\/person\\\/e777c87fa024e57d40170af9df39882c\",\"name\":\"Cope Alcoy\",\"image\":{\"@type\":\"ImageObject\",\"inLanguage\":\"es\",\"@id\":\"https:\\\/\\\/secure.gravatar.com\\\/avatar\\\/bb65d0283347e303893ba14f0692005417c1e0e690a325a4c5d8bb2b3943ee14?s=96&d=mm&r=g\",\"url\":\"https:\\\/\\\/secure.gravatar.com\\\/avatar\\\/bb65d0283347e303893ba14f0692005417c1e0e690a325a4c5d8bb2b3943ee14?s=96&d=mm&r=g\",\"contentUrl\":\"https:\\\/\\\/secure.gravatar.com\\\/avatar\\\/bb65d0283347e303893ba14f0692005417c1e0e690a325a4c5d8bb2b3943ee14?s=96&d=mm&r=g\",\"caption\":\"Cope Alcoy\"}}]}<\/script>\n<!-- \/ Yoast SEO plugin. -->","yoast_head_json":{"title":"Cocentaina y Muro inician la recuperaci\u00f3n de su patrimonio industrial con Fondos Europeos - COPE Alcoy","description":"Cocentaina y Muro inician la recuperaci\u00f3n de su patrimonio industrial con Fondos Europeos","robots":{"index":"index","follow":"follow","max-snippet":"max-snippet:-1","max-image-preview":"max-image-preview:large","max-video-preview":"max-video-preview:-1"},"canonical":"https:\/\/www.copealcoy.es\/es\/cocentaina-y-muro-inician-la-recuperacion-de-su-patrimonio-industrial-con-fondos-europeos\/","og_locale":"es_ES","og_type":"article","og_title":"Cocentaina y Muro inician la recuperaci\u00f3n de su patrimonio industrial con Fondos Europeos - COPE Alcoy","og_description":"Cocentaina y Muro inician la recuperaci\u00f3n de su patrimonio industrial con Fondos Europeos","og_url":"https:\/\/www.copealcoy.es\/es\/cocentaina-y-muro-inician-la-recuperacion-de-su-patrimonio-industrial-con-fondos-europeos\/","og_site_name":"COPE Alcoy","article_published_time":"2026-01-28T08:00:16+00:00","article_modified_time":"2026-01-28T10:24:59+00:00","og_image":[{"width":2560,"height":1642,"url":"https:\/\/www.copealcoy.es\/wp-content\/uploads\/2026\/01\/unnamed-1-26-scaled.jpg","type":"image\/jpeg"}],"author":"Cope Alcoy","twitter_misc":{"Escrito por":"Cope Alcoy","Tiempo de lectura":"3 minutos"},"schema":{"@context":"https:\/\/schema.org","@graph":[{"@type":"Article","@id":"https:\/\/www.copealcoy.es\/es\/cocentaina-y-muro-inician-la-recuperacion-de-su-patrimonio-industrial-con-fondos-europeos\/#article","isPartOf":{"@id":"https:\/\/www.copealcoy.es\/es\/cocentaina-y-muro-inician-la-recuperacion-de-su-patrimonio-industrial-con-fondos-europeos\/"},"author":{"name":"Cope Alcoy","@id":"https:\/\/www.copealcoy.es\/es\/#\/schema\/person\/e777c87fa024e57d40170af9df39882c"},"headline":"Cocentaina y Muro inician la recuperaci\u00f3n de su patrimonio industrial con Fondos Europeos","datePublished":"2026-01-28T08:00:16+00:00","dateModified":"2026-01-28T10:24:59+00:00","mainEntityOfPage":{"@id":"https:\/\/www.copealcoy.es\/es\/cocentaina-y-muro-inician-la-recuperacion-de-su-patrimonio-industrial-con-fondos-europeos\/"},"wordCount":399,"image":{"@id":"https:\/\/www.copealcoy.es\/es\/cocentaina-y-muro-inician-la-recuperacion-de-su-patrimonio-industrial-con-fondos-europeos\/#primaryimage"},"thumbnailUrl":"https:\/\/www.copealcoy.es\/wp-content\/uploads\/2026\/01\/unnamed-1-26-scaled.jpg","keywords":["Cocentaina","fondos europeos","Inversi\u00f3n","Muro","Proyectos"],"articleSection":["Actualidad","Alcoy","Comarcas","Noticias"],"inLanguage":"es"},{"@type":"WebPage","@id":"https:\/\/www.copealcoy.es\/es\/cocentaina-y-muro-inician-la-recuperacion-de-su-patrimonio-industrial-con-fondos-europeos\/","url":"https:\/\/www.copealcoy.es\/es\/cocentaina-y-muro-inician-la-recuperacion-de-su-patrimonio-industrial-con-fondos-europeos\/","name":"Cocentaina y Muro inician la recuperaci\u00f3n de su patrimonio industrial con Fondos Europeos - COPE Alcoy","isPartOf":{"@id":"https:\/\/www.copealcoy.es\/es\/#website"},"primaryImageOfPage":{"@id":"https:\/\/www.copealcoy.es\/es\/cocentaina-y-muro-inician-la-recuperacion-de-su-patrimonio-industrial-con-fondos-europeos\/#primaryimage"},"image":{"@id":"https:\/\/www.copealcoy.es\/es\/cocentaina-y-muro-inician-la-recuperacion-de-su-patrimonio-industrial-con-fondos-europeos\/#primaryimage"},"thumbnailUrl":"https:\/\/www.copealcoy.es\/wp-content\/uploads\/2026\/01\/unnamed-1-26-scaled.jpg","datePublished":"2026-01-28T08:00:16+00:00","dateModified":"2026-01-28T10:24:59+00:00","author":{"@id":"https:\/\/www.copealcoy.es\/es\/#\/schema\/person\/e777c87fa024e57d40170af9df39882c"},"description":"Cocentaina y Muro inician la recuperaci\u00f3n de su patrimonio industrial con Fondos Europeos","breadcrumb":{"@id":"https:\/\/www.copealcoy.es\/es\/cocentaina-y-muro-inician-la-recuperacion-de-su-patrimonio-industrial-con-fondos-europeos\/#breadcrumb"},"inLanguage":"es","potentialAction":[{"@type":"ReadAction","target":["https:\/\/www.copealcoy.es\/es\/cocentaina-y-muro-inician-la-recuperacion-de-su-patrimonio-industrial-con-fondos-europeos\/"]}]},{"@type":"ImageObject","inLanguage":"es","@id":"https:\/\/www.copealcoy.es\/es\/cocentaina-y-muro-inician-la-recuperacion-de-su-patrimonio-industrial-con-fondos-europeos\/#primaryimage","url":"https:\/\/www.copealcoy.es\/wp-content\/uploads\/2026\/01\/unnamed-1-26-scaled.jpg","contentUrl":"https:\/\/www.copealcoy.es\/wp-content\/uploads\/2026\/01\/unnamed-1-26-scaled.jpg","width":2560,"height":1642},{"@type":"BreadcrumbList","@id":"https:\/\/www.copealcoy.es\/es\/cocentaina-y-muro-inician-la-recuperacion-de-su-patrimonio-industrial-con-fondos-europeos\/#breadcrumb","itemListElement":[{"@type":"ListItem","position":1,"name":"Portada","item":"https:\/\/www.copealcoy.es\/es\/"},{"@type":"ListItem","position":2,"name":"Cocentaina y Muro inician la recuperaci\u00f3n de su patrimonio industrial con Fondos Europeos"}]},{"@type":"WebSite","@id":"https:\/\/www.copealcoy.es\/es\/#website","url":"https:\/\/www.copealcoy.es\/es\/","name":"COPE Alcoy","description":"Emisora COPE de radio local con emisi\u00f3n online. Pont de Sant Jordi 8-10 03803 Alcoy","potentialAction":[{"@type":"SearchAction","target":{"@type":"EntryPoint","urlTemplate":"https:\/\/www.copealcoy.es\/es\/?s={search_term_string}"},"query-input":{"@type":"PropertyValueSpecification","valueRequired":true,"valueName":"search_term_string"}}],"inLanguage":"es"},{"@type":"Person","@id":"https:\/\/www.copealcoy.es\/es\/#\/schema\/person\/e777c87fa024e57d40170af9df39882c","name":"Cope Alcoy","image":{"@type":"ImageObject","inLanguage":"es","@id":"https:\/\/secure.gravatar.com\/avatar\/bb65d0283347e303893ba14f0692005417c1e0e690a325a4c5d8bb2b3943ee14?s=96&d=mm&r=g","url":"https:\/\/secure.gravatar.com\/avatar\/bb65d0283347e303893ba14f0692005417c1e0e690a325a4c5d8bb2b3943ee14?s=96&d=mm&r=g","contentUrl":"https:\/\/secure.gravatar.com\/avatar\/bb65d0283347e303893ba14f0692005417c1e0e690a325a4c5d8bb2b3943ee14?s=96&d=mm&r=g","caption":"Cope Alcoy"}}]}},"_links":{"self":[{"href":"https:\/\/www.copealcoy.es\/es\/wp-json\/wp\/v2\/posts\/162956","targetHints":{"allow":["GET"]}}],"collection":[{"href":"https:\/\/www.copealcoy.es\/es\/wp-json\/wp\/v2\/posts"}],"about":[{"href":"https:\/\/www.copealcoy.es\/es\/wp-json\/wp\/v2\/types\/post"}],"author":[{"embeddable":true,"href":"https:\/\/www.copealcoy.es\/es\/wp-json\/wp\/v2\/users\/1"}],"replies":[{"embeddable":true,"href":"https:\/\/www.copealcoy.es\/es\/wp-json\/wp\/v2\/comments?post=162956"}],"version-history":[{"count":1,"href":"https:\/\/www.copealcoy.es\/es\/wp-json\/wp\/v2\/posts\/162956\/revisions"}],"predecessor-version":[{"id":162959,"href":"https:\/\/www.copealcoy.es\/es\/wp-json\/wp\/v2\/posts\/162956\/revisions\/162959"}],"wp:featuredmedia":[{"embeddable":true,"href":"https:\/\/www.copealcoy.es\/es\/wp-json\/wp\/v2\/media\/162957"}],"wp:attachment":[{"href":"https:\/\/www.copealcoy.es\/es\/wp-json\/wp\/v2\/media?parent=162956"}],"wp:term":[{"taxonomy":"category","embeddable":true,"href":"https:\/\/www.copealcoy.es\/es\/wp-json\/wp\/v2\/categories?post=162956"},{"taxonomy":"post_tag","embeddable":true,"href":"https:\/\/www.copealcoy.es\/es\/wp-json\/wp\/v2\/tags?post=162956"}],"curies":[{"name":"wp","href":"https:\/\/api.w.org\/{rel}","templated":true}]}}