{"id":162938,"date":"2026-01-27T07:35:23","date_gmt":"2026-01-27T06:35:23","guid":{"rendered":"https:\/\/www.copealcoy.es\/?p=162938"},"modified":"2026-01-27T16:09:53","modified_gmt":"2026-01-27T15:09:53","slug":"mediodia-cope-alcoy-martes-27-de-enero-2026-1420h","status":"publish","type":"post","link":"https:\/\/www.copealcoy.es\/es\/mediodia-cope-alcoy-martes-27-de-enero-2026-1420h\/","title":{"rendered":"\u2018Mediod\u00eda Cope\u2019 Alcoy martes 27 de enero 2026 (14:20h)"},"content":{"rendered":"<p><iframe loading=\"lazy\" title=\"&#039;Mediod\u00eda Cope&#039; Alcoy Martes 27 De Enero 2026 (14:20h)\" width=\"100%\" height=\"120\" src=\"https:\/\/www.mixcloud.com\/widget\/iframe\/?feed=https%3A%2F%2Fwww.mixcloud.com%2FCOPEAlcoy%2Fmediod%25C3%25ADa-cope-alcoy-martes-27-de-enero-2026-1420h%2F&amp;hide_cover=1\" frameborder=\"0\" allow=\"encrypted-media; fullscreen; autoplay; idle-detection; speaker-selection; web-share;\"><\/iframe><\/p>\n<p style=\"text-align: justify;\">Hoy martes hemos destacado que <strong>la Guardia Civil ha desmantelado una plantaci\u00f3n de marihuana en Ibi<\/strong>, una operaci\u00f3n que se ha saldado con tres detenidos.Tambi\u00e9n hemos contado que l<strong>a Enramada de nuestras Fiestas de Moros y Cristianos lucir\u00e1 nuevo aspecto en la pr\u00f3xima primavera<\/strong>.<\/p>\n<header class=\"post-header single-title-style-2\">\n<div class=\"post-header-inner clearfix\">\n<div class=\"entry-meta-single\">\n<div class=\"meta-item\" style=\"text-align: justify;\"><span style=\"text-align: justify;\">El <\/span><span style=\"color: #0000ff;\"><a style=\"color: #0000ff;\" href=\"https:\/\/www.alcoi.org\/ca\/portal\/index.html\" target=\"_blank\" rel=\"noopener\"><strong data-start=\"258\" data-end=\"283\">Ayuntamiento de Alcoy<\/strong><\/a><\/span><span style=\"text-align: justify;\">\u00a0ha completado los trabajos de\u00a0<\/span><strong style=\"text-align: justify;\" data-start=\"314\" data-end=\"336\">repintado integral<\/strong><span style=\"text-align: justify;\">\u00a0de la\u00a0<\/span><strong style=\"text-align: justify;\" data-start=\"343\" data-end=\"357\">Enramada<\/strong><span style=\"text-align: justify;\">\u00a0de las\u00a0<\/span><strong style=\"text-align: justify;\" data-start=\"365\" data-end=\"398\">Fiestas de Moros y Cristianos<\/strong><span style=\"text-align: justify;\">, una actuaci\u00f3n prevista \u00a0para garantizar que todos los elementos ornamentales luzcan en un mejor estado de cara a las celebraciones de este 2026. Los festejos, como viene recordando COPE ALCOY,\u00a0<\/span><strong style=\"text-align: justify;\">van a ser especialmente significativos<\/strong><span style=\"text-align: justify;\">\u00a0debido a que arranca la conmemoraci\u00f3n del 750 aniversario del patronazgo de San Jorge.<\/span><\/div>\n<\/div>\n<\/div>\n<\/header>\n<div class=\"entry-content clearfix\">\n<p style=\"text-align: justify;\" data-start=\"694\" data-end=\"1218\">Esta intervenci\u00f3n se suma a los\u00a0<strong>trabajos de<\/strong>\u00a0<strong data-start=\"739\" data-end=\"795\">mantenimiento\u00a0<\/strong>de la ornamentaci\u00f3n festera que se han venido realizado en los \u00faltimos a\u00f1os de manrea progresiva. El pasado a\u00f1o, el Ayuntamiento destin\u00f3\u00a0<strong data-start=\"901\" data-end=\"920\">15.363,61 euros<\/strong>\u00a0a la renovaci\u00f3n de las\u00a0<strong data-start=\"944\" data-end=\"981\">359 almenas de la Pla\u00e7a d\u2019Espanya,\u00a0<\/strong>sustituyendo las almenas de madera del a\u00f1o 1984 por nuevas\u00a0 de\u00a0<strong data-start=\"1086\" data-end=\"1101\">polietileno<\/strong>, un material m\u00e1s resistente que ha reducido en casi\u00a0<strong data-start=\"1154\" data-end=\"1169\">3.000 kilos<\/strong>\u00a0la carga de la estructura en este tramo. Tambi\u00e9n, tiempo atr\u00e1s, se renovaron los escudos de la misma Pla\u00e7a d\u2019Espanya colocando unos nuevos m\u00e1s duraderos\u00a0 \u201cl<em data-start=\"1220\" data-end=\"1816\">a celebraci\u00f3n del 750 Aniversario del patronazgo de San Jorge es un evento excepcional que merece que nuestra escenograf\u00eda festera presente su mejor imagen. Con el repintado completo de la Enramada y las mejoras estructurales realizadas recientemente, no solo garantizamos la conservaci\u00f3n de unos elementos que son s\u00edmbolo de nuestra identidad, sino que tambi\u00e9n aseguramos que la ciudadan\u00eda y los visitantes disfruten de una Fiesta m\u00e1s segura y est\u00e9ticamente impecable. El mantenimiento constante de este patrimonio es una muestra del respeto y aprecio que Alcoy tiene por sus tradiciones\u00bb<\/em>, ha afirmado al respecto el concejal de Fiestas,<strong data-start=\"1833\" data-end=\"1872\">\u00a0Jordi Mart\u00ednez<\/strong>.<\/p>\n<p style=\"text-align: justify;\" data-start=\"694\" data-end=\"1218\">Junto a la adecuaci\u00f3n de la Enramada, tambi\u00e9n destaca\u00a0<strong>la intervenci\u00f3n realizada en el Castillo de Fiestas en 2024<\/strong>\u00a0con el repintado de todos sus elementos exteriores. Gracias a ello, y en coordinaci\u00f3n con la Asociaci\u00f3n de San Jorge, se recuper\u00f3 el color original que tenia la fortaleza hace 125 a\u00f1os.<\/p>\n<\/div>\n","protected":false},"excerpt":{"rendered":"<p>Hoy martes hemos destacado que la Guardia Civil ha desmantelado una plantaci\u00f3n de marihuana en Ibi, una operaci\u00f3n que se&#8230;<\/p>\n","protected":false},"author":1,"featured_media":147663,"comment_status":"closed","ping_status":"closed","sticky":false,"template":"","format":"standard","meta":{"footnotes":""},"categories":[6909,89,91,75],"tags":[],"class_list":["post-162938","post","type-post","status-publish","format-standard","has-post-thumbnail","hentry","category-actualidad","category-audiosdelosprogramas","category-informativos","category-noticias"],"yoast_head":"<!-- This site is optimized with the Yoast SEO plugin v27.3 - https:\/\/yoast.com\/product\/yoast-seo-wordpress\/ -->\n<title>\u2018Mediod\u00eda Cope\u2019 Alcoy martes 27 de enero 2026 (14:20h) - COPE Alcoy<\/title>\n<meta name=\"robots\" content=\"index, follow, max-snippet:-1, max-image-preview:large, max-video-preview:-1\" \/>\n<link rel=\"canonical\" href=\"https:\/\/www.copealcoy.es\/es\/mediodia-cope-alcoy-martes-27-de-enero-2026-1420h\/\" \/>\n<meta property=\"og:locale\" content=\"es_ES\" \/>\n<meta property=\"og:type\" content=\"article\" \/>\n<meta property=\"og:title\" content=\"\u2018Mediod\u00eda Cope\u2019 Alcoy martes 27 de enero 2026 (14:20h) - COPE Alcoy\" \/>\n<meta property=\"og:description\" content=\"Hoy martes hemos destacado que la Guardia Civil ha desmantelado una plantaci\u00f3n de marihuana en Ibi, una operaci\u00f3n que se...\" \/>\n<meta property=\"og:url\" content=\"https:\/\/www.copealcoy.es\/es\/mediodia-cope-alcoy-martes-27-de-enero-2026-1420h\/\" \/>\n<meta property=\"og:site_name\" content=\"COPE Alcoy\" \/>\n<meta property=\"article:published_time\" content=\"2026-01-27T06:35:23+00:00\" \/>\n<meta property=\"article:modified_time\" content=\"2026-01-27T15:09:53+00:00\" \/>\n<meta property=\"og:image\" content=\"https:\/\/www.copealcoy.es\/wp-content\/uploads\/2025\/02\/Mediodia-Cope-Castellano.png\" \/>\n\t<meta property=\"og:image:width\" content=\"357\" \/>\n\t<meta property=\"og:image:height\" content=\"290\" \/>\n\t<meta property=\"og:image:type\" content=\"image\/png\" \/>\n<meta name=\"author\" content=\"Cope Alcoy\" \/>\n<meta name=\"twitter:label1\" content=\"Escrito por\" \/>\n\t<meta name=\"twitter:data1\" content=\"Cope Alcoy\" \/>\n\t<meta name=\"twitter:label2\" content=\"Tiempo de lectura\" \/>\n\t<meta name=\"twitter:data2\" content=\"3 minutos\" \/>\n<script type=\"application\/ld+json\" class=\"yoast-schema-graph\">{\"@context\":\"https:\\\/\\\/schema.org\",\"@graph\":[{\"@type\":\"Article\",\"@id\":\"https:\\\/\\\/www.copealcoy.es\\\/es\\\/mediodia-cope-alcoy-martes-27-de-enero-2026-1420h\\\/#article\",\"isPartOf\":{\"@id\":\"https:\\\/\\\/www.copealcoy.es\\\/es\\\/mediodia-cope-alcoy-martes-27-de-enero-2026-1420h\\\/\"},\"author\":{\"name\":\"Cope Alcoy\",\"@id\":\"https:\\\/\\\/www.copealcoy.es\\\/es\\\/#\\\/schema\\\/person\\\/e777c87fa024e57d40170af9df39882c\"},\"headline\":\"\u2018Mediod\u00eda Cope\u2019 Alcoy martes 27 de enero 2026 (14:20h)\",\"datePublished\":\"2026-01-27T06:35:23+00:00\",\"dateModified\":\"2026-01-27T15:09:53+00:00\",\"mainEntityOfPage\":{\"@id\":\"https:\\\/\\\/www.copealcoy.es\\\/es\\\/mediodia-cope-alcoy-martes-27-de-enero-2026-1420h\\\/\"},\"wordCount\":402,\"image\":{\"@id\":\"https:\\\/\\\/www.copealcoy.es\\\/es\\\/mediodia-cope-alcoy-martes-27-de-enero-2026-1420h\\\/#primaryimage\"},\"thumbnailUrl\":\"https:\\\/\\\/www.copealcoy.es\\\/wp-content\\\/uploads\\\/2025\\\/02\\\/Mediodia-Cope-Castellano.png\",\"articleSection\":[\"Actualidad\",\"Audios de los programas\",\"Informativos\",\"Noticias\"],\"inLanguage\":\"es\"},{\"@type\":\"WebPage\",\"@id\":\"https:\\\/\\\/www.copealcoy.es\\\/es\\\/mediodia-cope-alcoy-martes-27-de-enero-2026-1420h\\\/\",\"url\":\"https:\\\/\\\/www.copealcoy.es\\\/es\\\/mediodia-cope-alcoy-martes-27-de-enero-2026-1420h\\\/\",\"name\":\"\u2018Mediod\u00eda Cope\u2019 Alcoy martes 27 de enero 2026 (14:20h) - COPE Alcoy\",\"isPartOf\":{\"@id\":\"https:\\\/\\\/www.copealcoy.es\\\/es\\\/#website\"},\"primaryImageOfPage\":{\"@id\":\"https:\\\/\\\/www.copealcoy.es\\\/es\\\/mediodia-cope-alcoy-martes-27-de-enero-2026-1420h\\\/#primaryimage\"},\"image\":{\"@id\":\"https:\\\/\\\/www.copealcoy.es\\\/es\\\/mediodia-cope-alcoy-martes-27-de-enero-2026-1420h\\\/#primaryimage\"},\"thumbnailUrl\":\"https:\\\/\\\/www.copealcoy.es\\\/wp-content\\\/uploads\\\/2025\\\/02\\\/Mediodia-Cope-Castellano.png\",\"datePublished\":\"2026-01-27T06:35:23+00:00\",\"dateModified\":\"2026-01-27T15:09:53+00:00\",\"author\":{\"@id\":\"https:\\\/\\\/www.copealcoy.es\\\/es\\\/#\\\/schema\\\/person\\\/e777c87fa024e57d40170af9df39882c\"},\"breadcrumb\":{\"@id\":\"https:\\\/\\\/www.copealcoy.es\\\/es\\\/mediodia-cope-alcoy-martes-27-de-enero-2026-1420h\\\/#breadcrumb\"},\"inLanguage\":\"es\",\"potentialAction\":[{\"@type\":\"ReadAction\",\"target\":[\"https:\\\/\\\/www.copealcoy.es\\\/es\\\/mediodia-cope-alcoy-martes-27-de-enero-2026-1420h\\\/\"]}]},{\"@type\":\"ImageObject\",\"inLanguage\":\"es\",\"@id\":\"https:\\\/\\\/www.copealcoy.es\\\/es\\\/mediodia-cope-alcoy-martes-27-de-enero-2026-1420h\\\/#primaryimage\",\"url\":\"https:\\\/\\\/www.copealcoy.es\\\/wp-content\\\/uploads\\\/2025\\\/02\\\/Mediodia-Cope-Castellano.png\",\"contentUrl\":\"https:\\\/\\\/www.copealcoy.es\\\/wp-content\\\/uploads\\\/2025\\\/02\\\/Mediodia-Cope-Castellano.png\",\"width\":357,\"height\":290},{\"@type\":\"BreadcrumbList\",\"@id\":\"https:\\\/\\\/www.copealcoy.es\\\/es\\\/mediodia-cope-alcoy-martes-27-de-enero-2026-1420h\\\/#breadcrumb\",\"itemListElement\":[{\"@type\":\"ListItem\",\"position\":1,\"name\":\"Portada\",\"item\":\"https:\\\/\\\/www.copealcoy.es\\\/es\\\/\"},{\"@type\":\"ListItem\",\"position\":2,\"name\":\"\u2018Mediod\u00eda Cope\u2019 Alcoy martes 27 de enero 2026 (14:20h)\"}]},{\"@type\":\"WebSite\",\"@id\":\"https:\\\/\\\/www.copealcoy.es\\\/es\\\/#website\",\"url\":\"https:\\\/\\\/www.copealcoy.es\\\/es\\\/\",\"name\":\"COPE Alcoy\",\"description\":\"Emisora COPE de radio local con emisi\u00f3n online. Pont de Sant Jordi 8-10 03803 Alcoy\",\"potentialAction\":[{\"@type\":\"SearchAction\",\"target\":{\"@type\":\"EntryPoint\",\"urlTemplate\":\"https:\\\/\\\/www.copealcoy.es\\\/es\\\/?s={search_term_string}\"},\"query-input\":{\"@type\":\"PropertyValueSpecification\",\"valueRequired\":true,\"valueName\":\"search_term_string\"}}],\"inLanguage\":\"es\"},{\"@type\":\"Person\",\"@id\":\"https:\\\/\\\/www.copealcoy.es\\\/es\\\/#\\\/schema\\\/person\\\/e777c87fa024e57d40170af9df39882c\",\"name\":\"Cope Alcoy\",\"image\":{\"@type\":\"ImageObject\",\"inLanguage\":\"es\",\"@id\":\"https:\\\/\\\/secure.gravatar.com\\\/avatar\\\/bb65d0283347e303893ba14f0692005417c1e0e690a325a4c5d8bb2b3943ee14?s=96&d=mm&r=g\",\"url\":\"https:\\\/\\\/secure.gravatar.com\\\/avatar\\\/bb65d0283347e303893ba14f0692005417c1e0e690a325a4c5d8bb2b3943ee14?s=96&d=mm&r=g\",\"contentUrl\":\"https:\\\/\\\/secure.gravatar.com\\\/avatar\\\/bb65d0283347e303893ba14f0692005417c1e0e690a325a4c5d8bb2b3943ee14?s=96&d=mm&r=g\",\"caption\":\"Cope Alcoy\"}}]}<\/script>\n<!-- \/ Yoast SEO plugin. -->","yoast_head_json":{"title":"\u2018Mediod\u00eda Cope\u2019 Alcoy martes 27 de enero 2026 (14:20h) - COPE Alcoy","robots":{"index":"index","follow":"follow","max-snippet":"max-snippet:-1","max-image-preview":"max-image-preview:large","max-video-preview":"max-video-preview:-1"},"canonical":"https:\/\/www.copealcoy.es\/es\/mediodia-cope-alcoy-martes-27-de-enero-2026-1420h\/","og_locale":"es_ES","og_type":"article","og_title":"\u2018Mediod\u00eda Cope\u2019 Alcoy martes 27 de enero 2026 (14:20h) - COPE Alcoy","og_description":"Hoy martes hemos destacado que la Guardia Civil ha desmantelado una plantaci\u00f3n de marihuana en Ibi, una operaci\u00f3n que se...","og_url":"https:\/\/www.copealcoy.es\/es\/mediodia-cope-alcoy-martes-27-de-enero-2026-1420h\/","og_site_name":"COPE Alcoy","article_published_time":"2026-01-27T06:35:23+00:00","article_modified_time":"2026-01-27T15:09:53+00:00","og_image":[{"width":357,"height":290,"url":"https:\/\/www.copealcoy.es\/wp-content\/uploads\/2025\/02\/Mediodia-Cope-Castellano.png","type":"image\/png"}],"author":"Cope Alcoy","twitter_misc":{"Escrito por":"Cope Alcoy","Tiempo de lectura":"3 minutos"},"schema":{"@context":"https:\/\/schema.org","@graph":[{"@type":"Article","@id":"https:\/\/www.copealcoy.es\/es\/mediodia-cope-alcoy-martes-27-de-enero-2026-1420h\/#article","isPartOf":{"@id":"https:\/\/www.copealcoy.es\/es\/mediodia-cope-alcoy-martes-27-de-enero-2026-1420h\/"},"author":{"name":"Cope Alcoy","@id":"https:\/\/www.copealcoy.es\/es\/#\/schema\/person\/e777c87fa024e57d40170af9df39882c"},"headline":"\u2018Mediod\u00eda Cope\u2019 Alcoy martes 27 de enero 2026 (14:20h)","datePublished":"2026-01-27T06:35:23+00:00","dateModified":"2026-01-27T15:09:53+00:00","mainEntityOfPage":{"@id":"https:\/\/www.copealcoy.es\/es\/mediodia-cope-alcoy-martes-27-de-enero-2026-1420h\/"},"wordCount":402,"image":{"@id":"https:\/\/www.copealcoy.es\/es\/mediodia-cope-alcoy-martes-27-de-enero-2026-1420h\/#primaryimage"},"thumbnailUrl":"https:\/\/www.copealcoy.es\/wp-content\/uploads\/2025\/02\/Mediodia-Cope-Castellano.png","articleSection":["Actualidad","Audios de los programas","Informativos","Noticias"],"inLanguage":"es"},{"@type":"WebPage","@id":"https:\/\/www.copealcoy.es\/es\/mediodia-cope-alcoy-martes-27-de-enero-2026-1420h\/","url":"https:\/\/www.copealcoy.es\/es\/mediodia-cope-alcoy-martes-27-de-enero-2026-1420h\/","name":"\u2018Mediod\u00eda Cope\u2019 Alcoy martes 27 de enero 2026 (14:20h) - COPE Alcoy","isPartOf":{"@id":"https:\/\/www.copealcoy.es\/es\/#website"},"primaryImageOfPage":{"@id":"https:\/\/www.copealcoy.es\/es\/mediodia-cope-alcoy-martes-27-de-enero-2026-1420h\/#primaryimage"},"image":{"@id":"https:\/\/www.copealcoy.es\/es\/mediodia-cope-alcoy-martes-27-de-enero-2026-1420h\/#primaryimage"},"thumbnailUrl":"https:\/\/www.copealcoy.es\/wp-content\/uploads\/2025\/02\/Mediodia-Cope-Castellano.png","datePublished":"2026-01-27T06:35:23+00:00","dateModified":"2026-01-27T15:09:53+00:00","author":{"@id":"https:\/\/www.copealcoy.es\/es\/#\/schema\/person\/e777c87fa024e57d40170af9df39882c"},"breadcrumb":{"@id":"https:\/\/www.copealcoy.es\/es\/mediodia-cope-alcoy-martes-27-de-enero-2026-1420h\/#breadcrumb"},"inLanguage":"es","potentialAction":[{"@type":"ReadAction","target":["https:\/\/www.copealcoy.es\/es\/mediodia-cope-alcoy-martes-27-de-enero-2026-1420h\/"]}]},{"@type":"ImageObject","inLanguage":"es","@id":"https:\/\/www.copealcoy.es\/es\/mediodia-cope-alcoy-martes-27-de-enero-2026-1420h\/#primaryimage","url":"https:\/\/www.copealcoy.es\/wp-content\/uploads\/2025\/02\/Mediodia-Cope-Castellano.png","contentUrl":"https:\/\/www.copealcoy.es\/wp-content\/uploads\/2025\/02\/Mediodia-Cope-Castellano.png","width":357,"height":290},{"@type":"BreadcrumbList","@id":"https:\/\/www.copealcoy.es\/es\/mediodia-cope-alcoy-martes-27-de-enero-2026-1420h\/#breadcrumb","itemListElement":[{"@type":"ListItem","position":1,"name":"Portada","item":"https:\/\/www.copealcoy.es\/es\/"},{"@type":"ListItem","position":2,"name":"\u2018Mediod\u00eda Cope\u2019 Alcoy martes 27 de enero 2026 (14:20h)"}]},{"@type":"WebSite","@id":"https:\/\/www.copealcoy.es\/es\/#website","url":"https:\/\/www.copealcoy.es\/es\/","name":"COPE Alcoy","description":"Emisora COPE de radio local con emisi\u00f3n online. Pont de Sant Jordi 8-10 03803 Alcoy","potentialAction":[{"@type":"SearchAction","target":{"@type":"EntryPoint","urlTemplate":"https:\/\/www.copealcoy.es\/es\/?s={search_term_string}"},"query-input":{"@type":"PropertyValueSpecification","valueRequired":true,"valueName":"search_term_string"}}],"inLanguage":"es"},{"@type":"Person","@id":"https:\/\/www.copealcoy.es\/es\/#\/schema\/person\/e777c87fa024e57d40170af9df39882c","name":"Cope Alcoy","image":{"@type":"ImageObject","inLanguage":"es","@id":"https:\/\/secure.gravatar.com\/avatar\/bb65d0283347e303893ba14f0692005417c1e0e690a325a4c5d8bb2b3943ee14?s=96&d=mm&r=g","url":"https:\/\/secure.gravatar.com\/avatar\/bb65d0283347e303893ba14f0692005417c1e0e690a325a4c5d8bb2b3943ee14?s=96&d=mm&r=g","contentUrl":"https:\/\/secure.gravatar.com\/avatar\/bb65d0283347e303893ba14f0692005417c1e0e690a325a4c5d8bb2b3943ee14?s=96&d=mm&r=g","caption":"Cope Alcoy"}}]}},"_links":{"self":[{"href":"https:\/\/www.copealcoy.es\/es\/wp-json\/wp\/v2\/posts\/162938","targetHints":{"allow":["GET"]}}],"collection":[{"href":"https:\/\/www.copealcoy.es\/es\/wp-json\/wp\/v2\/posts"}],"about":[{"href":"https:\/\/www.copealcoy.es\/es\/wp-json\/wp\/v2\/types\/post"}],"author":[{"embeddable":true,"href":"https:\/\/www.copealcoy.es\/es\/wp-json\/wp\/v2\/users\/1"}],"replies":[{"embeddable":true,"href":"https:\/\/www.copealcoy.es\/es\/wp-json\/wp\/v2\/comments?post=162938"}],"version-history":[{"count":2,"href":"https:\/\/www.copealcoy.es\/es\/wp-json\/wp\/v2\/posts\/162938\/revisions"}],"predecessor-version":[{"id":162941,"href":"https:\/\/www.copealcoy.es\/es\/wp-json\/wp\/v2\/posts\/162938\/revisions\/162941"}],"wp:featuredmedia":[{"embeddable":true,"href":"https:\/\/www.copealcoy.es\/es\/wp-json\/wp\/v2\/media\/147663"}],"wp:attachment":[{"href":"https:\/\/www.copealcoy.es\/es\/wp-json\/wp\/v2\/media?parent=162938"}],"wp:term":[{"taxonomy":"category","embeddable":true,"href":"https:\/\/www.copealcoy.es\/es\/wp-json\/wp\/v2\/categories?post=162938"},{"taxonomy":"post_tag","embeddable":true,"href":"https:\/\/www.copealcoy.es\/es\/wp-json\/wp\/v2\/tags?post=162938"}],"curies":[{"name":"wp","href":"https:\/\/api.w.org\/{rel}","templated":true}]}}