{"id":16293,"date":"2015-10-07T21:16:01","date_gmt":"2015-10-07T21:16:01","guid":{"rendered":"http:\/\/copealcoi.es\/new\/?p=16293"},"modified":"2015-10-07T21:16:01","modified_gmt":"2015-10-07T21:16:01","slug":"compromis-lanza-sus-propuestas-para-los-presupuestos","status":"publish","type":"post","link":"https:\/\/www.copealcoy.es\/es\/compromis-lanza-sus-propuestas-para-los-presupuestos\/","title":{"rendered":"Comprom\u00eds lanza sus propuestas para los presupuestos"},"content":{"rendered":"<p style=\"text-align: justify;\">El Grupo Municipal de Comprom\u00eds ha planteado sus propuestas para los presupuestos municipales del pr\u00f3ximo a\u00f1o 2016 entre las que destaca un Plan de Accesibilidad para la mejora de los espacios p\u00fablicos &#8220;es necesaria la adecuaci\u00f3n de los espacios p\u00fablicos para asegurar la accesibilidad de todos los ciudadanos, la pasarela del Puente Francisco Aura ser\u00eda, por ejemplo , una soluci\u00f3n para evitar las escaleras que dan ahora mismo acceso al puente&#8221;, explica el edil Ra\u00fcl Segu\u00ed. \u00a0Adem\u00e1s la formaci\u00f3n nacionalista ha propuesto declarar a Alcoy Ciudad Amiga de la Infancia &#8220;este programa de Unicef, fomenta la participaci\u00f3n ciudadana desde la infancia, e implica a muchos estamentos de la ciudad como el\u00a0Ayuntamiento, colegios, hospital, entidades associaciatives juveniles e infantiles. Es un proyecto com\u00fan, conjunto y comunitario que puede animar en nuestra ciudad&#8221;, detalla Segu\u00ed.<\/p>\n<p style=\"text-align: justify;\">Por \u00faltimo desde Comprom\u00eds han propuesto cumplir con los acuerdos con los vecinos del Centro para llevar a cabo la peatonalizaci\u00f3n, crear un anillo verde para unir los espacios naturales de la ciudad &#8220;desde Comprom\u00eds pensamos que facilitar la vida de las personas debe ser la prioridad de cualquier gobierno&#8221;, concluye el concejal.<\/p>\n<p style=\"text-align: justify;\">\n","protected":false},"excerpt":{"rendered":"<p>El Grupo Municipal de Comprom\u00eds ha planteado sus propuestas para los presupuestos municipales del pr\u00f3ximo a\u00f1o 2016 entre las que&#8230;<\/p>\n","protected":false},"author":1,"featured_media":14550,"comment_status":"open","ping_status":"open","sticky":false,"template":"","format":"standard","meta":{"footnotes":""},"categories":[97,75,79],"tags":[1494,152,390,316],"class_list":["post-16293","post","type-post","status-publish","format-standard","has-post-thumbnail","hentry","category-alcoy","category-noticias","category-politicayeconomia","tag-alcoy","tag-compromis","tag-economia","tag-presupuestos"],"yoast_head":"<!-- This site is optimized with the Yoast SEO plugin v27.3 - https:\/\/yoast.com\/product\/yoast-seo-wordpress\/ -->\n<title>Comprom\u00eds lanza sus propuestas para los presupuestos - COPE Alcoy<\/title>\n<meta name=\"robots\" content=\"index, follow, max-snippet:-1, max-image-preview:large, max-video-preview:-1\" \/>\n<link rel=\"canonical\" href=\"https:\/\/www.copealcoy.es\/es\/compromis-lanza-sus-propuestas-para-los-presupuestos\/\" \/>\n<meta property=\"og:locale\" content=\"es_ES\" \/>\n<meta property=\"og:type\" content=\"article\" \/>\n<meta property=\"og:title\" content=\"Comprom\u00eds lanza sus propuestas para los presupuestos - COPE Alcoy\" \/>\n<meta property=\"og:description\" content=\"El Grupo Municipal de Comprom\u00eds ha planteado sus propuestas para los presupuestos municipales del pr\u00f3ximo a\u00f1o 2016 entre las que...\" \/>\n<meta property=\"og:url\" content=\"https:\/\/www.copealcoy.es\/es\/compromis-lanza-sus-propuestas-para-los-presupuestos\/\" \/>\n<meta property=\"og:site_name\" content=\"COPE Alcoy\" \/>\n<meta property=\"article:published_time\" content=\"2015-10-07T21:16:01+00:00\" \/>\n<meta property=\"og:image\" content=\"https:\/\/www.copealcoy.es\/wp-content\/uploads\/2015\/07\/raulsegui1.jpg\" \/>\n\t<meta property=\"og:image:width\" content=\"620\" \/>\n\t<meta property=\"og:image:height\" content=\"413\" \/>\n\t<meta property=\"og:image:type\" content=\"image\/jpeg\" \/>\n<meta name=\"author\" content=\"Cope Alcoy\" \/>\n<meta name=\"twitter:label1\" content=\"Escrito por\" \/>\n\t<meta name=\"twitter:data1\" content=\"Cope Alcoy\" \/>\n\t<meta name=\"twitter:label2\" content=\"Tiempo de lectura\" \/>\n\t<meta name=\"twitter:data2\" content=\"1 minuto\" \/>\n<script type=\"application\/ld+json\" class=\"yoast-schema-graph\">{\"@context\":\"https:\\\/\\\/schema.org\",\"@graph\":[{\"@type\":\"Article\",\"@id\":\"https:\\\/\\\/www.copealcoy.es\\\/es\\\/compromis-lanza-sus-propuestas-para-los-presupuestos\\\/#article\",\"isPartOf\":{\"@id\":\"https:\\\/\\\/www.copealcoy.es\\\/es\\\/compromis-lanza-sus-propuestas-para-los-presupuestos\\\/\"},\"author\":{\"name\":\"Cope Alcoy\",\"@id\":\"https:\\\/\\\/www.copealcoy.es\\\/es\\\/#\\\/schema\\\/person\\\/e777c87fa024e57d40170af9df39882c\"},\"headline\":\"Comprom\u00eds lanza sus propuestas para los presupuestos\",\"datePublished\":\"2015-10-07T21:16:01+00:00\",\"mainEntityOfPage\":{\"@id\":\"https:\\\/\\\/www.copealcoy.es\\\/es\\\/compromis-lanza-sus-propuestas-para-los-presupuestos\\\/\"},\"wordCount\":209,\"commentCount\":0,\"image\":{\"@id\":\"https:\\\/\\\/www.copealcoy.es\\\/es\\\/compromis-lanza-sus-propuestas-para-los-presupuestos\\\/#primaryimage\"},\"thumbnailUrl\":\"https:\\\/\\\/www.copealcoy.es\\\/wp-content\\\/uploads\\\/2015\\\/07\\\/raulsegui1.jpg\",\"keywords\":[\"Alcoy\",\"Comprom\u00eds\",\"Econom\u00eda\",\"Presupuestos\"],\"articleSection\":[\"Alcoy\",\"Noticias\",\"Pol\u00edtica y Econom\u00eda\"],\"inLanguage\":\"es\"},{\"@type\":\"WebPage\",\"@id\":\"https:\\\/\\\/www.copealcoy.es\\\/es\\\/compromis-lanza-sus-propuestas-para-los-presupuestos\\\/\",\"url\":\"https:\\\/\\\/www.copealcoy.es\\\/es\\\/compromis-lanza-sus-propuestas-para-los-presupuestos\\\/\",\"name\":\"Comprom\u00eds lanza sus propuestas para los presupuestos - COPE Alcoy\",\"isPartOf\":{\"@id\":\"https:\\\/\\\/www.copealcoy.es\\\/es\\\/#website\"},\"primaryImageOfPage\":{\"@id\":\"https:\\\/\\\/www.copealcoy.es\\\/es\\\/compromis-lanza-sus-propuestas-para-los-presupuestos\\\/#primaryimage\"},\"image\":{\"@id\":\"https:\\\/\\\/www.copealcoy.es\\\/es\\\/compromis-lanza-sus-propuestas-para-los-presupuestos\\\/#primaryimage\"},\"thumbnailUrl\":\"https:\\\/\\\/www.copealcoy.es\\\/wp-content\\\/uploads\\\/2015\\\/07\\\/raulsegui1.jpg\",\"datePublished\":\"2015-10-07T21:16:01+00:00\",\"author\":{\"@id\":\"https:\\\/\\\/www.copealcoy.es\\\/es\\\/#\\\/schema\\\/person\\\/e777c87fa024e57d40170af9df39882c\"},\"breadcrumb\":{\"@id\":\"https:\\\/\\\/www.copealcoy.es\\\/es\\\/compromis-lanza-sus-propuestas-para-los-presupuestos\\\/#breadcrumb\"},\"inLanguage\":\"es\",\"potentialAction\":[{\"@type\":\"ReadAction\",\"target\":[\"https:\\\/\\\/www.copealcoy.es\\\/es\\\/compromis-lanza-sus-propuestas-para-los-presupuestos\\\/\"]}]},{\"@type\":\"ImageObject\",\"inLanguage\":\"es\",\"@id\":\"https:\\\/\\\/www.copealcoy.es\\\/es\\\/compromis-lanza-sus-propuestas-para-los-presupuestos\\\/#primaryimage\",\"url\":\"https:\\\/\\\/www.copealcoy.es\\\/wp-content\\\/uploads\\\/2015\\\/07\\\/raulsegui1.jpg\",\"contentUrl\":\"https:\\\/\\\/www.copealcoy.es\\\/wp-content\\\/uploads\\\/2015\\\/07\\\/raulsegui1.jpg\",\"width\":620,\"height\":413,\"caption\":\"Ra\u00fcl Segu\u00ed es edil de Comprom\u00eds en el Ayuntamiento de Alcoy\"},{\"@type\":\"BreadcrumbList\",\"@id\":\"https:\\\/\\\/www.copealcoy.es\\\/es\\\/compromis-lanza-sus-propuestas-para-los-presupuestos\\\/#breadcrumb\",\"itemListElement\":[{\"@type\":\"ListItem\",\"position\":1,\"name\":\"Portada\",\"item\":\"https:\\\/\\\/www.copealcoy.es\\\/es\\\/\"},{\"@type\":\"ListItem\",\"position\":2,\"name\":\"Comprom\u00eds lanza sus propuestas para los presupuestos\"}]},{\"@type\":\"WebSite\",\"@id\":\"https:\\\/\\\/www.copealcoy.es\\\/es\\\/#website\",\"url\":\"https:\\\/\\\/www.copealcoy.es\\\/es\\\/\",\"name\":\"COPE Alcoy\",\"description\":\"Emisora COPE de radio local con emisi\u00f3n online. Pont de Sant Jordi 8-10 03803 Alcoy\",\"potentialAction\":[{\"@type\":\"SearchAction\",\"target\":{\"@type\":\"EntryPoint\",\"urlTemplate\":\"https:\\\/\\\/www.copealcoy.es\\\/es\\\/?s={search_term_string}\"},\"query-input\":{\"@type\":\"PropertyValueSpecification\",\"valueRequired\":true,\"valueName\":\"search_term_string\"}}],\"inLanguage\":\"es\"},{\"@type\":\"Person\",\"@id\":\"https:\\\/\\\/www.copealcoy.es\\\/es\\\/#\\\/schema\\\/person\\\/e777c87fa024e57d40170af9df39882c\",\"name\":\"Cope Alcoy\",\"image\":{\"@type\":\"ImageObject\",\"inLanguage\":\"es\",\"@id\":\"https:\\\/\\\/secure.gravatar.com\\\/avatar\\\/bb65d0283347e303893ba14f0692005417c1e0e690a325a4c5d8bb2b3943ee14?s=96&d=mm&r=g\",\"url\":\"https:\\\/\\\/secure.gravatar.com\\\/avatar\\\/bb65d0283347e303893ba14f0692005417c1e0e690a325a4c5d8bb2b3943ee14?s=96&d=mm&r=g\",\"contentUrl\":\"https:\\\/\\\/secure.gravatar.com\\\/avatar\\\/bb65d0283347e303893ba14f0692005417c1e0e690a325a4c5d8bb2b3943ee14?s=96&d=mm&r=g\",\"caption\":\"Cope Alcoy\"}}]}<\/script>\n<!-- \/ Yoast SEO plugin. -->","yoast_head_json":{"title":"Comprom\u00eds lanza sus propuestas para los presupuestos - COPE Alcoy","robots":{"index":"index","follow":"follow","max-snippet":"max-snippet:-1","max-image-preview":"max-image-preview:large","max-video-preview":"max-video-preview:-1"},"canonical":"https:\/\/www.copealcoy.es\/es\/compromis-lanza-sus-propuestas-para-los-presupuestos\/","og_locale":"es_ES","og_type":"article","og_title":"Comprom\u00eds lanza sus propuestas para los presupuestos - COPE Alcoy","og_description":"El Grupo Municipal de Comprom\u00eds ha planteado sus propuestas para los presupuestos municipales del pr\u00f3ximo a\u00f1o 2016 entre las que...","og_url":"https:\/\/www.copealcoy.es\/es\/compromis-lanza-sus-propuestas-para-los-presupuestos\/","og_site_name":"COPE Alcoy","article_published_time":"2015-10-07T21:16:01+00:00","og_image":[{"width":620,"height":413,"url":"https:\/\/www.copealcoy.es\/wp-content\/uploads\/2015\/07\/raulsegui1.jpg","type":"image\/jpeg"}],"author":"Cope Alcoy","twitter_misc":{"Escrito por":"Cope Alcoy","Tiempo de lectura":"1 minuto"},"schema":{"@context":"https:\/\/schema.org","@graph":[{"@type":"Article","@id":"https:\/\/www.copealcoy.es\/es\/compromis-lanza-sus-propuestas-para-los-presupuestos\/#article","isPartOf":{"@id":"https:\/\/www.copealcoy.es\/es\/compromis-lanza-sus-propuestas-para-los-presupuestos\/"},"author":{"name":"Cope Alcoy","@id":"https:\/\/www.copealcoy.es\/es\/#\/schema\/person\/e777c87fa024e57d40170af9df39882c"},"headline":"Comprom\u00eds lanza sus propuestas para los presupuestos","datePublished":"2015-10-07T21:16:01+00:00","mainEntityOfPage":{"@id":"https:\/\/www.copealcoy.es\/es\/compromis-lanza-sus-propuestas-para-los-presupuestos\/"},"wordCount":209,"commentCount":0,"image":{"@id":"https:\/\/www.copealcoy.es\/es\/compromis-lanza-sus-propuestas-para-los-presupuestos\/#primaryimage"},"thumbnailUrl":"https:\/\/www.copealcoy.es\/wp-content\/uploads\/2015\/07\/raulsegui1.jpg","keywords":["Alcoy","Comprom\u00eds","Econom\u00eda","Presupuestos"],"articleSection":["Alcoy","Noticias","Pol\u00edtica y Econom\u00eda"],"inLanguage":"es"},{"@type":"WebPage","@id":"https:\/\/www.copealcoy.es\/es\/compromis-lanza-sus-propuestas-para-los-presupuestos\/","url":"https:\/\/www.copealcoy.es\/es\/compromis-lanza-sus-propuestas-para-los-presupuestos\/","name":"Comprom\u00eds lanza sus propuestas para los presupuestos - COPE Alcoy","isPartOf":{"@id":"https:\/\/www.copealcoy.es\/es\/#website"},"primaryImageOfPage":{"@id":"https:\/\/www.copealcoy.es\/es\/compromis-lanza-sus-propuestas-para-los-presupuestos\/#primaryimage"},"image":{"@id":"https:\/\/www.copealcoy.es\/es\/compromis-lanza-sus-propuestas-para-los-presupuestos\/#primaryimage"},"thumbnailUrl":"https:\/\/www.copealcoy.es\/wp-content\/uploads\/2015\/07\/raulsegui1.jpg","datePublished":"2015-10-07T21:16:01+00:00","author":{"@id":"https:\/\/www.copealcoy.es\/es\/#\/schema\/person\/e777c87fa024e57d40170af9df39882c"},"breadcrumb":{"@id":"https:\/\/www.copealcoy.es\/es\/compromis-lanza-sus-propuestas-para-los-presupuestos\/#breadcrumb"},"inLanguage":"es","potentialAction":[{"@type":"ReadAction","target":["https:\/\/www.copealcoy.es\/es\/compromis-lanza-sus-propuestas-para-los-presupuestos\/"]}]},{"@type":"ImageObject","inLanguage":"es","@id":"https:\/\/www.copealcoy.es\/es\/compromis-lanza-sus-propuestas-para-los-presupuestos\/#primaryimage","url":"https:\/\/www.copealcoy.es\/wp-content\/uploads\/2015\/07\/raulsegui1.jpg","contentUrl":"https:\/\/www.copealcoy.es\/wp-content\/uploads\/2015\/07\/raulsegui1.jpg","width":620,"height":413,"caption":"Ra\u00fcl Segu\u00ed es edil de Comprom\u00eds en el Ayuntamiento de Alcoy"},{"@type":"BreadcrumbList","@id":"https:\/\/www.copealcoy.es\/es\/compromis-lanza-sus-propuestas-para-los-presupuestos\/#breadcrumb","itemListElement":[{"@type":"ListItem","position":1,"name":"Portada","item":"https:\/\/www.copealcoy.es\/es\/"},{"@type":"ListItem","position":2,"name":"Comprom\u00eds lanza sus propuestas para los presupuestos"}]},{"@type":"WebSite","@id":"https:\/\/www.copealcoy.es\/es\/#website","url":"https:\/\/www.copealcoy.es\/es\/","name":"COPE Alcoy","description":"Emisora COPE de radio local con emisi\u00f3n online. Pont de Sant Jordi 8-10 03803 Alcoy","potentialAction":[{"@type":"SearchAction","target":{"@type":"EntryPoint","urlTemplate":"https:\/\/www.copealcoy.es\/es\/?s={search_term_string}"},"query-input":{"@type":"PropertyValueSpecification","valueRequired":true,"valueName":"search_term_string"}}],"inLanguage":"es"},{"@type":"Person","@id":"https:\/\/www.copealcoy.es\/es\/#\/schema\/person\/e777c87fa024e57d40170af9df39882c","name":"Cope Alcoy","image":{"@type":"ImageObject","inLanguage":"es","@id":"https:\/\/secure.gravatar.com\/avatar\/bb65d0283347e303893ba14f0692005417c1e0e690a325a4c5d8bb2b3943ee14?s=96&d=mm&r=g","url":"https:\/\/secure.gravatar.com\/avatar\/bb65d0283347e303893ba14f0692005417c1e0e690a325a4c5d8bb2b3943ee14?s=96&d=mm&r=g","contentUrl":"https:\/\/secure.gravatar.com\/avatar\/bb65d0283347e303893ba14f0692005417c1e0e690a325a4c5d8bb2b3943ee14?s=96&d=mm&r=g","caption":"Cope Alcoy"}}]}},"_links":{"self":[{"href":"https:\/\/www.copealcoy.es\/es\/wp-json\/wp\/v2\/posts\/16293","targetHints":{"allow":["GET"]}}],"collection":[{"href":"https:\/\/www.copealcoy.es\/es\/wp-json\/wp\/v2\/posts"}],"about":[{"href":"https:\/\/www.copealcoy.es\/es\/wp-json\/wp\/v2\/types\/post"}],"author":[{"embeddable":true,"href":"https:\/\/www.copealcoy.es\/es\/wp-json\/wp\/v2\/users\/1"}],"replies":[{"embeddable":true,"href":"https:\/\/www.copealcoy.es\/es\/wp-json\/wp\/v2\/comments?post=16293"}],"version-history":[{"count":0,"href":"https:\/\/www.copealcoy.es\/es\/wp-json\/wp\/v2\/posts\/16293\/revisions"}],"wp:featuredmedia":[{"embeddable":true,"href":"https:\/\/www.copealcoy.es\/es\/wp-json\/wp\/v2\/media\/14550"}],"wp:attachment":[{"href":"https:\/\/www.copealcoy.es\/es\/wp-json\/wp\/v2\/media?parent=16293"}],"wp:term":[{"taxonomy":"category","embeddable":true,"href":"https:\/\/www.copealcoy.es\/es\/wp-json\/wp\/v2\/categories?post=16293"},{"taxonomy":"post_tag","embeddable":true,"href":"https:\/\/www.copealcoy.es\/es\/wp-json\/wp\/v2\/tags?post=16293"}],"curies":[{"name":"wp","href":"https:\/\/api.w.org\/{rel}","templated":true}]}}