{"id":162921,"date":"2026-01-27T12:00:33","date_gmt":"2026-01-27T11:00:33","guid":{"rendered":"https:\/\/www.copealcoy.es\/?p=162921"},"modified":"2026-01-27T16:02:18","modified_gmt":"2026-01-27T15:02:18","slug":"la-enramada-de-fiestas-se-renueva-por-el-750-aniversario-del-patronazgo-de-san-jorge","status":"publish","type":"post","link":"https:\/\/www.copealcoy.es\/es\/la-enramada-de-fiestas-se-renueva-por-el-750-aniversario-del-patronazgo-de-san-jorge\/","title":{"rendered":"La Enramada de Fiestas se renueva por el 750 aniversario del patronazgo de San Jorge"},"content":{"rendered":"<p style=\"text-align: justify;\" data-start=\"255\" data-end=\"692\">El <a href=\"https:\/\/www.alcoi.org\/ca\/portal\/index.html\" target=\"_blank\" rel=\"noopener\"><span style=\"color: #0000ff;\"><strong data-start=\"258\" data-end=\"283\">Ayuntamiento de Alcoy<\/strong><\/span><\/a> ha completado los trabajos de <strong data-start=\"314\" data-end=\"336\">repintado integral<\/strong> de la <strong data-start=\"343\" data-end=\"357\">Enramada<\/strong> de las <strong data-start=\"365\" data-end=\"398\">Fiestas de Moros y Cristianos<\/strong>, una actuaci\u00f3n prevista \u00a0para garantizar que todos los elementos ornamentales luzcan en un mejor estado de cara a las celebraciones de este 2026. Los festejos, como viene recordando COPE ALCOY, <strong>van a ser especialmente significativos<\/strong> debido a que arranca la conmemoraci\u00f3n del 750 aniversario del patronazgo de San Jorge.<\/p>\n<p style=\"text-align: justify;\" data-start=\"694\" data-end=\"1218\">Esta intervenci\u00f3n se suma a los <strong>trabajos de<\/strong> <strong data-start=\"739\" data-end=\"795\">mantenimiento <\/strong>de la ornamentaci\u00f3n festera que se han venido realizado en los \u00faltimos a\u00f1os de manrea progresiva. El pasado a\u00f1o, el Ayuntamiento destin\u00f3 <strong data-start=\"901\" data-end=\"920\">15.363,61 euros<\/strong> a la renovaci\u00f3n de las <strong data-start=\"944\" data-end=\"981\">359 almenas de la Pla\u00e7a d\u2019Espanya, <\/strong>sustituyendo las almenas de madera del a\u00f1o 1984 por nuevas\u00a0 de <strong data-start=\"1086\" data-end=\"1101\">polietileno<\/strong>, un material m\u00e1s resistente que ha reducido en casi <strong data-start=\"1154\" data-end=\"1169\">3.000 kilos<\/strong> la carga de la estructura en este tramo. Tambi\u00e9n, tiempo atr\u00e1s, se renovaron los escudos de la misma Pla\u00e7a d&#8217;Espanya colocando unos nuevos m\u00e1s duraderos\u00a0 &#8220;l<em data-start=\"1220\" data-end=\"1816\">a celebraci\u00f3n del 750 Aniversario del patronazgo de San Jorge es un evento excepcional que merece que nuestra escenograf\u00eda festera presente su mejor imagen. Con el repintado completo de la Enramada y las mejoras estructurales realizadas recientemente, no solo garantizamos la conservaci\u00f3n de unos elementos que son s\u00edmbolo de nuestra identidad, sino que tambi\u00e9n aseguramos que la ciudadan\u00eda y los visitantes disfruten de una Fiesta m\u00e1s segura y est\u00e9ticamente impecable. El mantenimiento constante de este patrimonio es una muestra del respeto y aprecio que Alcoy tiene por sus tradiciones\u00bb<\/em>, ha afirmado al respecto el concejal de Fiestas,<strong data-start=\"1833\" data-end=\"1872\"> Jordi Mart\u00ednez<\/strong>.<\/p>\n<p style=\"text-align: justify;\" data-start=\"694\" data-end=\"1218\">Junto a la adecuaci\u00f3n de la Enramada, tambi\u00e9n destaca <strong>la intervenci\u00f3n realizada en el Castillo de Fiestas en 2024<\/strong> con el repintado de todos sus elementos exteriores. Gracias a ello, y en coordinaci\u00f3n con la Asociaci\u00f3n de San Jorge, se recuper\u00f3 el color original que tenia la fortaleza hace 125 a\u00f1os.<\/p>\n","protected":false},"excerpt":{"rendered":"<p>El Ayuntamiento de Alcoy ha completado los trabajos de repintado integral de la Enramada de las Fiestas de Moros y&#8230;<\/p>\n","protected":false},"author":1,"featured_media":162922,"comment_status":"closed","ping_status":"closed","sticky":false,"template":"","format":"standard","meta":{"footnotes":""},"categories":[6909,97,78,75,125],"tags":[17120,1494,756,565,609,20125,250],"class_list":["post-162921","post","type-post","status-publish","format-standard","has-post-thumbnail","hentry","category-actualidad","category-alcoy","category-fiestaycultura","category-noticias","category-portada","tag-750-aniversario","tag-alcoy","tag-enramada","tag-fiestas","tag-moros-y-cristianos","tag-patronazgo-san-jorge","tag-restauracion"],"yoast_head":"<!-- This site is optimized with the Yoast SEO plugin v27.3 - https:\/\/yoast.com\/product\/yoast-seo-wordpress\/ -->\n<title>La Enramada de Fiestas se renueva por el 750 aniversario del patronazgo de San Jorge - COPE Alcoy<\/title>\n<meta name=\"description\" content=\"La Enramada de Fiestas se renueva por el 750 aniversario del patronazgo de San Jorge\" \/>\n<meta name=\"robots\" content=\"index, follow, max-snippet:-1, max-image-preview:large, max-video-preview:-1\" \/>\n<link rel=\"canonical\" href=\"https:\/\/www.copealcoy.es\/es\/la-enramada-de-fiestas-se-renueva-por-el-750-aniversario-del-patronazgo-de-san-jorge\/\" \/>\n<meta property=\"og:locale\" content=\"es_ES\" \/>\n<meta property=\"og:type\" content=\"article\" \/>\n<meta property=\"og:title\" content=\"La Enramada de Fiestas se renueva por el 750 aniversario del patronazgo de San Jorge - COPE Alcoy\" \/>\n<meta property=\"og:description\" content=\"La Enramada de Fiestas se renueva por el 750 aniversario del patronazgo de San Jorge\" \/>\n<meta property=\"og:url\" content=\"https:\/\/www.copealcoy.es\/es\/la-enramada-de-fiestas-se-renueva-por-el-750-aniversario-del-patronazgo-de-san-jorge\/\" \/>\n<meta property=\"og:site_name\" content=\"COPE Alcoy\" \/>\n<meta property=\"article:published_time\" content=\"2026-01-27T11:00:33+00:00\" \/>\n<meta property=\"article:modified_time\" content=\"2026-01-27T15:02:18+00:00\" \/>\n<meta property=\"og:image\" content=\"https:\/\/www.copealcoy.es\/wp-content\/uploads\/2026\/01\/4-11.jpg\" \/>\n\t<meta property=\"og:image:width\" content=\"953\" \/>\n\t<meta property=\"og:image:height\" content=\"715\" \/>\n\t<meta property=\"og:image:type\" content=\"image\/jpeg\" \/>\n<meta name=\"author\" content=\"Cope Alcoy\" \/>\n<meta name=\"twitter:label1\" content=\"Escrito por\" \/>\n\t<meta name=\"twitter:data1\" content=\"Cope Alcoy\" \/>\n\t<meta name=\"twitter:label2\" content=\"Tiempo de lectura\" \/>\n\t<meta name=\"twitter:data2\" content=\"2 minutos\" \/>\n<script type=\"application\/ld+json\" class=\"yoast-schema-graph\">{\"@context\":\"https:\\\/\\\/schema.org\",\"@graph\":[{\"@type\":\"Article\",\"@id\":\"https:\\\/\\\/www.copealcoy.es\\\/es\\\/la-enramada-de-fiestas-se-renueva-por-el-750-aniversario-del-patronazgo-de-san-jorge\\\/#article\",\"isPartOf\":{\"@id\":\"https:\\\/\\\/www.copealcoy.es\\\/es\\\/la-enramada-de-fiestas-se-renueva-por-el-750-aniversario-del-patronazgo-de-san-jorge\\\/\"},\"author\":{\"name\":\"Cope Alcoy\",\"@id\":\"https:\\\/\\\/www.copealcoy.es\\\/es\\\/#\\\/schema\\\/person\\\/e777c87fa024e57d40170af9df39882c\"},\"headline\":\"La Enramada de Fiestas se renueva por el 750 aniversario del patronazgo de San Jorge\",\"datePublished\":\"2026-01-27T11:00:33+00:00\",\"dateModified\":\"2026-01-27T15:02:18+00:00\",\"mainEntityOfPage\":{\"@id\":\"https:\\\/\\\/www.copealcoy.es\\\/es\\\/la-enramada-de-fiestas-se-renueva-por-el-750-aniversario-del-patronazgo-de-san-jorge\\\/\"},\"wordCount\":348,\"image\":{\"@id\":\"https:\\\/\\\/www.copealcoy.es\\\/es\\\/la-enramada-de-fiestas-se-renueva-por-el-750-aniversario-del-patronazgo-de-san-jorge\\\/#primaryimage\"},\"thumbnailUrl\":\"https:\\\/\\\/www.copealcoy.es\\\/wp-content\\\/uploads\\\/2026\\\/01\\\/4-11.jpg\",\"keywords\":[\"750 aniversario\",\"Alcoy\",\"Enramada\",\"Fiestas\",\"Moros Y Cristianos\",\"patronazgo San Jorge\",\"Restauraci\u00f3n\"],\"articleSection\":[\"Actualidad\",\"Alcoy\",\"Fiesta y Cultura\",\"Noticias\",\"Portada\"],\"inLanguage\":\"es\"},{\"@type\":\"WebPage\",\"@id\":\"https:\\\/\\\/www.copealcoy.es\\\/es\\\/la-enramada-de-fiestas-se-renueva-por-el-750-aniversario-del-patronazgo-de-san-jorge\\\/\",\"url\":\"https:\\\/\\\/www.copealcoy.es\\\/es\\\/la-enramada-de-fiestas-se-renueva-por-el-750-aniversario-del-patronazgo-de-san-jorge\\\/\",\"name\":\"La Enramada de Fiestas se renueva por el 750 aniversario del patronazgo de San Jorge - COPE Alcoy\",\"isPartOf\":{\"@id\":\"https:\\\/\\\/www.copealcoy.es\\\/es\\\/#website\"},\"primaryImageOfPage\":{\"@id\":\"https:\\\/\\\/www.copealcoy.es\\\/es\\\/la-enramada-de-fiestas-se-renueva-por-el-750-aniversario-del-patronazgo-de-san-jorge\\\/#primaryimage\"},\"image\":{\"@id\":\"https:\\\/\\\/www.copealcoy.es\\\/es\\\/la-enramada-de-fiestas-se-renueva-por-el-750-aniversario-del-patronazgo-de-san-jorge\\\/#primaryimage\"},\"thumbnailUrl\":\"https:\\\/\\\/www.copealcoy.es\\\/wp-content\\\/uploads\\\/2026\\\/01\\\/4-11.jpg\",\"datePublished\":\"2026-01-27T11:00:33+00:00\",\"dateModified\":\"2026-01-27T15:02:18+00:00\",\"author\":{\"@id\":\"https:\\\/\\\/www.copealcoy.es\\\/es\\\/#\\\/schema\\\/person\\\/e777c87fa024e57d40170af9df39882c\"},\"description\":\"La Enramada de Fiestas se renueva por el 750 aniversario del patronazgo de San Jorge\",\"breadcrumb\":{\"@id\":\"https:\\\/\\\/www.copealcoy.es\\\/es\\\/la-enramada-de-fiestas-se-renueva-por-el-750-aniversario-del-patronazgo-de-san-jorge\\\/#breadcrumb\"},\"inLanguage\":\"es\",\"potentialAction\":[{\"@type\":\"ReadAction\",\"target\":[\"https:\\\/\\\/www.copealcoy.es\\\/es\\\/la-enramada-de-fiestas-se-renueva-por-el-750-aniversario-del-patronazgo-de-san-jorge\\\/\"]}]},{\"@type\":\"ImageObject\",\"inLanguage\":\"es\",\"@id\":\"https:\\\/\\\/www.copealcoy.es\\\/es\\\/la-enramada-de-fiestas-se-renueva-por-el-750-aniversario-del-patronazgo-de-san-jorge\\\/#primaryimage\",\"url\":\"https:\\\/\\\/www.copealcoy.es\\\/wp-content\\\/uploads\\\/2026\\\/01\\\/4-11.jpg\",\"contentUrl\":\"https:\\\/\\\/www.copealcoy.es\\\/wp-content\\\/uploads\\\/2026\\\/01\\\/4-11.jpg\",\"width\":953,\"height\":715},{\"@type\":\"BreadcrumbList\",\"@id\":\"https:\\\/\\\/www.copealcoy.es\\\/es\\\/la-enramada-de-fiestas-se-renueva-por-el-750-aniversario-del-patronazgo-de-san-jorge\\\/#breadcrumb\",\"itemListElement\":[{\"@type\":\"ListItem\",\"position\":1,\"name\":\"Portada\",\"item\":\"https:\\\/\\\/www.copealcoy.es\\\/es\\\/\"},{\"@type\":\"ListItem\",\"position\":2,\"name\":\"La Enramada de Fiestas se renueva por el 750 aniversario del patronazgo de San Jorge\"}]},{\"@type\":\"WebSite\",\"@id\":\"https:\\\/\\\/www.copealcoy.es\\\/es\\\/#website\",\"url\":\"https:\\\/\\\/www.copealcoy.es\\\/es\\\/\",\"name\":\"COPE Alcoy\",\"description\":\"Emisora COPE de radio local con emisi\u00f3n online. Pont de Sant Jordi 8-10 03803 Alcoy\",\"potentialAction\":[{\"@type\":\"SearchAction\",\"target\":{\"@type\":\"EntryPoint\",\"urlTemplate\":\"https:\\\/\\\/www.copealcoy.es\\\/es\\\/?s={search_term_string}\"},\"query-input\":{\"@type\":\"PropertyValueSpecification\",\"valueRequired\":true,\"valueName\":\"search_term_string\"}}],\"inLanguage\":\"es\"},{\"@type\":\"Person\",\"@id\":\"https:\\\/\\\/www.copealcoy.es\\\/es\\\/#\\\/schema\\\/person\\\/e777c87fa024e57d40170af9df39882c\",\"name\":\"Cope Alcoy\",\"image\":{\"@type\":\"ImageObject\",\"inLanguage\":\"es\",\"@id\":\"https:\\\/\\\/secure.gravatar.com\\\/avatar\\\/bb65d0283347e303893ba14f0692005417c1e0e690a325a4c5d8bb2b3943ee14?s=96&d=mm&r=g\",\"url\":\"https:\\\/\\\/secure.gravatar.com\\\/avatar\\\/bb65d0283347e303893ba14f0692005417c1e0e690a325a4c5d8bb2b3943ee14?s=96&d=mm&r=g\",\"contentUrl\":\"https:\\\/\\\/secure.gravatar.com\\\/avatar\\\/bb65d0283347e303893ba14f0692005417c1e0e690a325a4c5d8bb2b3943ee14?s=96&d=mm&r=g\",\"caption\":\"Cope Alcoy\"}}]}<\/script>\n<!-- \/ Yoast SEO plugin. -->","yoast_head_json":{"title":"La Enramada de Fiestas se renueva por el 750 aniversario del patronazgo de San Jorge - COPE Alcoy","description":"La Enramada de Fiestas se renueva por el 750 aniversario del patronazgo de San Jorge","robots":{"index":"index","follow":"follow","max-snippet":"max-snippet:-1","max-image-preview":"max-image-preview:large","max-video-preview":"max-video-preview:-1"},"canonical":"https:\/\/www.copealcoy.es\/es\/la-enramada-de-fiestas-se-renueva-por-el-750-aniversario-del-patronazgo-de-san-jorge\/","og_locale":"es_ES","og_type":"article","og_title":"La Enramada de Fiestas se renueva por el 750 aniversario del patronazgo de San Jorge - COPE Alcoy","og_description":"La Enramada de Fiestas se renueva por el 750 aniversario del patronazgo de San Jorge","og_url":"https:\/\/www.copealcoy.es\/es\/la-enramada-de-fiestas-se-renueva-por-el-750-aniversario-del-patronazgo-de-san-jorge\/","og_site_name":"COPE Alcoy","article_published_time":"2026-01-27T11:00:33+00:00","article_modified_time":"2026-01-27T15:02:18+00:00","og_image":[{"width":953,"height":715,"url":"https:\/\/www.copealcoy.es\/wp-content\/uploads\/2026\/01\/4-11.jpg","type":"image\/jpeg"}],"author":"Cope Alcoy","twitter_misc":{"Escrito por":"Cope Alcoy","Tiempo de lectura":"2 minutos"},"schema":{"@context":"https:\/\/schema.org","@graph":[{"@type":"Article","@id":"https:\/\/www.copealcoy.es\/es\/la-enramada-de-fiestas-se-renueva-por-el-750-aniversario-del-patronazgo-de-san-jorge\/#article","isPartOf":{"@id":"https:\/\/www.copealcoy.es\/es\/la-enramada-de-fiestas-se-renueva-por-el-750-aniversario-del-patronazgo-de-san-jorge\/"},"author":{"name":"Cope Alcoy","@id":"https:\/\/www.copealcoy.es\/es\/#\/schema\/person\/e777c87fa024e57d40170af9df39882c"},"headline":"La Enramada de Fiestas se renueva por el 750 aniversario del patronazgo de San Jorge","datePublished":"2026-01-27T11:00:33+00:00","dateModified":"2026-01-27T15:02:18+00:00","mainEntityOfPage":{"@id":"https:\/\/www.copealcoy.es\/es\/la-enramada-de-fiestas-se-renueva-por-el-750-aniversario-del-patronazgo-de-san-jorge\/"},"wordCount":348,"image":{"@id":"https:\/\/www.copealcoy.es\/es\/la-enramada-de-fiestas-se-renueva-por-el-750-aniversario-del-patronazgo-de-san-jorge\/#primaryimage"},"thumbnailUrl":"https:\/\/www.copealcoy.es\/wp-content\/uploads\/2026\/01\/4-11.jpg","keywords":["750 aniversario","Alcoy","Enramada","Fiestas","Moros Y Cristianos","patronazgo San Jorge","Restauraci\u00f3n"],"articleSection":["Actualidad","Alcoy","Fiesta y Cultura","Noticias","Portada"],"inLanguage":"es"},{"@type":"WebPage","@id":"https:\/\/www.copealcoy.es\/es\/la-enramada-de-fiestas-se-renueva-por-el-750-aniversario-del-patronazgo-de-san-jorge\/","url":"https:\/\/www.copealcoy.es\/es\/la-enramada-de-fiestas-se-renueva-por-el-750-aniversario-del-patronazgo-de-san-jorge\/","name":"La Enramada de Fiestas se renueva por el 750 aniversario del patronazgo de San Jorge - COPE Alcoy","isPartOf":{"@id":"https:\/\/www.copealcoy.es\/es\/#website"},"primaryImageOfPage":{"@id":"https:\/\/www.copealcoy.es\/es\/la-enramada-de-fiestas-se-renueva-por-el-750-aniversario-del-patronazgo-de-san-jorge\/#primaryimage"},"image":{"@id":"https:\/\/www.copealcoy.es\/es\/la-enramada-de-fiestas-se-renueva-por-el-750-aniversario-del-patronazgo-de-san-jorge\/#primaryimage"},"thumbnailUrl":"https:\/\/www.copealcoy.es\/wp-content\/uploads\/2026\/01\/4-11.jpg","datePublished":"2026-01-27T11:00:33+00:00","dateModified":"2026-01-27T15:02:18+00:00","author":{"@id":"https:\/\/www.copealcoy.es\/es\/#\/schema\/person\/e777c87fa024e57d40170af9df39882c"},"description":"La Enramada de Fiestas se renueva por el 750 aniversario del patronazgo de San Jorge","breadcrumb":{"@id":"https:\/\/www.copealcoy.es\/es\/la-enramada-de-fiestas-se-renueva-por-el-750-aniversario-del-patronazgo-de-san-jorge\/#breadcrumb"},"inLanguage":"es","potentialAction":[{"@type":"ReadAction","target":["https:\/\/www.copealcoy.es\/es\/la-enramada-de-fiestas-se-renueva-por-el-750-aniversario-del-patronazgo-de-san-jorge\/"]}]},{"@type":"ImageObject","inLanguage":"es","@id":"https:\/\/www.copealcoy.es\/es\/la-enramada-de-fiestas-se-renueva-por-el-750-aniversario-del-patronazgo-de-san-jorge\/#primaryimage","url":"https:\/\/www.copealcoy.es\/wp-content\/uploads\/2026\/01\/4-11.jpg","contentUrl":"https:\/\/www.copealcoy.es\/wp-content\/uploads\/2026\/01\/4-11.jpg","width":953,"height":715},{"@type":"BreadcrumbList","@id":"https:\/\/www.copealcoy.es\/es\/la-enramada-de-fiestas-se-renueva-por-el-750-aniversario-del-patronazgo-de-san-jorge\/#breadcrumb","itemListElement":[{"@type":"ListItem","position":1,"name":"Portada","item":"https:\/\/www.copealcoy.es\/es\/"},{"@type":"ListItem","position":2,"name":"La Enramada de Fiestas se renueva por el 750 aniversario del patronazgo de San Jorge"}]},{"@type":"WebSite","@id":"https:\/\/www.copealcoy.es\/es\/#website","url":"https:\/\/www.copealcoy.es\/es\/","name":"COPE Alcoy","description":"Emisora COPE de radio local con emisi\u00f3n online. Pont de Sant Jordi 8-10 03803 Alcoy","potentialAction":[{"@type":"SearchAction","target":{"@type":"EntryPoint","urlTemplate":"https:\/\/www.copealcoy.es\/es\/?s={search_term_string}"},"query-input":{"@type":"PropertyValueSpecification","valueRequired":true,"valueName":"search_term_string"}}],"inLanguage":"es"},{"@type":"Person","@id":"https:\/\/www.copealcoy.es\/es\/#\/schema\/person\/e777c87fa024e57d40170af9df39882c","name":"Cope Alcoy","image":{"@type":"ImageObject","inLanguage":"es","@id":"https:\/\/secure.gravatar.com\/avatar\/bb65d0283347e303893ba14f0692005417c1e0e690a325a4c5d8bb2b3943ee14?s=96&d=mm&r=g","url":"https:\/\/secure.gravatar.com\/avatar\/bb65d0283347e303893ba14f0692005417c1e0e690a325a4c5d8bb2b3943ee14?s=96&d=mm&r=g","contentUrl":"https:\/\/secure.gravatar.com\/avatar\/bb65d0283347e303893ba14f0692005417c1e0e690a325a4c5d8bb2b3943ee14?s=96&d=mm&r=g","caption":"Cope Alcoy"}}]}},"_links":{"self":[{"href":"https:\/\/www.copealcoy.es\/es\/wp-json\/wp\/v2\/posts\/162921","targetHints":{"allow":["GET"]}}],"collection":[{"href":"https:\/\/www.copealcoy.es\/es\/wp-json\/wp\/v2\/posts"}],"about":[{"href":"https:\/\/www.copealcoy.es\/es\/wp-json\/wp\/v2\/types\/post"}],"author":[{"embeddable":true,"href":"https:\/\/www.copealcoy.es\/es\/wp-json\/wp\/v2\/users\/1"}],"replies":[{"embeddable":true,"href":"https:\/\/www.copealcoy.es\/es\/wp-json\/wp\/v2\/comments?post=162921"}],"version-history":[{"count":1,"href":"https:\/\/www.copealcoy.es\/es\/wp-json\/wp\/v2\/posts\/162921\/revisions"}],"predecessor-version":[{"id":162924,"href":"https:\/\/www.copealcoy.es\/es\/wp-json\/wp\/v2\/posts\/162921\/revisions\/162924"}],"wp:featuredmedia":[{"embeddable":true,"href":"https:\/\/www.copealcoy.es\/es\/wp-json\/wp\/v2\/media\/162922"}],"wp:attachment":[{"href":"https:\/\/www.copealcoy.es\/es\/wp-json\/wp\/v2\/media?parent=162921"}],"wp:term":[{"taxonomy":"category","embeddable":true,"href":"https:\/\/www.copealcoy.es\/es\/wp-json\/wp\/v2\/categories?post=162921"},{"taxonomy":"post_tag","embeddable":true,"href":"https:\/\/www.copealcoy.es\/es\/wp-json\/wp\/v2\/tags?post=162921"}],"curies":[{"name":"wp","href":"https:\/\/api.w.org\/{rel}","templated":true}]}}