{"id":162914,"date":"2026-01-27T11:00:39","date_gmt":"2026-01-27T10:00:39","guid":{"rendered":"https:\/\/www.copealcoy.es\/?p=162914"},"modified":"2026-01-27T19:59:48","modified_gmt":"2026-01-27T18:59:48","slug":"proteccion-civil-de-alcoy-destino-cerca-de-6-000-horas-de-servicio-voluntario-en-2025","status":"publish","type":"post","link":"https:\/\/www.copealcoy.es\/es\/proteccion-civil-de-alcoy-destino-cerca-de-6-000-horas-de-servicio-voluntario-en-2025\/","title":{"rendered":"Protecci\u00f3n Civil de Alcoy destin\u00f3 cerca de 6.000 horas de servicio voluntario en 2025"},"content":{"rendered":"<p style=\"text-align: justify;\" data-start=\"237\" data-end=\"617\">La <a href=\"https:\/\/www.facebook.com\/ProteccionCivilAlcoi\/?locale=es_ES\" target=\"_blank\" rel=\"noopener\"><span style=\"color: #0000ff;\"><strong>Agrupaci\u00f3n Local de Voluntarios de Protecci\u00f3n Civil (ALVPC) del Ayuntamiento de Alcoy<\/strong><\/span><\/a> ha cerrado el ejercicio de 2025 con un balance que pone de manifiesto la intensa labor de sus integrantes al servicio de la seguridad ciudadana. A lo largo del \u00faltimo a\u00f1o, la agrupaci\u00f3n ha realizado un total de <strong data-start=\"537\" data-end=\"554\">174 servicios<\/strong>, acumulando <strong data-start=\"567\" data-end=\"616\">5.843 horas de trabajo voluntario y altruista<\/strong>.<\/p>\n<p style=\"text-align: justify;\" data-start=\"619\" data-end=\"987\">Esta actividad constante ha permitido reforzar la labor de los cuerpos de seguridad en la gesti\u00f3n de grandes eventos y en situaciones que requieren una atenci\u00f3n especial en la v\u00eda p\u00fablica. La mayor parte de las actuaciones se han desarrollado en Alcoy, con <strong data-start=\"876\" data-end=\"905\">m\u00e1s de 120 intervenciones<\/strong>, aunque la colaboraci\u00f3n de los voluntarios ha ido m\u00e1s all\u00e1 del t\u00e9rmino municipal. Durante 2025, la agrupaci\u00f3n alcoyana ha prestado apoyo en diferentes localidades de la provincia, con una presencia destacada en <strong data-start=\"1118\" data-end=\"1132\">Cocentaina<\/strong>, as\u00ed como en municipios como <strong data-start=\"1162\" data-end=\"1236\">l\u2019Alc\u00fadia, Gandia, Ondara, Muro, Banyeres de Mariola, Biar o Bocairent <\/strong>&#8220;<em>la Agrupaci\u00f3n de Protecci\u00f3n Civil es un ejemplo de generosidad y vocaci\u00f3n de servicio p\u00fablico. Las casi 6.000 horas que han dedicado este a\u00f1o a cuidar de sus vecinos y vecinas demuestran que contamos con un voluntariado fuerte y preparado, esencial para que nuestros actos festivos y deportivos se desarrollen con normalidad y seguridad&#8221;, se\u00f1ala el concejal de Seguridad; <\/em><strong>Ra\u00fcl Llopis.\u00a0<\/strong><\/p>\n<p style=\"text-align: justify;\" data-start=\"1367\" data-end=\"1698\">Por tipolog\u00eda, la mayor parte de los servicios han estado vinculados a <strong data-start=\"1438\" data-end=\"1461\">actos tradicionales<\/strong>, con un total de <strong data-start=\"1479\" data-end=\"1497\">76 actuaciones<\/strong>, seguidos de <strong data-start=\"1511\" data-end=\"1533\">eventos deportivos<\/strong>, que han requerido <strong data-start=\"1553\" data-end=\"1569\">41 servicios<\/strong>. A ello se suman las tareas de intendencia y gesti\u00f3n interna necesarias para el correcto funcionamiento operativo de la entidad. El calendario refleja una mayor carga de trabajo en los meses de <strong data-start=\"1765\" data-end=\"1778\">diciembre<\/strong>, con 22 servicios, <strong data-start=\"1798\" data-end=\"1806\">mayo<\/strong>, con 18, y <strong data-start=\"1818\" data-end=\"1829\">octubre<\/strong>, con 16, coincidiendo con periodos festivos de especial relevancia como la <strong data-start=\"1905\" data-end=\"1916\">Navidad<\/strong>, las <strong data-start=\"1922\" data-end=\"1955\">Fiestas de Moros y Cristianos<\/strong> o el <strong data-start=\"1961\" data-end=\"1972\">Mig Any<\/strong>.<\/p>\n","protected":false},"excerpt":{"rendered":"<p>La Agrupaci\u00f3n Local de Voluntarios de Protecci\u00f3n Civil (ALVPC) del Ayuntamiento de Alcoy ha cerrado el ejercicio de 2025 con&#8230;<\/p>\n","protected":false},"author":1,"featured_media":162915,"comment_status":"closed","ping_status":"closed","sticky":false,"template":"","format":"standard","meta":{"footnotes":""},"categories":[6909,97,75],"tags":[8865,432,1494,430,435,834],"class_list":["post-162914","post","type-post","status-publish","format-standard","has-post-thumbnail","hentry","category-actualidad","category-alcoy","category-noticias","tag-8865","tag-actuaciones","tag-alcoy","tag-balance","tag-proteccion-civil","tag-voluntariado"],"yoast_head":"<!-- This site is optimized with the Yoast SEO plugin v27.3 - https:\/\/yoast.com\/product\/yoast-seo-wordpress\/ -->\n<title>Protecci\u00f3n Civil de Alcoy destin\u00f3 cerca de 6.000 horas de servicio voluntario en 2025 - COPE Alcoy<\/title>\n<meta name=\"description\" content=\"Protecci\u00f3n Civil de Alcoy supera las 6.000 horas de servicio voluntario en 2025\" \/>\n<meta name=\"robots\" content=\"index, follow, max-snippet:-1, max-image-preview:large, max-video-preview:-1\" \/>\n<link rel=\"canonical\" href=\"https:\/\/www.copealcoy.es\/es\/proteccion-civil-de-alcoy-destino-cerca-de-6-000-horas-de-servicio-voluntario-en-2025\/\" \/>\n<meta property=\"og:locale\" content=\"es_ES\" \/>\n<meta property=\"og:type\" content=\"article\" \/>\n<meta property=\"og:title\" content=\"Protecci\u00f3n Civil de Alcoy destin\u00f3 cerca de 6.000 horas de servicio voluntario en 2025 - COPE Alcoy\" \/>\n<meta property=\"og:description\" content=\"Protecci\u00f3n Civil de Alcoy supera las 6.000 horas de servicio voluntario en 2025\" \/>\n<meta property=\"og:url\" content=\"https:\/\/www.copealcoy.es\/es\/proteccion-civil-de-alcoy-destino-cerca-de-6-000-horas-de-servicio-voluntario-en-2025\/\" \/>\n<meta property=\"og:site_name\" content=\"COPE Alcoy\" \/>\n<meta property=\"article:published_time\" content=\"2026-01-27T10:00:39+00:00\" \/>\n<meta property=\"article:modified_time\" content=\"2026-01-27T18:59:48+00:00\" \/>\n<meta property=\"og:image\" content=\"https:\/\/www.copealcoy.es\/wp-content\/uploads\/2026\/01\/Grup-de-Proteccio-Civil-que-va-collaborar-amb-la-Mitja-Marato-dAlcoi.jpg\" \/>\n\t<meta property=\"og:image:width\" content=\"2000\" \/>\n\t<meta property=\"og:image:height\" content=\"900\" \/>\n\t<meta property=\"og:image:type\" content=\"image\/jpeg\" \/>\n<meta name=\"author\" content=\"Cope Alcoy\" \/>\n<meta name=\"twitter:label1\" content=\"Escrito por\" \/>\n\t<meta name=\"twitter:data1\" content=\"Cope Alcoy\" \/>\n\t<meta name=\"twitter:label2\" content=\"Tiempo de lectura\" \/>\n\t<meta name=\"twitter:data2\" content=\"2 minutos\" \/>\n<script type=\"application\/ld+json\" class=\"yoast-schema-graph\">{\"@context\":\"https:\\\/\\\/schema.org\",\"@graph\":[{\"@type\":\"Article\",\"@id\":\"https:\\\/\\\/www.copealcoy.es\\\/es\\\/proteccion-civil-de-alcoy-destino-cerca-de-6-000-horas-de-servicio-voluntario-en-2025\\\/#article\",\"isPartOf\":{\"@id\":\"https:\\\/\\\/www.copealcoy.es\\\/es\\\/proteccion-civil-de-alcoy-destino-cerca-de-6-000-horas-de-servicio-voluntario-en-2025\\\/\"},\"author\":{\"name\":\"Cope Alcoy\",\"@id\":\"https:\\\/\\\/www.copealcoy.es\\\/es\\\/#\\\/schema\\\/person\\\/e777c87fa024e57d40170af9df39882c\"},\"headline\":\"Protecci\u00f3n Civil de Alcoy destin\u00f3 cerca de 6.000 horas de servicio voluntario en 2025\",\"datePublished\":\"2026-01-27T10:00:39+00:00\",\"dateModified\":\"2026-01-27T18:59:48+00:00\",\"mainEntityOfPage\":{\"@id\":\"https:\\\/\\\/www.copealcoy.es\\\/es\\\/proteccion-civil-de-alcoy-destino-cerca-de-6-000-horas-de-servicio-voluntario-en-2025\\\/\"},\"wordCount\":335,\"image\":{\"@id\":\"https:\\\/\\\/www.copealcoy.es\\\/es\\\/proteccion-civil-de-alcoy-destino-cerca-de-6-000-horas-de-servicio-voluntario-en-2025\\\/#primaryimage\"},\"thumbnailUrl\":\"https:\\\/\\\/www.copealcoy.es\\\/wp-content\\\/uploads\\\/2026\\\/01\\\/Grup-de-Proteccio-Civil-que-va-collaborar-amb-la-Mitja-Marato-dAlcoi.jpg\",\"keywords\":[\"2025\",\"Actuaciones\",\"Alcoy\",\"Balance\",\"Protecci\u00f3n Civil\",\"Voluntariado\"],\"articleSection\":[\"Actualidad\",\"Alcoy\",\"Noticias\"],\"inLanguage\":\"es\"},{\"@type\":\"WebPage\",\"@id\":\"https:\\\/\\\/www.copealcoy.es\\\/es\\\/proteccion-civil-de-alcoy-destino-cerca-de-6-000-horas-de-servicio-voluntario-en-2025\\\/\",\"url\":\"https:\\\/\\\/www.copealcoy.es\\\/es\\\/proteccion-civil-de-alcoy-destino-cerca-de-6-000-horas-de-servicio-voluntario-en-2025\\\/\",\"name\":\"Protecci\u00f3n Civil de Alcoy destin\u00f3 cerca de 6.000 horas de servicio voluntario en 2025 - COPE Alcoy\",\"isPartOf\":{\"@id\":\"https:\\\/\\\/www.copealcoy.es\\\/es\\\/#website\"},\"primaryImageOfPage\":{\"@id\":\"https:\\\/\\\/www.copealcoy.es\\\/es\\\/proteccion-civil-de-alcoy-destino-cerca-de-6-000-horas-de-servicio-voluntario-en-2025\\\/#primaryimage\"},\"image\":{\"@id\":\"https:\\\/\\\/www.copealcoy.es\\\/es\\\/proteccion-civil-de-alcoy-destino-cerca-de-6-000-horas-de-servicio-voluntario-en-2025\\\/#primaryimage\"},\"thumbnailUrl\":\"https:\\\/\\\/www.copealcoy.es\\\/wp-content\\\/uploads\\\/2026\\\/01\\\/Grup-de-Proteccio-Civil-que-va-collaborar-amb-la-Mitja-Marato-dAlcoi.jpg\",\"datePublished\":\"2026-01-27T10:00:39+00:00\",\"dateModified\":\"2026-01-27T18:59:48+00:00\",\"author\":{\"@id\":\"https:\\\/\\\/www.copealcoy.es\\\/es\\\/#\\\/schema\\\/person\\\/e777c87fa024e57d40170af9df39882c\"},\"description\":\"Protecci\u00f3n Civil de Alcoy supera las 6.000 horas de servicio voluntario en 2025\",\"breadcrumb\":{\"@id\":\"https:\\\/\\\/www.copealcoy.es\\\/es\\\/proteccion-civil-de-alcoy-destino-cerca-de-6-000-horas-de-servicio-voluntario-en-2025\\\/#breadcrumb\"},\"inLanguage\":\"es\",\"potentialAction\":[{\"@type\":\"ReadAction\",\"target\":[\"https:\\\/\\\/www.copealcoy.es\\\/es\\\/proteccion-civil-de-alcoy-destino-cerca-de-6-000-horas-de-servicio-voluntario-en-2025\\\/\"]}]},{\"@type\":\"ImageObject\",\"inLanguage\":\"es\",\"@id\":\"https:\\\/\\\/www.copealcoy.es\\\/es\\\/proteccion-civil-de-alcoy-destino-cerca-de-6-000-horas-de-servicio-voluntario-en-2025\\\/#primaryimage\",\"url\":\"https:\\\/\\\/www.copealcoy.es\\\/wp-content\\\/uploads\\\/2026\\\/01\\\/Grup-de-Proteccio-Civil-que-va-collaborar-amb-la-Mitja-Marato-dAlcoi.jpg\",\"contentUrl\":\"https:\\\/\\\/www.copealcoy.es\\\/wp-content\\\/uploads\\\/2026\\\/01\\\/Grup-de-Proteccio-Civil-que-va-collaborar-amb-la-Mitja-Marato-dAlcoi.jpg\",\"width\":2000,\"height\":900},{\"@type\":\"BreadcrumbList\",\"@id\":\"https:\\\/\\\/www.copealcoy.es\\\/es\\\/proteccion-civil-de-alcoy-destino-cerca-de-6-000-horas-de-servicio-voluntario-en-2025\\\/#breadcrumb\",\"itemListElement\":[{\"@type\":\"ListItem\",\"position\":1,\"name\":\"Portada\",\"item\":\"https:\\\/\\\/www.copealcoy.es\\\/es\\\/\"},{\"@type\":\"ListItem\",\"position\":2,\"name\":\"Protecci\u00f3n Civil de Alcoy destin\u00f3 cerca de 6.000 horas de servicio voluntario en 2025\"}]},{\"@type\":\"WebSite\",\"@id\":\"https:\\\/\\\/www.copealcoy.es\\\/es\\\/#website\",\"url\":\"https:\\\/\\\/www.copealcoy.es\\\/es\\\/\",\"name\":\"COPE Alcoy\",\"description\":\"Emisora COPE de radio local con emisi\u00f3n online. Pont de Sant Jordi 8-10 03803 Alcoy\",\"potentialAction\":[{\"@type\":\"SearchAction\",\"target\":{\"@type\":\"EntryPoint\",\"urlTemplate\":\"https:\\\/\\\/www.copealcoy.es\\\/es\\\/?s={search_term_string}\"},\"query-input\":{\"@type\":\"PropertyValueSpecification\",\"valueRequired\":true,\"valueName\":\"search_term_string\"}}],\"inLanguage\":\"es\"},{\"@type\":\"Person\",\"@id\":\"https:\\\/\\\/www.copealcoy.es\\\/es\\\/#\\\/schema\\\/person\\\/e777c87fa024e57d40170af9df39882c\",\"name\":\"Cope Alcoy\",\"image\":{\"@type\":\"ImageObject\",\"inLanguage\":\"es\",\"@id\":\"https:\\\/\\\/secure.gravatar.com\\\/avatar\\\/bb65d0283347e303893ba14f0692005417c1e0e690a325a4c5d8bb2b3943ee14?s=96&d=mm&r=g\",\"url\":\"https:\\\/\\\/secure.gravatar.com\\\/avatar\\\/bb65d0283347e303893ba14f0692005417c1e0e690a325a4c5d8bb2b3943ee14?s=96&d=mm&r=g\",\"contentUrl\":\"https:\\\/\\\/secure.gravatar.com\\\/avatar\\\/bb65d0283347e303893ba14f0692005417c1e0e690a325a4c5d8bb2b3943ee14?s=96&d=mm&r=g\",\"caption\":\"Cope Alcoy\"}}]}<\/script>\n<!-- \/ Yoast SEO plugin. -->","yoast_head_json":{"title":"Protecci\u00f3n Civil de Alcoy destin\u00f3 cerca de 6.000 horas de servicio voluntario en 2025 - COPE Alcoy","description":"Protecci\u00f3n Civil de Alcoy supera las 6.000 horas de servicio voluntario en 2025","robots":{"index":"index","follow":"follow","max-snippet":"max-snippet:-1","max-image-preview":"max-image-preview:large","max-video-preview":"max-video-preview:-1"},"canonical":"https:\/\/www.copealcoy.es\/es\/proteccion-civil-de-alcoy-destino-cerca-de-6-000-horas-de-servicio-voluntario-en-2025\/","og_locale":"es_ES","og_type":"article","og_title":"Protecci\u00f3n Civil de Alcoy destin\u00f3 cerca de 6.000 horas de servicio voluntario en 2025 - COPE Alcoy","og_description":"Protecci\u00f3n Civil de Alcoy supera las 6.000 horas de servicio voluntario en 2025","og_url":"https:\/\/www.copealcoy.es\/es\/proteccion-civil-de-alcoy-destino-cerca-de-6-000-horas-de-servicio-voluntario-en-2025\/","og_site_name":"COPE Alcoy","article_published_time":"2026-01-27T10:00:39+00:00","article_modified_time":"2026-01-27T18:59:48+00:00","og_image":[{"width":2000,"height":900,"url":"https:\/\/www.copealcoy.es\/wp-content\/uploads\/2026\/01\/Grup-de-Proteccio-Civil-que-va-collaborar-amb-la-Mitja-Marato-dAlcoi.jpg","type":"image\/jpeg"}],"author":"Cope Alcoy","twitter_misc":{"Escrito por":"Cope Alcoy","Tiempo de lectura":"2 minutos"},"schema":{"@context":"https:\/\/schema.org","@graph":[{"@type":"Article","@id":"https:\/\/www.copealcoy.es\/es\/proteccion-civil-de-alcoy-destino-cerca-de-6-000-horas-de-servicio-voluntario-en-2025\/#article","isPartOf":{"@id":"https:\/\/www.copealcoy.es\/es\/proteccion-civil-de-alcoy-destino-cerca-de-6-000-horas-de-servicio-voluntario-en-2025\/"},"author":{"name":"Cope Alcoy","@id":"https:\/\/www.copealcoy.es\/es\/#\/schema\/person\/e777c87fa024e57d40170af9df39882c"},"headline":"Protecci\u00f3n Civil de Alcoy destin\u00f3 cerca de 6.000 horas de servicio voluntario en 2025","datePublished":"2026-01-27T10:00:39+00:00","dateModified":"2026-01-27T18:59:48+00:00","mainEntityOfPage":{"@id":"https:\/\/www.copealcoy.es\/es\/proteccion-civil-de-alcoy-destino-cerca-de-6-000-horas-de-servicio-voluntario-en-2025\/"},"wordCount":335,"image":{"@id":"https:\/\/www.copealcoy.es\/es\/proteccion-civil-de-alcoy-destino-cerca-de-6-000-horas-de-servicio-voluntario-en-2025\/#primaryimage"},"thumbnailUrl":"https:\/\/www.copealcoy.es\/wp-content\/uploads\/2026\/01\/Grup-de-Proteccio-Civil-que-va-collaborar-amb-la-Mitja-Marato-dAlcoi.jpg","keywords":["2025","Actuaciones","Alcoy","Balance","Protecci\u00f3n Civil","Voluntariado"],"articleSection":["Actualidad","Alcoy","Noticias"],"inLanguage":"es"},{"@type":"WebPage","@id":"https:\/\/www.copealcoy.es\/es\/proteccion-civil-de-alcoy-destino-cerca-de-6-000-horas-de-servicio-voluntario-en-2025\/","url":"https:\/\/www.copealcoy.es\/es\/proteccion-civil-de-alcoy-destino-cerca-de-6-000-horas-de-servicio-voluntario-en-2025\/","name":"Protecci\u00f3n Civil de Alcoy destin\u00f3 cerca de 6.000 horas de servicio voluntario en 2025 - COPE Alcoy","isPartOf":{"@id":"https:\/\/www.copealcoy.es\/es\/#website"},"primaryImageOfPage":{"@id":"https:\/\/www.copealcoy.es\/es\/proteccion-civil-de-alcoy-destino-cerca-de-6-000-horas-de-servicio-voluntario-en-2025\/#primaryimage"},"image":{"@id":"https:\/\/www.copealcoy.es\/es\/proteccion-civil-de-alcoy-destino-cerca-de-6-000-horas-de-servicio-voluntario-en-2025\/#primaryimage"},"thumbnailUrl":"https:\/\/www.copealcoy.es\/wp-content\/uploads\/2026\/01\/Grup-de-Proteccio-Civil-que-va-collaborar-amb-la-Mitja-Marato-dAlcoi.jpg","datePublished":"2026-01-27T10:00:39+00:00","dateModified":"2026-01-27T18:59:48+00:00","author":{"@id":"https:\/\/www.copealcoy.es\/es\/#\/schema\/person\/e777c87fa024e57d40170af9df39882c"},"description":"Protecci\u00f3n Civil de Alcoy supera las 6.000 horas de servicio voluntario en 2025","breadcrumb":{"@id":"https:\/\/www.copealcoy.es\/es\/proteccion-civil-de-alcoy-destino-cerca-de-6-000-horas-de-servicio-voluntario-en-2025\/#breadcrumb"},"inLanguage":"es","potentialAction":[{"@type":"ReadAction","target":["https:\/\/www.copealcoy.es\/es\/proteccion-civil-de-alcoy-destino-cerca-de-6-000-horas-de-servicio-voluntario-en-2025\/"]}]},{"@type":"ImageObject","inLanguage":"es","@id":"https:\/\/www.copealcoy.es\/es\/proteccion-civil-de-alcoy-destino-cerca-de-6-000-horas-de-servicio-voluntario-en-2025\/#primaryimage","url":"https:\/\/www.copealcoy.es\/wp-content\/uploads\/2026\/01\/Grup-de-Proteccio-Civil-que-va-collaborar-amb-la-Mitja-Marato-dAlcoi.jpg","contentUrl":"https:\/\/www.copealcoy.es\/wp-content\/uploads\/2026\/01\/Grup-de-Proteccio-Civil-que-va-collaborar-amb-la-Mitja-Marato-dAlcoi.jpg","width":2000,"height":900},{"@type":"BreadcrumbList","@id":"https:\/\/www.copealcoy.es\/es\/proteccion-civil-de-alcoy-destino-cerca-de-6-000-horas-de-servicio-voluntario-en-2025\/#breadcrumb","itemListElement":[{"@type":"ListItem","position":1,"name":"Portada","item":"https:\/\/www.copealcoy.es\/es\/"},{"@type":"ListItem","position":2,"name":"Protecci\u00f3n Civil de Alcoy destin\u00f3 cerca de 6.000 horas de servicio voluntario en 2025"}]},{"@type":"WebSite","@id":"https:\/\/www.copealcoy.es\/es\/#website","url":"https:\/\/www.copealcoy.es\/es\/","name":"COPE Alcoy","description":"Emisora COPE de radio local con emisi\u00f3n online. Pont de Sant Jordi 8-10 03803 Alcoy","potentialAction":[{"@type":"SearchAction","target":{"@type":"EntryPoint","urlTemplate":"https:\/\/www.copealcoy.es\/es\/?s={search_term_string}"},"query-input":{"@type":"PropertyValueSpecification","valueRequired":true,"valueName":"search_term_string"}}],"inLanguage":"es"},{"@type":"Person","@id":"https:\/\/www.copealcoy.es\/es\/#\/schema\/person\/e777c87fa024e57d40170af9df39882c","name":"Cope Alcoy","image":{"@type":"ImageObject","inLanguage":"es","@id":"https:\/\/secure.gravatar.com\/avatar\/bb65d0283347e303893ba14f0692005417c1e0e690a325a4c5d8bb2b3943ee14?s=96&d=mm&r=g","url":"https:\/\/secure.gravatar.com\/avatar\/bb65d0283347e303893ba14f0692005417c1e0e690a325a4c5d8bb2b3943ee14?s=96&d=mm&r=g","contentUrl":"https:\/\/secure.gravatar.com\/avatar\/bb65d0283347e303893ba14f0692005417c1e0e690a325a4c5d8bb2b3943ee14?s=96&d=mm&r=g","caption":"Cope Alcoy"}}]}},"_links":{"self":[{"href":"https:\/\/www.copealcoy.es\/es\/wp-json\/wp\/v2\/posts\/162914","targetHints":{"allow":["GET"]}}],"collection":[{"href":"https:\/\/www.copealcoy.es\/es\/wp-json\/wp\/v2\/posts"}],"about":[{"href":"https:\/\/www.copealcoy.es\/es\/wp-json\/wp\/v2\/types\/post"}],"author":[{"embeddable":true,"href":"https:\/\/www.copealcoy.es\/es\/wp-json\/wp\/v2\/users\/1"}],"replies":[{"embeddable":true,"href":"https:\/\/www.copealcoy.es\/es\/wp-json\/wp\/v2\/comments?post=162914"}],"version-history":[{"count":2,"href":"https:\/\/www.copealcoy.es\/es\/wp-json\/wp\/v2\/posts\/162914\/revisions"}],"predecessor-version":[{"id":162954,"href":"https:\/\/www.copealcoy.es\/es\/wp-json\/wp\/v2\/posts\/162914\/revisions\/162954"}],"wp:featuredmedia":[{"embeddable":true,"href":"https:\/\/www.copealcoy.es\/es\/wp-json\/wp\/v2\/media\/162915"}],"wp:attachment":[{"href":"https:\/\/www.copealcoy.es\/es\/wp-json\/wp\/v2\/media?parent=162914"}],"wp:term":[{"taxonomy":"category","embeddable":true,"href":"https:\/\/www.copealcoy.es\/es\/wp-json\/wp\/v2\/categories?post=162914"},{"taxonomy":"post_tag","embeddable":true,"href":"https:\/\/www.copealcoy.es\/es\/wp-json\/wp\/v2\/tags?post=162914"}],"curies":[{"name":"wp","href":"https:\/\/api.w.org\/{rel}","templated":true}]}}