{"id":162903,"date":"2026-01-26T07:45:35","date_gmt":"2026-01-26T06:45:35","guid":{"rendered":"https:\/\/www.copealcoy.es\/?p=162903"},"modified":"2026-01-26T17:17:35","modified_gmt":"2026-01-26T16:17:35","slug":"un-incendio-arrasa-una-nave-industrial-de-ibi","status":"publish","type":"post","link":"https:\/\/www.copealcoy.es\/es\/un-incendio-arrasa-una-nave-industrial-de-ibi\/","title":{"rendered":"Un incendio arrasa una nave industrial de Ibi"},"content":{"rendered":"<p style=\"text-align: justify;\" data-start=\"120\" data-end=\"365\">Un <strong data-start=\"123\" data-end=\"144\">virulento incendio<\/strong> sacudi\u00f3 el municipio de <strong data-start=\"169\" data-end=\"176\">Ibi<\/strong> durante la <strong data-start=\"188\" data-end=\"220\">madrugada del pasado viernes<\/strong>. Sobre las dos de la madrugada se declar\u00f3 el fuego, que devor\u00f3 una <strong data-start=\"288\" data-end=\"307\">nave industrial<\/strong> dedicada al <strong data-start=\"320\" data-end=\"362\">almacenamiento y reciclaje de chatarra<\/strong>.<\/p>\n<p style=\"text-align: justify;\" data-start=\"367\" data-end=\"612\">La nave afectada se encuentra situada en la <strong data-start=\"404\" data-end=\"422\">avenida Azor\u00edn<\/strong>, dentro del <strong data-start=\"435\" data-end=\"465\">pol\u00edgono industrial de Ibi<\/strong>, y las llamas, visibles a gran distancia, junto con una intensa columna de humo, activaron de inmediato un amplio <strong data-start=\"580\" data-end=\"609\">dispositivo de emergencia<\/strong>. Los efectivos del <a href=\"https:\/\/consorciobomberosalicante.es\/\" target=\"_blank\" rel=\"noopener\"><span style=\"color: #0000ff;\"><strong data-start=\"632\" data-end=\"686\">Consorcio de Bomberos de la Diputaci\u00f3n de Alicante<\/strong><\/span><\/a> se desplazaron hasta la nave incendiada, donde encontraron el fuego ya extendido en el interior. Las llamas afectaron una gran superficie y tambi\u00e9n enseres situados en el exterior, con riesgo de propagaci\u00f3n tanto a instalaciones colindantes como a zonas de vegetaci\u00f3n pr\u00f3ximas.<\/p>\n<p style=\"text-align: justify;\" data-start=\"968\" data-end=\"1163\">Gracias a la r\u00e1pida actuaci\u00f3n de los <strong data-start=\"1005\" data-end=\"1017\">bomberos<\/strong>, que controlaron la situaci\u00f3n sobre las <strong data-start=\"1058\" data-end=\"1107\">2:52 horas de la madrugada del pasado viernes<\/strong>, se evit\u00f3 que el incendio se propagara a otras naves. El operativo desplegado cont\u00f3 con <strong data-start=\"1199\" data-end=\"1302\">unidades de mando, bombas urbanas y rurales pesadas, nodrizas y un furg\u00f3n de transporte de personal<\/strong>, adem\u00e1s de un importante contingente humano procedente de los parques de <strong data-start=\"1376\" data-end=\"1383\">Ibi<\/strong> y <strong data-start=\"1386\" data-end=\"1400\">Cocentaina<\/strong>. Tambi\u00e9n intervinieron suboficiales, sargentos, cabos y una decena de bomberos.<\/p>\n","protected":false},"excerpt":{"rendered":"<p>Un virulento incendio sacudi\u00f3 el municipio de Ibi durante la madrugada del pasado viernes. Sobre las dos de la madrugada&#8230;<\/p>\n","protected":false},"author":1,"featured_media":162904,"comment_status":"closed","ping_status":"closed","sticky":false,"template":"","format":"standard","meta":{"footnotes":""},"categories":[6909,98,75],"tags":[12422,474,612,9511],"class_list":["post-162903","post","type-post","status-publish","format-standard","has-post-thumbnail","hentry","category-actualidad","category-comarcas","category-noticias","tag-consorcio-provincial-de-bomberos","tag-ibi","tag-incendio","tag-nave-industrial"],"yoast_head":"<!-- This site is optimized with the Yoast SEO plugin v27.3 - https:\/\/yoast.com\/product\/yoast-seo-wordpress\/ -->\n<title>Un incendio arrasa una nave industrial de Ibi - COPE Alcoy<\/title>\n<meta name=\"description\" content=\"Un incendio calcina una nave industrial de Ibi\" \/>\n<meta name=\"robots\" content=\"index, follow, max-snippet:-1, max-image-preview:large, max-video-preview:-1\" \/>\n<link rel=\"canonical\" href=\"https:\/\/www.copealcoy.es\/es\/un-incendio-arrasa-una-nave-industrial-de-ibi\/\" \/>\n<meta property=\"og:locale\" content=\"es_ES\" \/>\n<meta property=\"og:type\" content=\"article\" \/>\n<meta property=\"og:title\" content=\"Un incendio arrasa una nave industrial de Ibi - COPE Alcoy\" \/>\n<meta property=\"og:description\" content=\"Un incendio calcina una nave industrial de Ibi\" \/>\n<meta property=\"og:url\" content=\"https:\/\/www.copealcoy.es\/es\/un-incendio-arrasa-una-nave-industrial-de-ibi\/\" \/>\n<meta property=\"og:site_name\" content=\"COPE Alcoy\" \/>\n<meta property=\"article:published_time\" content=\"2026-01-26T06:45:35+00:00\" \/>\n<meta property=\"article:modified_time\" content=\"2026-01-26T16:17:35+00:00\" \/>\n<meta property=\"og:image\" content=\"https:\/\/www.copealcoy.es\/wp-content\/uploads\/2026\/01\/newspaint-1769160684796-1200x840-kp3E-U202951516360p-650x455@TodoAlicante-TodoAlicante-e1769442662493.webp\" \/>\n\t<meta property=\"og:image:width\" content=\"650\" \/>\n\t<meta property=\"og:image:height\" content=\"336\" \/>\n\t<meta property=\"og:image:type\" content=\"image\/webp\" \/>\n<meta name=\"author\" content=\"Cope Alcoy\" \/>\n<meta name=\"twitter:label1\" content=\"Escrito por\" \/>\n\t<meta name=\"twitter:data1\" content=\"Cope Alcoy\" \/>\n\t<meta name=\"twitter:label2\" content=\"Tiempo de lectura\" \/>\n\t<meta name=\"twitter:data2\" content=\"2 minutos\" \/>\n<script type=\"application\/ld+json\" class=\"yoast-schema-graph\">{\"@context\":\"https:\\\/\\\/schema.org\",\"@graph\":[{\"@type\":\"Article\",\"@id\":\"https:\\\/\\\/www.copealcoy.es\\\/es\\\/un-incendio-arrasa-una-nave-industrial-de-ibi\\\/#article\",\"isPartOf\":{\"@id\":\"https:\\\/\\\/www.copealcoy.es\\\/es\\\/un-incendio-arrasa-una-nave-industrial-de-ibi\\\/\"},\"author\":{\"name\":\"Cope Alcoy\",\"@id\":\"https:\\\/\\\/www.copealcoy.es\\\/es\\\/#\\\/schema\\\/person\\\/e777c87fa024e57d40170af9df39882c\"},\"headline\":\"Un incendio arrasa una nave industrial de Ibi\",\"datePublished\":\"2026-01-26T06:45:35+00:00\",\"dateModified\":\"2026-01-26T16:17:35+00:00\",\"mainEntityOfPage\":{\"@id\":\"https:\\\/\\\/www.copealcoy.es\\\/es\\\/un-incendio-arrasa-una-nave-industrial-de-ibi\\\/\"},\"wordCount\":224,\"image\":{\"@id\":\"https:\\\/\\\/www.copealcoy.es\\\/es\\\/un-incendio-arrasa-una-nave-industrial-de-ibi\\\/#primaryimage\"},\"thumbnailUrl\":\"https:\\\/\\\/www.copealcoy.es\\\/wp-content\\\/uploads\\\/2026\\\/01\\\/newspaint-1769160684796-1200x840-kp3E-U202951516360p-650x455@TodoAlicante-TodoAlicante-e1769442662493.webp\",\"keywords\":[\"Consorcio Provincial de Bomberos\",\"Ibi\",\"Incendio\",\"nave industrial\"],\"articleSection\":[\"Actualidad\",\"Comarcas\",\"Noticias\"],\"inLanguage\":\"es\"},{\"@type\":\"WebPage\",\"@id\":\"https:\\\/\\\/www.copealcoy.es\\\/es\\\/un-incendio-arrasa-una-nave-industrial-de-ibi\\\/\",\"url\":\"https:\\\/\\\/www.copealcoy.es\\\/es\\\/un-incendio-arrasa-una-nave-industrial-de-ibi\\\/\",\"name\":\"Un incendio arrasa una nave industrial de Ibi - COPE Alcoy\",\"isPartOf\":{\"@id\":\"https:\\\/\\\/www.copealcoy.es\\\/es\\\/#website\"},\"primaryImageOfPage\":{\"@id\":\"https:\\\/\\\/www.copealcoy.es\\\/es\\\/un-incendio-arrasa-una-nave-industrial-de-ibi\\\/#primaryimage\"},\"image\":{\"@id\":\"https:\\\/\\\/www.copealcoy.es\\\/es\\\/un-incendio-arrasa-una-nave-industrial-de-ibi\\\/#primaryimage\"},\"thumbnailUrl\":\"https:\\\/\\\/www.copealcoy.es\\\/wp-content\\\/uploads\\\/2026\\\/01\\\/newspaint-1769160684796-1200x840-kp3E-U202951516360p-650x455@TodoAlicante-TodoAlicante-e1769442662493.webp\",\"datePublished\":\"2026-01-26T06:45:35+00:00\",\"dateModified\":\"2026-01-26T16:17:35+00:00\",\"author\":{\"@id\":\"https:\\\/\\\/www.copealcoy.es\\\/es\\\/#\\\/schema\\\/person\\\/e777c87fa024e57d40170af9df39882c\"},\"description\":\"Un incendio calcina una nave industrial de Ibi\",\"breadcrumb\":{\"@id\":\"https:\\\/\\\/www.copealcoy.es\\\/es\\\/un-incendio-arrasa-una-nave-industrial-de-ibi\\\/#breadcrumb\"},\"inLanguage\":\"es\",\"potentialAction\":[{\"@type\":\"ReadAction\",\"target\":[\"https:\\\/\\\/www.copealcoy.es\\\/es\\\/un-incendio-arrasa-una-nave-industrial-de-ibi\\\/\"]}]},{\"@type\":\"ImageObject\",\"inLanguage\":\"es\",\"@id\":\"https:\\\/\\\/www.copealcoy.es\\\/es\\\/un-incendio-arrasa-una-nave-industrial-de-ibi\\\/#primaryimage\",\"url\":\"https:\\\/\\\/www.copealcoy.es\\\/wp-content\\\/uploads\\\/2026\\\/01\\\/newspaint-1769160684796-1200x840-kp3E-U202951516360p-650x455@TodoAlicante-TodoAlicante-e1769442662493.webp\",\"contentUrl\":\"https:\\\/\\\/www.copealcoy.es\\\/wp-content\\\/uploads\\\/2026\\\/01\\\/newspaint-1769160684796-1200x840-kp3E-U202951516360p-650x455@TodoAlicante-TodoAlicante-e1769442662493.webp\",\"width\":650,\"height\":336},{\"@type\":\"BreadcrumbList\",\"@id\":\"https:\\\/\\\/www.copealcoy.es\\\/es\\\/un-incendio-arrasa-una-nave-industrial-de-ibi\\\/#breadcrumb\",\"itemListElement\":[{\"@type\":\"ListItem\",\"position\":1,\"name\":\"Portada\",\"item\":\"https:\\\/\\\/www.copealcoy.es\\\/es\\\/\"},{\"@type\":\"ListItem\",\"position\":2,\"name\":\"Un incendio arrasa una nave industrial de Ibi\"}]},{\"@type\":\"WebSite\",\"@id\":\"https:\\\/\\\/www.copealcoy.es\\\/es\\\/#website\",\"url\":\"https:\\\/\\\/www.copealcoy.es\\\/es\\\/\",\"name\":\"COPE Alcoy\",\"description\":\"Emisora COPE de radio local con emisi\u00f3n online. Pont de Sant Jordi 8-10 03803 Alcoy\",\"potentialAction\":[{\"@type\":\"SearchAction\",\"target\":{\"@type\":\"EntryPoint\",\"urlTemplate\":\"https:\\\/\\\/www.copealcoy.es\\\/es\\\/?s={search_term_string}\"},\"query-input\":{\"@type\":\"PropertyValueSpecification\",\"valueRequired\":true,\"valueName\":\"search_term_string\"}}],\"inLanguage\":\"es\"},{\"@type\":\"Person\",\"@id\":\"https:\\\/\\\/www.copealcoy.es\\\/es\\\/#\\\/schema\\\/person\\\/e777c87fa024e57d40170af9df39882c\",\"name\":\"Cope Alcoy\",\"image\":{\"@type\":\"ImageObject\",\"inLanguage\":\"es\",\"@id\":\"https:\\\/\\\/secure.gravatar.com\\\/avatar\\\/bb65d0283347e303893ba14f0692005417c1e0e690a325a4c5d8bb2b3943ee14?s=96&d=mm&r=g\",\"url\":\"https:\\\/\\\/secure.gravatar.com\\\/avatar\\\/bb65d0283347e303893ba14f0692005417c1e0e690a325a4c5d8bb2b3943ee14?s=96&d=mm&r=g\",\"contentUrl\":\"https:\\\/\\\/secure.gravatar.com\\\/avatar\\\/bb65d0283347e303893ba14f0692005417c1e0e690a325a4c5d8bb2b3943ee14?s=96&d=mm&r=g\",\"caption\":\"Cope Alcoy\"}}]}<\/script>\n<!-- \/ Yoast SEO plugin. -->","yoast_head_json":{"title":"Un incendio arrasa una nave industrial de Ibi - COPE Alcoy","description":"Un incendio calcina una nave industrial de Ibi","robots":{"index":"index","follow":"follow","max-snippet":"max-snippet:-1","max-image-preview":"max-image-preview:large","max-video-preview":"max-video-preview:-1"},"canonical":"https:\/\/www.copealcoy.es\/es\/un-incendio-arrasa-una-nave-industrial-de-ibi\/","og_locale":"es_ES","og_type":"article","og_title":"Un incendio arrasa una nave industrial de Ibi - COPE Alcoy","og_description":"Un incendio calcina una nave industrial de Ibi","og_url":"https:\/\/www.copealcoy.es\/es\/un-incendio-arrasa-una-nave-industrial-de-ibi\/","og_site_name":"COPE Alcoy","article_published_time":"2026-01-26T06:45:35+00:00","article_modified_time":"2026-01-26T16:17:35+00:00","og_image":[{"width":650,"height":336,"url":"https:\/\/www.copealcoy.es\/wp-content\/uploads\/2026\/01\/newspaint-1769160684796-1200x840-kp3E-U202951516360p-650x455@TodoAlicante-TodoAlicante-e1769442662493.webp","type":"image\/webp"}],"author":"Cope Alcoy","twitter_misc":{"Escrito por":"Cope Alcoy","Tiempo de lectura":"2 minutos"},"schema":{"@context":"https:\/\/schema.org","@graph":[{"@type":"Article","@id":"https:\/\/www.copealcoy.es\/es\/un-incendio-arrasa-una-nave-industrial-de-ibi\/#article","isPartOf":{"@id":"https:\/\/www.copealcoy.es\/es\/un-incendio-arrasa-una-nave-industrial-de-ibi\/"},"author":{"name":"Cope Alcoy","@id":"https:\/\/www.copealcoy.es\/es\/#\/schema\/person\/e777c87fa024e57d40170af9df39882c"},"headline":"Un incendio arrasa una nave industrial de Ibi","datePublished":"2026-01-26T06:45:35+00:00","dateModified":"2026-01-26T16:17:35+00:00","mainEntityOfPage":{"@id":"https:\/\/www.copealcoy.es\/es\/un-incendio-arrasa-una-nave-industrial-de-ibi\/"},"wordCount":224,"image":{"@id":"https:\/\/www.copealcoy.es\/es\/un-incendio-arrasa-una-nave-industrial-de-ibi\/#primaryimage"},"thumbnailUrl":"https:\/\/www.copealcoy.es\/wp-content\/uploads\/2026\/01\/newspaint-1769160684796-1200x840-kp3E-U202951516360p-650x455@TodoAlicante-TodoAlicante-e1769442662493.webp","keywords":["Consorcio Provincial de Bomberos","Ibi","Incendio","nave industrial"],"articleSection":["Actualidad","Comarcas","Noticias"],"inLanguage":"es"},{"@type":"WebPage","@id":"https:\/\/www.copealcoy.es\/es\/un-incendio-arrasa-una-nave-industrial-de-ibi\/","url":"https:\/\/www.copealcoy.es\/es\/un-incendio-arrasa-una-nave-industrial-de-ibi\/","name":"Un incendio arrasa una nave industrial de Ibi - COPE Alcoy","isPartOf":{"@id":"https:\/\/www.copealcoy.es\/es\/#website"},"primaryImageOfPage":{"@id":"https:\/\/www.copealcoy.es\/es\/un-incendio-arrasa-una-nave-industrial-de-ibi\/#primaryimage"},"image":{"@id":"https:\/\/www.copealcoy.es\/es\/un-incendio-arrasa-una-nave-industrial-de-ibi\/#primaryimage"},"thumbnailUrl":"https:\/\/www.copealcoy.es\/wp-content\/uploads\/2026\/01\/newspaint-1769160684796-1200x840-kp3E-U202951516360p-650x455@TodoAlicante-TodoAlicante-e1769442662493.webp","datePublished":"2026-01-26T06:45:35+00:00","dateModified":"2026-01-26T16:17:35+00:00","author":{"@id":"https:\/\/www.copealcoy.es\/es\/#\/schema\/person\/e777c87fa024e57d40170af9df39882c"},"description":"Un incendio calcina una nave industrial de Ibi","breadcrumb":{"@id":"https:\/\/www.copealcoy.es\/es\/un-incendio-arrasa-una-nave-industrial-de-ibi\/#breadcrumb"},"inLanguage":"es","potentialAction":[{"@type":"ReadAction","target":["https:\/\/www.copealcoy.es\/es\/un-incendio-arrasa-una-nave-industrial-de-ibi\/"]}]},{"@type":"ImageObject","inLanguage":"es","@id":"https:\/\/www.copealcoy.es\/es\/un-incendio-arrasa-una-nave-industrial-de-ibi\/#primaryimage","url":"https:\/\/www.copealcoy.es\/wp-content\/uploads\/2026\/01\/newspaint-1769160684796-1200x840-kp3E-U202951516360p-650x455@TodoAlicante-TodoAlicante-e1769442662493.webp","contentUrl":"https:\/\/www.copealcoy.es\/wp-content\/uploads\/2026\/01\/newspaint-1769160684796-1200x840-kp3E-U202951516360p-650x455@TodoAlicante-TodoAlicante-e1769442662493.webp","width":650,"height":336},{"@type":"BreadcrumbList","@id":"https:\/\/www.copealcoy.es\/es\/un-incendio-arrasa-una-nave-industrial-de-ibi\/#breadcrumb","itemListElement":[{"@type":"ListItem","position":1,"name":"Portada","item":"https:\/\/www.copealcoy.es\/es\/"},{"@type":"ListItem","position":2,"name":"Un incendio arrasa una nave industrial de Ibi"}]},{"@type":"WebSite","@id":"https:\/\/www.copealcoy.es\/es\/#website","url":"https:\/\/www.copealcoy.es\/es\/","name":"COPE Alcoy","description":"Emisora COPE de radio local con emisi\u00f3n online. Pont de Sant Jordi 8-10 03803 Alcoy","potentialAction":[{"@type":"SearchAction","target":{"@type":"EntryPoint","urlTemplate":"https:\/\/www.copealcoy.es\/es\/?s={search_term_string}"},"query-input":{"@type":"PropertyValueSpecification","valueRequired":true,"valueName":"search_term_string"}}],"inLanguage":"es"},{"@type":"Person","@id":"https:\/\/www.copealcoy.es\/es\/#\/schema\/person\/e777c87fa024e57d40170af9df39882c","name":"Cope Alcoy","image":{"@type":"ImageObject","inLanguage":"es","@id":"https:\/\/secure.gravatar.com\/avatar\/bb65d0283347e303893ba14f0692005417c1e0e690a325a4c5d8bb2b3943ee14?s=96&d=mm&r=g","url":"https:\/\/secure.gravatar.com\/avatar\/bb65d0283347e303893ba14f0692005417c1e0e690a325a4c5d8bb2b3943ee14?s=96&d=mm&r=g","contentUrl":"https:\/\/secure.gravatar.com\/avatar\/bb65d0283347e303893ba14f0692005417c1e0e690a325a4c5d8bb2b3943ee14?s=96&d=mm&r=g","caption":"Cope Alcoy"}}]}},"_links":{"self":[{"href":"https:\/\/www.copealcoy.es\/es\/wp-json\/wp\/v2\/posts\/162903","targetHints":{"allow":["GET"]}}],"collection":[{"href":"https:\/\/www.copealcoy.es\/es\/wp-json\/wp\/v2\/posts"}],"about":[{"href":"https:\/\/www.copealcoy.es\/es\/wp-json\/wp\/v2\/types\/post"}],"author":[{"embeddable":true,"href":"https:\/\/www.copealcoy.es\/es\/wp-json\/wp\/v2\/users\/1"}],"replies":[{"embeddable":true,"href":"https:\/\/www.copealcoy.es\/es\/wp-json\/wp\/v2\/comments?post=162903"}],"version-history":[{"count":3,"href":"https:\/\/www.copealcoy.es\/es\/wp-json\/wp\/v2\/posts\/162903\/revisions"}],"predecessor-version":[{"id":162911,"href":"https:\/\/www.copealcoy.es\/es\/wp-json\/wp\/v2\/posts\/162903\/revisions\/162911"}],"wp:featuredmedia":[{"embeddable":true,"href":"https:\/\/www.copealcoy.es\/es\/wp-json\/wp\/v2\/media\/162904"}],"wp:attachment":[{"href":"https:\/\/www.copealcoy.es\/es\/wp-json\/wp\/v2\/media?parent=162903"}],"wp:term":[{"taxonomy":"category","embeddable":true,"href":"https:\/\/www.copealcoy.es\/es\/wp-json\/wp\/v2\/categories?post=162903"},{"taxonomy":"post_tag","embeddable":true,"href":"https:\/\/www.copealcoy.es\/es\/wp-json\/wp\/v2\/tags?post=162903"}],"curies":[{"name":"wp","href":"https:\/\/api.w.org\/{rel}","templated":true}]}}