{"id":162885,"date":"2026-01-26T07:30:55","date_gmt":"2026-01-26T06:30:55","guid":{"rendered":"https:\/\/www.copealcoy.es\/?p=162885"},"modified":"2026-01-26T16:10:45","modified_gmt":"2026-01-26T15:10:45","slug":"informativo-matinal-lunes-26-de-enero-2026-0750h","status":"publish","type":"post","link":"https:\/\/www.copealcoy.es\/es\/informativo-matinal-lunes-26-de-enero-2026-0750h\/","title":{"rendered":"Informativo matinal lunes 26 de enero 2026 (07:50h)"},"content":{"rendered":"<p><iframe loading=\"lazy\" title=\"Informativo Matinal Lunes 26 De Enero 2026 (07:50h)\" width=\"100%\" height=\"120\" src=\"https:\/\/www.mixcloud.com\/widget\/iframe\/?feed=https%3A%2F%2Fwww.mixcloud.com%2FCOPEAlcoy%2Finformativo-matinal-lunes-26-de-enero-2026-0750h%2F&amp;hide_cover=1\" frameborder=\"0\" allow=\"encrypted-media; fullscreen; autoplay; idle-detection; speaker-selection; web-share;\"><\/iframe><\/p>\n<p style=\"text-align: justify;\">Hoy lunes hemos comenzado la semana recordando que <strong>Alcoy vivi\u00f3 ayer el d\u00eda grande de las celebraciones en honor al Jesuset del Miracle<\/strong>. Tambi\u00e9n hemos destacado que <strong>el pasado viernes se present\u00f3 en FITUR el A\u00f1o Jubilar concedido por la Santa Sede a Alcoy para conmemorar el 750 aniversario del patronazgo de San Jorge<\/strong>.<\/p>\n<p style=\"text-align: justify;\" data-start=\"138\" data-end=\"675\">La <a href=\"https:\/\/www.ifema.es\/fitur\" target=\"_blank\" rel=\"noopener\"><span style=\"color: #0000ff;\"><strong data-start=\"141\" data-end=\"184\">Feria Internacional del Turismo (FITUR)<\/strong> <\/span><\/a>fue el escenario, el <strong data-start=\"206\" data-end=\"236\">pasado viernes 23 de enero<\/strong>, de la presentaci\u00f3n del <strong data-start=\"261\" data-end=\"276\">A\u00f1o Jubilar<\/strong> concedido por la <strong data-start=\"294\" data-end=\"308\">Santa Sede<\/strong> a <strong data-start=\"311\" data-end=\"320\">Alcoy<\/strong> para conmemorar el 750 aniversario del patronazgo de <strong data-start=\"374\" data-end=\"387\">San Jorge<\/strong>. El acto tuvo lugar en la plaza central del <strong data-start=\"432\" data-end=\"468\">stand de la Comunitat Valenciana<\/strong> y estuvo presidido por el <strong data-start=\"495\" data-end=\"550\">presidente de la Diputaci\u00f3n de Alicante, Toni P\u00e9rez<\/strong>, acompa\u00f1ado de una notable representaci\u00f3n institucional tanto del <strong data-start=\"617\" data-end=\"633\">Ayuntamiento<\/strong> como de la <strong data-start=\"645\" data-end=\"672\">Asociaci\u00f3n de San Jorge<\/strong>.<\/p>\n<p style=\"text-align: justify;\" data-start=\"677\" data-end=\"1725\">Durante la presentaci\u00f3n, se destac\u00f3 que el <strong data-start=\"720\" data-end=\"735\">A\u00f1o Jubilar<\/strong> constitu\u00eda una importante oportunidad para <strong data-start=\"779\" data-end=\"788\">Alcoy<\/strong>, as\u00ed como para sus <strong data-start=\"808\" data-end=\"841\">Fiestas de Moros y Cristianos<\/strong>, y se recordaron algunas de las actividades previstas para los pr\u00f3ximos meses. Este tiempo de gracia arrancar\u00eda el 23 de abril de ese a\u00f1o, festividad de <strong data-start=\"995\" data-end=\"1008\">San Jorge<\/strong>, y se prolongar\u00eda hasta la misma fecha del a\u00f1o siguiente, incluyendo <strong data-start=\"1078\" data-end=\"1097\">peregrinaciones<\/strong> a la iglesia del patr\u00f3n para la obtenci\u00f3n de la <strong data-start=\"1146\" data-end=\"1170\">indulgencia plenaria<\/strong>, actividades <strong data-start=\"1184\" data-end=\"1198\">culturales<\/strong>, actos <strong data-start=\"1206\" data-end=\"1220\">religiosos<\/strong> e iniciativas <strong data-start=\"1235\" data-end=\"1249\">tur\u00edsticas<\/strong> como rutas. Tambi\u00e9n se preve\u00edan <strong data-start=\"1282\" data-end=\"1326\">propuestas de car\u00e1cter social y ben\u00e9fico<\/strong>, sin dejar de lado la visita de <strong data-start=\"1359\" data-end=\"1372\">San Jorge<\/strong> a las <strong data-start=\"1379\" data-end=\"1406\">parroquias de la ciudad<\/strong>, los <strong data-start=\"1412\" data-end=\"1445\">centros de mayores y colegios<\/strong>, el <strong data-start=\"1450\" data-end=\"1483\">Hospital Virgen de los Lirios<\/strong> o el <strong data-start=\"1489\" data-end=\"1513\">Cementerio Municipal<\/strong>. El <strong data-start=\"1518\" data-end=\"1530\">logotipo<\/strong> de la conmemoraci\u00f3n presidi\u00f3 el acto y se proyect\u00f3 un <strong data-start=\"1585\" data-end=\"1594\">v\u00eddeo<\/strong> que reflejaba los valores de la <strong data-start=\"1627\" data-end=\"1643\">Nostra Festa<\/strong> y la figura del patr\u00f3n, elaborado por <strong data-start=\"1682\" data-end=\"1700\">Jorge Hinojosa<\/strong> y <strong data-start=\"1703\" data-end=\"1722\">Conticino Films<\/strong>.<\/p>\n<p style=\"text-align: justify;\" data-start=\"1727\" data-end=\"2278\">El inicio del <strong data-start=\"1741\" data-end=\"1756\">A\u00f1o Jubilar<\/strong> dedicado a <strong data-start=\"1768\" data-end=\"1781\">San Jorge<\/strong> cont\u00f3 tambi\u00e9n con la presencia del <strong data-start=\"1817\" data-end=\"1840\">diputado provincial<\/strong> y portavoz del <strong data-start=\"1856\" data-end=\"1862\">PP<\/strong> en el <strong data-start=\"1869\" data-end=\"1909\">Ayuntamiento de Alcoy, Carlos Pastor<\/strong>, junto con el <strong data-start=\"1924\" data-end=\"1948\">alcalde Toni Franc\u00e9s<\/strong>, el <strong data-start=\"1953\" data-end=\"1983\">vicealcalde \u00c0lex Cerradelo<\/strong> y la <strong data-start=\"1989\" data-end=\"2025\">edil de Turismo, Lorena Zamorano<\/strong>. Tambi\u00e9n asistieron <strong data-start=\"2046\" data-end=\"2066\">Francisco Garc\u00eda<\/strong> (presidente de la Asociaci\u00f3n de San Jorge), <strong data-start=\"2111\" data-end=\"2129\">Carmina N\u00e1cher<\/strong> (directora del MAF), <strong data-start=\"2151\" data-end=\"2169\">S\u00edlvia Sempere<\/strong> (coordinadora de la creaci\u00f3n del logotipo del aniversario) y <strong data-start=\"2231\" data-end=\"2252\">Don Jes\u00fas Fuentes<\/strong> (vicario de San Jorge).<\/p>\n<p>&nbsp;<\/p>\n","protected":false},"excerpt":{"rendered":"<p>Hoy lunes hemos comenzado la semana recordando que Alcoy vivi\u00f3 ayer el d\u00eda grande de las celebraciones en honor al&#8230;<\/p>\n","protected":false},"author":1,"featured_media":147669,"comment_status":"closed","ping_status":"closed","sticky":false,"template":"","format":"standard","meta":{"footnotes":""},"categories":[6909,89,91,75],"tags":[],"class_list":["post-162885","post","type-post","status-publish","format-standard","has-post-thumbnail","hentry","category-actualidad","category-audiosdelosprogramas","category-informativos","category-noticias"],"yoast_head":"<!-- This site is optimized with the Yoast SEO plugin v27.3 - https:\/\/yoast.com\/product\/yoast-seo-wordpress\/ -->\n<title>Informativo matinal lunes 26 de enero 2026 (07:50h) - COPE Alcoy<\/title>\n<meta name=\"robots\" content=\"index, follow, max-snippet:-1, max-image-preview:large, max-video-preview:-1\" \/>\n<link rel=\"canonical\" href=\"https:\/\/www.copealcoy.es\/es\/informativo-matinal-lunes-26-de-enero-2026-0750h\/\" \/>\n<meta property=\"og:locale\" content=\"es_ES\" \/>\n<meta property=\"og:type\" content=\"article\" \/>\n<meta property=\"og:title\" content=\"Informativo matinal lunes 26 de enero 2026 (07:50h) - COPE Alcoy\" \/>\n<meta property=\"og:description\" content=\"Hoy lunes hemos comenzado la semana recordando que Alcoy vivi\u00f3 ayer el d\u00eda grande de las celebraciones en honor al...\" \/>\n<meta property=\"og:url\" content=\"https:\/\/www.copealcoy.es\/es\/informativo-matinal-lunes-26-de-enero-2026-0750h\/\" \/>\n<meta property=\"og:site_name\" content=\"COPE Alcoy\" \/>\n<meta property=\"article:published_time\" content=\"2026-01-26T06:30:55+00:00\" \/>\n<meta property=\"article:modified_time\" content=\"2026-01-26T15:10:45+00:00\" \/>\n<meta property=\"og:image\" content=\"https:\/\/www.copealcoy.es\/wp-content\/uploads\/2025\/02\/Informativo-Matinal-Castellano.png\" \/>\n\t<meta property=\"og:image:width\" content=\"357\" \/>\n\t<meta property=\"og:image:height\" content=\"290\" \/>\n\t<meta property=\"og:image:type\" content=\"image\/png\" \/>\n<meta name=\"author\" content=\"Cope Alcoy\" \/>\n<meta name=\"twitter:label1\" content=\"Escrito por\" \/>\n\t<meta name=\"twitter:data1\" content=\"Cope Alcoy\" \/>\n\t<meta name=\"twitter:label2\" content=\"Tiempo de lectura\" \/>\n\t<meta name=\"twitter:data2\" content=\"3 minutos\" \/>\n<script type=\"application\/ld+json\" class=\"yoast-schema-graph\">{\"@context\":\"https:\\\/\\\/schema.org\",\"@graph\":[{\"@type\":\"Article\",\"@id\":\"https:\\\/\\\/www.copealcoy.es\\\/es\\\/informativo-matinal-lunes-26-de-enero-2026-0750h\\\/#article\",\"isPartOf\":{\"@id\":\"https:\\\/\\\/www.copealcoy.es\\\/es\\\/informativo-matinal-lunes-26-de-enero-2026-0750h\\\/\"},\"author\":{\"name\":\"Cope Alcoy\",\"@id\":\"https:\\\/\\\/www.copealcoy.es\\\/es\\\/#\\\/schema\\\/person\\\/e777c87fa024e57d40170af9df39882c\"},\"headline\":\"Informativo matinal lunes 26 de enero 2026 (07:50h)\",\"datePublished\":\"2026-01-26T06:30:55+00:00\",\"dateModified\":\"2026-01-26T15:10:45+00:00\",\"mainEntityOfPage\":{\"@id\":\"https:\\\/\\\/www.copealcoy.es\\\/es\\\/informativo-matinal-lunes-26-de-enero-2026-0750h\\\/\"},\"wordCount\":422,\"image\":{\"@id\":\"https:\\\/\\\/www.copealcoy.es\\\/es\\\/informativo-matinal-lunes-26-de-enero-2026-0750h\\\/#primaryimage\"},\"thumbnailUrl\":\"https:\\\/\\\/www.copealcoy.es\\\/wp-content\\\/uploads\\\/2025\\\/02\\\/Informativo-Matinal-Castellano.png\",\"articleSection\":[\"Actualidad\",\"Audios de los programas\",\"Informativos\",\"Noticias\"],\"inLanguage\":\"es\"},{\"@type\":\"WebPage\",\"@id\":\"https:\\\/\\\/www.copealcoy.es\\\/es\\\/informativo-matinal-lunes-26-de-enero-2026-0750h\\\/\",\"url\":\"https:\\\/\\\/www.copealcoy.es\\\/es\\\/informativo-matinal-lunes-26-de-enero-2026-0750h\\\/\",\"name\":\"Informativo matinal lunes 26 de enero 2026 (07:50h) - COPE Alcoy\",\"isPartOf\":{\"@id\":\"https:\\\/\\\/www.copealcoy.es\\\/es\\\/#website\"},\"primaryImageOfPage\":{\"@id\":\"https:\\\/\\\/www.copealcoy.es\\\/es\\\/informativo-matinal-lunes-26-de-enero-2026-0750h\\\/#primaryimage\"},\"image\":{\"@id\":\"https:\\\/\\\/www.copealcoy.es\\\/es\\\/informativo-matinal-lunes-26-de-enero-2026-0750h\\\/#primaryimage\"},\"thumbnailUrl\":\"https:\\\/\\\/www.copealcoy.es\\\/wp-content\\\/uploads\\\/2025\\\/02\\\/Informativo-Matinal-Castellano.png\",\"datePublished\":\"2026-01-26T06:30:55+00:00\",\"dateModified\":\"2026-01-26T15:10:45+00:00\",\"author\":{\"@id\":\"https:\\\/\\\/www.copealcoy.es\\\/es\\\/#\\\/schema\\\/person\\\/e777c87fa024e57d40170af9df39882c\"},\"breadcrumb\":{\"@id\":\"https:\\\/\\\/www.copealcoy.es\\\/es\\\/informativo-matinal-lunes-26-de-enero-2026-0750h\\\/#breadcrumb\"},\"inLanguage\":\"es\",\"potentialAction\":[{\"@type\":\"ReadAction\",\"target\":[\"https:\\\/\\\/www.copealcoy.es\\\/es\\\/informativo-matinal-lunes-26-de-enero-2026-0750h\\\/\"]}]},{\"@type\":\"ImageObject\",\"inLanguage\":\"es\",\"@id\":\"https:\\\/\\\/www.copealcoy.es\\\/es\\\/informativo-matinal-lunes-26-de-enero-2026-0750h\\\/#primaryimage\",\"url\":\"https:\\\/\\\/www.copealcoy.es\\\/wp-content\\\/uploads\\\/2025\\\/02\\\/Informativo-Matinal-Castellano.png\",\"contentUrl\":\"https:\\\/\\\/www.copealcoy.es\\\/wp-content\\\/uploads\\\/2025\\\/02\\\/Informativo-Matinal-Castellano.png\",\"width\":357,\"height\":290},{\"@type\":\"BreadcrumbList\",\"@id\":\"https:\\\/\\\/www.copealcoy.es\\\/es\\\/informativo-matinal-lunes-26-de-enero-2026-0750h\\\/#breadcrumb\",\"itemListElement\":[{\"@type\":\"ListItem\",\"position\":1,\"name\":\"Portada\",\"item\":\"https:\\\/\\\/www.copealcoy.es\\\/es\\\/\"},{\"@type\":\"ListItem\",\"position\":2,\"name\":\"Informativo matinal lunes 26 de enero 2026 (07:50h)\"}]},{\"@type\":\"WebSite\",\"@id\":\"https:\\\/\\\/www.copealcoy.es\\\/es\\\/#website\",\"url\":\"https:\\\/\\\/www.copealcoy.es\\\/es\\\/\",\"name\":\"COPE Alcoy\",\"description\":\"Emisora COPE de radio local con emisi\u00f3n online. Pont de Sant Jordi 8-10 03803 Alcoy\",\"potentialAction\":[{\"@type\":\"SearchAction\",\"target\":{\"@type\":\"EntryPoint\",\"urlTemplate\":\"https:\\\/\\\/www.copealcoy.es\\\/es\\\/?s={search_term_string}\"},\"query-input\":{\"@type\":\"PropertyValueSpecification\",\"valueRequired\":true,\"valueName\":\"search_term_string\"}}],\"inLanguage\":\"es\"},{\"@type\":\"Person\",\"@id\":\"https:\\\/\\\/www.copealcoy.es\\\/es\\\/#\\\/schema\\\/person\\\/e777c87fa024e57d40170af9df39882c\",\"name\":\"Cope Alcoy\",\"image\":{\"@type\":\"ImageObject\",\"inLanguage\":\"es\",\"@id\":\"https:\\\/\\\/secure.gravatar.com\\\/avatar\\\/bb65d0283347e303893ba14f0692005417c1e0e690a325a4c5d8bb2b3943ee14?s=96&d=mm&r=g\",\"url\":\"https:\\\/\\\/secure.gravatar.com\\\/avatar\\\/bb65d0283347e303893ba14f0692005417c1e0e690a325a4c5d8bb2b3943ee14?s=96&d=mm&r=g\",\"contentUrl\":\"https:\\\/\\\/secure.gravatar.com\\\/avatar\\\/bb65d0283347e303893ba14f0692005417c1e0e690a325a4c5d8bb2b3943ee14?s=96&d=mm&r=g\",\"caption\":\"Cope Alcoy\"}}]}<\/script>\n<!-- \/ Yoast SEO plugin. -->","yoast_head_json":{"title":"Informativo matinal lunes 26 de enero 2026 (07:50h) - COPE Alcoy","robots":{"index":"index","follow":"follow","max-snippet":"max-snippet:-1","max-image-preview":"max-image-preview:large","max-video-preview":"max-video-preview:-1"},"canonical":"https:\/\/www.copealcoy.es\/es\/informativo-matinal-lunes-26-de-enero-2026-0750h\/","og_locale":"es_ES","og_type":"article","og_title":"Informativo matinal lunes 26 de enero 2026 (07:50h) - COPE Alcoy","og_description":"Hoy lunes hemos comenzado la semana recordando que Alcoy vivi\u00f3 ayer el d\u00eda grande de las celebraciones en honor al...","og_url":"https:\/\/www.copealcoy.es\/es\/informativo-matinal-lunes-26-de-enero-2026-0750h\/","og_site_name":"COPE Alcoy","article_published_time":"2026-01-26T06:30:55+00:00","article_modified_time":"2026-01-26T15:10:45+00:00","og_image":[{"width":357,"height":290,"url":"https:\/\/www.copealcoy.es\/wp-content\/uploads\/2025\/02\/Informativo-Matinal-Castellano.png","type":"image\/png"}],"author":"Cope Alcoy","twitter_misc":{"Escrito por":"Cope Alcoy","Tiempo de lectura":"3 minutos"},"schema":{"@context":"https:\/\/schema.org","@graph":[{"@type":"Article","@id":"https:\/\/www.copealcoy.es\/es\/informativo-matinal-lunes-26-de-enero-2026-0750h\/#article","isPartOf":{"@id":"https:\/\/www.copealcoy.es\/es\/informativo-matinal-lunes-26-de-enero-2026-0750h\/"},"author":{"name":"Cope Alcoy","@id":"https:\/\/www.copealcoy.es\/es\/#\/schema\/person\/e777c87fa024e57d40170af9df39882c"},"headline":"Informativo matinal lunes 26 de enero 2026 (07:50h)","datePublished":"2026-01-26T06:30:55+00:00","dateModified":"2026-01-26T15:10:45+00:00","mainEntityOfPage":{"@id":"https:\/\/www.copealcoy.es\/es\/informativo-matinal-lunes-26-de-enero-2026-0750h\/"},"wordCount":422,"image":{"@id":"https:\/\/www.copealcoy.es\/es\/informativo-matinal-lunes-26-de-enero-2026-0750h\/#primaryimage"},"thumbnailUrl":"https:\/\/www.copealcoy.es\/wp-content\/uploads\/2025\/02\/Informativo-Matinal-Castellano.png","articleSection":["Actualidad","Audios de los programas","Informativos","Noticias"],"inLanguage":"es"},{"@type":"WebPage","@id":"https:\/\/www.copealcoy.es\/es\/informativo-matinal-lunes-26-de-enero-2026-0750h\/","url":"https:\/\/www.copealcoy.es\/es\/informativo-matinal-lunes-26-de-enero-2026-0750h\/","name":"Informativo matinal lunes 26 de enero 2026 (07:50h) - COPE Alcoy","isPartOf":{"@id":"https:\/\/www.copealcoy.es\/es\/#website"},"primaryImageOfPage":{"@id":"https:\/\/www.copealcoy.es\/es\/informativo-matinal-lunes-26-de-enero-2026-0750h\/#primaryimage"},"image":{"@id":"https:\/\/www.copealcoy.es\/es\/informativo-matinal-lunes-26-de-enero-2026-0750h\/#primaryimage"},"thumbnailUrl":"https:\/\/www.copealcoy.es\/wp-content\/uploads\/2025\/02\/Informativo-Matinal-Castellano.png","datePublished":"2026-01-26T06:30:55+00:00","dateModified":"2026-01-26T15:10:45+00:00","author":{"@id":"https:\/\/www.copealcoy.es\/es\/#\/schema\/person\/e777c87fa024e57d40170af9df39882c"},"breadcrumb":{"@id":"https:\/\/www.copealcoy.es\/es\/informativo-matinal-lunes-26-de-enero-2026-0750h\/#breadcrumb"},"inLanguage":"es","potentialAction":[{"@type":"ReadAction","target":["https:\/\/www.copealcoy.es\/es\/informativo-matinal-lunes-26-de-enero-2026-0750h\/"]}]},{"@type":"ImageObject","inLanguage":"es","@id":"https:\/\/www.copealcoy.es\/es\/informativo-matinal-lunes-26-de-enero-2026-0750h\/#primaryimage","url":"https:\/\/www.copealcoy.es\/wp-content\/uploads\/2025\/02\/Informativo-Matinal-Castellano.png","contentUrl":"https:\/\/www.copealcoy.es\/wp-content\/uploads\/2025\/02\/Informativo-Matinal-Castellano.png","width":357,"height":290},{"@type":"BreadcrumbList","@id":"https:\/\/www.copealcoy.es\/es\/informativo-matinal-lunes-26-de-enero-2026-0750h\/#breadcrumb","itemListElement":[{"@type":"ListItem","position":1,"name":"Portada","item":"https:\/\/www.copealcoy.es\/es\/"},{"@type":"ListItem","position":2,"name":"Informativo matinal lunes 26 de enero 2026 (07:50h)"}]},{"@type":"WebSite","@id":"https:\/\/www.copealcoy.es\/es\/#website","url":"https:\/\/www.copealcoy.es\/es\/","name":"COPE Alcoy","description":"Emisora COPE de radio local con emisi\u00f3n online. Pont de Sant Jordi 8-10 03803 Alcoy","potentialAction":[{"@type":"SearchAction","target":{"@type":"EntryPoint","urlTemplate":"https:\/\/www.copealcoy.es\/es\/?s={search_term_string}"},"query-input":{"@type":"PropertyValueSpecification","valueRequired":true,"valueName":"search_term_string"}}],"inLanguage":"es"},{"@type":"Person","@id":"https:\/\/www.copealcoy.es\/es\/#\/schema\/person\/e777c87fa024e57d40170af9df39882c","name":"Cope Alcoy","image":{"@type":"ImageObject","inLanguage":"es","@id":"https:\/\/secure.gravatar.com\/avatar\/bb65d0283347e303893ba14f0692005417c1e0e690a325a4c5d8bb2b3943ee14?s=96&d=mm&r=g","url":"https:\/\/secure.gravatar.com\/avatar\/bb65d0283347e303893ba14f0692005417c1e0e690a325a4c5d8bb2b3943ee14?s=96&d=mm&r=g","contentUrl":"https:\/\/secure.gravatar.com\/avatar\/bb65d0283347e303893ba14f0692005417c1e0e690a325a4c5d8bb2b3943ee14?s=96&d=mm&r=g","caption":"Cope Alcoy"}}]}},"_links":{"self":[{"href":"https:\/\/www.copealcoy.es\/es\/wp-json\/wp\/v2\/posts\/162885","targetHints":{"allow":["GET"]}}],"collection":[{"href":"https:\/\/www.copealcoy.es\/es\/wp-json\/wp\/v2\/posts"}],"about":[{"href":"https:\/\/www.copealcoy.es\/es\/wp-json\/wp\/v2\/types\/post"}],"author":[{"embeddable":true,"href":"https:\/\/www.copealcoy.es\/es\/wp-json\/wp\/v2\/users\/1"}],"replies":[{"embeddable":true,"href":"https:\/\/www.copealcoy.es\/es\/wp-json\/wp\/v2\/comments?post=162885"}],"version-history":[{"count":2,"href":"https:\/\/www.copealcoy.es\/es\/wp-json\/wp\/v2\/posts\/162885\/revisions"}],"predecessor-version":[{"id":162890,"href":"https:\/\/www.copealcoy.es\/es\/wp-json\/wp\/v2\/posts\/162885\/revisions\/162890"}],"wp:featuredmedia":[{"embeddable":true,"href":"https:\/\/www.copealcoy.es\/es\/wp-json\/wp\/v2\/media\/147669"}],"wp:attachment":[{"href":"https:\/\/www.copealcoy.es\/es\/wp-json\/wp\/v2\/media?parent=162885"}],"wp:term":[{"taxonomy":"category","embeddable":true,"href":"https:\/\/www.copealcoy.es\/es\/wp-json\/wp\/v2\/categories?post=162885"},{"taxonomy":"post_tag","embeddable":true,"href":"https:\/\/www.copealcoy.es\/es\/wp-json\/wp\/v2\/tags?post=162885"}],"curies":[{"name":"wp","href":"https:\/\/api.w.org\/{rel}","templated":true}]}}