{"id":162870,"date":"2026-01-27T10:35:15","date_gmt":"2026-01-27T09:35:15","guid":{"rendered":"https:\/\/www.copealcoy.es\/?p=162870"},"modified":"2026-03-20T19:27:52","modified_gmt":"2026-03-20T18:27:52","slug":"alcoy-venera-con-devocion-al-jesuset-del-miracle","status":"publish","type":"post","link":"https:\/\/www.copealcoy.es\/es\/alcoy-venera-con-devocion-al-jesuset-del-miracle\/","title":{"rendered":"Alcoy venera con devoci\u00f3n al Jesuset del Miracle"},"content":{"rendered":"<p style=\"text-align: justify;\">Alcoy celebr\u00f3 el pasado fin de semana l<strong>os actos centrales de la festividad en honor al <a href=\"https:\/\/www.facebook.com\/Jesusetdelmiracle\/?locale=es_ES\" target=\"_blank\" rel=\"noopener\"><span style=\"color: #0000ff;\">Jesuset del Miracle<\/span><\/a><\/strong>, una tradici\u00f3n profundamente arraigada en la ciudad, <strong>que recuerda adem\u00e1s el robo y posterior hallazgo de las Sagradas Formas<\/strong> ocurrido en el a\u00f1o 1.568. Las celebraciones arrancaron el pasado 13 de enero con <strong>el Preg\u00f3n<\/strong>, que corri\u00f3 a cargo este a\u00f1o de la Presidenta de la Asociaci\u00f3n de San Mauro M\u00e1rtir <strong>Ana Mar\u00eda Garc\u00eda<\/strong>, y sigui\u00f3 despu\u00e9s con <strong>el novenario<\/strong> estructurado en <strong>tres triduos<\/strong> que han estado dedicados a las familias y vocaciones, los sacerdotes, catequistas y vida consgrada; y las asociaciones religiosas de la ciudad.<\/p>\n<p style=\"text-align: justify;\">Ya el viernes por la tarde, durante la celebraci\u00f3n de la misa tras la bendici\u00f3n eucar\u00edstica, se pronunci\u00f3 <strong>el serm\u00f3n del robo y hallazgo<\/strong> de hace 458 a\u00f1os a cargo de Don Juan Jos\u00e9 Silvestre Valor. Posteriormente, el s\u00e1bado, se llevaron a cabo <strong>las solemnes v\u00edsperas<\/strong> incluyendo un acto de desagravio, la bendici\u00f3n eucar\u00edstica y la santa misa a la que asisti\u00f3 el descendiente hist\u00f3rico de Joan Esteve &#8216;Joan l&#8217;Aix\u00e0&#8217;. Tras ello, lleg\u00f3 el d\u00eda grande, y el domingo la jornada arranc\u00f3 con la singular <strong>Misa del Tullidet<\/strong> en el Monasterio del Santo Sepulcro. A continuaci\u00f3n, a las once de la ma\u00f1ana, se efectu\u00f3 <strong>el traslado del Sant\u00edsimo Sacramento<\/strong> desde la iglesia de Santa Mar\u00eda hasta el mencionado templo del Santo Sepulcro donde posteriormente arranc\u00f3 <strong>la celebraci\u00f3n solemne de la eucarist\u00eda<\/strong>. Esta estuvo presidida por <strong>Don Jos\u00e9 Vilaplana<\/strong>, Obispo Em\u00e9rito de Huelva, y en el transcurso de la misma se ley\u00f3 el voto solemne que hizo la Villa de Alcoy el 6 de enero de 1569 para recordar cada a\u00f1o la intercesi\u00f3n del Jesuset del Miracle en el hallazgo de las sagradas formas que fueron robadas de la parroquia.<\/p>\n<p style=\"text-align: justify;\">La ma\u00f1ana avanz\u00f3 con <strong>la procesi\u00f3n<\/strong> por las calles del Centro, marcada este a\u00f1o por las fuertes rachas de viento, pero que no impidi\u00f3 la celebraci\u00f3n de la misma. El Grup de Danses Sant Jordi, con sus bailes populares, abri\u00f3 la comitiva en la que estuvieron presentes las asociaciones religiosas de la ciudad junto a la imagen del Jesuset del Miracle y el Sant\u00edsimo Sacramento bajo palio portado por el Gremio de Labradores. Durante el acto se realizaron varias paradas de adoraci\u00f3n al mismo Sant\u00edsimo, en varios altares repartidos por las calles en las que transcurri\u00f3 la mencionada procesi\u00f3n, y esta \u00faltima termin\u00f3 en el interior de Santa Mar\u00eda mientras la Colla de Campaners d&#8217;Alcoi hacia voltear con fuerza los bronces del templo.<\/p>\n<div id='gallery-1' class='gallery galleryid-162870 gallery-columns-2 gallery-size-full'><figure class='gallery-item'>\n\t\t\t<div class='gallery-icon landscape'>\n\t\t\t\t<a href='https:\/\/www.copealcoy.es\/es\/alcoy-venera-con-devocion-al-jesuset-del-miracle\/unnamed-1-987\/'><img loading=\"lazy\" decoding=\"async\" width=\"2560\" height=\"1920\" src=\"https:\/\/www.copealcoy.es\/wp-content\/uploads\/2026\/01\/unnamed-1-32-scaled.jpg\" class=\"attachment-full size-full\" alt=\"\" srcset=\"https:\/\/www.copealcoy.es\/wp-content\/uploads\/2026\/01\/unnamed-1-32-scaled.jpg 2560w, https:\/\/www.copealcoy.es\/wp-content\/uploads\/2026\/01\/unnamed-1-32-768x576.jpg 768w, https:\/\/www.copealcoy.es\/wp-content\/uploads\/2026\/01\/unnamed-1-32-1536x1152.jpg 1536w, https:\/\/www.copealcoy.es\/wp-content\/uploads\/2026\/01\/unnamed-1-32-2048x1536.jpg 2048w\" sizes=\"auto, (max-width: 2560px) 100vw, 2560px\" \/><\/a>\n\t\t\t<\/div><\/figure><figure class='gallery-item'>\n\t\t\t<div class='gallery-icon landscape'>\n\t\t\t\t<a href='https:\/\/www.copealcoy.es\/es\/alcoy-venera-con-devocion-al-jesuset-del-miracle\/4-4-7\/'><img loading=\"lazy\" decoding=\"async\" width=\"953\" height=\"715\" src=\"https:\/\/www.copealcoy.es\/wp-content\/uploads\/2026\/01\/4-4-1.jpg\" class=\"attachment-full size-full\" alt=\"\" srcset=\"https:\/\/www.copealcoy.es\/wp-content\/uploads\/2026\/01\/4-4-1.jpg 953w, https:\/\/www.copealcoy.es\/wp-content\/uploads\/2026\/01\/4-4-1-768x576.jpg 768w\" sizes=\"auto, (max-width: 953px) 100vw, 953px\" \/><\/a>\n\t\t\t<\/div><\/figure><figure class='gallery-item'>\n\t\t\t<div class='gallery-icon landscape'>\n\t\t\t\t<a href='https:\/\/www.copealcoy.es\/es\/alcoy-venera-con-devocion-al-jesuset-del-miracle\/4-2-9\/'><img loading=\"lazy\" decoding=\"async\" width=\"953\" height=\"715\" src=\"https:\/\/www.copealcoy.es\/wp-content\/uploads\/2026\/01\/4-2-3.jpg\" class=\"attachment-full size-full\" alt=\"\" srcset=\"https:\/\/www.copealcoy.es\/wp-content\/uploads\/2026\/01\/4-2-3.jpg 953w, https:\/\/www.copealcoy.es\/wp-content\/uploads\/2026\/01\/4-2-3-768x576.jpg 768w\" sizes=\"auto, (max-width: 953px) 100vw, 953px\" \/><\/a>\n\t\t\t<\/div><\/figure><figure class='gallery-item'>\n\t\t\t<div class='gallery-icon landscape'>\n\t\t\t\t<a href='https:\/\/www.copealcoy.es\/es\/alcoy-venera-con-devocion-al-jesuset-del-miracle\/4-37\/'><img loading=\"lazy\" decoding=\"async\" width=\"953\" height=\"715\" src=\"https:\/\/www.copealcoy.es\/wp-content\/uploads\/2026\/01\/4-13.jpg\" class=\"attachment-full size-full\" alt=\"\" srcset=\"https:\/\/www.copealcoy.es\/wp-content\/uploads\/2026\/01\/4-13.jpg 953w, https:\/\/www.copealcoy.es\/wp-content\/uploads\/2026\/01\/4-13-768x576.jpg 768w\" sizes=\"auto, (max-width: 953px) 100vw, 953px\" \/><\/a>\n\t\t\t<\/div><\/figure><figure class='gallery-item'>\n\t\t\t<div class='gallery-icon landscape'>\n\t\t\t\t<a href='https:\/\/www.copealcoy.es\/es\/alcoy-venera-con-devocion-al-jesuset-del-miracle\/4-3-8\/'><img loading=\"lazy\" decoding=\"async\" width=\"953\" height=\"715\" src=\"https:\/\/www.copealcoy.es\/wp-content\/uploads\/2026\/01\/4-3-2.jpg\" class=\"attachment-full size-full\" alt=\"\" srcset=\"https:\/\/www.copealcoy.es\/wp-content\/uploads\/2026\/01\/4-3-2.jpg 953w, https:\/\/www.copealcoy.es\/wp-content\/uploads\/2026\/01\/4-3-2-768x576.jpg 768w\" sizes=\"auto, (max-width: 953px) 100vw, 953px\" \/><\/a>\n\t\t\t<\/div><\/figure><figure class='gallery-item'>\n\t\t\t<div class='gallery-icon landscape'>\n\t\t\t\t<a href='https:\/\/www.copealcoy.es\/es\/alcoy-venera-con-devocion-al-jesuset-del-miracle\/4-1-13\/'><img loading=\"lazy\" decoding=\"async\" width=\"953\" height=\"715\" src=\"https:\/\/www.copealcoy.es\/wp-content\/uploads\/2026\/01\/4-1-6.jpg\" class=\"attachment-full size-full\" alt=\"\" srcset=\"https:\/\/www.copealcoy.es\/wp-content\/uploads\/2026\/01\/4-1-6.jpg 953w, https:\/\/www.copealcoy.es\/wp-content\/uploads\/2026\/01\/4-1-6-768x576.jpg 768w\" sizes=\"auto, (max-width: 953px) 100vw, 953px\" \/><\/a>\n\t\t\t<\/div><\/figure>\n\t\t<\/div>\n\n","protected":false},"excerpt":{"rendered":"<p>Alcoy celebr\u00f3 el pasado fin de semana los actos centrales de la festividad en honor al Jesuset del Miracle, una&#8230;<\/p>\n","protected":false},"author":1,"featured_media":162871,"comment_status":"closed","ping_status":"closed","sticky":false,"template":"","format":"standard","meta":{"footnotes":""},"categories":[6909,99,78,75],"tags":[1494,6997,598,413],"class_list":["post-162870","post","type-post","status-publish","format-standard","has-post-thumbnail","hentry","category-actualidad","category-agenda","category-fiestaycultura","category-noticias","tag-alcoy","tag-festividad","tag-jesuset-del-miracle","tag-tradicion"],"yoast_head":"<!-- This site is optimized with the Yoast SEO plugin v27.3 - https:\/\/yoast.com\/product\/yoast-seo-wordpress\/ -->\n<title>Alcoy venera con devoci\u00f3n al Jesuset del Miracle - COPE Alcoy<\/title>\n<meta name=\"description\" content=\"Alcoy venera con devoci\u00f3n al Jesuset del Miracle\" \/>\n<meta name=\"robots\" content=\"index, follow, max-snippet:-1, max-image-preview:large, max-video-preview:-1\" \/>\n<link rel=\"canonical\" href=\"https:\/\/www.copealcoy.es\/es\/alcoy-venera-con-devocion-al-jesuset-del-miracle\/\" \/>\n<meta property=\"og:locale\" content=\"es_ES\" \/>\n<meta property=\"og:type\" content=\"article\" \/>\n<meta property=\"og:title\" content=\"Alcoy venera con devoci\u00f3n al Jesuset del Miracle - COPE Alcoy\" \/>\n<meta property=\"og:description\" content=\"Alcoy venera con devoci\u00f3n al Jesuset del Miracle\" \/>\n<meta property=\"og:url\" content=\"https:\/\/www.copealcoy.es\/es\/alcoy-venera-con-devocion-al-jesuset-del-miracle\/\" \/>\n<meta property=\"og:site_name\" content=\"COPE Alcoy\" \/>\n<meta property=\"article:published_time\" content=\"2026-01-27T09:35:15+00:00\" \/>\n<meta property=\"article:modified_time\" content=\"2026-03-20T18:27:52+00:00\" \/>\n<meta property=\"og:image\" content=\"https:\/\/www.copealcoy.es\/wp-content\/uploads\/2026\/01\/unnamed-1-24-scaled-e1769429126813.jpg\" \/>\n\t<meta property=\"og:image:width\" content=\"800\" \/>\n\t<meta property=\"og:image:height\" content=\"480\" \/>\n\t<meta property=\"og:image:type\" content=\"image\/jpeg\" \/>\n<meta name=\"author\" content=\"Cope Alcoy\" \/>\n<meta name=\"twitter:label1\" content=\"Escrito por\" \/>\n\t<meta name=\"twitter:data1\" content=\"Cope Alcoy\" \/>\n\t<meta name=\"twitter:label2\" content=\"Tiempo de lectura\" \/>\n\t<meta name=\"twitter:data2\" content=\"3 minutos\" \/>\n<script type=\"application\/ld+json\" class=\"yoast-schema-graph\">{\"@context\":\"https:\\\/\\\/schema.org\",\"@graph\":[{\"@type\":\"Article\",\"@id\":\"https:\\\/\\\/www.copealcoy.es\\\/es\\\/alcoy-venera-con-devocion-al-jesuset-del-miracle\\\/#article\",\"isPartOf\":{\"@id\":\"https:\\\/\\\/www.copealcoy.es\\\/es\\\/alcoy-venera-con-devocion-al-jesuset-del-miracle\\\/\"},\"author\":{\"name\":\"Cope Alcoy\",\"@id\":\"https:\\\/\\\/www.copealcoy.es\\\/es\\\/#\\\/schema\\\/person\\\/e777c87fa024e57d40170af9df39882c\"},\"headline\":\"Alcoy venera con devoci\u00f3n al Jesuset del Miracle\",\"datePublished\":\"2026-01-27T09:35:15+00:00\",\"dateModified\":\"2026-03-20T18:27:52+00:00\",\"mainEntityOfPage\":{\"@id\":\"https:\\\/\\\/www.copealcoy.es\\\/es\\\/alcoy-venera-con-devocion-al-jesuset-del-miracle\\\/\"},\"wordCount\":467,\"image\":{\"@id\":\"https:\\\/\\\/www.copealcoy.es\\\/es\\\/alcoy-venera-con-devocion-al-jesuset-del-miracle\\\/#primaryimage\"},\"thumbnailUrl\":\"https:\\\/\\\/www.copealcoy.es\\\/wp-content\\\/uploads\\\/2026\\\/01\\\/unnamed-1-24-scaled-e1769429126813.jpg\",\"keywords\":[\"Alcoy\",\"festividad\",\"Jesuset del Miracle\",\"Tradici\u00f3n\"],\"articleSection\":[\"Actualidad\",\"Agenda\",\"Fiesta y Cultura\",\"Noticias\"],\"inLanguage\":\"es\"},{\"@type\":\"WebPage\",\"@id\":\"https:\\\/\\\/www.copealcoy.es\\\/es\\\/alcoy-venera-con-devocion-al-jesuset-del-miracle\\\/\",\"url\":\"https:\\\/\\\/www.copealcoy.es\\\/es\\\/alcoy-venera-con-devocion-al-jesuset-del-miracle\\\/\",\"name\":\"Alcoy venera con devoci\u00f3n al Jesuset del Miracle - COPE Alcoy\",\"isPartOf\":{\"@id\":\"https:\\\/\\\/www.copealcoy.es\\\/es\\\/#website\"},\"primaryImageOfPage\":{\"@id\":\"https:\\\/\\\/www.copealcoy.es\\\/es\\\/alcoy-venera-con-devocion-al-jesuset-del-miracle\\\/#primaryimage\"},\"image\":{\"@id\":\"https:\\\/\\\/www.copealcoy.es\\\/es\\\/alcoy-venera-con-devocion-al-jesuset-del-miracle\\\/#primaryimage\"},\"thumbnailUrl\":\"https:\\\/\\\/www.copealcoy.es\\\/wp-content\\\/uploads\\\/2026\\\/01\\\/unnamed-1-24-scaled-e1769429126813.jpg\",\"datePublished\":\"2026-01-27T09:35:15+00:00\",\"dateModified\":\"2026-03-20T18:27:52+00:00\",\"author\":{\"@id\":\"https:\\\/\\\/www.copealcoy.es\\\/es\\\/#\\\/schema\\\/person\\\/e777c87fa024e57d40170af9df39882c\"},\"description\":\"Alcoy venera con devoci\u00f3n al Jesuset del Miracle\",\"breadcrumb\":{\"@id\":\"https:\\\/\\\/www.copealcoy.es\\\/es\\\/alcoy-venera-con-devocion-al-jesuset-del-miracle\\\/#breadcrumb\"},\"inLanguage\":\"es\",\"potentialAction\":[{\"@type\":\"ReadAction\",\"target\":[\"https:\\\/\\\/www.copealcoy.es\\\/es\\\/alcoy-venera-con-devocion-al-jesuset-del-miracle\\\/\"]}]},{\"@type\":\"ImageObject\",\"inLanguage\":\"es\",\"@id\":\"https:\\\/\\\/www.copealcoy.es\\\/es\\\/alcoy-venera-con-devocion-al-jesuset-del-miracle\\\/#primaryimage\",\"url\":\"https:\\\/\\\/www.copealcoy.es\\\/wp-content\\\/uploads\\\/2026\\\/01\\\/unnamed-1-24-scaled-e1769429126813.jpg\",\"contentUrl\":\"https:\\\/\\\/www.copealcoy.es\\\/wp-content\\\/uploads\\\/2026\\\/01\\\/unnamed-1-24-scaled-e1769429126813.jpg\",\"width\":800,\"height\":480},{\"@type\":\"BreadcrumbList\",\"@id\":\"https:\\\/\\\/www.copealcoy.es\\\/es\\\/alcoy-venera-con-devocion-al-jesuset-del-miracle\\\/#breadcrumb\",\"itemListElement\":[{\"@type\":\"ListItem\",\"position\":1,\"name\":\"Portada\",\"item\":\"https:\\\/\\\/www.copealcoy.es\\\/es\\\/\"},{\"@type\":\"ListItem\",\"position\":2,\"name\":\"Alcoy venera con devoci\u00f3n al Jesuset del Miracle\"}]},{\"@type\":\"WebSite\",\"@id\":\"https:\\\/\\\/www.copealcoy.es\\\/es\\\/#website\",\"url\":\"https:\\\/\\\/www.copealcoy.es\\\/es\\\/\",\"name\":\"COPE Alcoy\",\"description\":\"Emisora COPE de radio local con emisi\u00f3n online. Pont de Sant Jordi 8-10 03803 Alcoy\",\"potentialAction\":[{\"@type\":\"SearchAction\",\"target\":{\"@type\":\"EntryPoint\",\"urlTemplate\":\"https:\\\/\\\/www.copealcoy.es\\\/es\\\/?s={search_term_string}\"},\"query-input\":{\"@type\":\"PropertyValueSpecification\",\"valueRequired\":true,\"valueName\":\"search_term_string\"}}],\"inLanguage\":\"es\"},{\"@type\":\"Person\",\"@id\":\"https:\\\/\\\/www.copealcoy.es\\\/es\\\/#\\\/schema\\\/person\\\/e777c87fa024e57d40170af9df39882c\",\"name\":\"Cope Alcoy\",\"image\":{\"@type\":\"ImageObject\",\"inLanguage\":\"es\",\"@id\":\"https:\\\/\\\/secure.gravatar.com\\\/avatar\\\/bb65d0283347e303893ba14f0692005417c1e0e690a325a4c5d8bb2b3943ee14?s=96&d=mm&r=g\",\"url\":\"https:\\\/\\\/secure.gravatar.com\\\/avatar\\\/bb65d0283347e303893ba14f0692005417c1e0e690a325a4c5d8bb2b3943ee14?s=96&d=mm&r=g\",\"contentUrl\":\"https:\\\/\\\/secure.gravatar.com\\\/avatar\\\/bb65d0283347e303893ba14f0692005417c1e0e690a325a4c5d8bb2b3943ee14?s=96&d=mm&r=g\",\"caption\":\"Cope Alcoy\"}}]}<\/script>\n<!-- \/ Yoast SEO plugin. -->","yoast_head_json":{"title":"Alcoy venera con devoci\u00f3n al Jesuset del Miracle - COPE Alcoy","description":"Alcoy venera con devoci\u00f3n al Jesuset del Miracle","robots":{"index":"index","follow":"follow","max-snippet":"max-snippet:-1","max-image-preview":"max-image-preview:large","max-video-preview":"max-video-preview:-1"},"canonical":"https:\/\/www.copealcoy.es\/es\/alcoy-venera-con-devocion-al-jesuset-del-miracle\/","og_locale":"es_ES","og_type":"article","og_title":"Alcoy venera con devoci\u00f3n al Jesuset del Miracle - COPE Alcoy","og_description":"Alcoy venera con devoci\u00f3n al Jesuset del Miracle","og_url":"https:\/\/www.copealcoy.es\/es\/alcoy-venera-con-devocion-al-jesuset-del-miracle\/","og_site_name":"COPE Alcoy","article_published_time":"2026-01-27T09:35:15+00:00","article_modified_time":"2026-03-20T18:27:52+00:00","og_image":[{"width":800,"height":480,"url":"https:\/\/www.copealcoy.es\/wp-content\/uploads\/2026\/01\/unnamed-1-24-scaled-e1769429126813.jpg","type":"image\/jpeg"}],"author":"Cope Alcoy","twitter_misc":{"Escrito por":"Cope Alcoy","Tiempo de lectura":"3 minutos"},"schema":{"@context":"https:\/\/schema.org","@graph":[{"@type":"Article","@id":"https:\/\/www.copealcoy.es\/es\/alcoy-venera-con-devocion-al-jesuset-del-miracle\/#article","isPartOf":{"@id":"https:\/\/www.copealcoy.es\/es\/alcoy-venera-con-devocion-al-jesuset-del-miracle\/"},"author":{"name":"Cope Alcoy","@id":"https:\/\/www.copealcoy.es\/es\/#\/schema\/person\/e777c87fa024e57d40170af9df39882c"},"headline":"Alcoy venera con devoci\u00f3n al Jesuset del Miracle","datePublished":"2026-01-27T09:35:15+00:00","dateModified":"2026-03-20T18:27:52+00:00","mainEntityOfPage":{"@id":"https:\/\/www.copealcoy.es\/es\/alcoy-venera-con-devocion-al-jesuset-del-miracle\/"},"wordCount":467,"image":{"@id":"https:\/\/www.copealcoy.es\/es\/alcoy-venera-con-devocion-al-jesuset-del-miracle\/#primaryimage"},"thumbnailUrl":"https:\/\/www.copealcoy.es\/wp-content\/uploads\/2026\/01\/unnamed-1-24-scaled-e1769429126813.jpg","keywords":["Alcoy","festividad","Jesuset del Miracle","Tradici\u00f3n"],"articleSection":["Actualidad","Agenda","Fiesta y Cultura","Noticias"],"inLanguage":"es"},{"@type":"WebPage","@id":"https:\/\/www.copealcoy.es\/es\/alcoy-venera-con-devocion-al-jesuset-del-miracle\/","url":"https:\/\/www.copealcoy.es\/es\/alcoy-venera-con-devocion-al-jesuset-del-miracle\/","name":"Alcoy venera con devoci\u00f3n al Jesuset del Miracle - COPE Alcoy","isPartOf":{"@id":"https:\/\/www.copealcoy.es\/es\/#website"},"primaryImageOfPage":{"@id":"https:\/\/www.copealcoy.es\/es\/alcoy-venera-con-devocion-al-jesuset-del-miracle\/#primaryimage"},"image":{"@id":"https:\/\/www.copealcoy.es\/es\/alcoy-venera-con-devocion-al-jesuset-del-miracle\/#primaryimage"},"thumbnailUrl":"https:\/\/www.copealcoy.es\/wp-content\/uploads\/2026\/01\/unnamed-1-24-scaled-e1769429126813.jpg","datePublished":"2026-01-27T09:35:15+00:00","dateModified":"2026-03-20T18:27:52+00:00","author":{"@id":"https:\/\/www.copealcoy.es\/es\/#\/schema\/person\/e777c87fa024e57d40170af9df39882c"},"description":"Alcoy venera con devoci\u00f3n al Jesuset del Miracle","breadcrumb":{"@id":"https:\/\/www.copealcoy.es\/es\/alcoy-venera-con-devocion-al-jesuset-del-miracle\/#breadcrumb"},"inLanguage":"es","potentialAction":[{"@type":"ReadAction","target":["https:\/\/www.copealcoy.es\/es\/alcoy-venera-con-devocion-al-jesuset-del-miracle\/"]}]},{"@type":"ImageObject","inLanguage":"es","@id":"https:\/\/www.copealcoy.es\/es\/alcoy-venera-con-devocion-al-jesuset-del-miracle\/#primaryimage","url":"https:\/\/www.copealcoy.es\/wp-content\/uploads\/2026\/01\/unnamed-1-24-scaled-e1769429126813.jpg","contentUrl":"https:\/\/www.copealcoy.es\/wp-content\/uploads\/2026\/01\/unnamed-1-24-scaled-e1769429126813.jpg","width":800,"height":480},{"@type":"BreadcrumbList","@id":"https:\/\/www.copealcoy.es\/es\/alcoy-venera-con-devocion-al-jesuset-del-miracle\/#breadcrumb","itemListElement":[{"@type":"ListItem","position":1,"name":"Portada","item":"https:\/\/www.copealcoy.es\/es\/"},{"@type":"ListItem","position":2,"name":"Alcoy venera con devoci\u00f3n al Jesuset del Miracle"}]},{"@type":"WebSite","@id":"https:\/\/www.copealcoy.es\/es\/#website","url":"https:\/\/www.copealcoy.es\/es\/","name":"COPE Alcoy","description":"Emisora COPE de radio local con emisi\u00f3n online. Pont de Sant Jordi 8-10 03803 Alcoy","potentialAction":[{"@type":"SearchAction","target":{"@type":"EntryPoint","urlTemplate":"https:\/\/www.copealcoy.es\/es\/?s={search_term_string}"},"query-input":{"@type":"PropertyValueSpecification","valueRequired":true,"valueName":"search_term_string"}}],"inLanguage":"es"},{"@type":"Person","@id":"https:\/\/www.copealcoy.es\/es\/#\/schema\/person\/e777c87fa024e57d40170af9df39882c","name":"Cope Alcoy","image":{"@type":"ImageObject","inLanguage":"es","@id":"https:\/\/secure.gravatar.com\/avatar\/bb65d0283347e303893ba14f0692005417c1e0e690a325a4c5d8bb2b3943ee14?s=96&d=mm&r=g","url":"https:\/\/secure.gravatar.com\/avatar\/bb65d0283347e303893ba14f0692005417c1e0e690a325a4c5d8bb2b3943ee14?s=96&d=mm&r=g","contentUrl":"https:\/\/secure.gravatar.com\/avatar\/bb65d0283347e303893ba14f0692005417c1e0e690a325a4c5d8bb2b3943ee14?s=96&d=mm&r=g","caption":"Cope Alcoy"}}]}},"_links":{"self":[{"href":"https:\/\/www.copealcoy.es\/es\/wp-json\/wp\/v2\/posts\/162870","targetHints":{"allow":["GET"]}}],"collection":[{"href":"https:\/\/www.copealcoy.es\/es\/wp-json\/wp\/v2\/posts"}],"about":[{"href":"https:\/\/www.copealcoy.es\/es\/wp-json\/wp\/v2\/types\/post"}],"author":[{"embeddable":true,"href":"https:\/\/www.copealcoy.es\/es\/wp-json\/wp\/v2\/users\/1"}],"replies":[{"embeddable":true,"href":"https:\/\/www.copealcoy.es\/es\/wp-json\/wp\/v2\/comments?post=162870"}],"version-history":[{"count":3,"href":"https:\/\/www.copealcoy.es\/es\/wp-json\/wp\/v2\/posts\/162870\/revisions"}],"predecessor-version":[{"id":162874,"href":"https:\/\/www.copealcoy.es\/es\/wp-json\/wp\/v2\/posts\/162870\/revisions\/162874"}],"wp:featuredmedia":[{"embeddable":true,"href":"https:\/\/www.copealcoy.es\/es\/wp-json\/wp\/v2\/media\/162871"}],"wp:attachment":[{"href":"https:\/\/www.copealcoy.es\/es\/wp-json\/wp\/v2\/media?parent=162870"}],"wp:term":[{"taxonomy":"category","embeddable":true,"href":"https:\/\/www.copealcoy.es\/es\/wp-json\/wp\/v2\/categories?post=162870"},{"taxonomy":"post_tag","embeddable":true,"href":"https:\/\/www.copealcoy.es\/es\/wp-json\/wp\/v2\/tags?post=162870"}],"curies":[{"name":"wp","href":"https:\/\/api.w.org\/{rel}","templated":true}]}}