{"id":162848,"date":"2026-01-24T22:15:19","date_gmt":"2026-01-24T21:15:19","guid":{"rendered":"https:\/\/www.copealcoy.es\/?p=162848"},"modified":"2026-01-24T22:17:48","modified_gmt":"2026-01-24T21:17:48","slug":"suspendida-la-ultamediterrania-por-nivel-3-de-alerta-y-riesgo-de-incendios","status":"publish","type":"post","link":"https:\/\/www.copealcoy.es\/es\/suspendida-la-ultamediterrania-por-nivel-3-de-alerta-y-riesgo-de-incendios\/","title":{"rendered":"Suspendida la Ultamediterr\u00e0nia por Nivel 3 de alerta y riesgo de incendios"},"content":{"rendered":"<p style=\"text-align: justify;\" data-start=\"0\" data-end=\"486\">La organizaci\u00f3n de la <a href=\"https:\/\/ultramediterrania.com\/\" target=\"_blank\" rel=\"noopener\"><span style=\"color: #0000ff;\"><strong>Ultramediterr\u00e0nia<\/strong><\/span><\/a> ha anunciado la <strong data-start=\"55\" data-end=\"119\">suspensi\u00f3n de todas las carreras previstas para este domingo<\/strong> tras la actualizaci\u00f3n de <strong>las alertas del<\/strong> <strong data-start=\"161\" data-end=\"168\">112<\/strong> y la declaraci\u00f3n del <strong data-start=\"190\" data-end=\"242\">Nivel 3 de preemergencia por riesgo de incendios<\/strong>. La medida, adoptada por motivos de seguridad, <strong>ha sido calificada por los responsables del evento como una de las decisiones m\u00e1s dif\u00edciles<\/strong> desde su puesta en marcha, al tratarse de una situaci\u00f3n ajena a su voluntad y tras meses de preparaci\u00f3n.<\/p>\n<p style=\"text-align: justify;\" data-start=\"488\" data-end=\"890\">Desde la organizaci\u00f3n han reconocido la <strong data-start=\"528\" data-end=\"563\">tristeza y el impacto emocional<\/strong> que supone la cancelaci\u00f3n, tanto para los participantes como para el equipo humano que ha trabajado durante el \u00faltimo a\u00f1o en la prueba. No obstante, han subrayado que <strong>la seguridad<\/strong> de corredores, voluntarios y acompa\u00f1antes debe prevalecer por encima de cualquier otro aspecto, especialmente ante un escenario de riesgo elevado.<\/p>\n<p style=\"text-align: justify;\" data-start=\"892\" data-end=\"1352\">Pese a la suspensi\u00f3n de las carreras, la organizaci\u00f3n ha reconfigurado el <strong data-start=\"966\" data-end=\"990\">programa del domingo<\/strong>. Entre las <strong data-start=\"1002\" data-end=\"1029\">10:00 y las 12:00 horas<\/strong>, los participantes que no hayan recogido su dorsal podr\u00e1n hacerlo, as\u00ed como retirar la <strong data-start=\"1117\" data-end=\"1160\">bolsa del corredor y la prenda finisher<\/strong>. A las <strong data-start=\"1168\" data-end=\"1183\">12:00 horas<\/strong> se celebrar\u00e1 la <strong data-start=\"1200\" data-end=\"1222\">entrega de premios<\/strong> correspondiente a las modalidades <strong data-start=\"1257\" data-end=\"1271\">162K y 90K<\/strong>, siguiendo el mismo procedimiento establecido previamente para la modalidad MAX. Asimismo, a las <strong data-start=\"1370\" data-end=\"1385\">13:00 horas<\/strong> se ha convocado a corredores, voluntarios y acompa\u00f1antes en la <strong data-start=\"1449\" data-end=\"1480\">Plaza Ferr\u00e1ndiz y Carbonell<\/strong> para compartir un encuentro simb\u00f3lico y mantener as\u00ed vivo el esp\u00edritu del evento, a pesar de las circunstancias.<\/p>\n<p style=\"text-align: justify;\" data-start=\"1591\" data-end=\"1867\" data-is-last-node=\"\" data-is-only-node=\"\">La organizaci\u00f3n ha agradecido p\u00fablicamente las numerosas muestras de <strong data-start=\"1660\" data-end=\"1691\">comprensi\u00f3n, apoyo y cari\u00f1o<\/strong> recibidas. Adem\u00e1s, ha avanzado que ya se est\u00e1 trabajando para encontrar la mejor f\u00f3rmula con la que <strong data-start=\"1786\" data-end=\"1819\">compensar a los participantes<\/strong> tras una decisi\u00f3n tan compleja como inevitable.<\/p>\n","protected":false},"excerpt":{"rendered":"<p>La organizaci\u00f3n de la Ultramediterr\u00e0nia ha anunciado la suspensi\u00f3n de todas las carreras previstas para este domingo tras la actualizaci\u00f3n&#8230;<\/p>\n","protected":false},"author":1,"featured_media":162849,"comment_status":"closed","ping_status":"closed","sticky":false,"template":"","format":"standard","meta":{"footnotes":""},"categories":[6909,75,125],"tags":[482,1494,237,18465,6984,15868],"class_list":["post-162848","post","type-post","status-publish","format-standard","has-post-thumbnail","hentry","category-actualidad","category-noticias","category-portada","tag-alcoia","tag-alcoy","tag-comtat","tag-riesgo-incendios","tag-suspension","tag-ultramediterrania"],"yoast_head":"<!-- This site is optimized with the Yoast SEO plugin v27.3 - https:\/\/yoast.com\/product\/yoast-seo-wordpress\/ -->\n<title>Suspendida la Ultamediterr\u00e0nia por Nivel 3 de alerta y riesgo de incendios - COPE Alcoy<\/title>\n<meta name=\"robots\" content=\"index, follow, max-snippet:-1, max-image-preview:large, max-video-preview:-1\" \/>\n<link rel=\"canonical\" href=\"https:\/\/www.copealcoy.es\/es\/suspendida-la-ultamediterrania-por-nivel-3-de-alerta-y-riesgo-de-incendios\/\" \/>\n<meta property=\"og:locale\" content=\"es_ES\" \/>\n<meta property=\"og:type\" content=\"article\" \/>\n<meta property=\"og:title\" content=\"Suspendida la Ultamediterr\u00e0nia por Nivel 3 de alerta y riesgo de incendios - COPE Alcoy\" \/>\n<meta property=\"og:description\" content=\"La organizaci\u00f3n de la Ultramediterr\u00e0nia ha anunciado la suspensi\u00f3n de todas las carreras previstas para este domingo tras la actualizaci\u00f3n...\" \/>\n<meta property=\"og:url\" content=\"https:\/\/www.copealcoy.es\/es\/suspendida-la-ultamediterrania-por-nivel-3-de-alerta-y-riesgo-de-incendios\/\" \/>\n<meta property=\"og:site_name\" content=\"COPE Alcoy\" \/>\n<meta property=\"article:published_time\" content=\"2026-01-24T21:15:19+00:00\" \/>\n<meta property=\"article:modified_time\" content=\"2026-01-24T21:17:48+00:00\" \/>\n<meta property=\"og:image\" content=\"https:\/\/www.copealcoy.es\/wp-content\/uploads\/2026\/01\/unnamed-1-23.jpg\" \/>\n\t<meta property=\"og:image:width\" content=\"1092\" \/>\n\t<meta property=\"og:image:height\" content=\"649\" \/>\n\t<meta property=\"og:image:type\" content=\"image\/jpeg\" \/>\n<meta name=\"author\" content=\"Cope Alcoy\" \/>\n<meta name=\"twitter:label1\" content=\"Escrito por\" \/>\n\t<meta name=\"twitter:data1\" content=\"Cope Alcoy\" \/>\n\t<meta name=\"twitter:label2\" content=\"Tiempo de lectura\" \/>\n\t<meta name=\"twitter:data2\" content=\"2 minutos\" \/>\n<script type=\"application\/ld+json\" class=\"yoast-schema-graph\">{\"@context\":\"https:\\\/\\\/schema.org\",\"@graph\":[{\"@type\":\"Article\",\"@id\":\"https:\\\/\\\/www.copealcoy.es\\\/es\\\/suspendida-la-ultamediterrania-por-nivel-3-de-alerta-y-riesgo-de-incendios\\\/#article\",\"isPartOf\":{\"@id\":\"https:\\\/\\\/www.copealcoy.es\\\/es\\\/suspendida-la-ultamediterrania-por-nivel-3-de-alerta-y-riesgo-de-incendios\\\/\"},\"author\":{\"name\":\"Cope Alcoy\",\"@id\":\"https:\\\/\\\/www.copealcoy.es\\\/es\\\/#\\\/schema\\\/person\\\/e777c87fa024e57d40170af9df39882c\"},\"headline\":\"Suspendida la Ultamediterr\u00e0nia por Nivel 3 de alerta y riesgo de incendios\",\"datePublished\":\"2026-01-24T21:15:19+00:00\",\"dateModified\":\"2026-01-24T21:17:48+00:00\",\"mainEntityOfPage\":{\"@id\":\"https:\\\/\\\/www.copealcoy.es\\\/es\\\/suspendida-la-ultamediterrania-por-nivel-3-de-alerta-y-riesgo-de-incendios\\\/\"},\"wordCount\":320,\"image\":{\"@id\":\"https:\\\/\\\/www.copealcoy.es\\\/es\\\/suspendida-la-ultamediterrania-por-nivel-3-de-alerta-y-riesgo-de-incendios\\\/#primaryimage\"},\"thumbnailUrl\":\"https:\\\/\\\/www.copealcoy.es\\\/wp-content\\\/uploads\\\/2026\\\/01\\\/unnamed-1-23.jpg\",\"keywords\":[\"Alcoi\u00e0\",\"Alcoy\",\"Comtat\",\"riesgo incendios\",\"suspensi\u00f3n\",\"Ultramediterr\u00e0nia\"],\"articleSection\":[\"Actualidad\",\"Noticias\",\"Portada\"],\"inLanguage\":\"es\"},{\"@type\":\"WebPage\",\"@id\":\"https:\\\/\\\/www.copealcoy.es\\\/es\\\/suspendida-la-ultamediterrania-por-nivel-3-de-alerta-y-riesgo-de-incendios\\\/\",\"url\":\"https:\\\/\\\/www.copealcoy.es\\\/es\\\/suspendida-la-ultamediterrania-por-nivel-3-de-alerta-y-riesgo-de-incendios\\\/\",\"name\":\"Suspendida la Ultamediterr\u00e0nia por Nivel 3 de alerta y riesgo de incendios - COPE Alcoy\",\"isPartOf\":{\"@id\":\"https:\\\/\\\/www.copealcoy.es\\\/es\\\/#website\"},\"primaryImageOfPage\":{\"@id\":\"https:\\\/\\\/www.copealcoy.es\\\/es\\\/suspendida-la-ultamediterrania-por-nivel-3-de-alerta-y-riesgo-de-incendios\\\/#primaryimage\"},\"image\":{\"@id\":\"https:\\\/\\\/www.copealcoy.es\\\/es\\\/suspendida-la-ultamediterrania-por-nivel-3-de-alerta-y-riesgo-de-incendios\\\/#primaryimage\"},\"thumbnailUrl\":\"https:\\\/\\\/www.copealcoy.es\\\/wp-content\\\/uploads\\\/2026\\\/01\\\/unnamed-1-23.jpg\",\"datePublished\":\"2026-01-24T21:15:19+00:00\",\"dateModified\":\"2026-01-24T21:17:48+00:00\",\"author\":{\"@id\":\"https:\\\/\\\/www.copealcoy.es\\\/es\\\/#\\\/schema\\\/person\\\/e777c87fa024e57d40170af9df39882c\"},\"breadcrumb\":{\"@id\":\"https:\\\/\\\/www.copealcoy.es\\\/es\\\/suspendida-la-ultamediterrania-por-nivel-3-de-alerta-y-riesgo-de-incendios\\\/#breadcrumb\"},\"inLanguage\":\"es\",\"potentialAction\":[{\"@type\":\"ReadAction\",\"target\":[\"https:\\\/\\\/www.copealcoy.es\\\/es\\\/suspendida-la-ultamediterrania-por-nivel-3-de-alerta-y-riesgo-de-incendios\\\/\"]}]},{\"@type\":\"ImageObject\",\"inLanguage\":\"es\",\"@id\":\"https:\\\/\\\/www.copealcoy.es\\\/es\\\/suspendida-la-ultamediterrania-por-nivel-3-de-alerta-y-riesgo-de-incendios\\\/#primaryimage\",\"url\":\"https:\\\/\\\/www.copealcoy.es\\\/wp-content\\\/uploads\\\/2026\\\/01\\\/unnamed-1-23.jpg\",\"contentUrl\":\"https:\\\/\\\/www.copealcoy.es\\\/wp-content\\\/uploads\\\/2026\\\/01\\\/unnamed-1-23.jpg\",\"width\":1092,\"height\":649},{\"@type\":\"BreadcrumbList\",\"@id\":\"https:\\\/\\\/www.copealcoy.es\\\/es\\\/suspendida-la-ultamediterrania-por-nivel-3-de-alerta-y-riesgo-de-incendios\\\/#breadcrumb\",\"itemListElement\":[{\"@type\":\"ListItem\",\"position\":1,\"name\":\"Portada\",\"item\":\"https:\\\/\\\/www.copealcoy.es\\\/es\\\/\"},{\"@type\":\"ListItem\",\"position\":2,\"name\":\"Suspendida la Ultamediterr\u00e0nia por Nivel 3 de alerta y riesgo de incendios\"}]},{\"@type\":\"WebSite\",\"@id\":\"https:\\\/\\\/www.copealcoy.es\\\/es\\\/#website\",\"url\":\"https:\\\/\\\/www.copealcoy.es\\\/es\\\/\",\"name\":\"COPE Alcoy\",\"description\":\"Emisora COPE de radio local con emisi\u00f3n online. Pont de Sant Jordi 8-10 03803 Alcoy\",\"potentialAction\":[{\"@type\":\"SearchAction\",\"target\":{\"@type\":\"EntryPoint\",\"urlTemplate\":\"https:\\\/\\\/www.copealcoy.es\\\/es\\\/?s={search_term_string}\"},\"query-input\":{\"@type\":\"PropertyValueSpecification\",\"valueRequired\":true,\"valueName\":\"search_term_string\"}}],\"inLanguage\":\"es\"},{\"@type\":\"Person\",\"@id\":\"https:\\\/\\\/www.copealcoy.es\\\/es\\\/#\\\/schema\\\/person\\\/e777c87fa024e57d40170af9df39882c\",\"name\":\"Cope Alcoy\",\"image\":{\"@type\":\"ImageObject\",\"inLanguage\":\"es\",\"@id\":\"https:\\\/\\\/secure.gravatar.com\\\/avatar\\\/bb65d0283347e303893ba14f0692005417c1e0e690a325a4c5d8bb2b3943ee14?s=96&d=mm&r=g\",\"url\":\"https:\\\/\\\/secure.gravatar.com\\\/avatar\\\/bb65d0283347e303893ba14f0692005417c1e0e690a325a4c5d8bb2b3943ee14?s=96&d=mm&r=g\",\"contentUrl\":\"https:\\\/\\\/secure.gravatar.com\\\/avatar\\\/bb65d0283347e303893ba14f0692005417c1e0e690a325a4c5d8bb2b3943ee14?s=96&d=mm&r=g\",\"caption\":\"Cope Alcoy\"}}]}<\/script>\n<!-- \/ Yoast SEO plugin. -->","yoast_head_json":{"title":"Suspendida la Ultamediterr\u00e0nia por Nivel 3 de alerta y riesgo de incendios - COPE Alcoy","robots":{"index":"index","follow":"follow","max-snippet":"max-snippet:-1","max-image-preview":"max-image-preview:large","max-video-preview":"max-video-preview:-1"},"canonical":"https:\/\/www.copealcoy.es\/es\/suspendida-la-ultamediterrania-por-nivel-3-de-alerta-y-riesgo-de-incendios\/","og_locale":"es_ES","og_type":"article","og_title":"Suspendida la Ultamediterr\u00e0nia por Nivel 3 de alerta y riesgo de incendios - COPE Alcoy","og_description":"La organizaci\u00f3n de la Ultramediterr\u00e0nia ha anunciado la suspensi\u00f3n de todas las carreras previstas para este domingo tras la actualizaci\u00f3n...","og_url":"https:\/\/www.copealcoy.es\/es\/suspendida-la-ultamediterrania-por-nivel-3-de-alerta-y-riesgo-de-incendios\/","og_site_name":"COPE Alcoy","article_published_time":"2026-01-24T21:15:19+00:00","article_modified_time":"2026-01-24T21:17:48+00:00","og_image":[{"width":1092,"height":649,"url":"https:\/\/www.copealcoy.es\/wp-content\/uploads\/2026\/01\/unnamed-1-23.jpg","type":"image\/jpeg"}],"author":"Cope Alcoy","twitter_misc":{"Escrito por":"Cope Alcoy","Tiempo de lectura":"2 minutos"},"schema":{"@context":"https:\/\/schema.org","@graph":[{"@type":"Article","@id":"https:\/\/www.copealcoy.es\/es\/suspendida-la-ultamediterrania-por-nivel-3-de-alerta-y-riesgo-de-incendios\/#article","isPartOf":{"@id":"https:\/\/www.copealcoy.es\/es\/suspendida-la-ultamediterrania-por-nivel-3-de-alerta-y-riesgo-de-incendios\/"},"author":{"name":"Cope Alcoy","@id":"https:\/\/www.copealcoy.es\/es\/#\/schema\/person\/e777c87fa024e57d40170af9df39882c"},"headline":"Suspendida la Ultamediterr\u00e0nia por Nivel 3 de alerta y riesgo de incendios","datePublished":"2026-01-24T21:15:19+00:00","dateModified":"2026-01-24T21:17:48+00:00","mainEntityOfPage":{"@id":"https:\/\/www.copealcoy.es\/es\/suspendida-la-ultamediterrania-por-nivel-3-de-alerta-y-riesgo-de-incendios\/"},"wordCount":320,"image":{"@id":"https:\/\/www.copealcoy.es\/es\/suspendida-la-ultamediterrania-por-nivel-3-de-alerta-y-riesgo-de-incendios\/#primaryimage"},"thumbnailUrl":"https:\/\/www.copealcoy.es\/wp-content\/uploads\/2026\/01\/unnamed-1-23.jpg","keywords":["Alcoi\u00e0","Alcoy","Comtat","riesgo incendios","suspensi\u00f3n","Ultramediterr\u00e0nia"],"articleSection":["Actualidad","Noticias","Portada"],"inLanguage":"es"},{"@type":"WebPage","@id":"https:\/\/www.copealcoy.es\/es\/suspendida-la-ultamediterrania-por-nivel-3-de-alerta-y-riesgo-de-incendios\/","url":"https:\/\/www.copealcoy.es\/es\/suspendida-la-ultamediterrania-por-nivel-3-de-alerta-y-riesgo-de-incendios\/","name":"Suspendida la Ultamediterr\u00e0nia por Nivel 3 de alerta y riesgo de incendios - COPE Alcoy","isPartOf":{"@id":"https:\/\/www.copealcoy.es\/es\/#website"},"primaryImageOfPage":{"@id":"https:\/\/www.copealcoy.es\/es\/suspendida-la-ultamediterrania-por-nivel-3-de-alerta-y-riesgo-de-incendios\/#primaryimage"},"image":{"@id":"https:\/\/www.copealcoy.es\/es\/suspendida-la-ultamediterrania-por-nivel-3-de-alerta-y-riesgo-de-incendios\/#primaryimage"},"thumbnailUrl":"https:\/\/www.copealcoy.es\/wp-content\/uploads\/2026\/01\/unnamed-1-23.jpg","datePublished":"2026-01-24T21:15:19+00:00","dateModified":"2026-01-24T21:17:48+00:00","author":{"@id":"https:\/\/www.copealcoy.es\/es\/#\/schema\/person\/e777c87fa024e57d40170af9df39882c"},"breadcrumb":{"@id":"https:\/\/www.copealcoy.es\/es\/suspendida-la-ultamediterrania-por-nivel-3-de-alerta-y-riesgo-de-incendios\/#breadcrumb"},"inLanguage":"es","potentialAction":[{"@type":"ReadAction","target":["https:\/\/www.copealcoy.es\/es\/suspendida-la-ultamediterrania-por-nivel-3-de-alerta-y-riesgo-de-incendios\/"]}]},{"@type":"ImageObject","inLanguage":"es","@id":"https:\/\/www.copealcoy.es\/es\/suspendida-la-ultamediterrania-por-nivel-3-de-alerta-y-riesgo-de-incendios\/#primaryimage","url":"https:\/\/www.copealcoy.es\/wp-content\/uploads\/2026\/01\/unnamed-1-23.jpg","contentUrl":"https:\/\/www.copealcoy.es\/wp-content\/uploads\/2026\/01\/unnamed-1-23.jpg","width":1092,"height":649},{"@type":"BreadcrumbList","@id":"https:\/\/www.copealcoy.es\/es\/suspendida-la-ultamediterrania-por-nivel-3-de-alerta-y-riesgo-de-incendios\/#breadcrumb","itemListElement":[{"@type":"ListItem","position":1,"name":"Portada","item":"https:\/\/www.copealcoy.es\/es\/"},{"@type":"ListItem","position":2,"name":"Suspendida la Ultamediterr\u00e0nia por Nivel 3 de alerta y riesgo de incendios"}]},{"@type":"WebSite","@id":"https:\/\/www.copealcoy.es\/es\/#website","url":"https:\/\/www.copealcoy.es\/es\/","name":"COPE Alcoy","description":"Emisora COPE de radio local con emisi\u00f3n online. Pont de Sant Jordi 8-10 03803 Alcoy","potentialAction":[{"@type":"SearchAction","target":{"@type":"EntryPoint","urlTemplate":"https:\/\/www.copealcoy.es\/es\/?s={search_term_string}"},"query-input":{"@type":"PropertyValueSpecification","valueRequired":true,"valueName":"search_term_string"}}],"inLanguage":"es"},{"@type":"Person","@id":"https:\/\/www.copealcoy.es\/es\/#\/schema\/person\/e777c87fa024e57d40170af9df39882c","name":"Cope Alcoy","image":{"@type":"ImageObject","inLanguage":"es","@id":"https:\/\/secure.gravatar.com\/avatar\/bb65d0283347e303893ba14f0692005417c1e0e690a325a4c5d8bb2b3943ee14?s=96&d=mm&r=g","url":"https:\/\/secure.gravatar.com\/avatar\/bb65d0283347e303893ba14f0692005417c1e0e690a325a4c5d8bb2b3943ee14?s=96&d=mm&r=g","contentUrl":"https:\/\/secure.gravatar.com\/avatar\/bb65d0283347e303893ba14f0692005417c1e0e690a325a4c5d8bb2b3943ee14?s=96&d=mm&r=g","caption":"Cope Alcoy"}}]}},"_links":{"self":[{"href":"https:\/\/www.copealcoy.es\/es\/wp-json\/wp\/v2\/posts\/162848","targetHints":{"allow":["GET"]}}],"collection":[{"href":"https:\/\/www.copealcoy.es\/es\/wp-json\/wp\/v2\/posts"}],"about":[{"href":"https:\/\/www.copealcoy.es\/es\/wp-json\/wp\/v2\/types\/post"}],"author":[{"embeddable":true,"href":"https:\/\/www.copealcoy.es\/es\/wp-json\/wp\/v2\/users\/1"}],"replies":[{"embeddable":true,"href":"https:\/\/www.copealcoy.es\/es\/wp-json\/wp\/v2\/comments?post=162848"}],"version-history":[{"count":1,"href":"https:\/\/www.copealcoy.es\/es\/wp-json\/wp\/v2\/posts\/162848\/revisions"}],"predecessor-version":[{"id":162851,"href":"https:\/\/www.copealcoy.es\/es\/wp-json\/wp\/v2\/posts\/162848\/revisions\/162851"}],"wp:featuredmedia":[{"embeddable":true,"href":"https:\/\/www.copealcoy.es\/es\/wp-json\/wp\/v2\/media\/162849"}],"wp:attachment":[{"href":"https:\/\/www.copealcoy.es\/es\/wp-json\/wp\/v2\/media?parent=162848"}],"wp:term":[{"taxonomy":"category","embeddable":true,"href":"https:\/\/www.copealcoy.es\/es\/wp-json\/wp\/v2\/categories?post=162848"},{"taxonomy":"post_tag","embeddable":true,"href":"https:\/\/www.copealcoy.es\/es\/wp-json\/wp\/v2\/tags?post=162848"}],"curies":[{"name":"wp","href":"https:\/\/api.w.org\/{rel}","templated":true}]}}