{"id":162838,"date":"2026-01-22T21:28:25","date_gmt":"2026-01-22T20:28:25","guid":{"rendered":"https:\/\/www.copealcoy.es\/?p=162838"},"modified":"2026-01-24T21:55:54","modified_gmt":"2026-01-24T20:55:54","slug":"llega-una-nueva-edicion-de-la-ultramediterrania-la-prueba-de-records-que-vertebra-a-nuestras-comarcas","status":"publish","type":"post","link":"https:\/\/www.copealcoy.es\/es\/llega-una-nueva-edicion-de-la-ultramediterrania-la-prueba-de-records-que-vertebra-a-nuestras-comarcas\/","title":{"rendered":"Llega una nueva edici\u00f3n de la Ultramediterr\u00e0nia, la prueba de r\u00e9cords que vertebra a nuestras comarcas"},"content":{"rendered":"<p style=\"text-align: justify;\" data-start=\"0\" data-end=\"462\">Ya est\u00e1 todo preparado para la celebraci\u00f3n de la <a href=\"https:\/\/ultramediterrania.com\/\" target=\"_blank\" rel=\"noopener\"><span style=\"color: #0000ff;\"><strong data-start=\"49\" data-end=\"75\">Ultramediterr\u00e0nia 2026<\/strong><\/span><\/a>, una de las pruebas de monta\u00f1a de resistencia m\u00e1s destacadas del calendario nacional e internacional que acogen nuestras comarcas y que cuenta con el respaldo de Uni\u00f3n Alcoyana Seguros. La carrera celebrar\u00e1 su <strong data-start=\"275\" data-end=\"315\">cuarta edici\u00f3n del 22 al 25 de enero<\/strong> y recorrer\u00e1 las comarcas de <strong data-start=\"344\" data-end=\"404\">L\u2019Alcoi\u00e0, El Comtat, la Marina Baixa y la Vall d\u2019Albaida<\/strong>, teniendo su centro neur\u00e1lgico en la ciudad de <strong data-start=\"452\" data-end=\"461\">Alcoy<\/strong>.<\/p>\n<p style=\"text-align: justify;\" data-start=\"464\" data-end=\"910\">Un total de <strong data-start=\"476\" data-end=\"525\">1.600 corredores procedentes de todo el mundo<\/strong> participar\u00e1n en este gran acontecimiento deportivo, entre ellos atletas de reconocido prestigio como <strong data-start=\"627\" data-end=\"689\">Noor Van der Veen, Mar\u00eda Fuentes, Jan Ballb\u00e9 o Pau Pascual<\/strong>, lo que refuerza el car\u00e1cter internacional y el alto nivel competitivo de la prueba. La Ultramediterr\u00e0nia se consolida as\u00ed como una cita de referencia para los amantes del trail running y las pruebas de ultraresistencia.<\/p>\n<p style=\"text-align: justify;\" data-start=\"912\" data-end=\"1329\">La competici\u00f3n cuenta con <strong data-start=\"938\" data-end=\"958\">ocho modalidades<\/strong>, adaptadas a diferentes distancias y niveles de dificultad, y su recorrido atravesar\u00e1 numerosos municipios del interior de la provincia de Alicante, entre ellos <strong data-start=\"1120\" data-end=\"1261\">Banyeres de Mariola, Pen\u00e0guila, Benasau, Quatretondeta, Planes, Muro, Millena, Gorga, Cocentaina, Beniarr\u00e9s, Alcoleja, Agres y Benifallim<\/strong>, contribuyendo a la promoci\u00f3n deportiva y tur\u00edstica del territorio.<\/p>\n<p style=\"text-align: justify;\" data-start=\"1331\" data-end=\"1724\" data-is-last-node=\"\" data-is-only-node=\"\">El reto m\u00e1s exigente de la Ultramediterr\u00e0nia ser\u00e1 el <strong data-start=\"1384\" data-end=\"1396\">PRO 162K<\/strong>, una prueba de <strong data-start=\"1412\" data-end=\"1426\">100 millas<\/strong> con <strong data-start=\"1431\" data-end=\"1468\">8.000 metros de desnivel positivo<\/strong>, dise\u00f1ada para poner a prueba la resistencia f\u00edsica y mental de los corredores m\u00e1s experimentados. La cita volver\u00e1 a situar a Alcoy y su entorno natural en el epicentro del trail de larga distancia durante un intenso fin de semana de deporte y superaci\u00f3n.<\/p>\n","protected":false},"excerpt":{"rendered":"<p>Ya est\u00e1 todo preparado para la celebraci\u00f3n de la Ultramediterr\u00e0nia 2026, una de las pruebas de monta\u00f1a de resistencia m\u00e1s&#8230;<\/p>\n","protected":false},"author":1,"featured_media":162839,"comment_status":"closed","ping_status":"closed","sticky":false,"template":"","format":"standard","meta":{"footnotes":""},"categories":[6909,97,92,87],"tags":[482,237,4775,15868],"class_list":["post-162838","post","type-post","status-publish","format-standard","has-post-thumbnail","hentry","category-actualidad","category-alcoy","category-deportes","category-opinion","tag-alcoia","tag-comtat","tag-nueva-edicion","tag-ultramediterrania"],"yoast_head":"<!-- This site is optimized with the Yoast SEO plugin v27.3 - https:\/\/yoast.com\/product\/yoast-seo-wordpress\/ -->\n<title>Llega una nueva edici\u00f3n de la Ultramediterr\u00e0nia, la prueba de r\u00e9cords que vertebra a nuestras comarcas - COPE Alcoy<\/title>\n<meta name=\"description\" content=\"Llega una nueva edici\u00f3n de la Ultramediterr\u00e0nia, la prueba de r\u00e9cords que vertebra nuestras comarcas\" \/>\n<meta name=\"robots\" content=\"index, follow, max-snippet:-1, max-image-preview:large, max-video-preview:-1\" \/>\n<link rel=\"canonical\" href=\"https:\/\/www.copealcoy.es\/es\/llega-una-nueva-edicion-de-la-ultramediterrania-la-prueba-de-records-que-vertebra-a-nuestras-comarcas\/\" \/>\n<meta property=\"og:locale\" content=\"es_ES\" \/>\n<meta property=\"og:type\" content=\"article\" \/>\n<meta property=\"og:title\" content=\"Llega una nueva edici\u00f3n de la Ultramediterr\u00e0nia, la prueba de r\u00e9cords que vertebra a nuestras comarcas - COPE Alcoy\" \/>\n<meta property=\"og:description\" content=\"Llega una nueva edici\u00f3n de la Ultramediterr\u00e0nia, la prueba de r\u00e9cords que vertebra nuestras comarcas\" \/>\n<meta property=\"og:url\" content=\"https:\/\/www.copealcoy.es\/es\/llega-una-nueva-edicion-de-la-ultramediterrania-la-prueba-de-records-que-vertebra-a-nuestras-comarcas\/\" \/>\n<meta property=\"og:site_name\" content=\"COPE Alcoy\" \/>\n<meta property=\"article:published_time\" content=\"2026-01-22T20:28:25+00:00\" \/>\n<meta property=\"article:modified_time\" content=\"2026-01-24T20:55:54+00:00\" \/>\n<meta property=\"og:image\" content=\"https:\/\/www.copealcoy.es\/wp-content\/uploads\/2026\/01\/unnamed-1-22-scaled.jpg\" \/>\n\t<meta property=\"og:image:width\" content=\"2560\" \/>\n\t<meta property=\"og:image:height\" content=\"1535\" \/>\n\t<meta property=\"og:image:type\" content=\"image\/jpeg\" \/>\n<meta name=\"author\" content=\"Cope Alcoy\" \/>\n<meta name=\"twitter:label1\" content=\"Escrito por\" \/>\n\t<meta name=\"twitter:data1\" content=\"Cope Alcoy\" \/>\n\t<meta name=\"twitter:label2\" content=\"Tiempo de lectura\" \/>\n\t<meta name=\"twitter:data2\" content=\"2 minutos\" \/>\n<script type=\"application\/ld+json\" class=\"yoast-schema-graph\">{\"@context\":\"https:\\\/\\\/schema.org\",\"@graph\":[{\"@type\":\"Article\",\"@id\":\"https:\\\/\\\/www.copealcoy.es\\\/es\\\/llega-una-nueva-edicion-de-la-ultramediterrania-la-prueba-de-records-que-vertebra-a-nuestras-comarcas\\\/#article\",\"isPartOf\":{\"@id\":\"https:\\\/\\\/www.copealcoy.es\\\/es\\\/llega-una-nueva-edicion-de-la-ultramediterrania-la-prueba-de-records-que-vertebra-a-nuestras-comarcas\\\/\"},\"author\":{\"name\":\"Cope Alcoy\",\"@id\":\"https:\\\/\\\/www.copealcoy.es\\\/es\\\/#\\\/schema\\\/person\\\/e777c87fa024e57d40170af9df39882c\"},\"headline\":\"Llega una nueva edici\u00f3n de la Ultramediterr\u00e0nia, la prueba de r\u00e9cords que vertebra a nuestras comarcas\",\"datePublished\":\"2026-01-22T20:28:25+00:00\",\"dateModified\":\"2026-01-24T20:55:54+00:00\",\"mainEntityOfPage\":{\"@id\":\"https:\\\/\\\/www.copealcoy.es\\\/es\\\/llega-una-nueva-edicion-de-la-ultramediterrania-la-prueba-de-records-que-vertebra-a-nuestras-comarcas\\\/\"},\"wordCount\":302,\"image\":{\"@id\":\"https:\\\/\\\/www.copealcoy.es\\\/es\\\/llega-una-nueva-edicion-de-la-ultramediterrania-la-prueba-de-records-que-vertebra-a-nuestras-comarcas\\\/#primaryimage\"},\"thumbnailUrl\":\"https:\\\/\\\/www.copealcoy.es\\\/wp-content\\\/uploads\\\/2026\\\/01\\\/unnamed-1-22-scaled.jpg\",\"keywords\":[\"Alcoi\u00e0\",\"Comtat\",\"nueva edici\u00f3n\",\"Ultramediterr\u00e0nia\"],\"articleSection\":[\"Actualidad\",\"Alcoy\",\"Deportes\",\"Opini\u00f3n\"],\"inLanguage\":\"es\"},{\"@type\":\"WebPage\",\"@id\":\"https:\\\/\\\/www.copealcoy.es\\\/es\\\/llega-una-nueva-edicion-de-la-ultramediterrania-la-prueba-de-records-que-vertebra-a-nuestras-comarcas\\\/\",\"url\":\"https:\\\/\\\/www.copealcoy.es\\\/es\\\/llega-una-nueva-edicion-de-la-ultramediterrania-la-prueba-de-records-que-vertebra-a-nuestras-comarcas\\\/\",\"name\":\"Llega una nueva edici\u00f3n de la Ultramediterr\u00e0nia, la prueba de r\u00e9cords que vertebra a nuestras comarcas - COPE Alcoy\",\"isPartOf\":{\"@id\":\"https:\\\/\\\/www.copealcoy.es\\\/es\\\/#website\"},\"primaryImageOfPage\":{\"@id\":\"https:\\\/\\\/www.copealcoy.es\\\/es\\\/llega-una-nueva-edicion-de-la-ultramediterrania-la-prueba-de-records-que-vertebra-a-nuestras-comarcas\\\/#primaryimage\"},\"image\":{\"@id\":\"https:\\\/\\\/www.copealcoy.es\\\/es\\\/llega-una-nueva-edicion-de-la-ultramediterrania-la-prueba-de-records-que-vertebra-a-nuestras-comarcas\\\/#primaryimage\"},\"thumbnailUrl\":\"https:\\\/\\\/www.copealcoy.es\\\/wp-content\\\/uploads\\\/2026\\\/01\\\/unnamed-1-22-scaled.jpg\",\"datePublished\":\"2026-01-22T20:28:25+00:00\",\"dateModified\":\"2026-01-24T20:55:54+00:00\",\"author\":{\"@id\":\"https:\\\/\\\/www.copealcoy.es\\\/es\\\/#\\\/schema\\\/person\\\/e777c87fa024e57d40170af9df39882c\"},\"description\":\"Llega una nueva edici\u00f3n de la Ultramediterr\u00e0nia, la prueba de r\u00e9cords que vertebra nuestras comarcas\",\"breadcrumb\":{\"@id\":\"https:\\\/\\\/www.copealcoy.es\\\/es\\\/llega-una-nueva-edicion-de-la-ultramediterrania-la-prueba-de-records-que-vertebra-a-nuestras-comarcas\\\/#breadcrumb\"},\"inLanguage\":\"es\",\"potentialAction\":[{\"@type\":\"ReadAction\",\"target\":[\"https:\\\/\\\/www.copealcoy.es\\\/es\\\/llega-una-nueva-edicion-de-la-ultramediterrania-la-prueba-de-records-que-vertebra-a-nuestras-comarcas\\\/\"]}]},{\"@type\":\"ImageObject\",\"inLanguage\":\"es\",\"@id\":\"https:\\\/\\\/www.copealcoy.es\\\/es\\\/llega-una-nueva-edicion-de-la-ultramediterrania-la-prueba-de-records-que-vertebra-a-nuestras-comarcas\\\/#primaryimage\",\"url\":\"https:\\\/\\\/www.copealcoy.es\\\/wp-content\\\/uploads\\\/2026\\\/01\\\/unnamed-1-22-scaled.jpg\",\"contentUrl\":\"https:\\\/\\\/www.copealcoy.es\\\/wp-content\\\/uploads\\\/2026\\\/01\\\/unnamed-1-22-scaled.jpg\",\"width\":2560,\"height\":1535},{\"@type\":\"BreadcrumbList\",\"@id\":\"https:\\\/\\\/www.copealcoy.es\\\/es\\\/llega-una-nueva-edicion-de-la-ultramediterrania-la-prueba-de-records-que-vertebra-a-nuestras-comarcas\\\/#breadcrumb\",\"itemListElement\":[{\"@type\":\"ListItem\",\"position\":1,\"name\":\"Portada\",\"item\":\"https:\\\/\\\/www.copealcoy.es\\\/es\\\/\"},{\"@type\":\"ListItem\",\"position\":2,\"name\":\"Llega una nueva edici\u00f3n de la Ultramediterr\u00e0nia, la prueba de r\u00e9cords que vertebra a nuestras comarcas\"}]},{\"@type\":\"WebSite\",\"@id\":\"https:\\\/\\\/www.copealcoy.es\\\/es\\\/#website\",\"url\":\"https:\\\/\\\/www.copealcoy.es\\\/es\\\/\",\"name\":\"COPE Alcoy\",\"description\":\"Emisora COPE de radio local con emisi\u00f3n online. Pont de Sant Jordi 8-10 03803 Alcoy\",\"potentialAction\":[{\"@type\":\"SearchAction\",\"target\":{\"@type\":\"EntryPoint\",\"urlTemplate\":\"https:\\\/\\\/www.copealcoy.es\\\/es\\\/?s={search_term_string}\"},\"query-input\":{\"@type\":\"PropertyValueSpecification\",\"valueRequired\":true,\"valueName\":\"search_term_string\"}}],\"inLanguage\":\"es\"},{\"@type\":\"Person\",\"@id\":\"https:\\\/\\\/www.copealcoy.es\\\/es\\\/#\\\/schema\\\/person\\\/e777c87fa024e57d40170af9df39882c\",\"name\":\"Cope Alcoy\",\"image\":{\"@type\":\"ImageObject\",\"inLanguage\":\"es\",\"@id\":\"https:\\\/\\\/secure.gravatar.com\\\/avatar\\\/bb65d0283347e303893ba14f0692005417c1e0e690a325a4c5d8bb2b3943ee14?s=96&d=mm&r=g\",\"url\":\"https:\\\/\\\/secure.gravatar.com\\\/avatar\\\/bb65d0283347e303893ba14f0692005417c1e0e690a325a4c5d8bb2b3943ee14?s=96&d=mm&r=g\",\"contentUrl\":\"https:\\\/\\\/secure.gravatar.com\\\/avatar\\\/bb65d0283347e303893ba14f0692005417c1e0e690a325a4c5d8bb2b3943ee14?s=96&d=mm&r=g\",\"caption\":\"Cope Alcoy\"}}]}<\/script>\n<!-- \/ Yoast SEO plugin. -->","yoast_head_json":{"title":"Llega una nueva edici\u00f3n de la Ultramediterr\u00e0nia, la prueba de r\u00e9cords que vertebra a nuestras comarcas - COPE Alcoy","description":"Llega una nueva edici\u00f3n de la Ultramediterr\u00e0nia, la prueba de r\u00e9cords que vertebra nuestras comarcas","robots":{"index":"index","follow":"follow","max-snippet":"max-snippet:-1","max-image-preview":"max-image-preview:large","max-video-preview":"max-video-preview:-1"},"canonical":"https:\/\/www.copealcoy.es\/es\/llega-una-nueva-edicion-de-la-ultramediterrania-la-prueba-de-records-que-vertebra-a-nuestras-comarcas\/","og_locale":"es_ES","og_type":"article","og_title":"Llega una nueva edici\u00f3n de la Ultramediterr\u00e0nia, la prueba de r\u00e9cords que vertebra a nuestras comarcas - COPE Alcoy","og_description":"Llega una nueva edici\u00f3n de la Ultramediterr\u00e0nia, la prueba de r\u00e9cords que vertebra nuestras comarcas","og_url":"https:\/\/www.copealcoy.es\/es\/llega-una-nueva-edicion-de-la-ultramediterrania-la-prueba-de-records-que-vertebra-a-nuestras-comarcas\/","og_site_name":"COPE Alcoy","article_published_time":"2026-01-22T20:28:25+00:00","article_modified_time":"2026-01-24T20:55:54+00:00","og_image":[{"width":2560,"height":1535,"url":"https:\/\/www.copealcoy.es\/wp-content\/uploads\/2026\/01\/unnamed-1-22-scaled.jpg","type":"image\/jpeg"}],"author":"Cope Alcoy","twitter_misc":{"Escrito por":"Cope Alcoy","Tiempo de lectura":"2 minutos"},"schema":{"@context":"https:\/\/schema.org","@graph":[{"@type":"Article","@id":"https:\/\/www.copealcoy.es\/es\/llega-una-nueva-edicion-de-la-ultramediterrania-la-prueba-de-records-que-vertebra-a-nuestras-comarcas\/#article","isPartOf":{"@id":"https:\/\/www.copealcoy.es\/es\/llega-una-nueva-edicion-de-la-ultramediterrania-la-prueba-de-records-que-vertebra-a-nuestras-comarcas\/"},"author":{"name":"Cope Alcoy","@id":"https:\/\/www.copealcoy.es\/es\/#\/schema\/person\/e777c87fa024e57d40170af9df39882c"},"headline":"Llega una nueva edici\u00f3n de la Ultramediterr\u00e0nia, la prueba de r\u00e9cords que vertebra a nuestras comarcas","datePublished":"2026-01-22T20:28:25+00:00","dateModified":"2026-01-24T20:55:54+00:00","mainEntityOfPage":{"@id":"https:\/\/www.copealcoy.es\/es\/llega-una-nueva-edicion-de-la-ultramediterrania-la-prueba-de-records-que-vertebra-a-nuestras-comarcas\/"},"wordCount":302,"image":{"@id":"https:\/\/www.copealcoy.es\/es\/llega-una-nueva-edicion-de-la-ultramediterrania-la-prueba-de-records-que-vertebra-a-nuestras-comarcas\/#primaryimage"},"thumbnailUrl":"https:\/\/www.copealcoy.es\/wp-content\/uploads\/2026\/01\/unnamed-1-22-scaled.jpg","keywords":["Alcoi\u00e0","Comtat","nueva edici\u00f3n","Ultramediterr\u00e0nia"],"articleSection":["Actualidad","Alcoy","Deportes","Opini\u00f3n"],"inLanguage":"es"},{"@type":"WebPage","@id":"https:\/\/www.copealcoy.es\/es\/llega-una-nueva-edicion-de-la-ultramediterrania-la-prueba-de-records-que-vertebra-a-nuestras-comarcas\/","url":"https:\/\/www.copealcoy.es\/es\/llega-una-nueva-edicion-de-la-ultramediterrania-la-prueba-de-records-que-vertebra-a-nuestras-comarcas\/","name":"Llega una nueva edici\u00f3n de la Ultramediterr\u00e0nia, la prueba de r\u00e9cords que vertebra a nuestras comarcas - COPE Alcoy","isPartOf":{"@id":"https:\/\/www.copealcoy.es\/es\/#website"},"primaryImageOfPage":{"@id":"https:\/\/www.copealcoy.es\/es\/llega-una-nueva-edicion-de-la-ultramediterrania-la-prueba-de-records-que-vertebra-a-nuestras-comarcas\/#primaryimage"},"image":{"@id":"https:\/\/www.copealcoy.es\/es\/llega-una-nueva-edicion-de-la-ultramediterrania-la-prueba-de-records-que-vertebra-a-nuestras-comarcas\/#primaryimage"},"thumbnailUrl":"https:\/\/www.copealcoy.es\/wp-content\/uploads\/2026\/01\/unnamed-1-22-scaled.jpg","datePublished":"2026-01-22T20:28:25+00:00","dateModified":"2026-01-24T20:55:54+00:00","author":{"@id":"https:\/\/www.copealcoy.es\/es\/#\/schema\/person\/e777c87fa024e57d40170af9df39882c"},"description":"Llega una nueva edici\u00f3n de la Ultramediterr\u00e0nia, la prueba de r\u00e9cords que vertebra nuestras comarcas","breadcrumb":{"@id":"https:\/\/www.copealcoy.es\/es\/llega-una-nueva-edicion-de-la-ultramediterrania-la-prueba-de-records-que-vertebra-a-nuestras-comarcas\/#breadcrumb"},"inLanguage":"es","potentialAction":[{"@type":"ReadAction","target":["https:\/\/www.copealcoy.es\/es\/llega-una-nueva-edicion-de-la-ultramediterrania-la-prueba-de-records-que-vertebra-a-nuestras-comarcas\/"]}]},{"@type":"ImageObject","inLanguage":"es","@id":"https:\/\/www.copealcoy.es\/es\/llega-una-nueva-edicion-de-la-ultramediterrania-la-prueba-de-records-que-vertebra-a-nuestras-comarcas\/#primaryimage","url":"https:\/\/www.copealcoy.es\/wp-content\/uploads\/2026\/01\/unnamed-1-22-scaled.jpg","contentUrl":"https:\/\/www.copealcoy.es\/wp-content\/uploads\/2026\/01\/unnamed-1-22-scaled.jpg","width":2560,"height":1535},{"@type":"BreadcrumbList","@id":"https:\/\/www.copealcoy.es\/es\/llega-una-nueva-edicion-de-la-ultramediterrania-la-prueba-de-records-que-vertebra-a-nuestras-comarcas\/#breadcrumb","itemListElement":[{"@type":"ListItem","position":1,"name":"Portada","item":"https:\/\/www.copealcoy.es\/es\/"},{"@type":"ListItem","position":2,"name":"Llega una nueva edici\u00f3n de la Ultramediterr\u00e0nia, la prueba de r\u00e9cords que vertebra a nuestras comarcas"}]},{"@type":"WebSite","@id":"https:\/\/www.copealcoy.es\/es\/#website","url":"https:\/\/www.copealcoy.es\/es\/","name":"COPE Alcoy","description":"Emisora COPE de radio local con emisi\u00f3n online. Pont de Sant Jordi 8-10 03803 Alcoy","potentialAction":[{"@type":"SearchAction","target":{"@type":"EntryPoint","urlTemplate":"https:\/\/www.copealcoy.es\/es\/?s={search_term_string}"},"query-input":{"@type":"PropertyValueSpecification","valueRequired":true,"valueName":"search_term_string"}}],"inLanguage":"es"},{"@type":"Person","@id":"https:\/\/www.copealcoy.es\/es\/#\/schema\/person\/e777c87fa024e57d40170af9df39882c","name":"Cope Alcoy","image":{"@type":"ImageObject","inLanguage":"es","@id":"https:\/\/secure.gravatar.com\/avatar\/bb65d0283347e303893ba14f0692005417c1e0e690a325a4c5d8bb2b3943ee14?s=96&d=mm&r=g","url":"https:\/\/secure.gravatar.com\/avatar\/bb65d0283347e303893ba14f0692005417c1e0e690a325a4c5d8bb2b3943ee14?s=96&d=mm&r=g","contentUrl":"https:\/\/secure.gravatar.com\/avatar\/bb65d0283347e303893ba14f0692005417c1e0e690a325a4c5d8bb2b3943ee14?s=96&d=mm&r=g","caption":"Cope Alcoy"}}]}},"_links":{"self":[{"href":"https:\/\/www.copealcoy.es\/es\/wp-json\/wp\/v2\/posts\/162838","targetHints":{"allow":["GET"]}}],"collection":[{"href":"https:\/\/www.copealcoy.es\/es\/wp-json\/wp\/v2\/posts"}],"about":[{"href":"https:\/\/www.copealcoy.es\/es\/wp-json\/wp\/v2\/types\/post"}],"author":[{"embeddable":true,"href":"https:\/\/www.copealcoy.es\/es\/wp-json\/wp\/v2\/users\/1"}],"replies":[{"embeddable":true,"href":"https:\/\/www.copealcoy.es\/es\/wp-json\/wp\/v2\/comments?post=162838"}],"version-history":[{"count":3,"href":"https:\/\/www.copealcoy.es\/es\/wp-json\/wp\/v2\/posts\/162838\/revisions"}],"predecessor-version":[{"id":162847,"href":"https:\/\/www.copealcoy.es\/es\/wp-json\/wp\/v2\/posts\/162838\/revisions\/162847"}],"wp:featuredmedia":[{"embeddable":true,"href":"https:\/\/www.copealcoy.es\/es\/wp-json\/wp\/v2\/media\/162839"}],"wp:attachment":[{"href":"https:\/\/www.copealcoy.es\/es\/wp-json\/wp\/v2\/media?parent=162838"}],"wp:term":[{"taxonomy":"category","embeddable":true,"href":"https:\/\/www.copealcoy.es\/es\/wp-json\/wp\/v2\/categories?post=162838"},{"taxonomy":"post_tag","embeddable":true,"href":"https:\/\/www.copealcoy.es\/es\/wp-json\/wp\/v2\/tags?post=162838"}],"curies":[{"name":"wp","href":"https:\/\/api.w.org\/{rel}","templated":true}]}}