{"id":162813,"date":"2026-01-19T09:00:15","date_gmt":"2026-01-19T08:00:15","guid":{"rendered":"https:\/\/www.copealcoy.es\/?p=162813"},"modified":"2026-01-24T21:17:02","modified_gmt":"2026-01-24T20:17:02","slug":"alcoy-cumple-un-ano-mas-con-la-tradicion-de-subir-en-romeria-hasta-sant-antoni","status":"publish","type":"post","link":"https:\/\/www.copealcoy.es\/es\/alcoy-cumple-un-ano-mas-con-la-tradicion-de-subir-en-romeria-hasta-sant-antoni\/","title":{"rendered":"Alcoy cumple un a\u00f1o m\u00e1s con la tradici\u00f3n de subir en Romer\u00eda hasta Sant Antoni"},"content":{"rendered":"<p style=\"text-align: justify;\"><strong><a href=\"https:\/\/www.alcoi.org\/ca\/portal\/index.html\" target=\"_blank\" rel=\"noopener\"><span style=\"color: #0000ff;\">Alcoy<\/span> <\/a><\/strong>volvi\u00f3 a celebrar este pasado fin de semana <strong>la tradicional festividad de San Antonio Abad<\/strong>, una celebraci\u00f3n que este a\u00f1o <strong>parec\u00eda que iba a estar condicionada por el mal tiempo<\/strong> pero que <strong>la climatolog\u00eda finalmente respet\u00f3<\/strong> pudi\u00e9ndose llevar a cabo con normalidad todos los actos revistos. La programaci\u00f3n arranc\u00f3 a primera hora de la tarde del s\u00e1bado con<strong> un pasacalle desde la Pla\u00e7a de Dins hasta La Glorieta<\/strong> donde se realiz\u00f3 <strong>la cl\u00e1sica bendici\u00f3n de animales<\/strong>, a cargo del titular de las parroquias del Centro Don Jes\u00fas Fuentes, con el acompa\u00f1amiento de la m\u00fasica tradicional. All\u00ed tambi\u00e9n, en el c\u00e9ntrico parque, <strong>hubo diferentes actividades<\/strong> organizadas por la Sociedad Protectora de Animales y Plantas de la ciudad.<\/p>\n<p style=\"text-align: justify;\">Ya el domingo fue el momento de <strong>la Romer\u00eda<\/strong> hasta el paraje de San Antoni arrancando la misma pasadas las 09:30h desde el aparcamiento del Polideportivo Municipal. Pese a que hac\u00eda frio, el sol fue el protagonista de la ma\u00f1ana y esto propici\u00f3 que el n\u00fameo de participantes fuera mayor que otros a\u00f1os a la hora de subir a pie hasta el ermitorio. Los hubo tambi\u00e9n que aprovecharon para ascender a caballo y <strong>la imagen de Sant Antoni fue llevada hasta lo alto del cerro en un carro tirado por una burra<\/strong> que tuvo que hacer varias paradas a lo largo del camino.<\/p>\n<p style=\"text-align: justify;\">La llegada de Sant Antoni fue recibida con el sonido de la Dol\u00e7aina i Tabal, y seguidamente <strong>la imagen del santo fue entronizada en el altar mayor del templo<\/strong>. Mientras tanto, fuera, <strong>el tiempo permiti\u00f3 el encendido de las hogueras para la cl\u00e1sica &#8216;Rostida&#8217;<\/strong> aprovechando gran parte de los asistentes para asar carne o embutidos para as\u00ed disfrutar de un <strong>buen almuerzo<\/strong>. A media ma\u00f1ana hubo <strong>bailes populares<\/strong>, de la mano del Grup de Danses Sant Jordi, y finalmente<strong> se celebr\u00f3 una misa en honor a Sant Antoni<\/strong> a mediod\u00eda con la que culmin\u00f3 la jornada.<\/p>\n<p style=\"text-align: justify;\">En COPE ALCOY pudimos hablar con el alcalde <strong>(Toni Franc\u00e9s)<\/strong> y el edil de Fiestas <strong>(Jordi Mart\u00ednez)<\/strong> para hacer balance de la Romer\u00eda 2026. A continuaci\u00f3n <strong>lo puedes escuchar<\/strong>:<\/p>\n<audio class=\"wp-audio-shortcode\" id=\"audio-162813-1\" preload=\"none\" style=\"width: 100%;\" controls=\"controls\"><source type=\"audio\/mpeg\" src=\"https:\/\/www.copealcoy.es\/wp-content\/uploads\/2026\/01\/Entrevista-Toni-Frances-Sant-Antoni.mp3?_=1\" \/><a href=\"https:\/\/www.copealcoy.es\/wp-content\/uploads\/2026\/01\/Entrevista-Toni-Frances-Sant-Antoni.mp3\">https:\/\/www.copealcoy.es\/wp-content\/uploads\/2026\/01\/Entrevista-Toni-Frances-Sant-Antoni.mp3<\/a><\/audio>\n<p>&nbsp;<\/p>\n<audio class=\"wp-audio-shortcode\" id=\"audio-162813-2\" preload=\"none\" style=\"width: 100%;\" controls=\"controls\"><source type=\"audio\/mpeg\" src=\"https:\/\/www.copealcoy.es\/wp-content\/uploads\/2026\/01\/Entrevista-Jordi-Martinez-Romeria-Sant-Antoni.mp3?_=2\" \/><a href=\"https:\/\/www.copealcoy.es\/wp-content\/uploads\/2026\/01\/Entrevista-Jordi-Martinez-Romeria-Sant-Antoni.mp3\">https:\/\/www.copealcoy.es\/wp-content\/uploads\/2026\/01\/Entrevista-Jordi-Martinez-Romeria-Sant-Antoni.mp3<\/a><\/audio>\n<p>&nbsp;<\/p>\n<div id='gallery-1' class='gallery galleryid-162813 gallery-columns-2 gallery-size-large'><figure class='gallery-item'>\n\t\t\t<div class='gallery-icon landscape'>\n\t\t\t\t<a href='https:\/\/www.copealcoy.es\/es\/alcoy-cumple-un-ano-mas-con-la-tradicion-de-subir-en-romeria-hasta-sant-antoni\/0-3-21\/'><img loading=\"lazy\" decoding=\"async\" width=\"980\" height=\"588\" src=\"https:\/\/www.copealcoy.es\/wp-content\/uploads\/2026\/01\/0-3-3-980x588.jpg\" class=\"attachment-large size-large\" alt=\"\" \/><\/a>\n\t\t\t<\/div><\/figure><figure class='gallery-item'>\n\t\t\t<div class='gallery-icon landscape'>\n\t\t\t\t<a href='https:\/\/www.copealcoy.es\/es\/alcoy-cumple-un-ano-mas-con-la-tradicion-de-subir-en-romeria-hasta-sant-antoni\/romeria-sant-antoni-alcoy-2026\/'><img loading=\"lazy\" decoding=\"async\" width=\"953\" height=\"588\" src=\"https:\/\/www.copealcoy.es\/wp-content\/uploads\/2026\/01\/0-11-953x588.jpg\" class=\"attachment-large size-large\" alt=\"\" \/><\/a>\n\t\t\t<\/div><\/figure><figure class='gallery-item'>\n\t\t\t<div class='gallery-icon landscape'>\n\t\t\t\t<a href='https:\/\/www.copealcoy.es\/es\/alcoy-cumple-un-ano-mas-con-la-tradicion-de-subir-en-romeria-hasta-sant-antoni\/0-4-17\/'><img loading=\"lazy\" decoding=\"async\" width=\"953\" height=\"588\" src=\"https:\/\/www.copealcoy.es\/wp-content\/uploads\/2026\/01\/0-4-2-953x588.jpg\" class=\"attachment-large size-large\" alt=\"\" \/><\/a>\n\t\t\t<\/div><\/figure><figure class='gallery-item'>\n\t\t\t<div class='gallery-icon landscape'>\n\t\t\t\t<a href='https:\/\/www.copealcoy.es\/es\/alcoy-cumple-un-ano-mas-con-la-tradicion-de-subir-en-romeria-hasta-sant-antoni\/0-2-27\/'><img loading=\"lazy\" decoding=\"async\" width=\"953\" height=\"588\" src=\"https:\/\/www.copealcoy.es\/wp-content\/uploads\/2026\/01\/0-2-6-953x588.jpg\" class=\"attachment-large size-large\" alt=\"\" \/><\/a>\n\t\t\t<\/div><\/figure><figure class='gallery-item'>\n\t\t\t<div class='gallery-icon landscape'>\n\t\t\t\t<a href='https:\/\/www.copealcoy.es\/es\/alcoy-cumple-un-ano-mas-con-la-tradicion-de-subir-en-romeria-hasta-sant-antoni\/unnamed-1-931\/'><img loading=\"lazy\" decoding=\"async\" width=\"980\" height=\"588\" src=\"https:\/\/www.copealcoy.es\/wp-content\/uploads\/2026\/01\/unnamed-1-21-980x588.jpg\" class=\"attachment-large size-large\" alt=\"\" \/><\/a>\n\t\t\t<\/div><\/figure><figure class='gallery-item'>\n\t\t\t<div class='gallery-icon landscape'>\n\t\t\t\t<a href='https:\/\/www.copealcoy.es\/es\/alcoy-cumple-un-ano-mas-con-la-tradicion-de-subir-en-romeria-hasta-sant-antoni\/unnamed-1-930\/'><img loading=\"lazy\" decoding=\"async\" width=\"980\" height=\"588\" src=\"https:\/\/www.copealcoy.es\/wp-content\/uploads\/2026\/01\/unnamed-1-20-980x588.jpg\" class=\"attachment-large size-large\" alt=\"\" \/><\/a>\n\t\t\t<\/div><\/figure>\n\t\t<\/div>\n\n","protected":false},"excerpt":{"rendered":"<p>Alcoy volvi\u00f3 a celebrar este pasado fin de semana la tradicional festividad de San Antonio Abad, una celebraci\u00f3n que este&#8230;<\/p>\n","protected":false},"author":1,"featured_media":162814,"comment_status":"closed","ping_status":"closed","sticky":false,"template":"","format":"standard","meta":{"footnotes":""},"categories":[6909,97,78,75],"tags":[1494,6997,5127,5121],"class_list":["post-162813","post","type-post","status-publish","format-standard","has-post-thumbnail","hentry","category-actualidad","category-alcoy","category-fiestaycultura","category-noticias","tag-alcoy","tag-festividad","tag-patron-de-los-animales","tag-san-antonio-abad"],"yoast_head":"<!-- This site is optimized with the Yoast SEO plugin v27.3 - https:\/\/yoast.com\/product\/yoast-seo-wordpress\/ -->\n<title>Alcoy cumple un a\u00f1o m\u00e1s con la tradici\u00f3n de subir en Romer\u00eda hasta Sant Antoni - COPE Alcoy<\/title>\n<meta name=\"description\" content=\"Alcoy cumple un a\u00f1o m\u00e1s con la tradici\u00f3n de subir en Romer\u00eda hasta Sant Antoni\" \/>\n<meta name=\"robots\" content=\"index, follow, max-snippet:-1, max-image-preview:large, max-video-preview:-1\" \/>\n<link rel=\"canonical\" href=\"https:\/\/www.copealcoy.es\/es\/alcoy-cumple-un-ano-mas-con-la-tradicion-de-subir-en-romeria-hasta-sant-antoni\/\" \/>\n<meta property=\"og:locale\" content=\"es_ES\" \/>\n<meta property=\"og:type\" content=\"article\" \/>\n<meta property=\"og:title\" content=\"Alcoy cumple un a\u00f1o m\u00e1s con la tradici\u00f3n de subir en Romer\u00eda hasta Sant Antoni - COPE Alcoy\" \/>\n<meta property=\"og:description\" content=\"Alcoy cumple un a\u00f1o m\u00e1s con la tradici\u00f3n de subir en Romer\u00eda hasta Sant Antoni\" \/>\n<meta property=\"og:url\" content=\"https:\/\/www.copealcoy.es\/es\/alcoy-cumple-un-ano-mas-con-la-tradicion-de-subir-en-romeria-hasta-sant-antoni\/\" \/>\n<meta property=\"og:site_name\" content=\"COPE Alcoy\" \/>\n<meta property=\"article:published_time\" content=\"2026-01-19T08:00:15+00:00\" \/>\n<meta property=\"article:modified_time\" content=\"2026-01-24T20:17:02+00:00\" \/>\n<meta property=\"og:image\" content=\"https:\/\/www.copealcoy.es\/wp-content\/uploads\/2026\/01\/unnamed-1-20-scaled.jpg\" \/>\n\t<meta property=\"og:image:width\" content=\"2560\" \/>\n\t<meta property=\"og:image:height\" content=\"1920\" \/>\n\t<meta property=\"og:image:type\" content=\"image\/jpeg\" \/>\n<meta name=\"author\" content=\"Cope Alcoy\" \/>\n<meta name=\"twitter:label1\" content=\"Escrito por\" \/>\n\t<meta name=\"twitter:data1\" content=\"Cope Alcoy\" \/>\n\t<meta name=\"twitter:label2\" content=\"Tiempo de lectura\" \/>\n\t<meta name=\"twitter:data2\" content=\"3 minutos\" \/>\n<script type=\"application\/ld+json\" class=\"yoast-schema-graph\">{\"@context\":\"https:\\\/\\\/schema.org\",\"@graph\":[{\"@type\":\"Article\",\"@id\":\"https:\\\/\\\/www.copealcoy.es\\\/es\\\/alcoy-cumple-un-ano-mas-con-la-tradicion-de-subir-en-romeria-hasta-sant-antoni\\\/#article\",\"isPartOf\":{\"@id\":\"https:\\\/\\\/www.copealcoy.es\\\/es\\\/alcoy-cumple-un-ano-mas-con-la-tradicion-de-subir-en-romeria-hasta-sant-antoni\\\/\"},\"author\":{\"name\":\"Cope Alcoy\",\"@id\":\"https:\\\/\\\/www.copealcoy.es\\\/es\\\/#\\\/schema\\\/person\\\/e777c87fa024e57d40170af9df39882c\"},\"headline\":\"Alcoy cumple un a\u00f1o m\u00e1s con la tradici\u00f3n de subir en Romer\u00eda hasta Sant Antoni\",\"datePublished\":\"2026-01-19T08:00:15+00:00\",\"dateModified\":\"2026-01-24T20:17:02+00:00\",\"mainEntityOfPage\":{\"@id\":\"https:\\\/\\\/www.copealcoy.es\\\/es\\\/alcoy-cumple-un-ano-mas-con-la-tradicion-de-subir-en-romeria-hasta-sant-antoni\\\/\"},\"wordCount\":421,\"image\":{\"@id\":\"https:\\\/\\\/www.copealcoy.es\\\/es\\\/alcoy-cumple-un-ano-mas-con-la-tradicion-de-subir-en-romeria-hasta-sant-antoni\\\/#primaryimage\"},\"thumbnailUrl\":\"https:\\\/\\\/www.copealcoy.es\\\/wp-content\\\/uploads\\\/2026\\\/01\\\/unnamed-1-20-scaled.jpg\",\"keywords\":[\"Alcoy\",\"festividad\",\"patr\u00f3n de los animales\",\"San Antonio Abad\"],\"articleSection\":[\"Actualidad\",\"Alcoy\",\"Fiesta y Cultura\",\"Noticias\"],\"inLanguage\":\"es\"},{\"@type\":\"WebPage\",\"@id\":\"https:\\\/\\\/www.copealcoy.es\\\/es\\\/alcoy-cumple-un-ano-mas-con-la-tradicion-de-subir-en-romeria-hasta-sant-antoni\\\/\",\"url\":\"https:\\\/\\\/www.copealcoy.es\\\/es\\\/alcoy-cumple-un-ano-mas-con-la-tradicion-de-subir-en-romeria-hasta-sant-antoni\\\/\",\"name\":\"Alcoy cumple un a\u00f1o m\u00e1s con la tradici\u00f3n de subir en Romer\u00eda hasta Sant Antoni - COPE Alcoy\",\"isPartOf\":{\"@id\":\"https:\\\/\\\/www.copealcoy.es\\\/es\\\/#website\"},\"primaryImageOfPage\":{\"@id\":\"https:\\\/\\\/www.copealcoy.es\\\/es\\\/alcoy-cumple-un-ano-mas-con-la-tradicion-de-subir-en-romeria-hasta-sant-antoni\\\/#primaryimage\"},\"image\":{\"@id\":\"https:\\\/\\\/www.copealcoy.es\\\/es\\\/alcoy-cumple-un-ano-mas-con-la-tradicion-de-subir-en-romeria-hasta-sant-antoni\\\/#primaryimage\"},\"thumbnailUrl\":\"https:\\\/\\\/www.copealcoy.es\\\/wp-content\\\/uploads\\\/2026\\\/01\\\/unnamed-1-20-scaled.jpg\",\"datePublished\":\"2026-01-19T08:00:15+00:00\",\"dateModified\":\"2026-01-24T20:17:02+00:00\",\"author\":{\"@id\":\"https:\\\/\\\/www.copealcoy.es\\\/es\\\/#\\\/schema\\\/person\\\/e777c87fa024e57d40170af9df39882c\"},\"description\":\"Alcoy cumple un a\u00f1o m\u00e1s con la tradici\u00f3n de subir en Romer\u00eda hasta Sant Antoni\",\"breadcrumb\":{\"@id\":\"https:\\\/\\\/www.copealcoy.es\\\/es\\\/alcoy-cumple-un-ano-mas-con-la-tradicion-de-subir-en-romeria-hasta-sant-antoni\\\/#breadcrumb\"},\"inLanguage\":\"es\",\"potentialAction\":[{\"@type\":\"ReadAction\",\"target\":[\"https:\\\/\\\/www.copealcoy.es\\\/es\\\/alcoy-cumple-un-ano-mas-con-la-tradicion-de-subir-en-romeria-hasta-sant-antoni\\\/\"]}]},{\"@type\":\"ImageObject\",\"inLanguage\":\"es\",\"@id\":\"https:\\\/\\\/www.copealcoy.es\\\/es\\\/alcoy-cumple-un-ano-mas-con-la-tradicion-de-subir-en-romeria-hasta-sant-antoni\\\/#primaryimage\",\"url\":\"https:\\\/\\\/www.copealcoy.es\\\/wp-content\\\/uploads\\\/2026\\\/01\\\/unnamed-1-20-scaled.jpg\",\"contentUrl\":\"https:\\\/\\\/www.copealcoy.es\\\/wp-content\\\/uploads\\\/2026\\\/01\\\/unnamed-1-20-scaled.jpg\",\"width\":2560,\"height\":1920},{\"@type\":\"BreadcrumbList\",\"@id\":\"https:\\\/\\\/www.copealcoy.es\\\/es\\\/alcoy-cumple-un-ano-mas-con-la-tradicion-de-subir-en-romeria-hasta-sant-antoni\\\/#breadcrumb\",\"itemListElement\":[{\"@type\":\"ListItem\",\"position\":1,\"name\":\"Portada\",\"item\":\"https:\\\/\\\/www.copealcoy.es\\\/es\\\/\"},{\"@type\":\"ListItem\",\"position\":2,\"name\":\"Alcoy cumple un a\u00f1o m\u00e1s con la tradici\u00f3n de subir en Romer\u00eda hasta Sant Antoni\"}]},{\"@type\":\"WebSite\",\"@id\":\"https:\\\/\\\/www.copealcoy.es\\\/es\\\/#website\",\"url\":\"https:\\\/\\\/www.copealcoy.es\\\/es\\\/\",\"name\":\"COPE Alcoy\",\"description\":\"Emisora COPE de radio local con emisi\u00f3n online. Pont de Sant Jordi 8-10 03803 Alcoy\",\"potentialAction\":[{\"@type\":\"SearchAction\",\"target\":{\"@type\":\"EntryPoint\",\"urlTemplate\":\"https:\\\/\\\/www.copealcoy.es\\\/es\\\/?s={search_term_string}\"},\"query-input\":{\"@type\":\"PropertyValueSpecification\",\"valueRequired\":true,\"valueName\":\"search_term_string\"}}],\"inLanguage\":\"es\"},{\"@type\":\"Person\",\"@id\":\"https:\\\/\\\/www.copealcoy.es\\\/es\\\/#\\\/schema\\\/person\\\/e777c87fa024e57d40170af9df39882c\",\"name\":\"Cope Alcoy\",\"image\":{\"@type\":\"ImageObject\",\"inLanguage\":\"es\",\"@id\":\"https:\\\/\\\/secure.gravatar.com\\\/avatar\\\/bb65d0283347e303893ba14f0692005417c1e0e690a325a4c5d8bb2b3943ee14?s=96&d=mm&r=g\",\"url\":\"https:\\\/\\\/secure.gravatar.com\\\/avatar\\\/bb65d0283347e303893ba14f0692005417c1e0e690a325a4c5d8bb2b3943ee14?s=96&d=mm&r=g\",\"contentUrl\":\"https:\\\/\\\/secure.gravatar.com\\\/avatar\\\/bb65d0283347e303893ba14f0692005417c1e0e690a325a4c5d8bb2b3943ee14?s=96&d=mm&r=g\",\"caption\":\"Cope Alcoy\"}}]}<\/script>\n<!-- \/ Yoast SEO plugin. -->","yoast_head_json":{"title":"Alcoy cumple un a\u00f1o m\u00e1s con la tradici\u00f3n de subir en Romer\u00eda hasta Sant Antoni - COPE Alcoy","description":"Alcoy cumple un a\u00f1o m\u00e1s con la tradici\u00f3n de subir en Romer\u00eda hasta Sant Antoni","robots":{"index":"index","follow":"follow","max-snippet":"max-snippet:-1","max-image-preview":"max-image-preview:large","max-video-preview":"max-video-preview:-1"},"canonical":"https:\/\/www.copealcoy.es\/es\/alcoy-cumple-un-ano-mas-con-la-tradicion-de-subir-en-romeria-hasta-sant-antoni\/","og_locale":"es_ES","og_type":"article","og_title":"Alcoy cumple un a\u00f1o m\u00e1s con la tradici\u00f3n de subir en Romer\u00eda hasta Sant Antoni - COPE Alcoy","og_description":"Alcoy cumple un a\u00f1o m\u00e1s con la tradici\u00f3n de subir en Romer\u00eda hasta Sant Antoni","og_url":"https:\/\/www.copealcoy.es\/es\/alcoy-cumple-un-ano-mas-con-la-tradicion-de-subir-en-romeria-hasta-sant-antoni\/","og_site_name":"COPE Alcoy","article_published_time":"2026-01-19T08:00:15+00:00","article_modified_time":"2026-01-24T20:17:02+00:00","og_image":[{"width":2560,"height":1920,"url":"https:\/\/www.copealcoy.es\/wp-content\/uploads\/2026\/01\/unnamed-1-20-scaled.jpg","type":"image\/jpeg"}],"author":"Cope Alcoy","twitter_misc":{"Escrito por":"Cope Alcoy","Tiempo de lectura":"3 minutos"},"schema":{"@context":"https:\/\/schema.org","@graph":[{"@type":"Article","@id":"https:\/\/www.copealcoy.es\/es\/alcoy-cumple-un-ano-mas-con-la-tradicion-de-subir-en-romeria-hasta-sant-antoni\/#article","isPartOf":{"@id":"https:\/\/www.copealcoy.es\/es\/alcoy-cumple-un-ano-mas-con-la-tradicion-de-subir-en-romeria-hasta-sant-antoni\/"},"author":{"name":"Cope Alcoy","@id":"https:\/\/www.copealcoy.es\/es\/#\/schema\/person\/e777c87fa024e57d40170af9df39882c"},"headline":"Alcoy cumple un a\u00f1o m\u00e1s con la tradici\u00f3n de subir en Romer\u00eda hasta Sant Antoni","datePublished":"2026-01-19T08:00:15+00:00","dateModified":"2026-01-24T20:17:02+00:00","mainEntityOfPage":{"@id":"https:\/\/www.copealcoy.es\/es\/alcoy-cumple-un-ano-mas-con-la-tradicion-de-subir-en-romeria-hasta-sant-antoni\/"},"wordCount":421,"image":{"@id":"https:\/\/www.copealcoy.es\/es\/alcoy-cumple-un-ano-mas-con-la-tradicion-de-subir-en-romeria-hasta-sant-antoni\/#primaryimage"},"thumbnailUrl":"https:\/\/www.copealcoy.es\/wp-content\/uploads\/2026\/01\/unnamed-1-20-scaled.jpg","keywords":["Alcoy","festividad","patr\u00f3n de los animales","San Antonio Abad"],"articleSection":["Actualidad","Alcoy","Fiesta y Cultura","Noticias"],"inLanguage":"es"},{"@type":"WebPage","@id":"https:\/\/www.copealcoy.es\/es\/alcoy-cumple-un-ano-mas-con-la-tradicion-de-subir-en-romeria-hasta-sant-antoni\/","url":"https:\/\/www.copealcoy.es\/es\/alcoy-cumple-un-ano-mas-con-la-tradicion-de-subir-en-romeria-hasta-sant-antoni\/","name":"Alcoy cumple un a\u00f1o m\u00e1s con la tradici\u00f3n de subir en Romer\u00eda hasta Sant Antoni - COPE Alcoy","isPartOf":{"@id":"https:\/\/www.copealcoy.es\/es\/#website"},"primaryImageOfPage":{"@id":"https:\/\/www.copealcoy.es\/es\/alcoy-cumple-un-ano-mas-con-la-tradicion-de-subir-en-romeria-hasta-sant-antoni\/#primaryimage"},"image":{"@id":"https:\/\/www.copealcoy.es\/es\/alcoy-cumple-un-ano-mas-con-la-tradicion-de-subir-en-romeria-hasta-sant-antoni\/#primaryimage"},"thumbnailUrl":"https:\/\/www.copealcoy.es\/wp-content\/uploads\/2026\/01\/unnamed-1-20-scaled.jpg","datePublished":"2026-01-19T08:00:15+00:00","dateModified":"2026-01-24T20:17:02+00:00","author":{"@id":"https:\/\/www.copealcoy.es\/es\/#\/schema\/person\/e777c87fa024e57d40170af9df39882c"},"description":"Alcoy cumple un a\u00f1o m\u00e1s con la tradici\u00f3n de subir en Romer\u00eda hasta Sant Antoni","breadcrumb":{"@id":"https:\/\/www.copealcoy.es\/es\/alcoy-cumple-un-ano-mas-con-la-tradicion-de-subir-en-romeria-hasta-sant-antoni\/#breadcrumb"},"inLanguage":"es","potentialAction":[{"@type":"ReadAction","target":["https:\/\/www.copealcoy.es\/es\/alcoy-cumple-un-ano-mas-con-la-tradicion-de-subir-en-romeria-hasta-sant-antoni\/"]}]},{"@type":"ImageObject","inLanguage":"es","@id":"https:\/\/www.copealcoy.es\/es\/alcoy-cumple-un-ano-mas-con-la-tradicion-de-subir-en-romeria-hasta-sant-antoni\/#primaryimage","url":"https:\/\/www.copealcoy.es\/wp-content\/uploads\/2026\/01\/unnamed-1-20-scaled.jpg","contentUrl":"https:\/\/www.copealcoy.es\/wp-content\/uploads\/2026\/01\/unnamed-1-20-scaled.jpg","width":2560,"height":1920},{"@type":"BreadcrumbList","@id":"https:\/\/www.copealcoy.es\/es\/alcoy-cumple-un-ano-mas-con-la-tradicion-de-subir-en-romeria-hasta-sant-antoni\/#breadcrumb","itemListElement":[{"@type":"ListItem","position":1,"name":"Portada","item":"https:\/\/www.copealcoy.es\/es\/"},{"@type":"ListItem","position":2,"name":"Alcoy cumple un a\u00f1o m\u00e1s con la tradici\u00f3n de subir en Romer\u00eda hasta Sant Antoni"}]},{"@type":"WebSite","@id":"https:\/\/www.copealcoy.es\/es\/#website","url":"https:\/\/www.copealcoy.es\/es\/","name":"COPE Alcoy","description":"Emisora COPE de radio local con emisi\u00f3n online. Pont de Sant Jordi 8-10 03803 Alcoy","potentialAction":[{"@type":"SearchAction","target":{"@type":"EntryPoint","urlTemplate":"https:\/\/www.copealcoy.es\/es\/?s={search_term_string}"},"query-input":{"@type":"PropertyValueSpecification","valueRequired":true,"valueName":"search_term_string"}}],"inLanguage":"es"},{"@type":"Person","@id":"https:\/\/www.copealcoy.es\/es\/#\/schema\/person\/e777c87fa024e57d40170af9df39882c","name":"Cope Alcoy","image":{"@type":"ImageObject","inLanguage":"es","@id":"https:\/\/secure.gravatar.com\/avatar\/bb65d0283347e303893ba14f0692005417c1e0e690a325a4c5d8bb2b3943ee14?s=96&d=mm&r=g","url":"https:\/\/secure.gravatar.com\/avatar\/bb65d0283347e303893ba14f0692005417c1e0e690a325a4c5d8bb2b3943ee14?s=96&d=mm&r=g","contentUrl":"https:\/\/secure.gravatar.com\/avatar\/bb65d0283347e303893ba14f0692005417c1e0e690a325a4c5d8bb2b3943ee14?s=96&d=mm&r=g","caption":"Cope Alcoy"}}]}},"_links":{"self":[{"href":"https:\/\/www.copealcoy.es\/es\/wp-json\/wp\/v2\/posts\/162813","targetHints":{"allow":["GET"]}}],"collection":[{"href":"https:\/\/www.copealcoy.es\/es\/wp-json\/wp\/v2\/posts"}],"about":[{"href":"https:\/\/www.copealcoy.es\/es\/wp-json\/wp\/v2\/types\/post"}],"author":[{"embeddable":true,"href":"https:\/\/www.copealcoy.es\/es\/wp-json\/wp\/v2\/users\/1"}],"replies":[{"embeddable":true,"href":"https:\/\/www.copealcoy.es\/es\/wp-json\/wp\/v2\/comments?post=162813"}],"version-history":[{"count":3,"href":"https:\/\/www.copealcoy.es\/es\/wp-json\/wp\/v2\/posts\/162813\/revisions"}],"predecessor-version":[{"id":162836,"href":"https:\/\/www.copealcoy.es\/es\/wp-json\/wp\/v2\/posts\/162813\/revisions\/162836"}],"wp:featuredmedia":[{"embeddable":true,"href":"https:\/\/www.copealcoy.es\/es\/wp-json\/wp\/v2\/media\/162814"}],"wp:attachment":[{"href":"https:\/\/www.copealcoy.es\/es\/wp-json\/wp\/v2\/media?parent=162813"}],"wp:term":[{"taxonomy":"category","embeddable":true,"href":"https:\/\/www.copealcoy.es\/es\/wp-json\/wp\/v2\/categories?post=162813"},{"taxonomy":"post_tag","embeddable":true,"href":"https:\/\/www.copealcoy.es\/es\/wp-json\/wp\/v2\/tags?post=162813"}],"curies":[{"name":"wp","href":"https:\/\/api.w.org\/{rel}","templated":true}]}}