{"id":162793,"date":"2026-01-23T21:36:27","date_gmt":"2026-01-23T20:36:27","guid":{"rendered":"https:\/\/www.copealcoy.es\/?p=162793"},"modified":"2026-01-26T16:06:37","modified_gmt":"2026-01-26T15:06:37","slug":"alcoy-presenta-en-fitur-el-750-aniversario-del-patronazgo-de-san-jorge","status":"publish","type":"post","link":"https:\/\/www.copealcoy.es\/es\/alcoy-presenta-en-fitur-el-750-aniversario-del-patronazgo-de-san-jorge\/","title":{"rendered":"Alcoy presenta en FITUR el 750 aniversario del patronazgo de San Jorge"},"content":{"rendered":"<p style=\"text-align: justify;\">La <a href=\"https:\/\/www.ifema.es\/fitur\" target=\"_blank\" rel=\"noopener\"><span style=\"color: #0000ff;\"><strong>Feria Internacional del Turismo (FITUR)<\/strong><\/span><\/a> ha sido escenario este viernes, 23 de enero, de <strong>la presentaci\u00f3n del A\u00f1o Jubilar concedido por la Santa Sede a Alcoy para celebrar el 750 aniversario del patronazgo de San Jorge<\/strong>. El acto ha tenido lugar en <strong>la plaza central del stand de la Comunitat Valenciana<\/strong> y ha estado presidido por el presidente de la Diputaci\u00f3n de Alicante, <strong>Toni P\u00e9rez<\/strong>, acompa\u00f1ado de una notable representaci\u00f3n institucional tanto del Ayuntamiento como de la Asociaci\u00f3n de San Jorge.<\/p>\n<p style=\"text-align: justify;\">Durante la citada presentaci\u00f3n se ha destacado que <strong>el A\u00f1o Jubilar constituye una importante oportunidad para Alcoy, y tambi\u00e9n sus Fiestas de Moros y Cristianos<\/strong>, al mismo tiempo que <strong>se han recordado algunas de las actividades<\/strong> que est\u00e1n previstas para los pr\u00f3ximos meses. Cabe se\u00f1alar que <strong>este tiempo de gracia arrancar\u00e1 el 23 de abril de este a\u00f1o<\/strong>, festividad de San Jorge, y se alargar\u00e1 hasta la misma fecha del pr\u00f3ximo a\u00f1o <strong>incluyendo<\/strong> peregrinaciones a la iglesia del patr\u00f3n para la obtenci\u00f3n de la indulgencia plenaria, actividades culturales, actos religiosos e iniciativas tur\u00edsticas como rutas. Tambi\u00e9n se prev\u00e9n propuestas de car\u00e1cter social y ben\u00e9fico sin dejar de lado la visita de San Jorge a las parroquias de la ciudad, los centros de mayores y colegios, el Hospital Virgen de los Lirios o el Cementerio Municipal.\u00a0El logotipo de la conmemoraci\u00f3n ha presidido el acto y tambi\u00e9n se ha dado a conocer un v\u00eddeo que refleja los valores de la Nostra Festa y la figura de nuestro patr\u00f3n elaborado por Jorge Hinojosa y Conticino Films.<\/p>\n<p style=\"text-align: justify;\">El arranque del A\u00f1o Jubilar dedicado a San Jorge <strong>ha contado tambi\u00e9n con la presencia<\/strong> del diputado provincial y portavoz del PP en el Ayuntamiento de Alcoy, Carlos Pastor, junto al alcalde (Toni Franc\u00e9s), el vicealcalde (\u00c0lex Cerradelo) y la edil de Turismo (Lorena Zamorano). Junto a ellos Francisco Garc\u00eda (Presidente de la Asociaci\u00f3n de San Jorge), Carmina N\u00e1cher (Directora del MAF), S\u00edlvia Sempere (al frente de la coordinaci\u00f3n de la creaci\u00f3n del logotipo del aniversario) y Don Jesus Fuentes (Vicari de Sant Jordi).<\/p>\n","protected":false},"excerpt":{"rendered":"<p>La Feria Internacional del Turismo (FITUR) ha sido escenario este viernes, 23 de enero, de la presentaci\u00f3n del A\u00f1o Jubilar&#8230;<\/p>\n","protected":false},"author":1,"featured_media":162794,"comment_status":"closed","ping_status":"closed","sticky":false,"template":"","format":"standard","meta":{"footnotes":""},"categories":[6909,97,75,125],"tags":[17120,1494,10746,596,19140,1370],"class_list":["post-162793","post","type-post","status-publish","format-standard","has-post-thumbnail","hentry","category-actualidad","category-alcoy","category-noticias","category-portada","tag-750-aniversario","tag-alcoy","tag-ano-jubilar","tag-fitur","tag-patronazgo-de-san-jorge","tag-presentacion"],"yoast_head":"<!-- This site is optimized with the Yoast SEO plugin v27.3 - https:\/\/yoast.com\/product\/yoast-seo-wordpress\/ -->\n<title>Alcoy presenta en FITUR el 750 aniversario del patronazgo de San Jorge - COPE Alcoy<\/title>\n<meta name=\"description\" content=\"Alcoy da a conocer en FITUR el 750 aniversario del patronazgo de San Jorge\" \/>\n<meta name=\"robots\" content=\"index, follow, max-snippet:-1, max-image-preview:large, max-video-preview:-1\" \/>\n<link rel=\"canonical\" href=\"https:\/\/www.copealcoy.es\/es\/alcoy-presenta-en-fitur-el-750-aniversario-del-patronazgo-de-san-jorge\/\" \/>\n<meta property=\"og:locale\" content=\"es_ES\" \/>\n<meta property=\"og:type\" content=\"article\" \/>\n<meta property=\"og:title\" content=\"Alcoy presenta en FITUR el 750 aniversario del patronazgo de San Jorge - COPE Alcoy\" \/>\n<meta property=\"og:description\" content=\"Alcoy da a conocer en FITUR el 750 aniversario del patronazgo de San Jorge\" \/>\n<meta property=\"og:url\" content=\"https:\/\/www.copealcoy.es\/es\/alcoy-presenta-en-fitur-el-750-aniversario-del-patronazgo-de-san-jorge\/\" \/>\n<meta property=\"og:site_name\" content=\"COPE Alcoy\" \/>\n<meta property=\"article:published_time\" content=\"2026-01-23T20:36:27+00:00\" \/>\n<meta property=\"article:modified_time\" content=\"2026-01-26T15:06:37+00:00\" \/>\n<meta property=\"og:image\" content=\"https:\/\/www.copealcoy.es\/wp-content\/uploads\/2026\/01\/unnamed-1-19.jpg\" \/>\n\t<meta property=\"og:image:width\" content=\"1600\" \/>\n\t<meta property=\"og:image:height\" content=\"972\" \/>\n\t<meta property=\"og:image:type\" content=\"image\/jpeg\" \/>\n<meta name=\"author\" content=\"Cope Alcoy\" \/>\n<meta name=\"twitter:label1\" content=\"Escrito por\" \/>\n\t<meta name=\"twitter:data1\" content=\"Cope Alcoy\" \/>\n\t<meta name=\"twitter:label2\" content=\"Tiempo de lectura\" \/>\n\t<meta name=\"twitter:data2\" content=\"3 minutos\" \/>\n<script type=\"application\/ld+json\" class=\"yoast-schema-graph\">{\"@context\":\"https:\\\/\\\/schema.org\",\"@graph\":[{\"@type\":\"Article\",\"@id\":\"https:\\\/\\\/www.copealcoy.es\\\/es\\\/alcoy-presenta-en-fitur-el-750-aniversario-del-patronazgo-de-san-jorge\\\/#article\",\"isPartOf\":{\"@id\":\"https:\\\/\\\/www.copealcoy.es\\\/es\\\/alcoy-presenta-en-fitur-el-750-aniversario-del-patronazgo-de-san-jorge\\\/\"},\"author\":{\"name\":\"Cope Alcoy\",\"@id\":\"https:\\\/\\\/www.copealcoy.es\\\/es\\\/#\\\/schema\\\/person\\\/e777c87fa024e57d40170af9df39882c\"},\"headline\":\"Alcoy presenta en FITUR el 750 aniversario del patronazgo de San Jorge\",\"datePublished\":\"2026-01-23T20:36:27+00:00\",\"dateModified\":\"2026-01-26T15:06:37+00:00\",\"mainEntityOfPage\":{\"@id\":\"https:\\\/\\\/www.copealcoy.es\\\/es\\\/alcoy-presenta-en-fitur-el-750-aniversario-del-patronazgo-de-san-jorge\\\/\"},\"wordCount\":384,\"image\":{\"@id\":\"https:\\\/\\\/www.copealcoy.es\\\/es\\\/alcoy-presenta-en-fitur-el-750-aniversario-del-patronazgo-de-san-jorge\\\/#primaryimage\"},\"thumbnailUrl\":\"https:\\\/\\\/www.copealcoy.es\\\/wp-content\\\/uploads\\\/2026\\\/01\\\/unnamed-1-19.jpg\",\"keywords\":[\"750 aniversario\",\"Alcoy\",\"A\u00f1o Jubilar\",\"FITUR\",\"patronazgo de San Jorge\",\"presentaci\u00f3n\"],\"articleSection\":[\"Actualidad\",\"Alcoy\",\"Noticias\",\"Portada\"],\"inLanguage\":\"es\"},{\"@type\":\"WebPage\",\"@id\":\"https:\\\/\\\/www.copealcoy.es\\\/es\\\/alcoy-presenta-en-fitur-el-750-aniversario-del-patronazgo-de-san-jorge\\\/\",\"url\":\"https:\\\/\\\/www.copealcoy.es\\\/es\\\/alcoy-presenta-en-fitur-el-750-aniversario-del-patronazgo-de-san-jorge\\\/\",\"name\":\"Alcoy presenta en FITUR el 750 aniversario del patronazgo de San Jorge - COPE Alcoy\",\"isPartOf\":{\"@id\":\"https:\\\/\\\/www.copealcoy.es\\\/es\\\/#website\"},\"primaryImageOfPage\":{\"@id\":\"https:\\\/\\\/www.copealcoy.es\\\/es\\\/alcoy-presenta-en-fitur-el-750-aniversario-del-patronazgo-de-san-jorge\\\/#primaryimage\"},\"image\":{\"@id\":\"https:\\\/\\\/www.copealcoy.es\\\/es\\\/alcoy-presenta-en-fitur-el-750-aniversario-del-patronazgo-de-san-jorge\\\/#primaryimage\"},\"thumbnailUrl\":\"https:\\\/\\\/www.copealcoy.es\\\/wp-content\\\/uploads\\\/2026\\\/01\\\/unnamed-1-19.jpg\",\"datePublished\":\"2026-01-23T20:36:27+00:00\",\"dateModified\":\"2026-01-26T15:06:37+00:00\",\"author\":{\"@id\":\"https:\\\/\\\/www.copealcoy.es\\\/es\\\/#\\\/schema\\\/person\\\/e777c87fa024e57d40170af9df39882c\"},\"description\":\"Alcoy da a conocer en FITUR el 750 aniversario del patronazgo de San Jorge\",\"breadcrumb\":{\"@id\":\"https:\\\/\\\/www.copealcoy.es\\\/es\\\/alcoy-presenta-en-fitur-el-750-aniversario-del-patronazgo-de-san-jorge\\\/#breadcrumb\"},\"inLanguage\":\"es\",\"potentialAction\":[{\"@type\":\"ReadAction\",\"target\":[\"https:\\\/\\\/www.copealcoy.es\\\/es\\\/alcoy-presenta-en-fitur-el-750-aniversario-del-patronazgo-de-san-jorge\\\/\"]}]},{\"@type\":\"ImageObject\",\"inLanguage\":\"es\",\"@id\":\"https:\\\/\\\/www.copealcoy.es\\\/es\\\/alcoy-presenta-en-fitur-el-750-aniversario-del-patronazgo-de-san-jorge\\\/#primaryimage\",\"url\":\"https:\\\/\\\/www.copealcoy.es\\\/wp-content\\\/uploads\\\/2026\\\/01\\\/unnamed-1-19.jpg\",\"contentUrl\":\"https:\\\/\\\/www.copealcoy.es\\\/wp-content\\\/uploads\\\/2026\\\/01\\\/unnamed-1-19.jpg\",\"width\":1600,\"height\":972},{\"@type\":\"BreadcrumbList\",\"@id\":\"https:\\\/\\\/www.copealcoy.es\\\/es\\\/alcoy-presenta-en-fitur-el-750-aniversario-del-patronazgo-de-san-jorge\\\/#breadcrumb\",\"itemListElement\":[{\"@type\":\"ListItem\",\"position\":1,\"name\":\"Portada\",\"item\":\"https:\\\/\\\/www.copealcoy.es\\\/es\\\/\"},{\"@type\":\"ListItem\",\"position\":2,\"name\":\"Alcoy presenta en FITUR el 750 aniversario del patronazgo de San Jorge\"}]},{\"@type\":\"WebSite\",\"@id\":\"https:\\\/\\\/www.copealcoy.es\\\/es\\\/#website\",\"url\":\"https:\\\/\\\/www.copealcoy.es\\\/es\\\/\",\"name\":\"COPE Alcoy\",\"description\":\"Emisora COPE de radio local con emisi\u00f3n online. Pont de Sant Jordi 8-10 03803 Alcoy\",\"potentialAction\":[{\"@type\":\"SearchAction\",\"target\":{\"@type\":\"EntryPoint\",\"urlTemplate\":\"https:\\\/\\\/www.copealcoy.es\\\/es\\\/?s={search_term_string}\"},\"query-input\":{\"@type\":\"PropertyValueSpecification\",\"valueRequired\":true,\"valueName\":\"search_term_string\"}}],\"inLanguage\":\"es\"},{\"@type\":\"Person\",\"@id\":\"https:\\\/\\\/www.copealcoy.es\\\/es\\\/#\\\/schema\\\/person\\\/e777c87fa024e57d40170af9df39882c\",\"name\":\"Cope Alcoy\",\"image\":{\"@type\":\"ImageObject\",\"inLanguage\":\"es\",\"@id\":\"https:\\\/\\\/secure.gravatar.com\\\/avatar\\\/bb65d0283347e303893ba14f0692005417c1e0e690a325a4c5d8bb2b3943ee14?s=96&d=mm&r=g\",\"url\":\"https:\\\/\\\/secure.gravatar.com\\\/avatar\\\/bb65d0283347e303893ba14f0692005417c1e0e690a325a4c5d8bb2b3943ee14?s=96&d=mm&r=g\",\"contentUrl\":\"https:\\\/\\\/secure.gravatar.com\\\/avatar\\\/bb65d0283347e303893ba14f0692005417c1e0e690a325a4c5d8bb2b3943ee14?s=96&d=mm&r=g\",\"caption\":\"Cope Alcoy\"}}]}<\/script>\n<!-- \/ Yoast SEO plugin. -->","yoast_head_json":{"title":"Alcoy presenta en FITUR el 750 aniversario del patronazgo de San Jorge - COPE Alcoy","description":"Alcoy da a conocer en FITUR el 750 aniversario del patronazgo de San Jorge","robots":{"index":"index","follow":"follow","max-snippet":"max-snippet:-1","max-image-preview":"max-image-preview:large","max-video-preview":"max-video-preview:-1"},"canonical":"https:\/\/www.copealcoy.es\/es\/alcoy-presenta-en-fitur-el-750-aniversario-del-patronazgo-de-san-jorge\/","og_locale":"es_ES","og_type":"article","og_title":"Alcoy presenta en FITUR el 750 aniversario del patronazgo de San Jorge - COPE Alcoy","og_description":"Alcoy da a conocer en FITUR el 750 aniversario del patronazgo de San Jorge","og_url":"https:\/\/www.copealcoy.es\/es\/alcoy-presenta-en-fitur-el-750-aniversario-del-patronazgo-de-san-jorge\/","og_site_name":"COPE Alcoy","article_published_time":"2026-01-23T20:36:27+00:00","article_modified_time":"2026-01-26T15:06:37+00:00","og_image":[{"width":1600,"height":972,"url":"https:\/\/www.copealcoy.es\/wp-content\/uploads\/2026\/01\/unnamed-1-19.jpg","type":"image\/jpeg"}],"author":"Cope Alcoy","twitter_misc":{"Escrito por":"Cope Alcoy","Tiempo de lectura":"3 minutos"},"schema":{"@context":"https:\/\/schema.org","@graph":[{"@type":"Article","@id":"https:\/\/www.copealcoy.es\/es\/alcoy-presenta-en-fitur-el-750-aniversario-del-patronazgo-de-san-jorge\/#article","isPartOf":{"@id":"https:\/\/www.copealcoy.es\/es\/alcoy-presenta-en-fitur-el-750-aniversario-del-patronazgo-de-san-jorge\/"},"author":{"name":"Cope Alcoy","@id":"https:\/\/www.copealcoy.es\/es\/#\/schema\/person\/e777c87fa024e57d40170af9df39882c"},"headline":"Alcoy presenta en FITUR el 750 aniversario del patronazgo de San Jorge","datePublished":"2026-01-23T20:36:27+00:00","dateModified":"2026-01-26T15:06:37+00:00","mainEntityOfPage":{"@id":"https:\/\/www.copealcoy.es\/es\/alcoy-presenta-en-fitur-el-750-aniversario-del-patronazgo-de-san-jorge\/"},"wordCount":384,"image":{"@id":"https:\/\/www.copealcoy.es\/es\/alcoy-presenta-en-fitur-el-750-aniversario-del-patronazgo-de-san-jorge\/#primaryimage"},"thumbnailUrl":"https:\/\/www.copealcoy.es\/wp-content\/uploads\/2026\/01\/unnamed-1-19.jpg","keywords":["750 aniversario","Alcoy","A\u00f1o Jubilar","FITUR","patronazgo de San Jorge","presentaci\u00f3n"],"articleSection":["Actualidad","Alcoy","Noticias","Portada"],"inLanguage":"es"},{"@type":"WebPage","@id":"https:\/\/www.copealcoy.es\/es\/alcoy-presenta-en-fitur-el-750-aniversario-del-patronazgo-de-san-jorge\/","url":"https:\/\/www.copealcoy.es\/es\/alcoy-presenta-en-fitur-el-750-aniversario-del-patronazgo-de-san-jorge\/","name":"Alcoy presenta en FITUR el 750 aniversario del patronazgo de San Jorge - COPE Alcoy","isPartOf":{"@id":"https:\/\/www.copealcoy.es\/es\/#website"},"primaryImageOfPage":{"@id":"https:\/\/www.copealcoy.es\/es\/alcoy-presenta-en-fitur-el-750-aniversario-del-patronazgo-de-san-jorge\/#primaryimage"},"image":{"@id":"https:\/\/www.copealcoy.es\/es\/alcoy-presenta-en-fitur-el-750-aniversario-del-patronazgo-de-san-jorge\/#primaryimage"},"thumbnailUrl":"https:\/\/www.copealcoy.es\/wp-content\/uploads\/2026\/01\/unnamed-1-19.jpg","datePublished":"2026-01-23T20:36:27+00:00","dateModified":"2026-01-26T15:06:37+00:00","author":{"@id":"https:\/\/www.copealcoy.es\/es\/#\/schema\/person\/e777c87fa024e57d40170af9df39882c"},"description":"Alcoy da a conocer en FITUR el 750 aniversario del patronazgo de San Jorge","breadcrumb":{"@id":"https:\/\/www.copealcoy.es\/es\/alcoy-presenta-en-fitur-el-750-aniversario-del-patronazgo-de-san-jorge\/#breadcrumb"},"inLanguage":"es","potentialAction":[{"@type":"ReadAction","target":["https:\/\/www.copealcoy.es\/es\/alcoy-presenta-en-fitur-el-750-aniversario-del-patronazgo-de-san-jorge\/"]}]},{"@type":"ImageObject","inLanguage":"es","@id":"https:\/\/www.copealcoy.es\/es\/alcoy-presenta-en-fitur-el-750-aniversario-del-patronazgo-de-san-jorge\/#primaryimage","url":"https:\/\/www.copealcoy.es\/wp-content\/uploads\/2026\/01\/unnamed-1-19.jpg","contentUrl":"https:\/\/www.copealcoy.es\/wp-content\/uploads\/2026\/01\/unnamed-1-19.jpg","width":1600,"height":972},{"@type":"BreadcrumbList","@id":"https:\/\/www.copealcoy.es\/es\/alcoy-presenta-en-fitur-el-750-aniversario-del-patronazgo-de-san-jorge\/#breadcrumb","itemListElement":[{"@type":"ListItem","position":1,"name":"Portada","item":"https:\/\/www.copealcoy.es\/es\/"},{"@type":"ListItem","position":2,"name":"Alcoy presenta en FITUR el 750 aniversario del patronazgo de San Jorge"}]},{"@type":"WebSite","@id":"https:\/\/www.copealcoy.es\/es\/#website","url":"https:\/\/www.copealcoy.es\/es\/","name":"COPE Alcoy","description":"Emisora COPE de radio local con emisi\u00f3n online. Pont de Sant Jordi 8-10 03803 Alcoy","potentialAction":[{"@type":"SearchAction","target":{"@type":"EntryPoint","urlTemplate":"https:\/\/www.copealcoy.es\/es\/?s={search_term_string}"},"query-input":{"@type":"PropertyValueSpecification","valueRequired":true,"valueName":"search_term_string"}}],"inLanguage":"es"},{"@type":"Person","@id":"https:\/\/www.copealcoy.es\/es\/#\/schema\/person\/e777c87fa024e57d40170af9df39882c","name":"Cope Alcoy","image":{"@type":"ImageObject","inLanguage":"es","@id":"https:\/\/secure.gravatar.com\/avatar\/bb65d0283347e303893ba14f0692005417c1e0e690a325a4c5d8bb2b3943ee14?s=96&d=mm&r=g","url":"https:\/\/secure.gravatar.com\/avatar\/bb65d0283347e303893ba14f0692005417c1e0e690a325a4c5d8bb2b3943ee14?s=96&d=mm&r=g","contentUrl":"https:\/\/secure.gravatar.com\/avatar\/bb65d0283347e303893ba14f0692005417c1e0e690a325a4c5d8bb2b3943ee14?s=96&d=mm&r=g","caption":"Cope Alcoy"}}]}},"_links":{"self":[{"href":"https:\/\/www.copealcoy.es\/es\/wp-json\/wp\/v2\/posts\/162793","targetHints":{"allow":["GET"]}}],"collection":[{"href":"https:\/\/www.copealcoy.es\/es\/wp-json\/wp\/v2\/posts"}],"about":[{"href":"https:\/\/www.copealcoy.es\/es\/wp-json\/wp\/v2\/types\/post"}],"author":[{"embeddable":true,"href":"https:\/\/www.copealcoy.es\/es\/wp-json\/wp\/v2\/users\/1"}],"replies":[{"embeddable":true,"href":"https:\/\/www.copealcoy.es\/es\/wp-json\/wp\/v2\/comments?post=162793"}],"version-history":[{"count":3,"href":"https:\/\/www.copealcoy.es\/es\/wp-json\/wp\/v2\/posts\/162793\/revisions"}],"predecessor-version":[{"id":162886,"href":"https:\/\/www.copealcoy.es\/es\/wp-json\/wp\/v2\/posts\/162793\/revisions\/162886"}],"wp:featuredmedia":[{"embeddable":true,"href":"https:\/\/www.copealcoy.es\/es\/wp-json\/wp\/v2\/media\/162794"}],"wp:attachment":[{"href":"https:\/\/www.copealcoy.es\/es\/wp-json\/wp\/v2\/media?parent=162793"}],"wp:term":[{"taxonomy":"category","embeddable":true,"href":"https:\/\/www.copealcoy.es\/es\/wp-json\/wp\/v2\/categories?post=162793"},{"taxonomy":"post_tag","embeddable":true,"href":"https:\/\/www.copealcoy.es\/es\/wp-json\/wp\/v2\/tags?post=162793"}],"curies":[{"name":"wp","href":"https:\/\/api.w.org\/{rel}","templated":true}]}}