{"id":162780,"date":"2026-01-23T07:31:57","date_gmt":"2026-01-23T06:31:57","guid":{"rendered":"https:\/\/www.copealcoy.es\/?p=162780"},"modified":"2026-01-23T22:05:18","modified_gmt":"2026-01-23T21:05:18","slug":"informativo-matinal-viernes-23-de-enero-2026-0750h","status":"publish","type":"post","link":"https:\/\/www.copealcoy.es\/es\/informativo-matinal-viernes-23-de-enero-2026-0750h\/","title":{"rendered":"Informativo matinal viernes 23 de enero 2026 (07:50h)"},"content":{"rendered":"<p><iframe loading=\"lazy\" title=\"Informativo Matinal Viernes 23 De Enero 2026 (07:50h)\" width=\"100%\" height=\"120\" src=\"https:\/\/www.mixcloud.com\/widget\/iframe\/?feed=https%3A%2F%2Fwww.mixcloud.com%2FCOPEAlcoy%2Finformativo-matinal-viernes-23-de-enero-2026-0750h%2F&amp;hide_cover=1\" frameborder=\"0\" allow=\"encrypted-media; fullscreen; autoplay; idle-detection; speaker-selection; web-share;\"><\/iframe><\/p>\n<p style=\"text-align: justify;\">Hoy viernes os hemos hablado de <strong>las ayudas que ha concedido Cocentaina para viviendas del casco antiguo<\/strong> a trav\u00e9s de la convocatoria de adecuaci\u00f3n de fachadas y cerramientos. Tambi\u00e9n <strong>nos hemos centrado en los nuevos contratos para la recogida de residuos y la limpieza viaria de Alcoy<\/strong>.<\/p>\n<p style=\"text-align: justify;\" data-start=\"269\" data-end=\"709\">Avanza el proceso para la adjudicaci\u00f3n de la nueva<strong data-start=\"369\" data-end=\"423\">\u00a0recogida de residuos y limpieza viaria de<span style=\"color: #0000ff;\">\u00a0<a style=\"color: #0000ff;\" href=\"https:\/\/www.alcoi.org\/ca\/portal\/index.html\" target=\"_blank\" rel=\"noopener\">Alcoy<\/a><\/span><\/strong><span style=\"color: #0000ff;\">,<\/span> el contrato de mayor cuant\u00eda econ\u00f3mica del Ayuntamiento. Tras finalizar el plazo de presentaci\u00f3n de ofertas, la\u00a0<strong data-start=\"536\" data-end=\"560\">Mesa de Contrataci\u00f3n<\/strong>\u00a0ha abierto los sobres administrativos, confirmando la concurrencia de varias empresas interesadas en gestionar ambos servicios clave.<\/p>\n<p style=\"text-align: justify;\" data-start=\"711\" data-end=\"1163\">En total,\u00a0<strong data-start=\"721\" data-end=\"769\">tres empresas han presentado sus propuestas<\/strong>\u00a0para el lote correspondiente a la\u00a0<strong data-start=\"804\" data-end=\"844\">recogida de residuos s\u00f3lidos urbanos<\/strong>, mientras que\u00a0<strong data-start=\"859\" data-end=\"913\">dos\u00a0 han optado al lote de limpieza viaria<\/strong>, coincidiendo ambas con algunas de las que tambi\u00e9n aspiran al servicio de recogida. Esta pluralidad de ofertas permitir\u00e1 a los t\u00e9cnicos municipales\u00a0<strong data-start=\"1062\" data-end=\"1124\">evaluar distintas propuestas y seleccionar la m\u00e1s adecuada<\/strong>\u00a0a las necesidades actuales de Alcoy\u00a0<em data-start=\"1264\" data-end=\"1780\">\u201cvaloramos el inter\u00e9s que han mostrado las empresas por gestionar este servicio en Alcoy, ya que nos encontramos ante el contrato m\u00e1s importante del Ayuntamiento y es vital contar con propuestas solventes que nos permitan dar el salto de calidad que la ciudadan\u00eda pide. Estamos ante un contrato estrat\u00e9gico que supondr\u00e1 una mejora muy significativa y transformadora en la recogida de residuos y la limpieza de la ciudad, ya que nos permitir\u00e1 disponer de m\u00e1s personal en la calle y aumentar las frecuencias de paso\u201d,<\/em>\u00a0expresa el alcalde,\u00a0<strong>Toni Franc\u00e9s<\/strong>.\u00a0Seg\u00fan Franc\u00e9s,\u00a0<strong data-start=\"1800\" data-end=\"1885\">los beneficios de la nueva adjudicaci\u00f3n ser\u00e1n directos para los vecinos y vecinas<\/strong>\u00a0<em data-start=\"1887\" data-end=\"2169\">\u201cel objetivo final de todo este proceso administrativo es conseguir un Alcoy m\u00e1s limpio, m\u00e1s sostenible y con un servicio eficiente que llegue a todos los rincones de nuestra ciudad, mejorando el d\u00eda a d\u00eda mediante una gesti\u00f3n moderna y adaptada a las normativas medioambientales\u201d,\u00a0<\/em>apunta.<\/p>\n<p style=\"text-align: justify;\" data-start=\"2174\" data-end=\"2669\">El nuevo contrato supondr\u00e1 una\u00a0<strong data-start=\"2205\" data-end=\"2245\">transformaci\u00f3n integral del servicio<\/strong>, con un presupuesto anual cercano a los\u00a0<strong data-start=\"2286\" data-end=\"2311\">6,7 millones de euros<\/strong>, un incremento significativo respecto a la licitaci\u00f3n anterior. Entre sus objetivos, remarcan desde el gobierno local, destaca la\u00a0<strong data-start=\"2408\" data-end=\"2442\">modernizaci\u00f3n de la maquinaria<\/strong>, la implantaci\u00f3n de\u00a0<strong data-start=\"2463\" data-end=\"2495\">nuevos sistemas tecnol\u00f3gicos<\/strong>, como el\u00a0<strong data-start=\"2505\" data-end=\"2549\">cierre electr\u00f3nico del contenedor marr\u00f3n<\/strong>, y un\u00a0<strong data-start=\"2556\" data-end=\"2581\">refuerzo de plantilla<\/strong>, que pasar\u00e1 de 78 a 104 trabajadores para aumentar la presencia en todos los barrios.<\/p>\n","protected":false},"excerpt":{"rendered":"<p>Hoy viernes os hemos hablado de las ayudas que ha concedido Cocentaina para viviendas del casco antiguo a trav\u00e9s de&#8230;<\/p>\n","protected":false},"author":1,"featured_media":147669,"comment_status":"closed","ping_status":"closed","sticky":false,"template":"","format":"standard","meta":{"footnotes":""},"categories":[6909,89,91,75],"tags":[],"class_list":["post-162780","post","type-post","status-publish","format-standard","has-post-thumbnail","hentry","category-actualidad","category-audiosdelosprogramas","category-informativos","category-noticias"],"yoast_head":"<!-- This site is optimized with the Yoast SEO plugin v27.3 - https:\/\/yoast.com\/product\/yoast-seo-wordpress\/ -->\n<title>Informativo matinal viernes 23 de enero 2026 (07:50h) - COPE Alcoy<\/title>\n<meta name=\"robots\" content=\"index, follow, max-snippet:-1, max-image-preview:large, max-video-preview:-1\" \/>\n<link rel=\"canonical\" href=\"https:\/\/www.copealcoy.es\/es\/informativo-matinal-viernes-23-de-enero-2026-0750h\/\" \/>\n<meta property=\"og:locale\" content=\"es_ES\" \/>\n<meta property=\"og:type\" content=\"article\" \/>\n<meta property=\"og:title\" content=\"Informativo matinal viernes 23 de enero 2026 (07:50h) - COPE Alcoy\" \/>\n<meta property=\"og:description\" content=\"Hoy viernes os hemos hablado de las ayudas que ha concedido Cocentaina para viviendas del casco antiguo a trav\u00e9s de...\" \/>\n<meta property=\"og:url\" content=\"https:\/\/www.copealcoy.es\/es\/informativo-matinal-viernes-23-de-enero-2026-0750h\/\" \/>\n<meta property=\"og:site_name\" content=\"COPE Alcoy\" \/>\n<meta property=\"article:published_time\" content=\"2026-01-23T06:31:57+00:00\" \/>\n<meta property=\"article:modified_time\" content=\"2026-01-23T21:05:18+00:00\" \/>\n<meta property=\"og:image\" content=\"https:\/\/www.copealcoy.es\/wp-content\/uploads\/2025\/02\/Informativo-Matinal-Castellano.png\" \/>\n\t<meta property=\"og:image:width\" content=\"357\" \/>\n\t<meta property=\"og:image:height\" content=\"290\" \/>\n\t<meta property=\"og:image:type\" content=\"image\/png\" \/>\n<meta name=\"author\" content=\"Cope Alcoy\" \/>\n<meta name=\"twitter:label1\" content=\"Escrito por\" \/>\n\t<meta name=\"twitter:data1\" content=\"Cope Alcoy\" \/>\n\t<meta name=\"twitter:label2\" content=\"Tiempo de lectura\" \/>\n\t<meta name=\"twitter:data2\" content=\"3 minutos\" \/>\n<script type=\"application\/ld+json\" class=\"yoast-schema-graph\">{\"@context\":\"https:\\\/\\\/schema.org\",\"@graph\":[{\"@type\":\"Article\",\"@id\":\"https:\\\/\\\/www.copealcoy.es\\\/es\\\/informativo-matinal-viernes-23-de-enero-2026-0750h\\\/#article\",\"isPartOf\":{\"@id\":\"https:\\\/\\\/www.copealcoy.es\\\/es\\\/informativo-matinal-viernes-23-de-enero-2026-0750h\\\/\"},\"author\":{\"name\":\"Cope Alcoy\",\"@id\":\"https:\\\/\\\/www.copealcoy.es\\\/es\\\/#\\\/schema\\\/person\\\/e777c87fa024e57d40170af9df39882c\"},\"headline\":\"Informativo matinal viernes 23 de enero 2026 (07:50h)\",\"datePublished\":\"2026-01-23T06:31:57+00:00\",\"dateModified\":\"2026-01-23T21:05:18+00:00\",\"mainEntityOfPage\":{\"@id\":\"https:\\\/\\\/www.copealcoy.es\\\/es\\\/informativo-matinal-viernes-23-de-enero-2026-0750h\\\/\"},\"wordCount\":438,\"image\":{\"@id\":\"https:\\\/\\\/www.copealcoy.es\\\/es\\\/informativo-matinal-viernes-23-de-enero-2026-0750h\\\/#primaryimage\"},\"thumbnailUrl\":\"https:\\\/\\\/www.copealcoy.es\\\/wp-content\\\/uploads\\\/2025\\\/02\\\/Informativo-Matinal-Castellano.png\",\"articleSection\":[\"Actualidad\",\"Audios de los programas\",\"Informativos\",\"Noticias\"],\"inLanguage\":\"es\"},{\"@type\":\"WebPage\",\"@id\":\"https:\\\/\\\/www.copealcoy.es\\\/es\\\/informativo-matinal-viernes-23-de-enero-2026-0750h\\\/\",\"url\":\"https:\\\/\\\/www.copealcoy.es\\\/es\\\/informativo-matinal-viernes-23-de-enero-2026-0750h\\\/\",\"name\":\"Informativo matinal viernes 23 de enero 2026 (07:50h) - COPE Alcoy\",\"isPartOf\":{\"@id\":\"https:\\\/\\\/www.copealcoy.es\\\/es\\\/#website\"},\"primaryImageOfPage\":{\"@id\":\"https:\\\/\\\/www.copealcoy.es\\\/es\\\/informativo-matinal-viernes-23-de-enero-2026-0750h\\\/#primaryimage\"},\"image\":{\"@id\":\"https:\\\/\\\/www.copealcoy.es\\\/es\\\/informativo-matinal-viernes-23-de-enero-2026-0750h\\\/#primaryimage\"},\"thumbnailUrl\":\"https:\\\/\\\/www.copealcoy.es\\\/wp-content\\\/uploads\\\/2025\\\/02\\\/Informativo-Matinal-Castellano.png\",\"datePublished\":\"2026-01-23T06:31:57+00:00\",\"dateModified\":\"2026-01-23T21:05:18+00:00\",\"author\":{\"@id\":\"https:\\\/\\\/www.copealcoy.es\\\/es\\\/#\\\/schema\\\/person\\\/e777c87fa024e57d40170af9df39882c\"},\"breadcrumb\":{\"@id\":\"https:\\\/\\\/www.copealcoy.es\\\/es\\\/informativo-matinal-viernes-23-de-enero-2026-0750h\\\/#breadcrumb\"},\"inLanguage\":\"es\",\"potentialAction\":[{\"@type\":\"ReadAction\",\"target\":[\"https:\\\/\\\/www.copealcoy.es\\\/es\\\/informativo-matinal-viernes-23-de-enero-2026-0750h\\\/\"]}]},{\"@type\":\"ImageObject\",\"inLanguage\":\"es\",\"@id\":\"https:\\\/\\\/www.copealcoy.es\\\/es\\\/informativo-matinal-viernes-23-de-enero-2026-0750h\\\/#primaryimage\",\"url\":\"https:\\\/\\\/www.copealcoy.es\\\/wp-content\\\/uploads\\\/2025\\\/02\\\/Informativo-Matinal-Castellano.png\",\"contentUrl\":\"https:\\\/\\\/www.copealcoy.es\\\/wp-content\\\/uploads\\\/2025\\\/02\\\/Informativo-Matinal-Castellano.png\",\"width\":357,\"height\":290},{\"@type\":\"BreadcrumbList\",\"@id\":\"https:\\\/\\\/www.copealcoy.es\\\/es\\\/informativo-matinal-viernes-23-de-enero-2026-0750h\\\/#breadcrumb\",\"itemListElement\":[{\"@type\":\"ListItem\",\"position\":1,\"name\":\"Portada\",\"item\":\"https:\\\/\\\/www.copealcoy.es\\\/es\\\/\"},{\"@type\":\"ListItem\",\"position\":2,\"name\":\"Informativo matinal viernes 23 de enero 2026 (07:50h)\"}]},{\"@type\":\"WebSite\",\"@id\":\"https:\\\/\\\/www.copealcoy.es\\\/es\\\/#website\",\"url\":\"https:\\\/\\\/www.copealcoy.es\\\/es\\\/\",\"name\":\"COPE Alcoy\",\"description\":\"Emisora COPE de radio local con emisi\u00f3n online. Pont de Sant Jordi 8-10 03803 Alcoy\",\"potentialAction\":[{\"@type\":\"SearchAction\",\"target\":{\"@type\":\"EntryPoint\",\"urlTemplate\":\"https:\\\/\\\/www.copealcoy.es\\\/es\\\/?s={search_term_string}\"},\"query-input\":{\"@type\":\"PropertyValueSpecification\",\"valueRequired\":true,\"valueName\":\"search_term_string\"}}],\"inLanguage\":\"es\"},{\"@type\":\"Person\",\"@id\":\"https:\\\/\\\/www.copealcoy.es\\\/es\\\/#\\\/schema\\\/person\\\/e777c87fa024e57d40170af9df39882c\",\"name\":\"Cope Alcoy\",\"image\":{\"@type\":\"ImageObject\",\"inLanguage\":\"es\",\"@id\":\"https:\\\/\\\/secure.gravatar.com\\\/avatar\\\/bb65d0283347e303893ba14f0692005417c1e0e690a325a4c5d8bb2b3943ee14?s=96&d=mm&r=g\",\"url\":\"https:\\\/\\\/secure.gravatar.com\\\/avatar\\\/bb65d0283347e303893ba14f0692005417c1e0e690a325a4c5d8bb2b3943ee14?s=96&d=mm&r=g\",\"contentUrl\":\"https:\\\/\\\/secure.gravatar.com\\\/avatar\\\/bb65d0283347e303893ba14f0692005417c1e0e690a325a4c5d8bb2b3943ee14?s=96&d=mm&r=g\",\"caption\":\"Cope Alcoy\"}}]}<\/script>\n<!-- \/ Yoast SEO plugin. -->","yoast_head_json":{"title":"Informativo matinal viernes 23 de enero 2026 (07:50h) - COPE Alcoy","robots":{"index":"index","follow":"follow","max-snippet":"max-snippet:-1","max-image-preview":"max-image-preview:large","max-video-preview":"max-video-preview:-1"},"canonical":"https:\/\/www.copealcoy.es\/es\/informativo-matinal-viernes-23-de-enero-2026-0750h\/","og_locale":"es_ES","og_type":"article","og_title":"Informativo matinal viernes 23 de enero 2026 (07:50h) - COPE Alcoy","og_description":"Hoy viernes os hemos hablado de las ayudas que ha concedido Cocentaina para viviendas del casco antiguo a trav\u00e9s de...","og_url":"https:\/\/www.copealcoy.es\/es\/informativo-matinal-viernes-23-de-enero-2026-0750h\/","og_site_name":"COPE Alcoy","article_published_time":"2026-01-23T06:31:57+00:00","article_modified_time":"2026-01-23T21:05:18+00:00","og_image":[{"width":357,"height":290,"url":"https:\/\/www.copealcoy.es\/wp-content\/uploads\/2025\/02\/Informativo-Matinal-Castellano.png","type":"image\/png"}],"author":"Cope Alcoy","twitter_misc":{"Escrito por":"Cope Alcoy","Tiempo de lectura":"3 minutos"},"schema":{"@context":"https:\/\/schema.org","@graph":[{"@type":"Article","@id":"https:\/\/www.copealcoy.es\/es\/informativo-matinal-viernes-23-de-enero-2026-0750h\/#article","isPartOf":{"@id":"https:\/\/www.copealcoy.es\/es\/informativo-matinal-viernes-23-de-enero-2026-0750h\/"},"author":{"name":"Cope Alcoy","@id":"https:\/\/www.copealcoy.es\/es\/#\/schema\/person\/e777c87fa024e57d40170af9df39882c"},"headline":"Informativo matinal viernes 23 de enero 2026 (07:50h)","datePublished":"2026-01-23T06:31:57+00:00","dateModified":"2026-01-23T21:05:18+00:00","mainEntityOfPage":{"@id":"https:\/\/www.copealcoy.es\/es\/informativo-matinal-viernes-23-de-enero-2026-0750h\/"},"wordCount":438,"image":{"@id":"https:\/\/www.copealcoy.es\/es\/informativo-matinal-viernes-23-de-enero-2026-0750h\/#primaryimage"},"thumbnailUrl":"https:\/\/www.copealcoy.es\/wp-content\/uploads\/2025\/02\/Informativo-Matinal-Castellano.png","articleSection":["Actualidad","Audios de los programas","Informativos","Noticias"],"inLanguage":"es"},{"@type":"WebPage","@id":"https:\/\/www.copealcoy.es\/es\/informativo-matinal-viernes-23-de-enero-2026-0750h\/","url":"https:\/\/www.copealcoy.es\/es\/informativo-matinal-viernes-23-de-enero-2026-0750h\/","name":"Informativo matinal viernes 23 de enero 2026 (07:50h) - COPE Alcoy","isPartOf":{"@id":"https:\/\/www.copealcoy.es\/es\/#website"},"primaryImageOfPage":{"@id":"https:\/\/www.copealcoy.es\/es\/informativo-matinal-viernes-23-de-enero-2026-0750h\/#primaryimage"},"image":{"@id":"https:\/\/www.copealcoy.es\/es\/informativo-matinal-viernes-23-de-enero-2026-0750h\/#primaryimage"},"thumbnailUrl":"https:\/\/www.copealcoy.es\/wp-content\/uploads\/2025\/02\/Informativo-Matinal-Castellano.png","datePublished":"2026-01-23T06:31:57+00:00","dateModified":"2026-01-23T21:05:18+00:00","author":{"@id":"https:\/\/www.copealcoy.es\/es\/#\/schema\/person\/e777c87fa024e57d40170af9df39882c"},"breadcrumb":{"@id":"https:\/\/www.copealcoy.es\/es\/informativo-matinal-viernes-23-de-enero-2026-0750h\/#breadcrumb"},"inLanguage":"es","potentialAction":[{"@type":"ReadAction","target":["https:\/\/www.copealcoy.es\/es\/informativo-matinal-viernes-23-de-enero-2026-0750h\/"]}]},{"@type":"ImageObject","inLanguage":"es","@id":"https:\/\/www.copealcoy.es\/es\/informativo-matinal-viernes-23-de-enero-2026-0750h\/#primaryimage","url":"https:\/\/www.copealcoy.es\/wp-content\/uploads\/2025\/02\/Informativo-Matinal-Castellano.png","contentUrl":"https:\/\/www.copealcoy.es\/wp-content\/uploads\/2025\/02\/Informativo-Matinal-Castellano.png","width":357,"height":290},{"@type":"BreadcrumbList","@id":"https:\/\/www.copealcoy.es\/es\/informativo-matinal-viernes-23-de-enero-2026-0750h\/#breadcrumb","itemListElement":[{"@type":"ListItem","position":1,"name":"Portada","item":"https:\/\/www.copealcoy.es\/es\/"},{"@type":"ListItem","position":2,"name":"Informativo matinal viernes 23 de enero 2026 (07:50h)"}]},{"@type":"WebSite","@id":"https:\/\/www.copealcoy.es\/es\/#website","url":"https:\/\/www.copealcoy.es\/es\/","name":"COPE Alcoy","description":"Emisora COPE de radio local con emisi\u00f3n online. Pont de Sant Jordi 8-10 03803 Alcoy","potentialAction":[{"@type":"SearchAction","target":{"@type":"EntryPoint","urlTemplate":"https:\/\/www.copealcoy.es\/es\/?s={search_term_string}"},"query-input":{"@type":"PropertyValueSpecification","valueRequired":true,"valueName":"search_term_string"}}],"inLanguage":"es"},{"@type":"Person","@id":"https:\/\/www.copealcoy.es\/es\/#\/schema\/person\/e777c87fa024e57d40170af9df39882c","name":"Cope Alcoy","image":{"@type":"ImageObject","inLanguage":"es","@id":"https:\/\/secure.gravatar.com\/avatar\/bb65d0283347e303893ba14f0692005417c1e0e690a325a4c5d8bb2b3943ee14?s=96&d=mm&r=g","url":"https:\/\/secure.gravatar.com\/avatar\/bb65d0283347e303893ba14f0692005417c1e0e690a325a4c5d8bb2b3943ee14?s=96&d=mm&r=g","contentUrl":"https:\/\/secure.gravatar.com\/avatar\/bb65d0283347e303893ba14f0692005417c1e0e690a325a4c5d8bb2b3943ee14?s=96&d=mm&r=g","caption":"Cope Alcoy"}}]}},"_links":{"self":[{"href":"https:\/\/www.copealcoy.es\/es\/wp-json\/wp\/v2\/posts\/162780","targetHints":{"allow":["GET"]}}],"collection":[{"href":"https:\/\/www.copealcoy.es\/es\/wp-json\/wp\/v2\/posts"}],"about":[{"href":"https:\/\/www.copealcoy.es\/es\/wp-json\/wp\/v2\/types\/post"}],"author":[{"embeddable":true,"href":"https:\/\/www.copealcoy.es\/es\/wp-json\/wp\/v2\/users\/1"}],"replies":[{"embeddable":true,"href":"https:\/\/www.copealcoy.es\/es\/wp-json\/wp\/v2\/comments?post=162780"}],"version-history":[{"count":3,"href":"https:\/\/www.copealcoy.es\/es\/wp-json\/wp\/v2\/posts\/162780\/revisions"}],"predecessor-version":[{"id":162784,"href":"https:\/\/www.copealcoy.es\/es\/wp-json\/wp\/v2\/posts\/162780\/revisions\/162784"}],"wp:featuredmedia":[{"embeddable":true,"href":"https:\/\/www.copealcoy.es\/es\/wp-json\/wp\/v2\/media\/147669"}],"wp:attachment":[{"href":"https:\/\/www.copealcoy.es\/es\/wp-json\/wp\/v2\/media?parent=162780"}],"wp:term":[{"taxonomy":"category","embeddable":true,"href":"https:\/\/www.copealcoy.es\/es\/wp-json\/wp\/v2\/categories?post=162780"},{"taxonomy":"post_tag","embeddable":true,"href":"https:\/\/www.copealcoy.es\/es\/wp-json\/wp\/v2\/tags?post=162780"}],"curies":[{"name":"wp","href":"https:\/\/api.w.org\/{rel}","templated":true}]}}