{"id":162721,"date":"2026-01-22T07:30:46","date_gmt":"2026-01-22T06:30:46","guid":{"rendered":"https:\/\/www.copealcoy.es\/?p=162721"},"modified":"2026-01-22T20:31:04","modified_gmt":"2026-01-22T19:31:04","slug":"informativo-matinal-jueves-22-de-enero-2026-0750h","status":"publish","type":"post","link":"https:\/\/www.copealcoy.es\/es\/informativo-matinal-jueves-22-de-enero-2026-0750h\/","title":{"rendered":"Informativo matinal jueves 22 de enero 2026 (07:50h)"},"content":{"rendered":"<p><iframe loading=\"lazy\" title=\"Informativo Matinal Jueves 22 De Enero 2026 (07:50h)\" width=\"100%\" height=\"120\" src=\"https:\/\/www.mixcloud.com\/widget\/iframe\/?feed=https%3A%2F%2Fwww.mixcloud.com%2FCOPEAlcoy%2Finformativo-matinal-jueves-22-de-enero-2026-0750h%2F&amp;hide_cover=1\" frameborder=\"0\" allow=\"encrypted-media; fullscreen; autoplay; idle-detection; speaker-selection; web-share;\"><\/iframe><\/p>\n<p>Hoy jueves os hemos contado que <strong>las poblaciones de nuestras comarcas est\u00e1n presentes de nuevo en FITUR para dar a conocer sus atractivos tur\u00edsticos<\/strong>. Tambi\u00e9n <strong>hemos comentado que el Hospital Virgen de los Lirios de Alcoy estrena uno de los quir\u00f3fanos m\u00e1s punteros de la provincia de Alicante<\/strong> desde el punto de vista tecnol\u00f3gico.<\/p>\n<p style=\"text-align: justify;\" data-start=\"308\" data-end=\"829\">La\u00a0<a href=\"https:\/\/www.san.gva.es\/es\/web\/sanidad\" target=\"_blank\" rel=\"noopener\"><span style=\"color: #0000ff;\"><strong data-start=\"311\" data-end=\"337\">Conselleria de Sanidad<\/strong><\/span>\u00a0<\/a>ha puesto en marcha en el\u00a0<strong data-start=\"364\" data-end=\"406\">Hospital Virgen de los Lirios de Alcoy<\/strong>\u00a0el\u00a0<strong data-start=\"410\" data-end=\"484\">quir\u00f3fano integrado m\u00e1s moderno y avanzado de la provincia de Alicante<\/strong>, una actuaci\u00f3n que refuerza la apuesta por la\u00a0<strong data-start=\"531\" data-end=\"557\">innovaci\u00f3n tecnol\u00f3gica<\/strong>\u00a0y la mejora de la\u00a0<strong data-start=\"576\" data-end=\"595\">sanidad p\u00fablica<\/strong>. El\u00a0<strong data-start=\"600\" data-end=\"640\">conseller de Sanidad, Marciano G\u00f3mez<\/strong>, visit\u00f3 ayer el centro para conocer el funcionamiento de este nuevo equipamiento, que permitir\u00e1 realizar\u00a0<strong data-start=\"746\" data-end=\"796\">intervenciones quir\u00fargicas de alta complejidad<\/strong>\u00a0con mayor precisi\u00f3n y seguridad.<\/p>\n<p style=\"text-align: justify;\" data-start=\"831\" data-end=\"1243\">Durante su visita, G\u00f3mez destac\u00f3 que\u00a0<em data-start=\"873\" data-end=\"1056\">\u201ceste quir\u00f3fano es una prueba del esfuerzo que estamos realizando para dotar a los hospitales de equipamiento de \u00faltima generaci\u00f3n y avanzar hacia una sanidad p\u00fablica de excelencia\u201d\u00a0<\/em>al mismo tiempo que ha indicado que el nuevo recurso del Hospital Virgen de los Lirios \u201c<em data-start=\"1017\" data-end=\"1404\">cuenta con las funcionalidades necesarias para realizar intervenciones m\u00e1s complejas con mayor precisi\u00f3n y seguridad\u201d,\u00a0<\/em>afirm\u00f3. El citado\u00a0bloque quir\u00fargico incorpora\u00a0<strong data-start=\"1095\" data-end=\"1127\">sistemas de visualizaci\u00f3n 4K<\/strong>, tecnolog\u00eda\u00a0<strong data-start=\"1140\" data-end=\"1146\">3D<\/strong>, fluorescencia y una\u00a0<strong data-start=\"1168\" data-end=\"1201\">segunda torre de laparoscopia<\/strong>, tras una inversi\u00f3n de\u00a0<strong data-start=\"1225\" data-end=\"1242\">590.000 euros<\/strong>.<\/p>\n<p style=\"text-align: justify;\" data-start=\"1245\" data-end=\"1803\">Al margen de esto, cabe recordar que el\u00a0<strong data-start=\"1256\" data-end=\"1290\">departamento de salud de Alcoy<\/strong>\u00a0ha invertido\u00a0<strong data-start=\"1304\" data-end=\"1329\">7,3 millones de euros<\/strong>\u00a0en equipamiento tecnol\u00f3gico durante los dos \u00faltimos a\u00f1os, con actuaciones como la renovaci\u00f3n de la\u00a0<strong data-start=\"1429\" data-end=\"1448\">sala de Rayos X<\/strong>, la adquisici\u00f3n de un nuevo\u00a0<strong data-start=\"1477\" data-end=\"1484\">TAC<\/strong>\u00a0y un\u00a0<strong data-start=\"1490\" data-end=\"1512\">arco quir\u00fargico 3D<\/strong>. De forma paralela, la\u00a0<strong data-start=\"1536\" data-end=\"1562\">Conselleria de Sanidad<\/strong>\u00a0mantiene el compromiso con la\u00a0<strong data-start=\"1574\" data-end=\"1622\">ampliaci\u00f3n del Hospital Virgen de los Lirios<\/strong>, con una inversi\u00f3n cercana a los\u00a0<strong data-start=\"1656\" data-end=\"1680\">30 millones de euros<\/strong>, y trabaja tambi\u00e9n en la mejora de la\u00a0<strong data-start=\"1719\" data-end=\"1740\">Atenci\u00f3n Primaria<\/strong>, con la futura ampliaci\u00f3n del\u00a0<strong data-start=\"1771\" data-end=\"1802\">centro de salud de La Bassa\u00a0<\/strong>de Alcoy.<\/p>\n","protected":false},"excerpt":{"rendered":"<p>Hoy jueves os hemos contado que las poblaciones de nuestras comarcas est\u00e1n presentes de nuevo en FITUR para dar a&#8230;<\/p>\n","protected":false},"author":1,"featured_media":147669,"comment_status":"closed","ping_status":"closed","sticky":false,"template":"","format":"standard","meta":{"footnotes":""},"categories":[6909,89,90],"tags":[],"class_list":["post-162721","post","type-post","status-publish","format-standard","has-post-thumbnail","hentry","category-actualidad","category-audiosdelosprogramas","category-la-manana-en-alcoy"],"yoast_head":"<!-- This site is optimized with the Yoast SEO plugin v27.3 - https:\/\/yoast.com\/product\/yoast-seo-wordpress\/ -->\n<title>Informativo matinal jueves 22 de enero 2026 (07:50h) - COPE Alcoy<\/title>\n<meta name=\"robots\" content=\"index, follow, max-snippet:-1, max-image-preview:large, max-video-preview:-1\" \/>\n<link rel=\"canonical\" href=\"https:\/\/www.copealcoy.es\/es\/informativo-matinal-jueves-22-de-enero-2026-0750h\/\" \/>\n<meta property=\"og:locale\" content=\"es_ES\" \/>\n<meta property=\"og:type\" content=\"article\" \/>\n<meta property=\"og:title\" content=\"Informativo matinal jueves 22 de enero 2026 (07:50h) - COPE Alcoy\" \/>\n<meta property=\"og:description\" content=\"Hoy jueves os hemos contado que las poblaciones de nuestras comarcas est\u00e1n presentes de nuevo en FITUR para dar a...\" \/>\n<meta property=\"og:url\" content=\"https:\/\/www.copealcoy.es\/es\/informativo-matinal-jueves-22-de-enero-2026-0750h\/\" \/>\n<meta property=\"og:site_name\" content=\"COPE Alcoy\" \/>\n<meta property=\"article:published_time\" content=\"2026-01-22T06:30:46+00:00\" \/>\n<meta property=\"article:modified_time\" content=\"2026-01-22T19:31:04+00:00\" \/>\n<meta property=\"og:image\" content=\"https:\/\/www.copealcoy.es\/wp-content\/uploads\/2025\/02\/Informativo-Matinal-Castellano.png\" \/>\n\t<meta property=\"og:image:width\" content=\"357\" \/>\n\t<meta property=\"og:image:height\" content=\"290\" \/>\n\t<meta property=\"og:image:type\" content=\"image\/png\" \/>\n<meta name=\"author\" content=\"Cope Alcoy\" \/>\n<meta name=\"twitter:label1\" content=\"Escrito por\" \/>\n\t<meta name=\"twitter:data1\" content=\"Cope Alcoy\" \/>\n\t<meta name=\"twitter:label2\" content=\"Tiempo de lectura\" \/>\n\t<meta name=\"twitter:data2\" content=\"2 minutos\" \/>\n<script type=\"application\/ld+json\" class=\"yoast-schema-graph\">{\"@context\":\"https:\\\/\\\/schema.org\",\"@graph\":[{\"@type\":\"Article\",\"@id\":\"https:\\\/\\\/www.copealcoy.es\\\/es\\\/informativo-matinal-jueves-22-de-enero-2026-0750h\\\/#article\",\"isPartOf\":{\"@id\":\"https:\\\/\\\/www.copealcoy.es\\\/es\\\/informativo-matinal-jueves-22-de-enero-2026-0750h\\\/\"},\"author\":{\"name\":\"Cope Alcoy\",\"@id\":\"https:\\\/\\\/www.copealcoy.es\\\/es\\\/#\\\/schema\\\/person\\\/e777c87fa024e57d40170af9df39882c\"},\"headline\":\"Informativo matinal jueves 22 de enero 2026 (07:50h)\",\"datePublished\":\"2026-01-22T06:30:46+00:00\",\"dateModified\":\"2026-01-22T19:31:04+00:00\",\"mainEntityOfPage\":{\"@id\":\"https:\\\/\\\/www.copealcoy.es\\\/es\\\/informativo-matinal-jueves-22-de-enero-2026-0750h\\\/\"},\"wordCount\":369,\"image\":{\"@id\":\"https:\\\/\\\/www.copealcoy.es\\\/es\\\/informativo-matinal-jueves-22-de-enero-2026-0750h\\\/#primaryimage\"},\"thumbnailUrl\":\"https:\\\/\\\/www.copealcoy.es\\\/wp-content\\\/uploads\\\/2025\\\/02\\\/Informativo-Matinal-Castellano.png\",\"articleSection\":[\"Actualidad\",\"Audios de los programas\",\"La Ma\u00f1ana en Alcoy\"],\"inLanguage\":\"es\"},{\"@type\":\"WebPage\",\"@id\":\"https:\\\/\\\/www.copealcoy.es\\\/es\\\/informativo-matinal-jueves-22-de-enero-2026-0750h\\\/\",\"url\":\"https:\\\/\\\/www.copealcoy.es\\\/es\\\/informativo-matinal-jueves-22-de-enero-2026-0750h\\\/\",\"name\":\"Informativo matinal jueves 22 de enero 2026 (07:50h) - COPE Alcoy\",\"isPartOf\":{\"@id\":\"https:\\\/\\\/www.copealcoy.es\\\/es\\\/#website\"},\"primaryImageOfPage\":{\"@id\":\"https:\\\/\\\/www.copealcoy.es\\\/es\\\/informativo-matinal-jueves-22-de-enero-2026-0750h\\\/#primaryimage\"},\"image\":{\"@id\":\"https:\\\/\\\/www.copealcoy.es\\\/es\\\/informativo-matinal-jueves-22-de-enero-2026-0750h\\\/#primaryimage\"},\"thumbnailUrl\":\"https:\\\/\\\/www.copealcoy.es\\\/wp-content\\\/uploads\\\/2025\\\/02\\\/Informativo-Matinal-Castellano.png\",\"datePublished\":\"2026-01-22T06:30:46+00:00\",\"dateModified\":\"2026-01-22T19:31:04+00:00\",\"author\":{\"@id\":\"https:\\\/\\\/www.copealcoy.es\\\/es\\\/#\\\/schema\\\/person\\\/e777c87fa024e57d40170af9df39882c\"},\"breadcrumb\":{\"@id\":\"https:\\\/\\\/www.copealcoy.es\\\/es\\\/informativo-matinal-jueves-22-de-enero-2026-0750h\\\/#breadcrumb\"},\"inLanguage\":\"es\",\"potentialAction\":[{\"@type\":\"ReadAction\",\"target\":[\"https:\\\/\\\/www.copealcoy.es\\\/es\\\/informativo-matinal-jueves-22-de-enero-2026-0750h\\\/\"]}]},{\"@type\":\"ImageObject\",\"inLanguage\":\"es\",\"@id\":\"https:\\\/\\\/www.copealcoy.es\\\/es\\\/informativo-matinal-jueves-22-de-enero-2026-0750h\\\/#primaryimage\",\"url\":\"https:\\\/\\\/www.copealcoy.es\\\/wp-content\\\/uploads\\\/2025\\\/02\\\/Informativo-Matinal-Castellano.png\",\"contentUrl\":\"https:\\\/\\\/www.copealcoy.es\\\/wp-content\\\/uploads\\\/2025\\\/02\\\/Informativo-Matinal-Castellano.png\",\"width\":357,\"height\":290},{\"@type\":\"BreadcrumbList\",\"@id\":\"https:\\\/\\\/www.copealcoy.es\\\/es\\\/informativo-matinal-jueves-22-de-enero-2026-0750h\\\/#breadcrumb\",\"itemListElement\":[{\"@type\":\"ListItem\",\"position\":1,\"name\":\"Portada\",\"item\":\"https:\\\/\\\/www.copealcoy.es\\\/es\\\/\"},{\"@type\":\"ListItem\",\"position\":2,\"name\":\"Informativo matinal jueves 22 de enero 2026 (07:50h)\"}]},{\"@type\":\"WebSite\",\"@id\":\"https:\\\/\\\/www.copealcoy.es\\\/es\\\/#website\",\"url\":\"https:\\\/\\\/www.copealcoy.es\\\/es\\\/\",\"name\":\"COPE Alcoy\",\"description\":\"Emisora COPE de radio local con emisi\u00f3n online. Pont de Sant Jordi 8-10 03803 Alcoy\",\"potentialAction\":[{\"@type\":\"SearchAction\",\"target\":{\"@type\":\"EntryPoint\",\"urlTemplate\":\"https:\\\/\\\/www.copealcoy.es\\\/es\\\/?s={search_term_string}\"},\"query-input\":{\"@type\":\"PropertyValueSpecification\",\"valueRequired\":true,\"valueName\":\"search_term_string\"}}],\"inLanguage\":\"es\"},{\"@type\":\"Person\",\"@id\":\"https:\\\/\\\/www.copealcoy.es\\\/es\\\/#\\\/schema\\\/person\\\/e777c87fa024e57d40170af9df39882c\",\"name\":\"Cope Alcoy\",\"image\":{\"@type\":\"ImageObject\",\"inLanguage\":\"es\",\"@id\":\"https:\\\/\\\/secure.gravatar.com\\\/avatar\\\/bb65d0283347e303893ba14f0692005417c1e0e690a325a4c5d8bb2b3943ee14?s=96&d=mm&r=g\",\"url\":\"https:\\\/\\\/secure.gravatar.com\\\/avatar\\\/bb65d0283347e303893ba14f0692005417c1e0e690a325a4c5d8bb2b3943ee14?s=96&d=mm&r=g\",\"contentUrl\":\"https:\\\/\\\/secure.gravatar.com\\\/avatar\\\/bb65d0283347e303893ba14f0692005417c1e0e690a325a4c5d8bb2b3943ee14?s=96&d=mm&r=g\",\"caption\":\"Cope Alcoy\"}}]}<\/script>\n<!-- \/ Yoast SEO plugin. -->","yoast_head_json":{"title":"Informativo matinal jueves 22 de enero 2026 (07:50h) - COPE Alcoy","robots":{"index":"index","follow":"follow","max-snippet":"max-snippet:-1","max-image-preview":"max-image-preview:large","max-video-preview":"max-video-preview:-1"},"canonical":"https:\/\/www.copealcoy.es\/es\/informativo-matinal-jueves-22-de-enero-2026-0750h\/","og_locale":"es_ES","og_type":"article","og_title":"Informativo matinal jueves 22 de enero 2026 (07:50h) - COPE Alcoy","og_description":"Hoy jueves os hemos contado que las poblaciones de nuestras comarcas est\u00e1n presentes de nuevo en FITUR para dar a...","og_url":"https:\/\/www.copealcoy.es\/es\/informativo-matinal-jueves-22-de-enero-2026-0750h\/","og_site_name":"COPE Alcoy","article_published_time":"2026-01-22T06:30:46+00:00","article_modified_time":"2026-01-22T19:31:04+00:00","og_image":[{"width":357,"height":290,"url":"https:\/\/www.copealcoy.es\/wp-content\/uploads\/2025\/02\/Informativo-Matinal-Castellano.png","type":"image\/png"}],"author":"Cope Alcoy","twitter_misc":{"Escrito por":"Cope Alcoy","Tiempo de lectura":"2 minutos"},"schema":{"@context":"https:\/\/schema.org","@graph":[{"@type":"Article","@id":"https:\/\/www.copealcoy.es\/es\/informativo-matinal-jueves-22-de-enero-2026-0750h\/#article","isPartOf":{"@id":"https:\/\/www.copealcoy.es\/es\/informativo-matinal-jueves-22-de-enero-2026-0750h\/"},"author":{"name":"Cope Alcoy","@id":"https:\/\/www.copealcoy.es\/es\/#\/schema\/person\/e777c87fa024e57d40170af9df39882c"},"headline":"Informativo matinal jueves 22 de enero 2026 (07:50h)","datePublished":"2026-01-22T06:30:46+00:00","dateModified":"2026-01-22T19:31:04+00:00","mainEntityOfPage":{"@id":"https:\/\/www.copealcoy.es\/es\/informativo-matinal-jueves-22-de-enero-2026-0750h\/"},"wordCount":369,"image":{"@id":"https:\/\/www.copealcoy.es\/es\/informativo-matinal-jueves-22-de-enero-2026-0750h\/#primaryimage"},"thumbnailUrl":"https:\/\/www.copealcoy.es\/wp-content\/uploads\/2025\/02\/Informativo-Matinal-Castellano.png","articleSection":["Actualidad","Audios de los programas","La Ma\u00f1ana en Alcoy"],"inLanguage":"es"},{"@type":"WebPage","@id":"https:\/\/www.copealcoy.es\/es\/informativo-matinal-jueves-22-de-enero-2026-0750h\/","url":"https:\/\/www.copealcoy.es\/es\/informativo-matinal-jueves-22-de-enero-2026-0750h\/","name":"Informativo matinal jueves 22 de enero 2026 (07:50h) - COPE Alcoy","isPartOf":{"@id":"https:\/\/www.copealcoy.es\/es\/#website"},"primaryImageOfPage":{"@id":"https:\/\/www.copealcoy.es\/es\/informativo-matinal-jueves-22-de-enero-2026-0750h\/#primaryimage"},"image":{"@id":"https:\/\/www.copealcoy.es\/es\/informativo-matinal-jueves-22-de-enero-2026-0750h\/#primaryimage"},"thumbnailUrl":"https:\/\/www.copealcoy.es\/wp-content\/uploads\/2025\/02\/Informativo-Matinal-Castellano.png","datePublished":"2026-01-22T06:30:46+00:00","dateModified":"2026-01-22T19:31:04+00:00","author":{"@id":"https:\/\/www.copealcoy.es\/es\/#\/schema\/person\/e777c87fa024e57d40170af9df39882c"},"breadcrumb":{"@id":"https:\/\/www.copealcoy.es\/es\/informativo-matinal-jueves-22-de-enero-2026-0750h\/#breadcrumb"},"inLanguage":"es","potentialAction":[{"@type":"ReadAction","target":["https:\/\/www.copealcoy.es\/es\/informativo-matinal-jueves-22-de-enero-2026-0750h\/"]}]},{"@type":"ImageObject","inLanguage":"es","@id":"https:\/\/www.copealcoy.es\/es\/informativo-matinal-jueves-22-de-enero-2026-0750h\/#primaryimage","url":"https:\/\/www.copealcoy.es\/wp-content\/uploads\/2025\/02\/Informativo-Matinal-Castellano.png","contentUrl":"https:\/\/www.copealcoy.es\/wp-content\/uploads\/2025\/02\/Informativo-Matinal-Castellano.png","width":357,"height":290},{"@type":"BreadcrumbList","@id":"https:\/\/www.copealcoy.es\/es\/informativo-matinal-jueves-22-de-enero-2026-0750h\/#breadcrumb","itemListElement":[{"@type":"ListItem","position":1,"name":"Portada","item":"https:\/\/www.copealcoy.es\/es\/"},{"@type":"ListItem","position":2,"name":"Informativo matinal jueves 22 de enero 2026 (07:50h)"}]},{"@type":"WebSite","@id":"https:\/\/www.copealcoy.es\/es\/#website","url":"https:\/\/www.copealcoy.es\/es\/","name":"COPE Alcoy","description":"Emisora COPE de radio local con emisi\u00f3n online. Pont de Sant Jordi 8-10 03803 Alcoy","potentialAction":[{"@type":"SearchAction","target":{"@type":"EntryPoint","urlTemplate":"https:\/\/www.copealcoy.es\/es\/?s={search_term_string}"},"query-input":{"@type":"PropertyValueSpecification","valueRequired":true,"valueName":"search_term_string"}}],"inLanguage":"es"},{"@type":"Person","@id":"https:\/\/www.copealcoy.es\/es\/#\/schema\/person\/e777c87fa024e57d40170af9df39882c","name":"Cope Alcoy","image":{"@type":"ImageObject","inLanguage":"es","@id":"https:\/\/secure.gravatar.com\/avatar\/bb65d0283347e303893ba14f0692005417c1e0e690a325a4c5d8bb2b3943ee14?s=96&d=mm&r=g","url":"https:\/\/secure.gravatar.com\/avatar\/bb65d0283347e303893ba14f0692005417c1e0e690a325a4c5d8bb2b3943ee14?s=96&d=mm&r=g","contentUrl":"https:\/\/secure.gravatar.com\/avatar\/bb65d0283347e303893ba14f0692005417c1e0e690a325a4c5d8bb2b3943ee14?s=96&d=mm&r=g","caption":"Cope Alcoy"}}]}},"_links":{"self":[{"href":"https:\/\/www.copealcoy.es\/es\/wp-json\/wp\/v2\/posts\/162721","targetHints":{"allow":["GET"]}}],"collection":[{"href":"https:\/\/www.copealcoy.es\/es\/wp-json\/wp\/v2\/posts"}],"about":[{"href":"https:\/\/www.copealcoy.es\/es\/wp-json\/wp\/v2\/types\/post"}],"author":[{"embeddable":true,"href":"https:\/\/www.copealcoy.es\/es\/wp-json\/wp\/v2\/users\/1"}],"replies":[{"embeddable":true,"href":"https:\/\/www.copealcoy.es\/es\/wp-json\/wp\/v2\/comments?post=162721"}],"version-history":[{"count":1,"href":"https:\/\/www.copealcoy.es\/es\/wp-json\/wp\/v2\/posts\/162721\/revisions"}],"predecessor-version":[{"id":162722,"href":"https:\/\/www.copealcoy.es\/es\/wp-json\/wp\/v2\/posts\/162721\/revisions\/162722"}],"wp:featuredmedia":[{"embeddable":true,"href":"https:\/\/www.copealcoy.es\/es\/wp-json\/wp\/v2\/media\/147669"}],"wp:attachment":[{"href":"https:\/\/www.copealcoy.es\/es\/wp-json\/wp\/v2\/media?parent=162721"}],"wp:term":[{"taxonomy":"category","embeddable":true,"href":"https:\/\/www.copealcoy.es\/es\/wp-json\/wp\/v2\/categories?post=162721"},{"taxonomy":"post_tag","embeddable":true,"href":"https:\/\/www.copealcoy.es\/es\/wp-json\/wp\/v2\/tags?post=162721"}],"curies":[{"name":"wp","href":"https:\/\/api.w.org\/{rel}","templated":true}]}}