{"id":162707,"date":"2026-01-22T15:50:52","date_gmt":"2026-01-22T14:50:52","guid":{"rendered":"https:\/\/www.copealcoy.es\/?p=162707"},"modified":"2026-01-22T15:55:06","modified_gmt":"2026-01-22T14:55:06","slug":"denuncian-el-vuelo-ilegal-de-un-dron-que-puso-en-peligro-a-una-colonia-de-buitres-en-alcoy","status":"publish","type":"post","link":"https:\/\/www.copealcoy.es\/es\/denuncian-el-vuelo-ilegal-de-un-dron-que-puso-en-peligro-a-una-colonia-de-buitres-en-alcoy\/","title":{"rendered":"Denuncian el vuelo ilegal de un dron que puso en peligro a una colonia de buitres en Alcoy"},"content":{"rendered":"<p style=\"text-align: justify;\" data-start=\"263\" data-end=\"525\">El <a href=\"https:\/\/www.alcoi.org\/ca\/portal\/index.html\" target=\"_blank\" rel=\"noopener\"><span style=\"color: #0000ff;\"><strong data-start=\"266\" data-end=\"291\">Ayuntamiento de Alcoy<\/strong><\/span><\/a> ha puesto en conocimiento de las <strong data-start=\"325\" data-end=\"352\">autoridades competentes<\/strong> un <strong data-start=\"356\" data-end=\"395\">episodio de vuelo ilegal de un dron<\/strong> detectado en el entorno del <strong data-start=\"424\" data-end=\"472\">Barranc del Cint y el Pont de les Set Llunes<\/strong>, un espacio natural protegido de nuestro t\u00e9rmino municipal.Los <strong data-start=\"531\" data-end=\"618\">departamentos municipales de Polic\u00eda Local, Protecci\u00f3n Civil y Emergencia Clim\u00e1tica<\/strong> tuvieron constancia este pasado martes de la existencia de un <strong data-start=\"681\" data-end=\"718\">v\u00eddeo difundido en redes sociales<\/strong> en el que se observaba un dron persiguiendo a buitres.<\/p>\n<p style=\"text-align: justify;\" data-start=\"263\" data-end=\"525\">Los hechos, que presuntamente se produjeron durante el fin de semana, suponen un <strong data-start=\"855\" data-end=\"887\">grave riesgo para la colonia<\/strong>, especialmente al encontrarse en <strong data-start=\"921\" data-end=\"954\">pleno periodo de nidificaci\u00f3n<\/strong>. El Ayuntamiento ha confirmado que el v\u00eddeo ya ha sido eliminado de las plataformas sociales. El concejal de <strong data-start=\"1065\" data-end=\"1101\">Emergencia Clim\u00e1tica y Seguridad<\/strong>, <strong data-start=\"1103\" data-end=\"1118\">Ra\u00fcl Llopis<\/strong>, ha subrayado la importancia de la colaboraci\u00f3n ciudadana y la r\u00e1pida respuesta municipal ante este tipo de situaciones &#8220;<em>nuestra responsabilidad es velar por la protecci\u00f3n de nuestro entorno natural, uno de los grandes patrimonios que tenemos como ciudad y que nos define. Actuaciones imprudentes como esta ponen en riesgo la fauna y no se pueden permitir, por eso actuamos con determinaci\u00f3n para garantizar que se respete la normativa y se preserve la biodiversidad que, con tanto esfuerzo, se ha logrado consolidar en nuestras monta\u00f1as<\/em>\u201d, ha se\u00f1alado.<\/p>\n<p style=\"text-align: justify;\" data-start=\"1674\" data-end=\"2171\">Ante la gravedad de las im\u00e1genes, el Ayuntamiento actu\u00f3 de forma coordinada para <strong data-start=\"1755\" data-end=\"1799\">recopilar toda la informaci\u00f3n disponible<\/strong> y trasladarla de manera inmediata a la <strong data-start=\"1839\" data-end=\"1893\">Comandancia del SEPRONA de la Guardia Civil de Ibi<\/strong> y a los <strong data-start=\"1902\" data-end=\"1959\">Agentes Medioambientales de la Generalitat Valenciana<\/strong>, organismos con competencia para investigar los hechos, <strong data-start=\"2016\" data-end=\"2053\">identificar al piloto responsable<\/strong> e iniciar el correspondiente <strong data-start=\"2083\" data-end=\"2109\">expediente sancionador<\/strong> por el incumplimiento de la normativa a\u00e9rea y medioambiental. Adem\u00e1s, el Ayuntamiento est\u00e1 valorando solicitar a <strong data-start=\"2432\" data-end=\"2440\">AENA<\/strong> la <strong data-start=\"2444\" data-end=\"2490\">declaraci\u00f3n de una zona de exclusi\u00f3n a\u00e9rea<\/strong> sobre el \u00e1rea de nidificaci\u00f3n de los buitres con el objetivo de evitar futuros incidentes que puedan alterar el ecosistema. Finalmente, la administraci\u00f3n local recuerda que\u00a0el <strong data-start=\"2213\" data-end=\"2265\">vuelo de drones en espacios naturales protegidos<\/strong> requiere de una <strong data-start=\"2282\" data-end=\"2309\">autorizaci\u00f3n espec\u00edfica<\/strong>, al tratarse de <strong data-start=\"2326\" data-end=\"2379\">Zonas de Especial Protecci\u00f3n para las Aves (ZEPA)<\/strong>.<\/p>\n","protected":false},"excerpt":{"rendered":"<p>El Ayuntamiento de Alcoy ha puesto en conocimiento de las autoridades competentes un episodio de vuelo ilegal de un dron&#8230;<\/p>\n","protected":false},"author":1,"featured_media":31384,"comment_status":"closed","ping_status":"closed","sticky":false,"template":"","format":"standard","meta":{"footnotes":""},"categories":[6909,97,75],"tags":[1494,20593,1461,20090,20592,20591],"class_list":["post-162707","post","type-post","status-publish","format-standard","has-post-thumbnail","hentry","category-actualidad","category-alcoy","category-noticias","tag-alcoy","tag-buitres","tag-denuncia","tag-drones","tag-projecte-canyet","tag-vuelo"],"yoast_head":"<!-- This site is optimized with the Yoast SEO plugin v27.3 - https:\/\/yoast.com\/product\/yoast-seo-wordpress\/ -->\n<title>Denuncian el vuelo ilegal de un dron que puso en peligro a una colonia de buitres en Alcoy - COPE Alcoy<\/title>\n<meta name=\"description\" content=\"Denuncian el vuelo ilegal de un dron que puso en peligro a una colonia de buitres en Alcoy\" \/>\n<meta name=\"robots\" content=\"index, follow, max-snippet:-1, max-image-preview:large, max-video-preview:-1\" \/>\n<link rel=\"canonical\" href=\"https:\/\/www.copealcoy.es\/es\/denuncian-el-vuelo-ilegal-de-un-dron-que-puso-en-peligro-a-una-colonia-de-buitres-en-alcoy\/\" \/>\n<meta property=\"og:locale\" content=\"es_ES\" \/>\n<meta property=\"og:type\" content=\"article\" \/>\n<meta property=\"og:title\" content=\"Denuncian el vuelo ilegal de un dron que puso en peligro a una colonia de buitres en Alcoy - COPE Alcoy\" \/>\n<meta property=\"og:description\" content=\"Denuncian el vuelo ilegal de un dron que puso en peligro a una colonia de buitres en Alcoy\" \/>\n<meta property=\"og:url\" content=\"https:\/\/www.copealcoy.es\/es\/denuncian-el-vuelo-ilegal-de-un-dron-que-puso-en-peligro-a-una-colonia-de-buitres-en-alcoy\/\" \/>\n<meta property=\"og:site_name\" content=\"COPE Alcoy\" \/>\n<meta property=\"article:published_time\" content=\"2026-01-22T14:50:52+00:00\" \/>\n<meta property=\"article:modified_time\" content=\"2026-01-22T14:55:06+00:00\" \/>\n<meta property=\"og:image\" content=\"https:\/\/www.copealcoy.es\/wp-content\/uploads\/2017\/05\/buitresDSCN1606.jpg\" \/>\n\t<meta property=\"og:image:width\" content=\"700\" \/>\n\t<meta property=\"og:image:height\" content=\"525\" \/>\n\t<meta property=\"og:image:type\" content=\"image\/jpeg\" \/>\n<meta name=\"author\" content=\"Cope Alcoy\" \/>\n<meta name=\"twitter:label1\" content=\"Escrito por\" \/>\n\t<meta name=\"twitter:data1\" content=\"Cope Alcoy\" \/>\n\t<meta name=\"twitter:label2\" content=\"Tiempo de lectura\" \/>\n\t<meta name=\"twitter:data2\" content=\"3 minutos\" \/>\n<script type=\"application\/ld+json\" class=\"yoast-schema-graph\">{\"@context\":\"https:\\\/\\\/schema.org\",\"@graph\":[{\"@type\":\"Article\",\"@id\":\"https:\\\/\\\/www.copealcoy.es\\\/es\\\/denuncian-el-vuelo-ilegal-de-un-dron-que-puso-en-peligro-a-una-colonia-de-buitres-en-alcoy\\\/#article\",\"isPartOf\":{\"@id\":\"https:\\\/\\\/www.copealcoy.es\\\/es\\\/denuncian-el-vuelo-ilegal-de-un-dron-que-puso-en-peligro-a-una-colonia-de-buitres-en-alcoy\\\/\"},\"author\":{\"name\":\"Cope Alcoy\",\"@id\":\"https:\\\/\\\/www.copealcoy.es\\\/es\\\/#\\\/schema\\\/person\\\/e777c87fa024e57d40170af9df39882c\"},\"headline\":\"Denuncian el vuelo ilegal de un dron que puso en peligro a una colonia de buitres en Alcoy\",\"datePublished\":\"2026-01-22T14:50:52+00:00\",\"dateModified\":\"2026-01-22T14:55:06+00:00\",\"mainEntityOfPage\":{\"@id\":\"https:\\\/\\\/www.copealcoy.es\\\/es\\\/denuncian-el-vuelo-ilegal-de-un-dron-que-puso-en-peligro-a-una-colonia-de-buitres-en-alcoy\\\/\"},\"wordCount\":395,\"image\":{\"@id\":\"https:\\\/\\\/www.copealcoy.es\\\/es\\\/denuncian-el-vuelo-ilegal-de-un-dron-que-puso-en-peligro-a-una-colonia-de-buitres-en-alcoy\\\/#primaryimage\"},\"thumbnailUrl\":\"https:\\\/\\\/www.copealcoy.es\\\/wp-content\\\/uploads\\\/2017\\\/05\\\/buitresDSCN1606.jpg\",\"keywords\":[\"Alcoy\",\"buitres\",\"Denuncia\",\"drones\",\"Projecte Canyet\",\"vuelo\"],\"articleSection\":[\"Actualidad\",\"Alcoy\",\"Noticias\"],\"inLanguage\":\"es\"},{\"@type\":\"WebPage\",\"@id\":\"https:\\\/\\\/www.copealcoy.es\\\/es\\\/denuncian-el-vuelo-ilegal-de-un-dron-que-puso-en-peligro-a-una-colonia-de-buitres-en-alcoy\\\/\",\"url\":\"https:\\\/\\\/www.copealcoy.es\\\/es\\\/denuncian-el-vuelo-ilegal-de-un-dron-que-puso-en-peligro-a-una-colonia-de-buitres-en-alcoy\\\/\",\"name\":\"Denuncian el vuelo ilegal de un dron que puso en peligro a una colonia de buitres en Alcoy - COPE Alcoy\",\"isPartOf\":{\"@id\":\"https:\\\/\\\/www.copealcoy.es\\\/es\\\/#website\"},\"primaryImageOfPage\":{\"@id\":\"https:\\\/\\\/www.copealcoy.es\\\/es\\\/denuncian-el-vuelo-ilegal-de-un-dron-que-puso-en-peligro-a-una-colonia-de-buitres-en-alcoy\\\/#primaryimage\"},\"image\":{\"@id\":\"https:\\\/\\\/www.copealcoy.es\\\/es\\\/denuncian-el-vuelo-ilegal-de-un-dron-que-puso-en-peligro-a-una-colonia-de-buitres-en-alcoy\\\/#primaryimage\"},\"thumbnailUrl\":\"https:\\\/\\\/www.copealcoy.es\\\/wp-content\\\/uploads\\\/2017\\\/05\\\/buitresDSCN1606.jpg\",\"datePublished\":\"2026-01-22T14:50:52+00:00\",\"dateModified\":\"2026-01-22T14:55:06+00:00\",\"author\":{\"@id\":\"https:\\\/\\\/www.copealcoy.es\\\/es\\\/#\\\/schema\\\/person\\\/e777c87fa024e57d40170af9df39882c\"},\"description\":\"Denuncian el vuelo ilegal de un dron que puso en peligro a una colonia de buitres en Alcoy\",\"breadcrumb\":{\"@id\":\"https:\\\/\\\/www.copealcoy.es\\\/es\\\/denuncian-el-vuelo-ilegal-de-un-dron-que-puso-en-peligro-a-una-colonia-de-buitres-en-alcoy\\\/#breadcrumb\"},\"inLanguage\":\"es\",\"potentialAction\":[{\"@type\":\"ReadAction\",\"target\":[\"https:\\\/\\\/www.copealcoy.es\\\/es\\\/denuncian-el-vuelo-ilegal-de-un-dron-que-puso-en-peligro-a-una-colonia-de-buitres-en-alcoy\\\/\"]}]},{\"@type\":\"ImageObject\",\"inLanguage\":\"es\",\"@id\":\"https:\\\/\\\/www.copealcoy.es\\\/es\\\/denuncian-el-vuelo-ilegal-de-un-dron-que-puso-en-peligro-a-una-colonia-de-buitres-en-alcoy\\\/#primaryimage\",\"url\":\"https:\\\/\\\/www.copealcoy.es\\\/wp-content\\\/uploads\\\/2017\\\/05\\\/buitresDSCN1606.jpg\",\"contentUrl\":\"https:\\\/\\\/www.copealcoy.es\\\/wp-content\\\/uploads\\\/2017\\\/05\\\/buitresDSCN1606.jpg\",\"width\":700,\"height\":525},{\"@type\":\"BreadcrumbList\",\"@id\":\"https:\\\/\\\/www.copealcoy.es\\\/es\\\/denuncian-el-vuelo-ilegal-de-un-dron-que-puso-en-peligro-a-una-colonia-de-buitres-en-alcoy\\\/#breadcrumb\",\"itemListElement\":[{\"@type\":\"ListItem\",\"position\":1,\"name\":\"Portada\",\"item\":\"https:\\\/\\\/www.copealcoy.es\\\/es\\\/\"},{\"@type\":\"ListItem\",\"position\":2,\"name\":\"Denuncian el vuelo ilegal de un dron que puso en peligro a una colonia de buitres en Alcoy\"}]},{\"@type\":\"WebSite\",\"@id\":\"https:\\\/\\\/www.copealcoy.es\\\/es\\\/#website\",\"url\":\"https:\\\/\\\/www.copealcoy.es\\\/es\\\/\",\"name\":\"COPE Alcoy\",\"description\":\"Emisora COPE de radio local con emisi\u00f3n online. Pont de Sant Jordi 8-10 03803 Alcoy\",\"potentialAction\":[{\"@type\":\"SearchAction\",\"target\":{\"@type\":\"EntryPoint\",\"urlTemplate\":\"https:\\\/\\\/www.copealcoy.es\\\/es\\\/?s={search_term_string}\"},\"query-input\":{\"@type\":\"PropertyValueSpecification\",\"valueRequired\":true,\"valueName\":\"search_term_string\"}}],\"inLanguage\":\"es\"},{\"@type\":\"Person\",\"@id\":\"https:\\\/\\\/www.copealcoy.es\\\/es\\\/#\\\/schema\\\/person\\\/e777c87fa024e57d40170af9df39882c\",\"name\":\"Cope Alcoy\",\"image\":{\"@type\":\"ImageObject\",\"inLanguage\":\"es\",\"@id\":\"https:\\\/\\\/secure.gravatar.com\\\/avatar\\\/bb65d0283347e303893ba14f0692005417c1e0e690a325a4c5d8bb2b3943ee14?s=96&d=mm&r=g\",\"url\":\"https:\\\/\\\/secure.gravatar.com\\\/avatar\\\/bb65d0283347e303893ba14f0692005417c1e0e690a325a4c5d8bb2b3943ee14?s=96&d=mm&r=g\",\"contentUrl\":\"https:\\\/\\\/secure.gravatar.com\\\/avatar\\\/bb65d0283347e303893ba14f0692005417c1e0e690a325a4c5d8bb2b3943ee14?s=96&d=mm&r=g\",\"caption\":\"Cope Alcoy\"}}]}<\/script>\n<!-- \/ Yoast SEO plugin. -->","yoast_head_json":{"title":"Denuncian el vuelo ilegal de un dron que puso en peligro a una colonia de buitres en Alcoy - COPE Alcoy","description":"Denuncian el vuelo ilegal de un dron que puso en peligro a una colonia de buitres en Alcoy","robots":{"index":"index","follow":"follow","max-snippet":"max-snippet:-1","max-image-preview":"max-image-preview:large","max-video-preview":"max-video-preview:-1"},"canonical":"https:\/\/www.copealcoy.es\/es\/denuncian-el-vuelo-ilegal-de-un-dron-que-puso-en-peligro-a-una-colonia-de-buitres-en-alcoy\/","og_locale":"es_ES","og_type":"article","og_title":"Denuncian el vuelo ilegal de un dron que puso en peligro a una colonia de buitres en Alcoy - COPE Alcoy","og_description":"Denuncian el vuelo ilegal de un dron que puso en peligro a una colonia de buitres en Alcoy","og_url":"https:\/\/www.copealcoy.es\/es\/denuncian-el-vuelo-ilegal-de-un-dron-que-puso-en-peligro-a-una-colonia-de-buitres-en-alcoy\/","og_site_name":"COPE Alcoy","article_published_time":"2026-01-22T14:50:52+00:00","article_modified_time":"2026-01-22T14:55:06+00:00","og_image":[{"width":700,"height":525,"url":"https:\/\/www.copealcoy.es\/wp-content\/uploads\/2017\/05\/buitresDSCN1606.jpg","type":"image\/jpeg"}],"author":"Cope Alcoy","twitter_misc":{"Escrito por":"Cope Alcoy","Tiempo de lectura":"3 minutos"},"schema":{"@context":"https:\/\/schema.org","@graph":[{"@type":"Article","@id":"https:\/\/www.copealcoy.es\/es\/denuncian-el-vuelo-ilegal-de-un-dron-que-puso-en-peligro-a-una-colonia-de-buitres-en-alcoy\/#article","isPartOf":{"@id":"https:\/\/www.copealcoy.es\/es\/denuncian-el-vuelo-ilegal-de-un-dron-que-puso-en-peligro-a-una-colonia-de-buitres-en-alcoy\/"},"author":{"name":"Cope Alcoy","@id":"https:\/\/www.copealcoy.es\/es\/#\/schema\/person\/e777c87fa024e57d40170af9df39882c"},"headline":"Denuncian el vuelo ilegal de un dron que puso en peligro a una colonia de buitres en Alcoy","datePublished":"2026-01-22T14:50:52+00:00","dateModified":"2026-01-22T14:55:06+00:00","mainEntityOfPage":{"@id":"https:\/\/www.copealcoy.es\/es\/denuncian-el-vuelo-ilegal-de-un-dron-que-puso-en-peligro-a-una-colonia-de-buitres-en-alcoy\/"},"wordCount":395,"image":{"@id":"https:\/\/www.copealcoy.es\/es\/denuncian-el-vuelo-ilegal-de-un-dron-que-puso-en-peligro-a-una-colonia-de-buitres-en-alcoy\/#primaryimage"},"thumbnailUrl":"https:\/\/www.copealcoy.es\/wp-content\/uploads\/2017\/05\/buitresDSCN1606.jpg","keywords":["Alcoy","buitres","Denuncia","drones","Projecte Canyet","vuelo"],"articleSection":["Actualidad","Alcoy","Noticias"],"inLanguage":"es"},{"@type":"WebPage","@id":"https:\/\/www.copealcoy.es\/es\/denuncian-el-vuelo-ilegal-de-un-dron-que-puso-en-peligro-a-una-colonia-de-buitres-en-alcoy\/","url":"https:\/\/www.copealcoy.es\/es\/denuncian-el-vuelo-ilegal-de-un-dron-que-puso-en-peligro-a-una-colonia-de-buitres-en-alcoy\/","name":"Denuncian el vuelo ilegal de un dron que puso en peligro a una colonia de buitres en Alcoy - COPE Alcoy","isPartOf":{"@id":"https:\/\/www.copealcoy.es\/es\/#website"},"primaryImageOfPage":{"@id":"https:\/\/www.copealcoy.es\/es\/denuncian-el-vuelo-ilegal-de-un-dron-que-puso-en-peligro-a-una-colonia-de-buitres-en-alcoy\/#primaryimage"},"image":{"@id":"https:\/\/www.copealcoy.es\/es\/denuncian-el-vuelo-ilegal-de-un-dron-que-puso-en-peligro-a-una-colonia-de-buitres-en-alcoy\/#primaryimage"},"thumbnailUrl":"https:\/\/www.copealcoy.es\/wp-content\/uploads\/2017\/05\/buitresDSCN1606.jpg","datePublished":"2026-01-22T14:50:52+00:00","dateModified":"2026-01-22T14:55:06+00:00","author":{"@id":"https:\/\/www.copealcoy.es\/es\/#\/schema\/person\/e777c87fa024e57d40170af9df39882c"},"description":"Denuncian el vuelo ilegal de un dron que puso en peligro a una colonia de buitres en Alcoy","breadcrumb":{"@id":"https:\/\/www.copealcoy.es\/es\/denuncian-el-vuelo-ilegal-de-un-dron-que-puso-en-peligro-a-una-colonia-de-buitres-en-alcoy\/#breadcrumb"},"inLanguage":"es","potentialAction":[{"@type":"ReadAction","target":["https:\/\/www.copealcoy.es\/es\/denuncian-el-vuelo-ilegal-de-un-dron-que-puso-en-peligro-a-una-colonia-de-buitres-en-alcoy\/"]}]},{"@type":"ImageObject","inLanguage":"es","@id":"https:\/\/www.copealcoy.es\/es\/denuncian-el-vuelo-ilegal-de-un-dron-que-puso-en-peligro-a-una-colonia-de-buitres-en-alcoy\/#primaryimage","url":"https:\/\/www.copealcoy.es\/wp-content\/uploads\/2017\/05\/buitresDSCN1606.jpg","contentUrl":"https:\/\/www.copealcoy.es\/wp-content\/uploads\/2017\/05\/buitresDSCN1606.jpg","width":700,"height":525},{"@type":"BreadcrumbList","@id":"https:\/\/www.copealcoy.es\/es\/denuncian-el-vuelo-ilegal-de-un-dron-que-puso-en-peligro-a-una-colonia-de-buitres-en-alcoy\/#breadcrumb","itemListElement":[{"@type":"ListItem","position":1,"name":"Portada","item":"https:\/\/www.copealcoy.es\/es\/"},{"@type":"ListItem","position":2,"name":"Denuncian el vuelo ilegal de un dron que puso en peligro a una colonia de buitres en Alcoy"}]},{"@type":"WebSite","@id":"https:\/\/www.copealcoy.es\/es\/#website","url":"https:\/\/www.copealcoy.es\/es\/","name":"COPE Alcoy","description":"Emisora COPE de radio local con emisi\u00f3n online. Pont de Sant Jordi 8-10 03803 Alcoy","potentialAction":[{"@type":"SearchAction","target":{"@type":"EntryPoint","urlTemplate":"https:\/\/www.copealcoy.es\/es\/?s={search_term_string}"},"query-input":{"@type":"PropertyValueSpecification","valueRequired":true,"valueName":"search_term_string"}}],"inLanguage":"es"},{"@type":"Person","@id":"https:\/\/www.copealcoy.es\/es\/#\/schema\/person\/e777c87fa024e57d40170af9df39882c","name":"Cope Alcoy","image":{"@type":"ImageObject","inLanguage":"es","@id":"https:\/\/secure.gravatar.com\/avatar\/bb65d0283347e303893ba14f0692005417c1e0e690a325a4c5d8bb2b3943ee14?s=96&d=mm&r=g","url":"https:\/\/secure.gravatar.com\/avatar\/bb65d0283347e303893ba14f0692005417c1e0e690a325a4c5d8bb2b3943ee14?s=96&d=mm&r=g","contentUrl":"https:\/\/secure.gravatar.com\/avatar\/bb65d0283347e303893ba14f0692005417c1e0e690a325a4c5d8bb2b3943ee14?s=96&d=mm&r=g","caption":"Cope Alcoy"}}]}},"_links":{"self":[{"href":"https:\/\/www.copealcoy.es\/es\/wp-json\/wp\/v2\/posts\/162707","targetHints":{"allow":["GET"]}}],"collection":[{"href":"https:\/\/www.copealcoy.es\/es\/wp-json\/wp\/v2\/posts"}],"about":[{"href":"https:\/\/www.copealcoy.es\/es\/wp-json\/wp\/v2\/types\/post"}],"author":[{"embeddable":true,"href":"https:\/\/www.copealcoy.es\/es\/wp-json\/wp\/v2\/users\/1"}],"replies":[{"embeddable":true,"href":"https:\/\/www.copealcoy.es\/es\/wp-json\/wp\/v2\/comments?post=162707"}],"version-history":[{"count":2,"href":"https:\/\/www.copealcoy.es\/es\/wp-json\/wp\/v2\/posts\/162707\/revisions"}],"predecessor-version":[{"id":162711,"href":"https:\/\/www.copealcoy.es\/es\/wp-json\/wp\/v2\/posts\/162707\/revisions\/162711"}],"wp:featuredmedia":[{"embeddable":true,"href":"https:\/\/www.copealcoy.es\/es\/wp-json\/wp\/v2\/media\/31384"}],"wp:attachment":[{"href":"https:\/\/www.copealcoy.es\/es\/wp-json\/wp\/v2\/media?parent=162707"}],"wp:term":[{"taxonomy":"category","embeddable":true,"href":"https:\/\/www.copealcoy.es\/es\/wp-json\/wp\/v2\/categories?post=162707"},{"taxonomy":"post_tag","embeddable":true,"href":"https:\/\/www.copealcoy.es\/es\/wp-json\/wp\/v2\/tags?post=162707"}],"curies":[{"name":"wp","href":"https:\/\/api.w.org\/{rel}","templated":true}]}}