{"id":162635,"date":"2026-01-22T09:00:31","date_gmt":"2026-01-22T08:00:31","guid":{"rendered":"https:\/\/www.copealcoy.es\/?p=162635"},"modified":"2026-01-22T12:55:13","modified_gmt":"2026-01-22T11:55:13","slug":"el-hospital-virgen-de-los-lirios-de-alcoy-estrena-el-quirofano-integrado-mas-avanzado-de-la-provincia","status":"publish","type":"post","link":"https:\/\/www.copealcoy.es\/es\/el-hospital-virgen-de-los-lirios-de-alcoy-estrena-el-quirofano-integrado-mas-avanzado-de-la-provincia\/","title":{"rendered":"El Hospital Virgen de los Lirios de Alcoy estrena el quir\u00f3fano integrado m\u00e1s avanzado de la provincia"},"content":{"rendered":"<p style=\"text-align: justify;\" data-start=\"308\" data-end=\"829\">La <a href=\"https:\/\/www.san.gva.es\/es\/web\/sanidad\" target=\"_blank\" rel=\"noopener\"><span style=\"color: #0000ff;\"><strong data-start=\"311\" data-end=\"337\">Conselleria de Sanidad<\/strong> <\/span><\/a>ha puesto en marcha en el <strong data-start=\"364\" data-end=\"406\">Hospital Virgen de los Lirios de Alcoy<\/strong> el <strong data-start=\"410\" data-end=\"484\">quir\u00f3fano integrado m\u00e1s moderno y avanzado de la provincia de Alicante<\/strong>, una actuaci\u00f3n que refuerza la apuesta por la <strong data-start=\"531\" data-end=\"557\">innovaci\u00f3n tecnol\u00f3gica<\/strong> y la mejora de la <strong data-start=\"576\" data-end=\"595\">sanidad p\u00fablica<\/strong>. El <strong data-start=\"600\" data-end=\"640\">conseller de Sanidad, Marciano G\u00f3mez<\/strong>, visit\u00f3 ayer el centro para conocer el funcionamiento de este nuevo equipamiento, que permitir\u00e1 realizar <strong data-start=\"746\" data-end=\"796\">intervenciones quir\u00fargicas de alta complejidad<\/strong> con mayor precisi\u00f3n y seguridad.<\/p>\n<p style=\"text-align: justify;\" data-start=\"831\" data-end=\"1243\">Durante su visita, G\u00f3mez destac\u00f3 que <em data-start=\"873\" data-end=\"1056\">\u201ceste quir\u00f3fano es una prueba del esfuerzo que estamos realizando para dotar a los hospitales de equipamiento de \u00faltima generaci\u00f3n y avanzar hacia una sanidad p\u00fablica de excelencia\u201d\u00a0<\/em>al mismo tiempo que ha indicado que el nuevo recurso del Hospital Virgen de los Lirios &#8220;<em data-start=\"1017\" data-end=\"1404\">cuenta con las funcionalidades necesarias para realizar intervenciones m\u00e1s complejas con mayor precisi\u00f3n y seguridad\u201d, <\/em>afirm\u00f3. El citado\u00a0bloque quir\u00fargico incorpora <strong data-start=\"1095\" data-end=\"1127\">sistemas de visualizaci\u00f3n 4K<\/strong>, tecnolog\u00eda <strong data-start=\"1140\" data-end=\"1146\">3D<\/strong>, fluorescencia y una <strong data-start=\"1168\" data-end=\"1201\">segunda torre de laparoscopia<\/strong>, tras una inversi\u00f3n de <strong data-start=\"1225\" data-end=\"1242\">590.000 euros<\/strong>.<\/p>\n<p style=\"text-align: justify;\" data-start=\"1245\" data-end=\"1803\">Al margen de esto, cabe recordar que el <strong data-start=\"1256\" data-end=\"1290\">departamento de salud de Alcoy<\/strong> ha invertido <strong data-start=\"1304\" data-end=\"1329\">7,3 millones de euros<\/strong> en equipamiento tecnol\u00f3gico durante los dos \u00faltimos a\u00f1os, con actuaciones como la renovaci\u00f3n de la <strong data-start=\"1429\" data-end=\"1448\">sala de Rayos X<\/strong>, la adquisici\u00f3n de un nuevo <strong data-start=\"1477\" data-end=\"1484\">TAC<\/strong> y un <strong data-start=\"1490\" data-end=\"1512\">arco quir\u00fargico 3D<\/strong>. De forma paralela, la <strong data-start=\"1536\" data-end=\"1562\">Conselleria de Sanidad<\/strong> mantiene el compromiso con la <strong data-start=\"1574\" data-end=\"1622\">ampliaci\u00f3n del Hospital Virgen de los Lirios<\/strong>, con una inversi\u00f3n cercana a los <strong data-start=\"1656\" data-end=\"1680\">30 millones de euros<\/strong>, y trabaja tambi\u00e9n en la mejora de la <strong data-start=\"1719\" data-end=\"1740\">Atenci\u00f3n Primaria<\/strong>, con la futura ampliaci\u00f3n del <strong data-start=\"1771\" data-end=\"1802\">centro de salud de La Bassa\u00a0<\/strong>de Alcoy.<\/p>\n","protected":false},"excerpt":{"rendered":"<p>La Conselleria de Sanidad ha puesto en marcha en el Hospital Virgen de los Lirios de Alcoy el quir\u00f3fano integrado&#8230;<\/p>\n","protected":false},"author":1,"featured_media":162636,"comment_status":"closed","ping_status":"closed","sticky":false,"template":"","format":"standard","meta":{"footnotes":""},"categories":[6909,97,75],"tags":[1494,1217,1664,16758,20585],"class_list":["post-162635","post","type-post","status-publish","format-standard","has-post-thumbnail","hentry","category-actualidad","category-alcoy","category-noticias","tag-alcoy","tag-conseller","tag-hospital-virgen-de-los-lirios","tag-marciano-gomez","tag-nuevo-quirofano"],"yoast_head":"<!-- This site is optimized with the Yoast SEO plugin v27.3 - https:\/\/yoast.com\/product\/yoast-seo-wordpress\/ -->\n<title>El Hospital Virgen de los Lirios de Alcoy estrena el quir\u00f3fano integrado m\u00e1s avanzado de la provincia - COPE Alcoy<\/title>\n<meta name=\"description\" content=\"El Hospital Virgen de los Lirios de Alcoy estrena el quir\u00f3fano integrado m\u00e1s avanzado de la provincia\" \/>\n<meta name=\"robots\" content=\"index, follow, max-snippet:-1, max-image-preview:large, max-video-preview:-1\" \/>\n<link rel=\"canonical\" href=\"https:\/\/www.copealcoy.es\/es\/el-hospital-virgen-de-los-lirios-de-alcoy-estrena-el-quirofano-integrado-mas-avanzado-de-la-provincia\/\" \/>\n<meta property=\"og:locale\" content=\"es_ES\" \/>\n<meta property=\"og:type\" content=\"article\" \/>\n<meta property=\"og:title\" content=\"El Hospital Virgen de los Lirios de Alcoy estrena el quir\u00f3fano integrado m\u00e1s avanzado de la provincia - COPE Alcoy\" \/>\n<meta property=\"og:description\" content=\"El Hospital Virgen de los Lirios de Alcoy estrena el quir\u00f3fano integrado m\u00e1s avanzado de la provincia\" \/>\n<meta property=\"og:url\" content=\"https:\/\/www.copealcoy.es\/es\/el-hospital-virgen-de-los-lirios-de-alcoy-estrena-el-quirofano-integrado-mas-avanzado-de-la-provincia\/\" \/>\n<meta property=\"og:site_name\" content=\"COPE Alcoy\" \/>\n<meta property=\"article:published_time\" content=\"2026-01-22T08:00:31+00:00\" \/>\n<meta property=\"article:modified_time\" content=\"2026-01-22T11:55:13+00:00\" \/>\n<meta property=\"og:image\" content=\"https:\/\/www.copealcoy.es\/wp-content\/uploads\/2026\/01\/260121-FOTO-2-Conseller-Alcoy-quirofano-integrado-1.jpg\" \/>\n\t<meta property=\"og:image:width\" content=\"2000\" \/>\n\t<meta property=\"og:image:height\" content=\"1500\" \/>\n\t<meta property=\"og:image:type\" content=\"image\/jpeg\" \/>\n<meta name=\"author\" content=\"Cope Alcoy\" \/>\n<meta name=\"twitter:label1\" content=\"Escrito por\" \/>\n\t<meta name=\"twitter:data1\" content=\"Cope Alcoy\" \/>\n\t<meta name=\"twitter:label2\" content=\"Tiempo de lectura\" \/>\n\t<meta name=\"twitter:data2\" content=\"2 minutos\" \/>\n<script type=\"application\/ld+json\" class=\"yoast-schema-graph\">{\"@context\":\"https:\\\/\\\/schema.org\",\"@graph\":[{\"@type\":\"Article\",\"@id\":\"https:\\\/\\\/www.copealcoy.es\\\/es\\\/el-hospital-virgen-de-los-lirios-de-alcoy-estrena-el-quirofano-integrado-mas-avanzado-de-la-provincia\\\/#article\",\"isPartOf\":{\"@id\":\"https:\\\/\\\/www.copealcoy.es\\\/es\\\/el-hospital-virgen-de-los-lirios-de-alcoy-estrena-el-quirofano-integrado-mas-avanzado-de-la-provincia\\\/\"},\"author\":{\"name\":\"Cope Alcoy\",\"@id\":\"https:\\\/\\\/www.copealcoy.es\\\/es\\\/#\\\/schema\\\/person\\\/e777c87fa024e57d40170af9df39882c\"},\"headline\":\"El Hospital Virgen de los Lirios de Alcoy estrena el quir\u00f3fano integrado m\u00e1s avanzado de la provincia\",\"datePublished\":\"2026-01-22T08:00:31+00:00\",\"dateModified\":\"2026-01-22T11:55:13+00:00\",\"mainEntityOfPage\":{\"@id\":\"https:\\\/\\\/www.copealcoy.es\\\/es\\\/el-hospital-virgen-de-los-lirios-de-alcoy-estrena-el-quirofano-integrado-mas-avanzado-de-la-provincia\\\/\"},\"wordCount\":313,\"image\":{\"@id\":\"https:\\\/\\\/www.copealcoy.es\\\/es\\\/el-hospital-virgen-de-los-lirios-de-alcoy-estrena-el-quirofano-integrado-mas-avanzado-de-la-provincia\\\/#primaryimage\"},\"thumbnailUrl\":\"https:\\\/\\\/www.copealcoy.es\\\/wp-content\\\/uploads\\\/2026\\\/01\\\/260121-FOTO-2-Conseller-Alcoy-quirofano-integrado-1.jpg\",\"keywords\":[\"Alcoy\",\"Conseller\",\"Hospital Virgen de los Lirios\",\"Marciano G\u00f3mez\",\"nuevo quir\u00f3fano\"],\"articleSection\":[\"Actualidad\",\"Alcoy\",\"Noticias\"],\"inLanguage\":\"es\"},{\"@type\":\"WebPage\",\"@id\":\"https:\\\/\\\/www.copealcoy.es\\\/es\\\/el-hospital-virgen-de-los-lirios-de-alcoy-estrena-el-quirofano-integrado-mas-avanzado-de-la-provincia\\\/\",\"url\":\"https:\\\/\\\/www.copealcoy.es\\\/es\\\/el-hospital-virgen-de-los-lirios-de-alcoy-estrena-el-quirofano-integrado-mas-avanzado-de-la-provincia\\\/\",\"name\":\"El Hospital Virgen de los Lirios de Alcoy estrena el quir\u00f3fano integrado m\u00e1s avanzado de la provincia - COPE Alcoy\",\"isPartOf\":{\"@id\":\"https:\\\/\\\/www.copealcoy.es\\\/es\\\/#website\"},\"primaryImageOfPage\":{\"@id\":\"https:\\\/\\\/www.copealcoy.es\\\/es\\\/el-hospital-virgen-de-los-lirios-de-alcoy-estrena-el-quirofano-integrado-mas-avanzado-de-la-provincia\\\/#primaryimage\"},\"image\":{\"@id\":\"https:\\\/\\\/www.copealcoy.es\\\/es\\\/el-hospital-virgen-de-los-lirios-de-alcoy-estrena-el-quirofano-integrado-mas-avanzado-de-la-provincia\\\/#primaryimage\"},\"thumbnailUrl\":\"https:\\\/\\\/www.copealcoy.es\\\/wp-content\\\/uploads\\\/2026\\\/01\\\/260121-FOTO-2-Conseller-Alcoy-quirofano-integrado-1.jpg\",\"datePublished\":\"2026-01-22T08:00:31+00:00\",\"dateModified\":\"2026-01-22T11:55:13+00:00\",\"author\":{\"@id\":\"https:\\\/\\\/www.copealcoy.es\\\/es\\\/#\\\/schema\\\/person\\\/e777c87fa024e57d40170af9df39882c\"},\"description\":\"El Hospital Virgen de los Lirios de Alcoy estrena el quir\u00f3fano integrado m\u00e1s avanzado de la provincia\",\"breadcrumb\":{\"@id\":\"https:\\\/\\\/www.copealcoy.es\\\/es\\\/el-hospital-virgen-de-los-lirios-de-alcoy-estrena-el-quirofano-integrado-mas-avanzado-de-la-provincia\\\/#breadcrumb\"},\"inLanguage\":\"es\",\"potentialAction\":[{\"@type\":\"ReadAction\",\"target\":[\"https:\\\/\\\/www.copealcoy.es\\\/es\\\/el-hospital-virgen-de-los-lirios-de-alcoy-estrena-el-quirofano-integrado-mas-avanzado-de-la-provincia\\\/\"]}]},{\"@type\":\"ImageObject\",\"inLanguage\":\"es\",\"@id\":\"https:\\\/\\\/www.copealcoy.es\\\/es\\\/el-hospital-virgen-de-los-lirios-de-alcoy-estrena-el-quirofano-integrado-mas-avanzado-de-la-provincia\\\/#primaryimage\",\"url\":\"https:\\\/\\\/www.copealcoy.es\\\/wp-content\\\/uploads\\\/2026\\\/01\\\/260121-FOTO-2-Conseller-Alcoy-quirofano-integrado-1.jpg\",\"contentUrl\":\"https:\\\/\\\/www.copealcoy.es\\\/wp-content\\\/uploads\\\/2026\\\/01\\\/260121-FOTO-2-Conseller-Alcoy-quirofano-integrado-1.jpg\",\"width\":2000,\"height\":1500},{\"@type\":\"BreadcrumbList\",\"@id\":\"https:\\\/\\\/www.copealcoy.es\\\/es\\\/el-hospital-virgen-de-los-lirios-de-alcoy-estrena-el-quirofano-integrado-mas-avanzado-de-la-provincia\\\/#breadcrumb\",\"itemListElement\":[{\"@type\":\"ListItem\",\"position\":1,\"name\":\"Portada\",\"item\":\"https:\\\/\\\/www.copealcoy.es\\\/es\\\/\"},{\"@type\":\"ListItem\",\"position\":2,\"name\":\"El Hospital Virgen de los Lirios de Alcoy estrena el quir\u00f3fano integrado m\u00e1s avanzado de la provincia\"}]},{\"@type\":\"WebSite\",\"@id\":\"https:\\\/\\\/www.copealcoy.es\\\/es\\\/#website\",\"url\":\"https:\\\/\\\/www.copealcoy.es\\\/es\\\/\",\"name\":\"COPE Alcoy\",\"description\":\"Emisora COPE de radio local con emisi\u00f3n online. Pont de Sant Jordi 8-10 03803 Alcoy\",\"potentialAction\":[{\"@type\":\"SearchAction\",\"target\":{\"@type\":\"EntryPoint\",\"urlTemplate\":\"https:\\\/\\\/www.copealcoy.es\\\/es\\\/?s={search_term_string}\"},\"query-input\":{\"@type\":\"PropertyValueSpecification\",\"valueRequired\":true,\"valueName\":\"search_term_string\"}}],\"inLanguage\":\"es\"},{\"@type\":\"Person\",\"@id\":\"https:\\\/\\\/www.copealcoy.es\\\/es\\\/#\\\/schema\\\/person\\\/e777c87fa024e57d40170af9df39882c\",\"name\":\"Cope Alcoy\",\"image\":{\"@type\":\"ImageObject\",\"inLanguage\":\"es\",\"@id\":\"https:\\\/\\\/secure.gravatar.com\\\/avatar\\\/bb65d0283347e303893ba14f0692005417c1e0e690a325a4c5d8bb2b3943ee14?s=96&d=mm&r=g\",\"url\":\"https:\\\/\\\/secure.gravatar.com\\\/avatar\\\/bb65d0283347e303893ba14f0692005417c1e0e690a325a4c5d8bb2b3943ee14?s=96&d=mm&r=g\",\"contentUrl\":\"https:\\\/\\\/secure.gravatar.com\\\/avatar\\\/bb65d0283347e303893ba14f0692005417c1e0e690a325a4c5d8bb2b3943ee14?s=96&d=mm&r=g\",\"caption\":\"Cope Alcoy\"}}]}<\/script>\n<!-- \/ Yoast SEO plugin. -->","yoast_head_json":{"title":"El Hospital Virgen de los Lirios de Alcoy estrena el quir\u00f3fano integrado m\u00e1s avanzado de la provincia - COPE Alcoy","description":"El Hospital Virgen de los Lirios de Alcoy estrena el quir\u00f3fano integrado m\u00e1s avanzado de la provincia","robots":{"index":"index","follow":"follow","max-snippet":"max-snippet:-1","max-image-preview":"max-image-preview:large","max-video-preview":"max-video-preview:-1"},"canonical":"https:\/\/www.copealcoy.es\/es\/el-hospital-virgen-de-los-lirios-de-alcoy-estrena-el-quirofano-integrado-mas-avanzado-de-la-provincia\/","og_locale":"es_ES","og_type":"article","og_title":"El Hospital Virgen de los Lirios de Alcoy estrena el quir\u00f3fano integrado m\u00e1s avanzado de la provincia - COPE Alcoy","og_description":"El Hospital Virgen de los Lirios de Alcoy estrena el quir\u00f3fano integrado m\u00e1s avanzado de la provincia","og_url":"https:\/\/www.copealcoy.es\/es\/el-hospital-virgen-de-los-lirios-de-alcoy-estrena-el-quirofano-integrado-mas-avanzado-de-la-provincia\/","og_site_name":"COPE Alcoy","article_published_time":"2026-01-22T08:00:31+00:00","article_modified_time":"2026-01-22T11:55:13+00:00","og_image":[{"width":2000,"height":1500,"url":"https:\/\/www.copealcoy.es\/wp-content\/uploads\/2026\/01\/260121-FOTO-2-Conseller-Alcoy-quirofano-integrado-1.jpg","type":"image\/jpeg"}],"author":"Cope Alcoy","twitter_misc":{"Escrito por":"Cope Alcoy","Tiempo de lectura":"2 minutos"},"schema":{"@context":"https:\/\/schema.org","@graph":[{"@type":"Article","@id":"https:\/\/www.copealcoy.es\/es\/el-hospital-virgen-de-los-lirios-de-alcoy-estrena-el-quirofano-integrado-mas-avanzado-de-la-provincia\/#article","isPartOf":{"@id":"https:\/\/www.copealcoy.es\/es\/el-hospital-virgen-de-los-lirios-de-alcoy-estrena-el-quirofano-integrado-mas-avanzado-de-la-provincia\/"},"author":{"name":"Cope Alcoy","@id":"https:\/\/www.copealcoy.es\/es\/#\/schema\/person\/e777c87fa024e57d40170af9df39882c"},"headline":"El Hospital Virgen de los Lirios de Alcoy estrena el quir\u00f3fano integrado m\u00e1s avanzado de la provincia","datePublished":"2026-01-22T08:00:31+00:00","dateModified":"2026-01-22T11:55:13+00:00","mainEntityOfPage":{"@id":"https:\/\/www.copealcoy.es\/es\/el-hospital-virgen-de-los-lirios-de-alcoy-estrena-el-quirofano-integrado-mas-avanzado-de-la-provincia\/"},"wordCount":313,"image":{"@id":"https:\/\/www.copealcoy.es\/es\/el-hospital-virgen-de-los-lirios-de-alcoy-estrena-el-quirofano-integrado-mas-avanzado-de-la-provincia\/#primaryimage"},"thumbnailUrl":"https:\/\/www.copealcoy.es\/wp-content\/uploads\/2026\/01\/260121-FOTO-2-Conseller-Alcoy-quirofano-integrado-1.jpg","keywords":["Alcoy","Conseller","Hospital Virgen de los Lirios","Marciano G\u00f3mez","nuevo quir\u00f3fano"],"articleSection":["Actualidad","Alcoy","Noticias"],"inLanguage":"es"},{"@type":"WebPage","@id":"https:\/\/www.copealcoy.es\/es\/el-hospital-virgen-de-los-lirios-de-alcoy-estrena-el-quirofano-integrado-mas-avanzado-de-la-provincia\/","url":"https:\/\/www.copealcoy.es\/es\/el-hospital-virgen-de-los-lirios-de-alcoy-estrena-el-quirofano-integrado-mas-avanzado-de-la-provincia\/","name":"El Hospital Virgen de los Lirios de Alcoy estrena el quir\u00f3fano integrado m\u00e1s avanzado de la provincia - COPE Alcoy","isPartOf":{"@id":"https:\/\/www.copealcoy.es\/es\/#website"},"primaryImageOfPage":{"@id":"https:\/\/www.copealcoy.es\/es\/el-hospital-virgen-de-los-lirios-de-alcoy-estrena-el-quirofano-integrado-mas-avanzado-de-la-provincia\/#primaryimage"},"image":{"@id":"https:\/\/www.copealcoy.es\/es\/el-hospital-virgen-de-los-lirios-de-alcoy-estrena-el-quirofano-integrado-mas-avanzado-de-la-provincia\/#primaryimage"},"thumbnailUrl":"https:\/\/www.copealcoy.es\/wp-content\/uploads\/2026\/01\/260121-FOTO-2-Conseller-Alcoy-quirofano-integrado-1.jpg","datePublished":"2026-01-22T08:00:31+00:00","dateModified":"2026-01-22T11:55:13+00:00","author":{"@id":"https:\/\/www.copealcoy.es\/es\/#\/schema\/person\/e777c87fa024e57d40170af9df39882c"},"description":"El Hospital Virgen de los Lirios de Alcoy estrena el quir\u00f3fano integrado m\u00e1s avanzado de la provincia","breadcrumb":{"@id":"https:\/\/www.copealcoy.es\/es\/el-hospital-virgen-de-los-lirios-de-alcoy-estrena-el-quirofano-integrado-mas-avanzado-de-la-provincia\/#breadcrumb"},"inLanguage":"es","potentialAction":[{"@type":"ReadAction","target":["https:\/\/www.copealcoy.es\/es\/el-hospital-virgen-de-los-lirios-de-alcoy-estrena-el-quirofano-integrado-mas-avanzado-de-la-provincia\/"]}]},{"@type":"ImageObject","inLanguage":"es","@id":"https:\/\/www.copealcoy.es\/es\/el-hospital-virgen-de-los-lirios-de-alcoy-estrena-el-quirofano-integrado-mas-avanzado-de-la-provincia\/#primaryimage","url":"https:\/\/www.copealcoy.es\/wp-content\/uploads\/2026\/01\/260121-FOTO-2-Conseller-Alcoy-quirofano-integrado-1.jpg","contentUrl":"https:\/\/www.copealcoy.es\/wp-content\/uploads\/2026\/01\/260121-FOTO-2-Conseller-Alcoy-quirofano-integrado-1.jpg","width":2000,"height":1500},{"@type":"BreadcrumbList","@id":"https:\/\/www.copealcoy.es\/es\/el-hospital-virgen-de-los-lirios-de-alcoy-estrena-el-quirofano-integrado-mas-avanzado-de-la-provincia\/#breadcrumb","itemListElement":[{"@type":"ListItem","position":1,"name":"Portada","item":"https:\/\/www.copealcoy.es\/es\/"},{"@type":"ListItem","position":2,"name":"El Hospital Virgen de los Lirios de Alcoy estrena el quir\u00f3fano integrado m\u00e1s avanzado de la provincia"}]},{"@type":"WebSite","@id":"https:\/\/www.copealcoy.es\/es\/#website","url":"https:\/\/www.copealcoy.es\/es\/","name":"COPE Alcoy","description":"Emisora COPE de radio local con emisi\u00f3n online. Pont de Sant Jordi 8-10 03803 Alcoy","potentialAction":[{"@type":"SearchAction","target":{"@type":"EntryPoint","urlTemplate":"https:\/\/www.copealcoy.es\/es\/?s={search_term_string}"},"query-input":{"@type":"PropertyValueSpecification","valueRequired":true,"valueName":"search_term_string"}}],"inLanguage":"es"},{"@type":"Person","@id":"https:\/\/www.copealcoy.es\/es\/#\/schema\/person\/e777c87fa024e57d40170af9df39882c","name":"Cope Alcoy","image":{"@type":"ImageObject","inLanguage":"es","@id":"https:\/\/secure.gravatar.com\/avatar\/bb65d0283347e303893ba14f0692005417c1e0e690a325a4c5d8bb2b3943ee14?s=96&d=mm&r=g","url":"https:\/\/secure.gravatar.com\/avatar\/bb65d0283347e303893ba14f0692005417c1e0e690a325a4c5d8bb2b3943ee14?s=96&d=mm&r=g","contentUrl":"https:\/\/secure.gravatar.com\/avatar\/bb65d0283347e303893ba14f0692005417c1e0e690a325a4c5d8bb2b3943ee14?s=96&d=mm&r=g","caption":"Cope Alcoy"}}]}},"_links":{"self":[{"href":"https:\/\/www.copealcoy.es\/es\/wp-json\/wp\/v2\/posts\/162635","targetHints":{"allow":["GET"]}}],"collection":[{"href":"https:\/\/www.copealcoy.es\/es\/wp-json\/wp\/v2\/posts"}],"about":[{"href":"https:\/\/www.copealcoy.es\/es\/wp-json\/wp\/v2\/types\/post"}],"author":[{"embeddable":true,"href":"https:\/\/www.copealcoy.es\/es\/wp-json\/wp\/v2\/users\/1"}],"replies":[{"embeddable":true,"href":"https:\/\/www.copealcoy.es\/es\/wp-json\/wp\/v2\/comments?post=162635"}],"version-history":[{"count":2,"href":"https:\/\/www.copealcoy.es\/es\/wp-json\/wp\/v2\/posts\/162635\/revisions"}],"predecessor-version":[{"id":162700,"href":"https:\/\/www.copealcoy.es\/es\/wp-json\/wp\/v2\/posts\/162635\/revisions\/162700"}],"wp:featuredmedia":[{"embeddable":true,"href":"https:\/\/www.copealcoy.es\/es\/wp-json\/wp\/v2\/media\/162636"}],"wp:attachment":[{"href":"https:\/\/www.copealcoy.es\/es\/wp-json\/wp\/v2\/media?parent=162635"}],"wp:term":[{"taxonomy":"category","embeddable":true,"href":"https:\/\/www.copealcoy.es\/es\/wp-json\/wp\/v2\/categories?post=162635"},{"taxonomy":"post_tag","embeddable":true,"href":"https:\/\/www.copealcoy.es\/es\/wp-json\/wp\/v2\/tags?post=162635"}],"curies":[{"name":"wp","href":"https:\/\/api.w.org\/{rel}","templated":true}]}}