{"id":162617,"date":"2026-01-26T10:00:55","date_gmt":"2026-01-26T09:00:55","guid":{"rendered":"https:\/\/www.copealcoy.es\/?p=162617"},"modified":"2026-01-26T13:49:46","modified_gmt":"2026-01-26T12:49:46","slug":"arranca-en-alcoy-una-nueva-edicion-de-los-presupuestos-participativos-infantiles","status":"publish","type":"post","link":"https:\/\/www.copealcoy.es\/es\/arranca-en-alcoy-una-nueva-edicion-de-los-presupuestos-participativos-infantiles\/","title":{"rendered":"Arranca en Alcoy una nueva edici\u00f3n de los Presupuestos Participativos Infantiles"},"content":{"rendered":"<p style=\"text-align: justify;\" data-start=\"260\" data-end=\"822\">El <a href=\"https:\/\/www.alcoi.org\/ca\/portal\/index.html\" target=\"_blank\" rel=\"noopener\"><span style=\"color: #0000ff;\"><strong data-start=\"263\" data-end=\"288\">Ayuntamiento de Alcoy<\/strong><\/span><\/a> inici\u00f3 el pasado <strong data-start=\"303\" data-end=\"325\">jueves 22 de enero<\/strong> una nueva edici\u00f3n de los <strong data-start=\"351\" data-end=\"393\">Presupuestos Participativos Infantiles<\/strong>, una iniciativa que fomenta la <strong data-start=\"425\" data-end=\"466\">participaci\u00f3n activa de ni\u00f1as y ni\u00f1os<\/strong> en las decisiones municipales que les afectan. El proceso, impulsado por la <strong data-start=\"543\" data-end=\"584\">Concejal\u00eda de Participaci\u00f3n Ciudadana<\/strong>, se desarrollar\u00e1 en colaboraci\u00f3n con los <strong data-start=\"626\" data-end=\"648\">centros educativos<\/strong> de la ciudad y el <strong data-start=\"667\" data-end=\"718\">Consejo Local de Infancia y Adolescencia (CLIA)<\/strong>, y est\u00e1 dirigido al alumnado de <strong data-start=\"751\" data-end=\"769\">5\u00ba de Primaria<\/strong> y del <strong data-start=\"776\" data-end=\"821\">Centro de Educaci\u00f3n Especial Tom\u00e1s Ll\u00e1cer<\/strong>.<\/p>\n<p style=\"text-align: justify;\" data-start=\"824\" data-end=\"1313\">Este proyecto, en marcha desde <strong data-start=\"855\" data-end=\"863\">2017<\/strong>, tiene como objetivo incorporar la <strong data-start=\"899\" data-end=\"918\">mirada infantil<\/strong> a los procesos de decisi\u00f3n local. La concejala de Participaci\u00f3n Ciudadana, <strong data-start=\"994\" data-end=\"1007\">Aroa Mira<\/strong>, ha subrayado la importancia de esta iniciativa al se\u00f1alar que <em data-start=\"1071\" data-end=\"1312\">\u00abes fundamental que la infancia alcoyana tenga voz propia y no sea solo una espectadora de la vida municipal. Con este proyecto, los ni\u00f1os y ni\u00f1as aprenden que sus opiniones cuentan y que tienen la capacidad real de transformar su entorno\u00bb<\/em>. Durante las <strong data-start=\"1326\" data-end=\"1344\">primeras sesiones<\/strong>, los escolares han conocido qu\u00e9 son los <strong data-start=\"1429\" data-end=\"1460\">presupuestos participativos<\/strong> y han comenzado a detectar las <strong data-start=\"1489\" data-end=\"1518\">necesidades de su entorno<\/strong>, a trav\u00e9s de <strong data-start=\"1532\" data-end=\"1553\">din\u00e1micas l\u00fadicas<\/strong> que fomentan el trabajo en equipo y la creatividad. La iniciativa se enmarca adem\u00e1s en los principios de la <strong data-start=\"1662\" data-end=\"1704\">Convenci\u00f3n sobre los Derechos del Ni\u00f1o<\/strong>, reconociendo a la infancia como <strong data-start=\"1738\" data-end=\"1759\">ciudadan\u00eda activa<\/strong> con derecho a opinar.<\/p>\n<p style=\"text-align: justify;\" data-start=\"1783\" data-end=\"2134\">En ediciones anteriores, este programa ha permitido financiar proyectos que han mejorado de forma notable los <strong data-start=\"1893\" data-end=\"1930\">espacios educativos y recreativos<\/strong> de la ciudad. De cara a <strong data-start=\"1955\" data-end=\"1963\">2026<\/strong>, el Ayuntamiento destinar\u00e1 <strong data-start=\"1991\" data-end=\"2007\">20.000 euros<\/strong> para propuestas de inversi\u00f3n y <strong data-start=\"2039\" data-end=\"2054\">5.000 euros<\/strong> para gastos corrientes, reforzando su compromiso con el <strong data-start=\"2111\" data-end=\"2133\">bienestar infantil<\/strong>.<\/p>\n<p style=\"text-align: justify;\" data-start=\"2136\" data-end=\"2500\">El calendario continuar\u00e1 con nuevas sesiones los d\u00edas <strong data-start=\"2190\" data-end=\"2210\">5 y 6 de febrero<\/strong> y <strong data-start=\"2213\" data-end=\"2233\">26 y 27 de marzo<\/strong>, en las que los menores formular\u00e1n propuestas y recibir\u00e1n <strong data-start=\"2292\" data-end=\"2317\">asesoramiento t\u00e9cnico<\/strong>, hasta culminar en una <strong data-start=\"2341\" data-end=\"2365\">votaci\u00f3n democr\u00e1tica<\/strong> los d\u00edas <strong data-start=\"2375\" data-end=\"2395\">16 y 17 de abril<\/strong>. La presentaci\u00f3n de las propuestas m\u00e1s votadas en el <strong data-start=\"2449\" data-end=\"2468\">Pleno Municipal<\/strong> tendr\u00e1 lugar el <strong data-start=\"2485\" data-end=\"2499\">4 de junio<\/strong>.<\/p>\n","protected":false},"excerpt":{"rendered":"<p>El Ayuntamiento de Alcoy inici\u00f3 el pasado jueves 22 de enero una nueva edici\u00f3n de los Presupuestos Participativos Infantiles, una&#8230;<\/p>\n","protected":false},"author":1,"featured_media":162618,"comment_status":"closed","ping_status":"closed","sticky":false,"template":"","format":"standard","meta":{"footnotes":""},"categories":[6909,97,75,79],"tags":[1494,1823,4775,20584],"class_list":["post-162617","post","type-post","status-publish","format-standard","has-post-thumbnail","hentry","category-actualidad","category-alcoy","category-noticias","category-politicayeconomia","tag-alcoy","tag-aroa-mira","tag-nueva-edicion","tag-presupuestos-participativos-infantiles"],"yoast_head":"<!-- This site is optimized with the Yoast SEO plugin v27.3 - https:\/\/yoast.com\/product\/yoast-seo-wordpress\/ -->\n<title>Arranca en Alcoy una nueva edici\u00f3n de los Presupuestos Participativos Infantiles - COPE Alcoy<\/title>\n<meta name=\"description\" content=\"Arranca en Alcoy una nueva edici\u00f3n de los Presupuestos Participativos Infantiles\" \/>\n<meta name=\"robots\" content=\"index, follow, max-snippet:-1, max-image-preview:large, max-video-preview:-1\" \/>\n<link rel=\"canonical\" href=\"https:\/\/www.copealcoy.es\/es\/arranca-en-alcoy-una-nueva-edicion-de-los-presupuestos-participativos-infantiles\/\" \/>\n<meta property=\"og:locale\" content=\"es_ES\" \/>\n<meta property=\"og:type\" content=\"article\" \/>\n<meta property=\"og:title\" content=\"Arranca en Alcoy una nueva edici\u00f3n de los Presupuestos Participativos Infantiles - COPE Alcoy\" \/>\n<meta property=\"og:description\" content=\"Arranca en Alcoy una nueva edici\u00f3n de los Presupuestos Participativos Infantiles\" \/>\n<meta property=\"og:url\" content=\"https:\/\/www.copealcoy.es\/es\/arranca-en-alcoy-una-nueva-edicion-de-los-presupuestos-participativos-infantiles\/\" \/>\n<meta property=\"og:site_name\" content=\"COPE Alcoy\" \/>\n<meta property=\"article:published_time\" content=\"2026-01-26T09:00:55+00:00\" \/>\n<meta property=\"article:modified_time\" content=\"2026-01-26T12:49:46+00:00\" \/>\n<meta property=\"og:image\" content=\"https:\/\/www.copealcoy.es\/wp-content\/uploads\/2026\/01\/4-9.jpg\" \/>\n\t<meta property=\"og:image:width\" content=\"1200\" \/>\n\t<meta property=\"og:image:height\" content=\"675\" \/>\n\t<meta property=\"og:image:type\" content=\"image\/jpeg\" \/>\n<meta name=\"author\" content=\"Cope Alcoy\" \/>\n<meta name=\"twitter:label1\" content=\"Escrito por\" \/>\n\t<meta name=\"twitter:data1\" content=\"Cope Alcoy\" \/>\n\t<meta name=\"twitter:label2\" content=\"Tiempo de lectura\" \/>\n\t<meta name=\"twitter:data2\" content=\"3 minutos\" \/>\n<script type=\"application\/ld+json\" class=\"yoast-schema-graph\">{\"@context\":\"https:\\\/\\\/schema.org\",\"@graph\":[{\"@type\":\"Article\",\"@id\":\"https:\\\/\\\/www.copealcoy.es\\\/es\\\/arranca-en-alcoy-una-nueva-edicion-de-los-presupuestos-participativos-infantiles\\\/#article\",\"isPartOf\":{\"@id\":\"https:\\\/\\\/www.copealcoy.es\\\/es\\\/arranca-en-alcoy-una-nueva-edicion-de-los-presupuestos-participativos-infantiles\\\/\"},\"author\":{\"name\":\"Cope Alcoy\",\"@id\":\"https:\\\/\\\/www.copealcoy.es\\\/es\\\/#\\\/schema\\\/person\\\/e777c87fa024e57d40170af9df39882c\"},\"headline\":\"Arranca en Alcoy una nueva edici\u00f3n de los Presupuestos Participativos Infantiles\",\"datePublished\":\"2026-01-26T09:00:55+00:00\",\"dateModified\":\"2026-01-26T12:49:46+00:00\",\"mainEntityOfPage\":{\"@id\":\"https:\\\/\\\/www.copealcoy.es\\\/es\\\/arranca-en-alcoy-una-nueva-edicion-de-los-presupuestos-participativos-infantiles\\\/\"},\"wordCount\":364,\"image\":{\"@id\":\"https:\\\/\\\/www.copealcoy.es\\\/es\\\/arranca-en-alcoy-una-nueva-edicion-de-los-presupuestos-participativos-infantiles\\\/#primaryimage\"},\"thumbnailUrl\":\"https:\\\/\\\/www.copealcoy.es\\\/wp-content\\\/uploads\\\/2026\\\/01\\\/4-9.jpg\",\"keywords\":[\"Alcoy\",\"Aroa Mira\",\"nueva edici\u00f3n\",\"Presupuestos Participativos Infantiles\"],\"articleSection\":[\"Actualidad\",\"Alcoy\",\"Noticias\",\"Pol\u00edtica y Econom\u00eda\"],\"inLanguage\":\"es\"},{\"@type\":\"WebPage\",\"@id\":\"https:\\\/\\\/www.copealcoy.es\\\/es\\\/arranca-en-alcoy-una-nueva-edicion-de-los-presupuestos-participativos-infantiles\\\/\",\"url\":\"https:\\\/\\\/www.copealcoy.es\\\/es\\\/arranca-en-alcoy-una-nueva-edicion-de-los-presupuestos-participativos-infantiles\\\/\",\"name\":\"Arranca en Alcoy una nueva edici\u00f3n de los Presupuestos Participativos Infantiles - COPE Alcoy\",\"isPartOf\":{\"@id\":\"https:\\\/\\\/www.copealcoy.es\\\/es\\\/#website\"},\"primaryImageOfPage\":{\"@id\":\"https:\\\/\\\/www.copealcoy.es\\\/es\\\/arranca-en-alcoy-una-nueva-edicion-de-los-presupuestos-participativos-infantiles\\\/#primaryimage\"},\"image\":{\"@id\":\"https:\\\/\\\/www.copealcoy.es\\\/es\\\/arranca-en-alcoy-una-nueva-edicion-de-los-presupuestos-participativos-infantiles\\\/#primaryimage\"},\"thumbnailUrl\":\"https:\\\/\\\/www.copealcoy.es\\\/wp-content\\\/uploads\\\/2026\\\/01\\\/4-9.jpg\",\"datePublished\":\"2026-01-26T09:00:55+00:00\",\"dateModified\":\"2026-01-26T12:49:46+00:00\",\"author\":{\"@id\":\"https:\\\/\\\/www.copealcoy.es\\\/es\\\/#\\\/schema\\\/person\\\/e777c87fa024e57d40170af9df39882c\"},\"description\":\"Arranca en Alcoy una nueva edici\u00f3n de los Presupuestos Participativos Infantiles\",\"breadcrumb\":{\"@id\":\"https:\\\/\\\/www.copealcoy.es\\\/es\\\/arranca-en-alcoy-una-nueva-edicion-de-los-presupuestos-participativos-infantiles\\\/#breadcrumb\"},\"inLanguage\":\"es\",\"potentialAction\":[{\"@type\":\"ReadAction\",\"target\":[\"https:\\\/\\\/www.copealcoy.es\\\/es\\\/arranca-en-alcoy-una-nueva-edicion-de-los-presupuestos-participativos-infantiles\\\/\"]}]},{\"@type\":\"ImageObject\",\"inLanguage\":\"es\",\"@id\":\"https:\\\/\\\/www.copealcoy.es\\\/es\\\/arranca-en-alcoy-una-nueva-edicion-de-los-presupuestos-participativos-infantiles\\\/#primaryimage\",\"url\":\"https:\\\/\\\/www.copealcoy.es\\\/wp-content\\\/uploads\\\/2026\\\/01\\\/4-9.jpg\",\"contentUrl\":\"https:\\\/\\\/www.copealcoy.es\\\/wp-content\\\/uploads\\\/2026\\\/01\\\/4-9.jpg\",\"width\":1200,\"height\":675},{\"@type\":\"BreadcrumbList\",\"@id\":\"https:\\\/\\\/www.copealcoy.es\\\/es\\\/arranca-en-alcoy-una-nueva-edicion-de-los-presupuestos-participativos-infantiles\\\/#breadcrumb\",\"itemListElement\":[{\"@type\":\"ListItem\",\"position\":1,\"name\":\"Portada\",\"item\":\"https:\\\/\\\/www.copealcoy.es\\\/es\\\/\"},{\"@type\":\"ListItem\",\"position\":2,\"name\":\"Arranca en Alcoy una nueva edici\u00f3n de los Presupuestos Participativos Infantiles\"}]},{\"@type\":\"WebSite\",\"@id\":\"https:\\\/\\\/www.copealcoy.es\\\/es\\\/#website\",\"url\":\"https:\\\/\\\/www.copealcoy.es\\\/es\\\/\",\"name\":\"COPE Alcoy\",\"description\":\"Emisora COPE de radio local con emisi\u00f3n online. Pont de Sant Jordi 8-10 03803 Alcoy\",\"potentialAction\":[{\"@type\":\"SearchAction\",\"target\":{\"@type\":\"EntryPoint\",\"urlTemplate\":\"https:\\\/\\\/www.copealcoy.es\\\/es\\\/?s={search_term_string}\"},\"query-input\":{\"@type\":\"PropertyValueSpecification\",\"valueRequired\":true,\"valueName\":\"search_term_string\"}}],\"inLanguage\":\"es\"},{\"@type\":\"Person\",\"@id\":\"https:\\\/\\\/www.copealcoy.es\\\/es\\\/#\\\/schema\\\/person\\\/e777c87fa024e57d40170af9df39882c\",\"name\":\"Cope Alcoy\",\"image\":{\"@type\":\"ImageObject\",\"inLanguage\":\"es\",\"@id\":\"https:\\\/\\\/secure.gravatar.com\\\/avatar\\\/bb65d0283347e303893ba14f0692005417c1e0e690a325a4c5d8bb2b3943ee14?s=96&d=mm&r=g\",\"url\":\"https:\\\/\\\/secure.gravatar.com\\\/avatar\\\/bb65d0283347e303893ba14f0692005417c1e0e690a325a4c5d8bb2b3943ee14?s=96&d=mm&r=g\",\"contentUrl\":\"https:\\\/\\\/secure.gravatar.com\\\/avatar\\\/bb65d0283347e303893ba14f0692005417c1e0e690a325a4c5d8bb2b3943ee14?s=96&d=mm&r=g\",\"caption\":\"Cope Alcoy\"}}]}<\/script>\n<!-- \/ Yoast SEO plugin. -->","yoast_head_json":{"title":"Arranca en Alcoy una nueva edici\u00f3n de los Presupuestos Participativos Infantiles - COPE Alcoy","description":"Arranca en Alcoy una nueva edici\u00f3n de los Presupuestos Participativos Infantiles","robots":{"index":"index","follow":"follow","max-snippet":"max-snippet:-1","max-image-preview":"max-image-preview:large","max-video-preview":"max-video-preview:-1"},"canonical":"https:\/\/www.copealcoy.es\/es\/arranca-en-alcoy-una-nueva-edicion-de-los-presupuestos-participativos-infantiles\/","og_locale":"es_ES","og_type":"article","og_title":"Arranca en Alcoy una nueva edici\u00f3n de los Presupuestos Participativos Infantiles - COPE Alcoy","og_description":"Arranca en Alcoy una nueva edici\u00f3n de los Presupuestos Participativos Infantiles","og_url":"https:\/\/www.copealcoy.es\/es\/arranca-en-alcoy-una-nueva-edicion-de-los-presupuestos-participativos-infantiles\/","og_site_name":"COPE Alcoy","article_published_time":"2026-01-26T09:00:55+00:00","article_modified_time":"2026-01-26T12:49:46+00:00","og_image":[{"width":1200,"height":675,"url":"https:\/\/www.copealcoy.es\/wp-content\/uploads\/2026\/01\/4-9.jpg","type":"image\/jpeg"}],"author":"Cope Alcoy","twitter_misc":{"Escrito por":"Cope Alcoy","Tiempo de lectura":"3 minutos"},"schema":{"@context":"https:\/\/schema.org","@graph":[{"@type":"Article","@id":"https:\/\/www.copealcoy.es\/es\/arranca-en-alcoy-una-nueva-edicion-de-los-presupuestos-participativos-infantiles\/#article","isPartOf":{"@id":"https:\/\/www.copealcoy.es\/es\/arranca-en-alcoy-una-nueva-edicion-de-los-presupuestos-participativos-infantiles\/"},"author":{"name":"Cope Alcoy","@id":"https:\/\/www.copealcoy.es\/es\/#\/schema\/person\/e777c87fa024e57d40170af9df39882c"},"headline":"Arranca en Alcoy una nueva edici\u00f3n de los Presupuestos Participativos Infantiles","datePublished":"2026-01-26T09:00:55+00:00","dateModified":"2026-01-26T12:49:46+00:00","mainEntityOfPage":{"@id":"https:\/\/www.copealcoy.es\/es\/arranca-en-alcoy-una-nueva-edicion-de-los-presupuestos-participativos-infantiles\/"},"wordCount":364,"image":{"@id":"https:\/\/www.copealcoy.es\/es\/arranca-en-alcoy-una-nueva-edicion-de-los-presupuestos-participativos-infantiles\/#primaryimage"},"thumbnailUrl":"https:\/\/www.copealcoy.es\/wp-content\/uploads\/2026\/01\/4-9.jpg","keywords":["Alcoy","Aroa Mira","nueva edici\u00f3n","Presupuestos Participativos Infantiles"],"articleSection":["Actualidad","Alcoy","Noticias","Pol\u00edtica y Econom\u00eda"],"inLanguage":"es"},{"@type":"WebPage","@id":"https:\/\/www.copealcoy.es\/es\/arranca-en-alcoy-una-nueva-edicion-de-los-presupuestos-participativos-infantiles\/","url":"https:\/\/www.copealcoy.es\/es\/arranca-en-alcoy-una-nueva-edicion-de-los-presupuestos-participativos-infantiles\/","name":"Arranca en Alcoy una nueva edici\u00f3n de los Presupuestos Participativos Infantiles - COPE Alcoy","isPartOf":{"@id":"https:\/\/www.copealcoy.es\/es\/#website"},"primaryImageOfPage":{"@id":"https:\/\/www.copealcoy.es\/es\/arranca-en-alcoy-una-nueva-edicion-de-los-presupuestos-participativos-infantiles\/#primaryimage"},"image":{"@id":"https:\/\/www.copealcoy.es\/es\/arranca-en-alcoy-una-nueva-edicion-de-los-presupuestos-participativos-infantiles\/#primaryimage"},"thumbnailUrl":"https:\/\/www.copealcoy.es\/wp-content\/uploads\/2026\/01\/4-9.jpg","datePublished":"2026-01-26T09:00:55+00:00","dateModified":"2026-01-26T12:49:46+00:00","author":{"@id":"https:\/\/www.copealcoy.es\/es\/#\/schema\/person\/e777c87fa024e57d40170af9df39882c"},"description":"Arranca en Alcoy una nueva edici\u00f3n de los Presupuestos Participativos Infantiles","breadcrumb":{"@id":"https:\/\/www.copealcoy.es\/es\/arranca-en-alcoy-una-nueva-edicion-de-los-presupuestos-participativos-infantiles\/#breadcrumb"},"inLanguage":"es","potentialAction":[{"@type":"ReadAction","target":["https:\/\/www.copealcoy.es\/es\/arranca-en-alcoy-una-nueva-edicion-de-los-presupuestos-participativos-infantiles\/"]}]},{"@type":"ImageObject","inLanguage":"es","@id":"https:\/\/www.copealcoy.es\/es\/arranca-en-alcoy-una-nueva-edicion-de-los-presupuestos-participativos-infantiles\/#primaryimage","url":"https:\/\/www.copealcoy.es\/wp-content\/uploads\/2026\/01\/4-9.jpg","contentUrl":"https:\/\/www.copealcoy.es\/wp-content\/uploads\/2026\/01\/4-9.jpg","width":1200,"height":675},{"@type":"BreadcrumbList","@id":"https:\/\/www.copealcoy.es\/es\/arranca-en-alcoy-una-nueva-edicion-de-los-presupuestos-participativos-infantiles\/#breadcrumb","itemListElement":[{"@type":"ListItem","position":1,"name":"Portada","item":"https:\/\/www.copealcoy.es\/es\/"},{"@type":"ListItem","position":2,"name":"Arranca en Alcoy una nueva edici\u00f3n de los Presupuestos Participativos Infantiles"}]},{"@type":"WebSite","@id":"https:\/\/www.copealcoy.es\/es\/#website","url":"https:\/\/www.copealcoy.es\/es\/","name":"COPE Alcoy","description":"Emisora COPE de radio local con emisi\u00f3n online. Pont de Sant Jordi 8-10 03803 Alcoy","potentialAction":[{"@type":"SearchAction","target":{"@type":"EntryPoint","urlTemplate":"https:\/\/www.copealcoy.es\/es\/?s={search_term_string}"},"query-input":{"@type":"PropertyValueSpecification","valueRequired":true,"valueName":"search_term_string"}}],"inLanguage":"es"},{"@type":"Person","@id":"https:\/\/www.copealcoy.es\/es\/#\/schema\/person\/e777c87fa024e57d40170af9df39882c","name":"Cope Alcoy","image":{"@type":"ImageObject","inLanguage":"es","@id":"https:\/\/secure.gravatar.com\/avatar\/bb65d0283347e303893ba14f0692005417c1e0e690a325a4c5d8bb2b3943ee14?s=96&d=mm&r=g","url":"https:\/\/secure.gravatar.com\/avatar\/bb65d0283347e303893ba14f0692005417c1e0e690a325a4c5d8bb2b3943ee14?s=96&d=mm&r=g","contentUrl":"https:\/\/secure.gravatar.com\/avatar\/bb65d0283347e303893ba14f0692005417c1e0e690a325a4c5d8bb2b3943ee14?s=96&d=mm&r=g","caption":"Cope Alcoy"}}]}},"_links":{"self":[{"href":"https:\/\/www.copealcoy.es\/es\/wp-json\/wp\/v2\/posts\/162617","targetHints":{"allow":["GET"]}}],"collection":[{"href":"https:\/\/www.copealcoy.es\/es\/wp-json\/wp\/v2\/posts"}],"about":[{"href":"https:\/\/www.copealcoy.es\/es\/wp-json\/wp\/v2\/types\/post"}],"author":[{"embeddable":true,"href":"https:\/\/www.copealcoy.es\/es\/wp-json\/wp\/v2\/users\/1"}],"replies":[{"embeddable":true,"href":"https:\/\/www.copealcoy.es\/es\/wp-json\/wp\/v2\/comments?post=162617"}],"version-history":[{"count":2,"href":"https:\/\/www.copealcoy.es\/es\/wp-json\/wp\/v2\/posts\/162617\/revisions"}],"predecessor-version":[{"id":162881,"href":"https:\/\/www.copealcoy.es\/es\/wp-json\/wp\/v2\/posts\/162617\/revisions\/162881"}],"wp:featuredmedia":[{"embeddable":true,"href":"https:\/\/www.copealcoy.es\/es\/wp-json\/wp\/v2\/media\/162618"}],"wp:attachment":[{"href":"https:\/\/www.copealcoy.es\/es\/wp-json\/wp\/v2\/media?parent=162617"}],"wp:term":[{"taxonomy":"category","embeddable":true,"href":"https:\/\/www.copealcoy.es\/es\/wp-json\/wp\/v2\/categories?post=162617"},{"taxonomy":"post_tag","embeddable":true,"href":"https:\/\/www.copealcoy.es\/es\/wp-json\/wp\/v2\/tags?post=162617"}],"curies":[{"name":"wp","href":"https:\/\/api.w.org\/{rel}","templated":true}]}}