{"id":162567,"date":"2026-01-20T07:35:09","date_gmt":"2026-01-20T06:35:09","guid":{"rendered":"https:\/\/www.copealcoy.es\/?p=162567"},"modified":"2026-01-20T15:32:25","modified_gmt":"2026-01-20T14:32:25","slug":"mediodia-cope-alcoy-martes-20-de-enero-2026-1420h","status":"publish","type":"post","link":"https:\/\/www.copealcoy.es\/es\/mediodia-cope-alcoy-martes-20-de-enero-2026-1420h\/","title":{"rendered":"&#8216;Mediod\u00eda Cope&#8217; Alcoy martes 20 de enero 2026 (14:20h)"},"content":{"rendered":"<p><iframe loading=\"lazy\" title=\"&#039;Mediod\u00eda Cope&#039; Alcoy Martes 20 De Enero 2026 (14:20h)\" width=\"100%\" height=\"120\" src=\"https:\/\/www.mixcloud.com\/widget\/iframe\/?feed=https%3A%2F%2Fwww.mixcloud.com%2FCOPEAlcoy%2Fmediod%25C3%25ADa-cope-alcoy-martes-20-de-enero-2026-1420h%2F&amp;hide_cover=1\" frameborder=\"0\" allow=\"encrypted-media; fullscreen; autoplay; idle-detection; speaker-selection; web-share;\"><\/iframe><\/p>\n<p style=\"text-align: justify;\">Hoy martes os hemos contado que <strong>Cocentaina logra 562.000 euros del Plan ADHA para ampliar el parque p\u00fablico de vivienda<\/strong>. Adem\u00e1s hemos destacado que <strong>se licita por tercera vez la rehabilitaci\u00f3n energ\u00e9tica del barrio de la Font Dol\u00e7a<\/strong> de nuestra ciudad.<\/p>\n<p style=\"text-align: justify;\" data-start=\"228\" data-end=\"682\">El\u00a0<span style=\"color: #0000ff;\"><a style=\"color: #0000ff;\" href=\"https:\/\/www.alcoi.org\/ca\/portal\/index.html\" target=\"_blank\" rel=\"noopener\"><strong data-start=\"231\" data-end=\"256\">Ayuntamiento de Alcoy<\/strong><\/a><\/span>\u00a0ha publicado por tercera vez la\u00a0<strong data-start=\"273\" data-end=\"300\">licitaci\u00f3n de las obras<\/strong>\u00a0para llevar a cabo los\u00a0<strong data-start=\"324\" data-end=\"366\">proyectos de rehabilitaci\u00f3n energ\u00e9tica<\/strong>\u00a0de los 17\u00a0<strong data-start=\"377\" data-end=\"390\">edificios<\/strong>\u00a0del\u00a0<strong data-start=\"395\" data-end=\"422\">barrio de la Font Dol\u00e7a<\/strong>, que suman un total de 166\u00a0<strong data-start=\"450\" data-end=\"463\">viviendas<\/strong>. Todo ello despu\u00e9s de que los dos intentos anteriores quedaran desiertos por la falta de\u00a0<strong data-start=\"1370\" data-end=\"1381\">ofertas<\/strong>\u00a0de las\u00a0<strong data-start=\"1389\" data-end=\"1415\">empresas constructoras.\u00a0<\/strong>\u00a0Esta actuaci\u00f3n, financiada con\u00a0<strong data-start=\"496\" data-end=\"533\">fondos europeos Next GenerationEU<\/strong>, se divide ahora en\u00a0<strong data-start=\"548\" data-end=\"567\">siete contratos<\/strong>\u00a0diferentes con el objetivo de facilitar la concurrencia de\u00a0<strong data-start=\"627\" data-end=\"639\">empresas<\/strong>\u00a0y acelerar la ejecuci\u00f3n de los trabajos.<\/p>\n<p style=\"text-align: justify;\" data-start=\"684\" data-end=\"1211\">Los citado siete lotes, seg\u00fan informan desde el consistorio alcoyano,\u00a0tienen\u00a0<strong data-start=\"711\" data-end=\"727\">presupuestos<\/strong>\u00a0que oscilan entre\u00a0<strong data-start=\"746\" data-end=\"757\">393.073<\/strong>\u00a0y\u00a0<strong data-start=\"760\" data-end=\"777\">706.715 euros<\/strong>. Concretamente, el Conjunto 1 dispone de\u00a0<strong data-start=\"819\" data-end=\"839\">706.715,09 euros<\/strong>; el Conjunto 2, de\u00a0<strong data-start=\"859\" data-end=\"879\">393.073,24 euros<\/strong>; el Conjunto 3, de\u00a0<strong data-start=\"899\" data-end=\"919\">704.637,60 euros<\/strong>; el Conjunto 4, de\u00a0<strong data-start=\"939\" data-end=\"959\">393.073,24 euros<\/strong>; el Conjunto 5, de\u00a0<strong data-start=\"979\" data-end=\"999\">462.314,02 euros<\/strong>; el Conjunto 6, de\u00a0<strong data-start=\"1019\" data-end=\"1039\">684.862,66 euros<\/strong>; y el Conjunto 7, de\u00a0<strong data-start=\"1061\" data-end=\"1081\">465.526,85 euros<\/strong>. Todas las licitaciones ya est\u00e1n publicadas y el plazo para presentar\u00a0<strong data-start=\"1152\" data-end=\"1163\">ofertas<\/strong>\u00a0finaliza el pr\u00f3ximo\u00a0<strong data-start=\"1184\" data-end=\"1208\">9 de febrero de 2026<\/strong>\u00a0<em data-start=\"1481\" data-end=\"2021\">\u201cdesde el Ayuntamiento de Alcoy hemos hecho todo lo que est\u00e1 en nuestras manos para que este proyecto salga adelante. Sabemos que es una actuaci\u00f3n compleja, pero tambi\u00e9n necesaria para mejorar la calidad de vida de las vecinas y vecinos de la Font Dol\u00e7a. Esperamos que esta tercera licitaci\u00f3n tenga una buena recepci\u00f3n entre las empresas constructoras y que se presenten ofertas que permitan ejecutar las obras dentro de los plazos previstos. Es un proyecto de gran importancia para la ciudad y para la regeneraci\u00f3n urbana de este barrio\u201d<\/em>, afirma la edil de Urbanismo;\u00a0<strong>Vanessa Molt\u00f3<\/strong>.<\/p>\n<p style=\"text-align: justify;\" data-start=\"2026\" data-end=\"2395\">Cabe recordar que las actuaciones previstas permitir\u00e1n mejorar de forma notable la\u00a0<strong data-start=\"2081\" data-end=\"2106\">eficiencia energ\u00e9tica<\/strong>\u00a0de los\u00a0<strong data-start=\"2114\" data-end=\"2127\">edificios<\/strong>, con intervenciones en\u00a0<strong data-start=\"2151\" data-end=\"2174\">aislamiento t\u00e9rmico<\/strong>,\u00a0<strong data-start=\"2176\" data-end=\"2202\">sistemas constructivos<\/strong>\u00a0y\u00a0<strong data-start=\"2205\" data-end=\"2223\">sostenibilidad<\/strong>. El objetivo es\u00a0<strong data-start=\"2240\" data-end=\"2273\">reducir el consumo energ\u00e9tico<\/strong>, mejorar el\u00a0<strong data-start=\"2286\" data-end=\"2314\">confort en las viviendas<\/strong>\u00a0y avanzar hacia un\u00a0<strong data-start=\"2334\" data-end=\"2351\">modelo urbano<\/strong>\u00a0m\u00e1s respetuoso con el\u00a0<strong data-start=\"2374\" data-end=\"2392\">medio ambiente<\/strong>.<\/p>\n<p style=\"text-align: justify;\">\n","protected":false},"excerpt":{"rendered":"<p>Hoy martes os hemos contado que Cocentaina logra 562.000 euros del Plan ADHA para ampliar el parque p\u00fablico de vivienda&#8230;.<\/p>\n","protected":false},"author":1,"featured_media":147663,"comment_status":"closed","ping_status":"closed","sticky":false,"template":"","format":"standard","meta":{"footnotes":""},"categories":[6909,89,91,75],"tags":[],"class_list":["post-162567","post","type-post","status-publish","format-standard","has-post-thumbnail","hentry","category-actualidad","category-audiosdelosprogramas","category-informativos","category-noticias"],"yoast_head":"<!-- This site is optimized with the Yoast SEO plugin v27.3 - https:\/\/yoast.com\/product\/yoast-seo-wordpress\/ -->\n<title>&#039;Mediod\u00eda Cope&#039; Alcoy martes 20 de enero 2026 (14:20h) - COPE Alcoy<\/title>\n<meta name=\"robots\" content=\"index, follow, max-snippet:-1, max-image-preview:large, max-video-preview:-1\" \/>\n<link rel=\"canonical\" href=\"https:\/\/www.copealcoy.es\/es\/mediodia-cope-alcoy-martes-20-de-enero-2026-1420h\/\" \/>\n<meta property=\"og:locale\" content=\"es_ES\" \/>\n<meta property=\"og:type\" content=\"article\" \/>\n<meta property=\"og:title\" content=\"&#039;Mediod\u00eda Cope&#039; Alcoy martes 20 de enero 2026 (14:20h) - COPE Alcoy\" \/>\n<meta property=\"og:description\" content=\"Hoy martes os hemos contado que Cocentaina logra 562.000 euros del Plan ADHA para ampliar el parque p\u00fablico de vivienda....\" \/>\n<meta property=\"og:url\" content=\"https:\/\/www.copealcoy.es\/es\/mediodia-cope-alcoy-martes-20-de-enero-2026-1420h\/\" \/>\n<meta property=\"og:site_name\" content=\"COPE Alcoy\" \/>\n<meta property=\"article:published_time\" content=\"2026-01-20T06:35:09+00:00\" \/>\n<meta property=\"article:modified_time\" content=\"2026-01-20T14:32:25+00:00\" \/>\n<meta property=\"og:image\" content=\"https:\/\/www.copealcoy.es\/wp-content\/uploads\/2025\/02\/Mediodia-Cope-Castellano.png\" \/>\n\t<meta property=\"og:image:width\" content=\"357\" \/>\n\t<meta property=\"og:image:height\" content=\"290\" \/>\n\t<meta property=\"og:image:type\" content=\"image\/png\" \/>\n<meta name=\"author\" content=\"Cope Alcoy\" \/>\n<meta name=\"twitter:label1\" content=\"Escrito por\" \/>\n\t<meta name=\"twitter:data1\" content=\"Cope Alcoy\" \/>\n\t<meta name=\"twitter:label2\" content=\"Tiempo de lectura\" \/>\n\t<meta name=\"twitter:data2\" content=\"3 minutos\" \/>\n<script type=\"application\/ld+json\" class=\"yoast-schema-graph\">{\"@context\":\"https:\\\/\\\/schema.org\",\"@graph\":[{\"@type\":\"Article\",\"@id\":\"https:\\\/\\\/www.copealcoy.es\\\/es\\\/mediodia-cope-alcoy-martes-20-de-enero-2026-1420h\\\/#article\",\"isPartOf\":{\"@id\":\"https:\\\/\\\/www.copealcoy.es\\\/es\\\/mediodia-cope-alcoy-martes-20-de-enero-2026-1420h\\\/\"},\"author\":{\"name\":\"Cope Alcoy\",\"@id\":\"https:\\\/\\\/www.copealcoy.es\\\/es\\\/#\\\/schema\\\/person\\\/e777c87fa024e57d40170af9df39882c\"},\"headline\":\"&#8216;Mediod\u00eda Cope&#8217; Alcoy martes 20 de enero 2026 (14:20h)\",\"datePublished\":\"2026-01-20T06:35:09+00:00\",\"dateModified\":\"2026-01-20T14:32:25+00:00\",\"mainEntityOfPage\":{\"@id\":\"https:\\\/\\\/www.copealcoy.es\\\/es\\\/mediodia-cope-alcoy-martes-20-de-enero-2026-1420h\\\/\"},\"wordCount\":387,\"image\":{\"@id\":\"https:\\\/\\\/www.copealcoy.es\\\/es\\\/mediodia-cope-alcoy-martes-20-de-enero-2026-1420h\\\/#primaryimage\"},\"thumbnailUrl\":\"https:\\\/\\\/www.copealcoy.es\\\/wp-content\\\/uploads\\\/2025\\\/02\\\/Mediodia-Cope-Castellano.png\",\"articleSection\":[\"Actualidad\",\"Audios de los programas\",\"Informativos\",\"Noticias\"],\"inLanguage\":\"es\"},{\"@type\":\"WebPage\",\"@id\":\"https:\\\/\\\/www.copealcoy.es\\\/es\\\/mediodia-cope-alcoy-martes-20-de-enero-2026-1420h\\\/\",\"url\":\"https:\\\/\\\/www.copealcoy.es\\\/es\\\/mediodia-cope-alcoy-martes-20-de-enero-2026-1420h\\\/\",\"name\":\"'Mediod\u00eda Cope' Alcoy martes 20 de enero 2026 (14:20h) - COPE Alcoy\",\"isPartOf\":{\"@id\":\"https:\\\/\\\/www.copealcoy.es\\\/es\\\/#website\"},\"primaryImageOfPage\":{\"@id\":\"https:\\\/\\\/www.copealcoy.es\\\/es\\\/mediodia-cope-alcoy-martes-20-de-enero-2026-1420h\\\/#primaryimage\"},\"image\":{\"@id\":\"https:\\\/\\\/www.copealcoy.es\\\/es\\\/mediodia-cope-alcoy-martes-20-de-enero-2026-1420h\\\/#primaryimage\"},\"thumbnailUrl\":\"https:\\\/\\\/www.copealcoy.es\\\/wp-content\\\/uploads\\\/2025\\\/02\\\/Mediodia-Cope-Castellano.png\",\"datePublished\":\"2026-01-20T06:35:09+00:00\",\"dateModified\":\"2026-01-20T14:32:25+00:00\",\"author\":{\"@id\":\"https:\\\/\\\/www.copealcoy.es\\\/es\\\/#\\\/schema\\\/person\\\/e777c87fa024e57d40170af9df39882c\"},\"breadcrumb\":{\"@id\":\"https:\\\/\\\/www.copealcoy.es\\\/es\\\/mediodia-cope-alcoy-martes-20-de-enero-2026-1420h\\\/#breadcrumb\"},\"inLanguage\":\"es\",\"potentialAction\":[{\"@type\":\"ReadAction\",\"target\":[\"https:\\\/\\\/www.copealcoy.es\\\/es\\\/mediodia-cope-alcoy-martes-20-de-enero-2026-1420h\\\/\"]}]},{\"@type\":\"ImageObject\",\"inLanguage\":\"es\",\"@id\":\"https:\\\/\\\/www.copealcoy.es\\\/es\\\/mediodia-cope-alcoy-martes-20-de-enero-2026-1420h\\\/#primaryimage\",\"url\":\"https:\\\/\\\/www.copealcoy.es\\\/wp-content\\\/uploads\\\/2025\\\/02\\\/Mediodia-Cope-Castellano.png\",\"contentUrl\":\"https:\\\/\\\/www.copealcoy.es\\\/wp-content\\\/uploads\\\/2025\\\/02\\\/Mediodia-Cope-Castellano.png\",\"width\":357,\"height\":290},{\"@type\":\"BreadcrumbList\",\"@id\":\"https:\\\/\\\/www.copealcoy.es\\\/es\\\/mediodia-cope-alcoy-martes-20-de-enero-2026-1420h\\\/#breadcrumb\",\"itemListElement\":[{\"@type\":\"ListItem\",\"position\":1,\"name\":\"Portada\",\"item\":\"https:\\\/\\\/www.copealcoy.es\\\/es\\\/\"},{\"@type\":\"ListItem\",\"position\":2,\"name\":\"&#8216;Mediod\u00eda Cope&#8217; Alcoy martes 20 de enero 2026 (14:20h)\"}]},{\"@type\":\"WebSite\",\"@id\":\"https:\\\/\\\/www.copealcoy.es\\\/es\\\/#website\",\"url\":\"https:\\\/\\\/www.copealcoy.es\\\/es\\\/\",\"name\":\"COPE Alcoy\",\"description\":\"Emisora COPE de radio local con emisi\u00f3n online. Pont de Sant Jordi 8-10 03803 Alcoy\",\"potentialAction\":[{\"@type\":\"SearchAction\",\"target\":{\"@type\":\"EntryPoint\",\"urlTemplate\":\"https:\\\/\\\/www.copealcoy.es\\\/es\\\/?s={search_term_string}\"},\"query-input\":{\"@type\":\"PropertyValueSpecification\",\"valueRequired\":true,\"valueName\":\"search_term_string\"}}],\"inLanguage\":\"es\"},{\"@type\":\"Person\",\"@id\":\"https:\\\/\\\/www.copealcoy.es\\\/es\\\/#\\\/schema\\\/person\\\/e777c87fa024e57d40170af9df39882c\",\"name\":\"Cope Alcoy\",\"image\":{\"@type\":\"ImageObject\",\"inLanguage\":\"es\",\"@id\":\"https:\\\/\\\/secure.gravatar.com\\\/avatar\\\/bb65d0283347e303893ba14f0692005417c1e0e690a325a4c5d8bb2b3943ee14?s=96&d=mm&r=g\",\"url\":\"https:\\\/\\\/secure.gravatar.com\\\/avatar\\\/bb65d0283347e303893ba14f0692005417c1e0e690a325a4c5d8bb2b3943ee14?s=96&d=mm&r=g\",\"contentUrl\":\"https:\\\/\\\/secure.gravatar.com\\\/avatar\\\/bb65d0283347e303893ba14f0692005417c1e0e690a325a4c5d8bb2b3943ee14?s=96&d=mm&r=g\",\"caption\":\"Cope Alcoy\"}}]}<\/script>\n<!-- \/ Yoast SEO plugin. -->","yoast_head_json":{"title":"'Mediod\u00eda Cope' Alcoy martes 20 de enero 2026 (14:20h) - COPE Alcoy","robots":{"index":"index","follow":"follow","max-snippet":"max-snippet:-1","max-image-preview":"max-image-preview:large","max-video-preview":"max-video-preview:-1"},"canonical":"https:\/\/www.copealcoy.es\/es\/mediodia-cope-alcoy-martes-20-de-enero-2026-1420h\/","og_locale":"es_ES","og_type":"article","og_title":"'Mediod\u00eda Cope' Alcoy martes 20 de enero 2026 (14:20h) - COPE Alcoy","og_description":"Hoy martes os hemos contado que Cocentaina logra 562.000 euros del Plan ADHA para ampliar el parque p\u00fablico de vivienda....","og_url":"https:\/\/www.copealcoy.es\/es\/mediodia-cope-alcoy-martes-20-de-enero-2026-1420h\/","og_site_name":"COPE Alcoy","article_published_time":"2026-01-20T06:35:09+00:00","article_modified_time":"2026-01-20T14:32:25+00:00","og_image":[{"width":357,"height":290,"url":"https:\/\/www.copealcoy.es\/wp-content\/uploads\/2025\/02\/Mediodia-Cope-Castellano.png","type":"image\/png"}],"author":"Cope Alcoy","twitter_misc":{"Escrito por":"Cope Alcoy","Tiempo de lectura":"3 minutos"},"schema":{"@context":"https:\/\/schema.org","@graph":[{"@type":"Article","@id":"https:\/\/www.copealcoy.es\/es\/mediodia-cope-alcoy-martes-20-de-enero-2026-1420h\/#article","isPartOf":{"@id":"https:\/\/www.copealcoy.es\/es\/mediodia-cope-alcoy-martes-20-de-enero-2026-1420h\/"},"author":{"name":"Cope Alcoy","@id":"https:\/\/www.copealcoy.es\/es\/#\/schema\/person\/e777c87fa024e57d40170af9df39882c"},"headline":"&#8216;Mediod\u00eda Cope&#8217; Alcoy martes 20 de enero 2026 (14:20h)","datePublished":"2026-01-20T06:35:09+00:00","dateModified":"2026-01-20T14:32:25+00:00","mainEntityOfPage":{"@id":"https:\/\/www.copealcoy.es\/es\/mediodia-cope-alcoy-martes-20-de-enero-2026-1420h\/"},"wordCount":387,"image":{"@id":"https:\/\/www.copealcoy.es\/es\/mediodia-cope-alcoy-martes-20-de-enero-2026-1420h\/#primaryimage"},"thumbnailUrl":"https:\/\/www.copealcoy.es\/wp-content\/uploads\/2025\/02\/Mediodia-Cope-Castellano.png","articleSection":["Actualidad","Audios de los programas","Informativos","Noticias"],"inLanguage":"es"},{"@type":"WebPage","@id":"https:\/\/www.copealcoy.es\/es\/mediodia-cope-alcoy-martes-20-de-enero-2026-1420h\/","url":"https:\/\/www.copealcoy.es\/es\/mediodia-cope-alcoy-martes-20-de-enero-2026-1420h\/","name":"'Mediod\u00eda Cope' Alcoy martes 20 de enero 2026 (14:20h) - COPE Alcoy","isPartOf":{"@id":"https:\/\/www.copealcoy.es\/es\/#website"},"primaryImageOfPage":{"@id":"https:\/\/www.copealcoy.es\/es\/mediodia-cope-alcoy-martes-20-de-enero-2026-1420h\/#primaryimage"},"image":{"@id":"https:\/\/www.copealcoy.es\/es\/mediodia-cope-alcoy-martes-20-de-enero-2026-1420h\/#primaryimage"},"thumbnailUrl":"https:\/\/www.copealcoy.es\/wp-content\/uploads\/2025\/02\/Mediodia-Cope-Castellano.png","datePublished":"2026-01-20T06:35:09+00:00","dateModified":"2026-01-20T14:32:25+00:00","author":{"@id":"https:\/\/www.copealcoy.es\/es\/#\/schema\/person\/e777c87fa024e57d40170af9df39882c"},"breadcrumb":{"@id":"https:\/\/www.copealcoy.es\/es\/mediodia-cope-alcoy-martes-20-de-enero-2026-1420h\/#breadcrumb"},"inLanguage":"es","potentialAction":[{"@type":"ReadAction","target":["https:\/\/www.copealcoy.es\/es\/mediodia-cope-alcoy-martes-20-de-enero-2026-1420h\/"]}]},{"@type":"ImageObject","inLanguage":"es","@id":"https:\/\/www.copealcoy.es\/es\/mediodia-cope-alcoy-martes-20-de-enero-2026-1420h\/#primaryimage","url":"https:\/\/www.copealcoy.es\/wp-content\/uploads\/2025\/02\/Mediodia-Cope-Castellano.png","contentUrl":"https:\/\/www.copealcoy.es\/wp-content\/uploads\/2025\/02\/Mediodia-Cope-Castellano.png","width":357,"height":290},{"@type":"BreadcrumbList","@id":"https:\/\/www.copealcoy.es\/es\/mediodia-cope-alcoy-martes-20-de-enero-2026-1420h\/#breadcrumb","itemListElement":[{"@type":"ListItem","position":1,"name":"Portada","item":"https:\/\/www.copealcoy.es\/es\/"},{"@type":"ListItem","position":2,"name":"&#8216;Mediod\u00eda Cope&#8217; Alcoy martes 20 de enero 2026 (14:20h)"}]},{"@type":"WebSite","@id":"https:\/\/www.copealcoy.es\/es\/#website","url":"https:\/\/www.copealcoy.es\/es\/","name":"COPE Alcoy","description":"Emisora COPE de radio local con emisi\u00f3n online. Pont de Sant Jordi 8-10 03803 Alcoy","potentialAction":[{"@type":"SearchAction","target":{"@type":"EntryPoint","urlTemplate":"https:\/\/www.copealcoy.es\/es\/?s={search_term_string}"},"query-input":{"@type":"PropertyValueSpecification","valueRequired":true,"valueName":"search_term_string"}}],"inLanguage":"es"},{"@type":"Person","@id":"https:\/\/www.copealcoy.es\/es\/#\/schema\/person\/e777c87fa024e57d40170af9df39882c","name":"Cope Alcoy","image":{"@type":"ImageObject","inLanguage":"es","@id":"https:\/\/secure.gravatar.com\/avatar\/bb65d0283347e303893ba14f0692005417c1e0e690a325a4c5d8bb2b3943ee14?s=96&d=mm&r=g","url":"https:\/\/secure.gravatar.com\/avatar\/bb65d0283347e303893ba14f0692005417c1e0e690a325a4c5d8bb2b3943ee14?s=96&d=mm&r=g","contentUrl":"https:\/\/secure.gravatar.com\/avatar\/bb65d0283347e303893ba14f0692005417c1e0e690a325a4c5d8bb2b3943ee14?s=96&d=mm&r=g","caption":"Cope Alcoy"}}]}},"_links":{"self":[{"href":"https:\/\/www.copealcoy.es\/es\/wp-json\/wp\/v2\/posts\/162567","targetHints":{"allow":["GET"]}}],"collection":[{"href":"https:\/\/www.copealcoy.es\/es\/wp-json\/wp\/v2\/posts"}],"about":[{"href":"https:\/\/www.copealcoy.es\/es\/wp-json\/wp\/v2\/types\/post"}],"author":[{"embeddable":true,"href":"https:\/\/www.copealcoy.es\/es\/wp-json\/wp\/v2\/users\/1"}],"replies":[{"embeddable":true,"href":"https:\/\/www.copealcoy.es\/es\/wp-json\/wp\/v2\/comments?post=162567"}],"version-history":[{"count":1,"href":"https:\/\/www.copealcoy.es\/es\/wp-json\/wp\/v2\/posts\/162567\/revisions"}],"predecessor-version":[{"id":162568,"href":"https:\/\/www.copealcoy.es\/es\/wp-json\/wp\/v2\/posts\/162567\/revisions\/162568"}],"wp:featuredmedia":[{"embeddable":true,"href":"https:\/\/www.copealcoy.es\/es\/wp-json\/wp\/v2\/media\/147663"}],"wp:attachment":[{"href":"https:\/\/www.copealcoy.es\/es\/wp-json\/wp\/v2\/media?parent=162567"}],"wp:term":[{"taxonomy":"category","embeddable":true,"href":"https:\/\/www.copealcoy.es\/es\/wp-json\/wp\/v2\/categories?post=162567"},{"taxonomy":"post_tag","embeddable":true,"href":"https:\/\/www.copealcoy.es\/es\/wp-json\/wp\/v2\/tags?post=162567"}],"curies":[{"name":"wp","href":"https:\/\/api.w.org\/{rel}","templated":true}]}}