{"id":162554,"date":"2026-01-20T07:30:00","date_gmt":"2026-01-20T06:30:00","guid":{"rendered":"https:\/\/www.copealcoy.es\/?p=162554"},"modified":"2026-01-21T18:12:19","modified_gmt":"2026-01-21T17:12:19","slug":"informativo-matinal-martes-20-de-enero-2026-0750h","status":"publish","type":"post","link":"https:\/\/www.copealcoy.es\/es\/informativo-matinal-martes-20-de-enero-2026-0750h\/","title":{"rendered":"Informativo matinal martes 20 de enero 2026 (07:50h)"},"content":{"rendered":"<p><iframe loading=\"lazy\" title=\"Informativo Matinal Martes 20 De Enero 2026 (07:50h)\" width=\"100%\" height=\"120\" src=\"https:\/\/www.mixcloud.com\/widget\/iframe\/?feed=https%3A%2F%2Fwww.mixcloud.com%2FCOPEAlcoy%2Finformativo-matinal-martes-20-de-enero-2026-0750h%2F&amp;hide_cover=1\" frameborder=\"0\" allow=\"encrypted-media; fullscreen; autoplay; idle-detection; speaker-selection; web-share;\"><\/iframe><\/p>\n<p style=\"text-align: justify;\">Hoy martes hemos destacado que <strong>sale a licitaci\u00f3n, por tercera vez, la rehabilitaci\u00f3n del barrio de la Font Dol\u00e7a de Alcoy<\/strong> tras dos intentos fallidos. Tambi\u00e9n hemos comentado que <strong>ha sido desmantelada una plantaci\u00f3n de marihuana en l&#8217;Orxa<\/strong>.<\/p>\n<p style=\"text-align: justify;\" data-start=\"182\" data-end=\"486\">La\u00a0<strong data-start=\"219\" data-end=\"236\">Guardia Civil<\/strong>\u00a0y la\u00a0<strong data-start=\"242\" data-end=\"262\">Polic\u00eda Nacional<\/strong>\u00a0han desmantelado una\u00a0<strong data-start=\"284\" data-end=\"311\">plantaci\u00f3n de marihuana<\/strong>\u00a0ubicada en el t\u00e9rmino municipal de\u00a0<span style=\"color: #0000ff;\"><a style=\"color: #0000ff;\" href=\"https:\/\/www.lorcha.es\/\" target=\"_blank\" rel=\"noopener\"><strong data-start=\"347\" data-end=\"357\">L\u2019Orxa<\/strong><\/a><\/span>, en la\u00a0<strong data-start=\"365\" data-end=\"387\">Sierra de la Safor<\/strong>, escondida tras una espesa masa arb\u00f3rea y \u00fanicamente accesible cruzando a pie el\u00a0<strong data-start=\"469\" data-end=\"483\">r\u00edo Serpis<\/strong>. Los primeros indicios fueron detectados por el\u00a0<strong data-start=\"535\" data-end=\"573\">Puesto de la Guardia Civil de Muro<\/strong>, que localiz\u00f3 restos de una plantaci\u00f3n de gran magnitud, lo que dio inicio a una\u00a0<strong data-start=\"655\" data-end=\"677\">operaci\u00f3n conjunta<\/strong>\u00a0contra el cultivo ilegal de marihuana.<\/p>\n<p style=\"text-align: justify;\" data-start=\"182\" data-end=\"486\">Durante la inspecci\u00f3n, los agentes encontraron una\u00a0<strong data-start=\"768\" data-end=\"788\">caba\u00f1a artesanal<\/strong>\u00a0equipada con utensilios para la subsistencia aut\u00f3noma, herramientas, productos qu\u00edmicos y otros efectos destinados al cuidado de las plantas. El\u00a0<strong data-start=\"937\" data-end=\"952\">Equipo ROCA<\/strong>\u00a0de la Guardia Civil de Ibi asumi\u00f3 la investigaci\u00f3n, manteniendo el lugar intacto para no alertar a los responsables. Durante los meses de julio y agosto de 2025, con el apoyo de la\u00a0<strong data-start=\"1134\" data-end=\"1156\">USECIC de Alicante<\/strong>, se confirm\u00f3 la presencia de\u00a0<strong data-start=\"1186\" data-end=\"1221\">cientos de plantas de marihuana<\/strong>\u00a0entre la vegetaci\u00f3n.<\/p>\n<p style=\"text-align: justify;\" data-start=\"1246\" data-end=\"1748\">El 2 de septiembre se procedi\u00f3 al desmantelamiento de la plantaci\u00f3n, incautando\u00a0<strong data-start=\"1326\" data-end=\"1364\">unos 3.000 ejemplares de marihuana<\/strong>\u00a0y\u00a0<strong data-start=\"1367\" data-end=\"1390\">6 kilos de cogollos<\/strong>, as\u00ed como documentaci\u00f3n que permiti\u00f3 identificar a los presuntos responsables. Se trataba de\u00a0<strong data-start=\"1484\" data-end=\"1514\">siete hombres de Tarragona<\/strong>, con antecedentes penales en varios pa\u00edses europeos y prohibici\u00f3n de entrada al espacio Schengen, investigados previamente por la\u00a0<strong data-start=\"1645\" data-end=\"1705\">Unidad de Droga y Crimen Organizado (UDYCO) de Tarragona<\/strong>\u00a0por cultivos en diversas urbanizaciones.<\/p>\n<p style=\"text-align: justify;\" data-start=\"1750\" data-end=\"2270\">La coordinaci\u00f3n policial entre\u00a0<strong data-start=\"1781\" data-end=\"1843\">Guardia Civil, Polic\u00eda Nacional, Polic\u00eda Local de Calafell<\/strong>\u00a0y otras unidades permiti\u00f3, el 25 de noviembre, realizar\u00a0<strong data-start=\"1900\" data-end=\"1931\">siete registros simult\u00e1neos<\/strong>\u00a0en Tarragona, con un despliegue de m\u00e1s de\u00a0<strong data-start=\"1974\" data-end=\"1989\">150 agentes<\/strong>. En estos registros se localizaron\u00a0<strong data-start=\"2025\" data-end=\"2074\">laboratorios para el tratamiento de marihuana<\/strong>\u00a0y se intervinieron\u00a0<strong data-start=\"2094\" data-end=\"2111\">4.300 plantas<\/strong>,\u00a0<strong data-start=\"2113\" data-end=\"2137\">12 kilos de cogollos<\/strong>,\u00a0<strong data-start=\"2139\" data-end=\"2169\">6 kilos de polen de hach\u00eds<\/strong>, dinero en efectivo y diversos materiales utilizados para el cultivo y transformaci\u00f3n de la droga. Finalmente, los siete detenidos fueron puestos a disposici\u00f3n judicial, que decret\u00f3 su\u00a0<strong data-start=\"2358\" data-end=\"2395\">liberaci\u00f3n con medidas cautelares<\/strong>.<\/p>\n","protected":false},"excerpt":{"rendered":"<p>Hoy martes hemos destacado que sale a licitaci\u00f3n, por tercera vez, la rehabilitaci\u00f3n del barrio de la Font Dol\u00e7a de&#8230;<\/p>\n","protected":false},"author":1,"featured_media":147669,"comment_status":"closed","ping_status":"closed","sticky":false,"template":"","format":"standard","meta":{"footnotes":""},"categories":[6909,89,91,75],"tags":[],"class_list":["post-162554","post","type-post","status-publish","format-standard","has-post-thumbnail","hentry","category-actualidad","category-audiosdelosprogramas","category-informativos","category-noticias"],"yoast_head":"<!-- This site is optimized with the Yoast SEO plugin v27.3 - https:\/\/yoast.com\/product\/yoast-seo-wordpress\/ -->\n<title>Informativo matinal martes 20 de enero 2026 (07:50h) - COPE Alcoy<\/title>\n<meta name=\"robots\" content=\"index, follow, max-snippet:-1, max-image-preview:large, max-video-preview:-1\" \/>\n<link rel=\"canonical\" href=\"https:\/\/www.copealcoy.es\/es\/informativo-matinal-martes-20-de-enero-2026-0750h\/\" \/>\n<meta property=\"og:locale\" content=\"es_ES\" \/>\n<meta property=\"og:type\" content=\"article\" \/>\n<meta property=\"og:title\" content=\"Informativo matinal martes 20 de enero 2026 (07:50h) - COPE Alcoy\" \/>\n<meta property=\"og:description\" content=\"Hoy martes hemos destacado que sale a licitaci\u00f3n, por tercera vez, la rehabilitaci\u00f3n del barrio de la Font Dol\u00e7a de...\" \/>\n<meta property=\"og:url\" content=\"https:\/\/www.copealcoy.es\/es\/informativo-matinal-martes-20-de-enero-2026-0750h\/\" \/>\n<meta property=\"og:site_name\" content=\"COPE Alcoy\" \/>\n<meta property=\"article:published_time\" content=\"2026-01-20T06:30:00+00:00\" \/>\n<meta property=\"article:modified_time\" content=\"2026-01-21T17:12:19+00:00\" \/>\n<meta property=\"og:image\" content=\"https:\/\/www.copealcoy.es\/wp-content\/uploads\/2025\/02\/Informativo-Matinal-Castellano.png\" \/>\n\t<meta property=\"og:image:width\" content=\"357\" \/>\n\t<meta property=\"og:image:height\" content=\"290\" \/>\n\t<meta property=\"og:image:type\" content=\"image\/png\" \/>\n<meta name=\"author\" content=\"Cope Alcoy\" \/>\n<meta name=\"twitter:label1\" content=\"Escrito por\" \/>\n\t<meta name=\"twitter:data1\" content=\"Cope Alcoy\" \/>\n\t<meta name=\"twitter:label2\" content=\"Tiempo de lectura\" \/>\n\t<meta name=\"twitter:data2\" content=\"3 minutos\" \/>\n<script type=\"application\/ld+json\" class=\"yoast-schema-graph\">{\"@context\":\"https:\\\/\\\/schema.org\",\"@graph\":[{\"@type\":\"Article\",\"@id\":\"https:\\\/\\\/www.copealcoy.es\\\/es\\\/informativo-matinal-martes-20-de-enero-2026-0750h\\\/#article\",\"isPartOf\":{\"@id\":\"https:\\\/\\\/www.copealcoy.es\\\/es\\\/informativo-matinal-martes-20-de-enero-2026-0750h\\\/\"},\"author\":{\"name\":\"Cope Alcoy\",\"@id\":\"https:\\\/\\\/www.copealcoy.es\\\/es\\\/#\\\/schema\\\/person\\\/e777c87fa024e57d40170af9df39882c\"},\"headline\":\"Informativo matinal martes 20 de enero 2026 (07:50h)\",\"datePublished\":\"2026-01-20T06:30:00+00:00\",\"dateModified\":\"2026-01-21T17:12:19+00:00\",\"mainEntityOfPage\":{\"@id\":\"https:\\\/\\\/www.copealcoy.es\\\/es\\\/informativo-matinal-martes-20-de-enero-2026-0750h\\\/\"},\"wordCount\":397,\"image\":{\"@id\":\"https:\\\/\\\/www.copealcoy.es\\\/es\\\/informativo-matinal-martes-20-de-enero-2026-0750h\\\/#primaryimage\"},\"thumbnailUrl\":\"https:\\\/\\\/www.copealcoy.es\\\/wp-content\\\/uploads\\\/2025\\\/02\\\/Informativo-Matinal-Castellano.png\",\"articleSection\":[\"Actualidad\",\"Audios de los programas\",\"Informativos\",\"Noticias\"],\"inLanguage\":\"es\"},{\"@type\":\"WebPage\",\"@id\":\"https:\\\/\\\/www.copealcoy.es\\\/es\\\/informativo-matinal-martes-20-de-enero-2026-0750h\\\/\",\"url\":\"https:\\\/\\\/www.copealcoy.es\\\/es\\\/informativo-matinal-martes-20-de-enero-2026-0750h\\\/\",\"name\":\"Informativo matinal martes 20 de enero 2026 (07:50h) - COPE Alcoy\",\"isPartOf\":{\"@id\":\"https:\\\/\\\/www.copealcoy.es\\\/es\\\/#website\"},\"primaryImageOfPage\":{\"@id\":\"https:\\\/\\\/www.copealcoy.es\\\/es\\\/informativo-matinal-martes-20-de-enero-2026-0750h\\\/#primaryimage\"},\"image\":{\"@id\":\"https:\\\/\\\/www.copealcoy.es\\\/es\\\/informativo-matinal-martes-20-de-enero-2026-0750h\\\/#primaryimage\"},\"thumbnailUrl\":\"https:\\\/\\\/www.copealcoy.es\\\/wp-content\\\/uploads\\\/2025\\\/02\\\/Informativo-Matinal-Castellano.png\",\"datePublished\":\"2026-01-20T06:30:00+00:00\",\"dateModified\":\"2026-01-21T17:12:19+00:00\",\"author\":{\"@id\":\"https:\\\/\\\/www.copealcoy.es\\\/es\\\/#\\\/schema\\\/person\\\/e777c87fa024e57d40170af9df39882c\"},\"breadcrumb\":{\"@id\":\"https:\\\/\\\/www.copealcoy.es\\\/es\\\/informativo-matinal-martes-20-de-enero-2026-0750h\\\/#breadcrumb\"},\"inLanguage\":\"es\",\"potentialAction\":[{\"@type\":\"ReadAction\",\"target\":[\"https:\\\/\\\/www.copealcoy.es\\\/es\\\/informativo-matinal-martes-20-de-enero-2026-0750h\\\/\"]}]},{\"@type\":\"ImageObject\",\"inLanguage\":\"es\",\"@id\":\"https:\\\/\\\/www.copealcoy.es\\\/es\\\/informativo-matinal-martes-20-de-enero-2026-0750h\\\/#primaryimage\",\"url\":\"https:\\\/\\\/www.copealcoy.es\\\/wp-content\\\/uploads\\\/2025\\\/02\\\/Informativo-Matinal-Castellano.png\",\"contentUrl\":\"https:\\\/\\\/www.copealcoy.es\\\/wp-content\\\/uploads\\\/2025\\\/02\\\/Informativo-Matinal-Castellano.png\",\"width\":357,\"height\":290},{\"@type\":\"BreadcrumbList\",\"@id\":\"https:\\\/\\\/www.copealcoy.es\\\/es\\\/informativo-matinal-martes-20-de-enero-2026-0750h\\\/#breadcrumb\",\"itemListElement\":[{\"@type\":\"ListItem\",\"position\":1,\"name\":\"Portada\",\"item\":\"https:\\\/\\\/www.copealcoy.es\\\/es\\\/\"},{\"@type\":\"ListItem\",\"position\":2,\"name\":\"Informativo matinal martes 20 de enero 2026 (07:50h)\"}]},{\"@type\":\"WebSite\",\"@id\":\"https:\\\/\\\/www.copealcoy.es\\\/es\\\/#website\",\"url\":\"https:\\\/\\\/www.copealcoy.es\\\/es\\\/\",\"name\":\"COPE Alcoy\",\"description\":\"Emisora COPE de radio local con emisi\u00f3n online. Pont de Sant Jordi 8-10 03803 Alcoy\",\"potentialAction\":[{\"@type\":\"SearchAction\",\"target\":{\"@type\":\"EntryPoint\",\"urlTemplate\":\"https:\\\/\\\/www.copealcoy.es\\\/es\\\/?s={search_term_string}\"},\"query-input\":{\"@type\":\"PropertyValueSpecification\",\"valueRequired\":true,\"valueName\":\"search_term_string\"}}],\"inLanguage\":\"es\"},{\"@type\":\"Person\",\"@id\":\"https:\\\/\\\/www.copealcoy.es\\\/es\\\/#\\\/schema\\\/person\\\/e777c87fa024e57d40170af9df39882c\",\"name\":\"Cope Alcoy\",\"image\":{\"@type\":\"ImageObject\",\"inLanguage\":\"es\",\"@id\":\"https:\\\/\\\/secure.gravatar.com\\\/avatar\\\/bb65d0283347e303893ba14f0692005417c1e0e690a325a4c5d8bb2b3943ee14?s=96&d=mm&r=g\",\"url\":\"https:\\\/\\\/secure.gravatar.com\\\/avatar\\\/bb65d0283347e303893ba14f0692005417c1e0e690a325a4c5d8bb2b3943ee14?s=96&d=mm&r=g\",\"contentUrl\":\"https:\\\/\\\/secure.gravatar.com\\\/avatar\\\/bb65d0283347e303893ba14f0692005417c1e0e690a325a4c5d8bb2b3943ee14?s=96&d=mm&r=g\",\"caption\":\"Cope Alcoy\"}}]}<\/script>\n<!-- \/ Yoast SEO plugin. -->","yoast_head_json":{"title":"Informativo matinal martes 20 de enero 2026 (07:50h) - COPE Alcoy","robots":{"index":"index","follow":"follow","max-snippet":"max-snippet:-1","max-image-preview":"max-image-preview:large","max-video-preview":"max-video-preview:-1"},"canonical":"https:\/\/www.copealcoy.es\/es\/informativo-matinal-martes-20-de-enero-2026-0750h\/","og_locale":"es_ES","og_type":"article","og_title":"Informativo matinal martes 20 de enero 2026 (07:50h) - COPE Alcoy","og_description":"Hoy martes hemos destacado que sale a licitaci\u00f3n, por tercera vez, la rehabilitaci\u00f3n del barrio de la Font Dol\u00e7a de...","og_url":"https:\/\/www.copealcoy.es\/es\/informativo-matinal-martes-20-de-enero-2026-0750h\/","og_site_name":"COPE Alcoy","article_published_time":"2026-01-20T06:30:00+00:00","article_modified_time":"2026-01-21T17:12:19+00:00","og_image":[{"width":357,"height":290,"url":"https:\/\/www.copealcoy.es\/wp-content\/uploads\/2025\/02\/Informativo-Matinal-Castellano.png","type":"image\/png"}],"author":"Cope Alcoy","twitter_misc":{"Escrito por":"Cope Alcoy","Tiempo de lectura":"3 minutos"},"schema":{"@context":"https:\/\/schema.org","@graph":[{"@type":"Article","@id":"https:\/\/www.copealcoy.es\/es\/informativo-matinal-martes-20-de-enero-2026-0750h\/#article","isPartOf":{"@id":"https:\/\/www.copealcoy.es\/es\/informativo-matinal-martes-20-de-enero-2026-0750h\/"},"author":{"name":"Cope Alcoy","@id":"https:\/\/www.copealcoy.es\/es\/#\/schema\/person\/e777c87fa024e57d40170af9df39882c"},"headline":"Informativo matinal martes 20 de enero 2026 (07:50h)","datePublished":"2026-01-20T06:30:00+00:00","dateModified":"2026-01-21T17:12:19+00:00","mainEntityOfPage":{"@id":"https:\/\/www.copealcoy.es\/es\/informativo-matinal-martes-20-de-enero-2026-0750h\/"},"wordCount":397,"image":{"@id":"https:\/\/www.copealcoy.es\/es\/informativo-matinal-martes-20-de-enero-2026-0750h\/#primaryimage"},"thumbnailUrl":"https:\/\/www.copealcoy.es\/wp-content\/uploads\/2025\/02\/Informativo-Matinal-Castellano.png","articleSection":["Actualidad","Audios de los programas","Informativos","Noticias"],"inLanguage":"es"},{"@type":"WebPage","@id":"https:\/\/www.copealcoy.es\/es\/informativo-matinal-martes-20-de-enero-2026-0750h\/","url":"https:\/\/www.copealcoy.es\/es\/informativo-matinal-martes-20-de-enero-2026-0750h\/","name":"Informativo matinal martes 20 de enero 2026 (07:50h) - COPE Alcoy","isPartOf":{"@id":"https:\/\/www.copealcoy.es\/es\/#website"},"primaryImageOfPage":{"@id":"https:\/\/www.copealcoy.es\/es\/informativo-matinal-martes-20-de-enero-2026-0750h\/#primaryimage"},"image":{"@id":"https:\/\/www.copealcoy.es\/es\/informativo-matinal-martes-20-de-enero-2026-0750h\/#primaryimage"},"thumbnailUrl":"https:\/\/www.copealcoy.es\/wp-content\/uploads\/2025\/02\/Informativo-Matinal-Castellano.png","datePublished":"2026-01-20T06:30:00+00:00","dateModified":"2026-01-21T17:12:19+00:00","author":{"@id":"https:\/\/www.copealcoy.es\/es\/#\/schema\/person\/e777c87fa024e57d40170af9df39882c"},"breadcrumb":{"@id":"https:\/\/www.copealcoy.es\/es\/informativo-matinal-martes-20-de-enero-2026-0750h\/#breadcrumb"},"inLanguage":"es","potentialAction":[{"@type":"ReadAction","target":["https:\/\/www.copealcoy.es\/es\/informativo-matinal-martes-20-de-enero-2026-0750h\/"]}]},{"@type":"ImageObject","inLanguage":"es","@id":"https:\/\/www.copealcoy.es\/es\/informativo-matinal-martes-20-de-enero-2026-0750h\/#primaryimage","url":"https:\/\/www.copealcoy.es\/wp-content\/uploads\/2025\/02\/Informativo-Matinal-Castellano.png","contentUrl":"https:\/\/www.copealcoy.es\/wp-content\/uploads\/2025\/02\/Informativo-Matinal-Castellano.png","width":357,"height":290},{"@type":"BreadcrumbList","@id":"https:\/\/www.copealcoy.es\/es\/informativo-matinal-martes-20-de-enero-2026-0750h\/#breadcrumb","itemListElement":[{"@type":"ListItem","position":1,"name":"Portada","item":"https:\/\/www.copealcoy.es\/es\/"},{"@type":"ListItem","position":2,"name":"Informativo matinal martes 20 de enero 2026 (07:50h)"}]},{"@type":"WebSite","@id":"https:\/\/www.copealcoy.es\/es\/#website","url":"https:\/\/www.copealcoy.es\/es\/","name":"COPE Alcoy","description":"Emisora COPE de radio local con emisi\u00f3n online. Pont de Sant Jordi 8-10 03803 Alcoy","potentialAction":[{"@type":"SearchAction","target":{"@type":"EntryPoint","urlTemplate":"https:\/\/www.copealcoy.es\/es\/?s={search_term_string}"},"query-input":{"@type":"PropertyValueSpecification","valueRequired":true,"valueName":"search_term_string"}}],"inLanguage":"es"},{"@type":"Person","@id":"https:\/\/www.copealcoy.es\/es\/#\/schema\/person\/e777c87fa024e57d40170af9df39882c","name":"Cope Alcoy","image":{"@type":"ImageObject","inLanguage":"es","@id":"https:\/\/secure.gravatar.com\/avatar\/bb65d0283347e303893ba14f0692005417c1e0e690a325a4c5d8bb2b3943ee14?s=96&d=mm&r=g","url":"https:\/\/secure.gravatar.com\/avatar\/bb65d0283347e303893ba14f0692005417c1e0e690a325a4c5d8bb2b3943ee14?s=96&d=mm&r=g","contentUrl":"https:\/\/secure.gravatar.com\/avatar\/bb65d0283347e303893ba14f0692005417c1e0e690a325a4c5d8bb2b3943ee14?s=96&d=mm&r=g","caption":"Cope Alcoy"}}]}},"_links":{"self":[{"href":"https:\/\/www.copealcoy.es\/es\/wp-json\/wp\/v2\/posts\/162554","targetHints":{"allow":["GET"]}}],"collection":[{"href":"https:\/\/www.copealcoy.es\/es\/wp-json\/wp\/v2\/posts"}],"about":[{"href":"https:\/\/www.copealcoy.es\/es\/wp-json\/wp\/v2\/types\/post"}],"author":[{"embeddable":true,"href":"https:\/\/www.copealcoy.es\/es\/wp-json\/wp\/v2\/users\/1"}],"replies":[{"embeddable":true,"href":"https:\/\/www.copealcoy.es\/es\/wp-json\/wp\/v2\/comments?post=162554"}],"version-history":[{"count":3,"href":"https:\/\/www.copealcoy.es\/es\/wp-json\/wp\/v2\/posts\/162554\/revisions"}],"predecessor-version":[{"id":162646,"href":"https:\/\/www.copealcoy.es\/es\/wp-json\/wp\/v2\/posts\/162554\/revisions\/162646"}],"wp:featuredmedia":[{"embeddable":true,"href":"https:\/\/www.copealcoy.es\/es\/wp-json\/wp\/v2\/media\/147669"}],"wp:attachment":[{"href":"https:\/\/www.copealcoy.es\/es\/wp-json\/wp\/v2\/media?parent=162554"}],"wp:term":[{"taxonomy":"category","embeddable":true,"href":"https:\/\/www.copealcoy.es\/es\/wp-json\/wp\/v2\/categories?post=162554"},{"taxonomy":"post_tag","embeddable":true,"href":"https:\/\/www.copealcoy.es\/es\/wp-json\/wp\/v2\/tags?post=162554"}],"curies":[{"name":"wp","href":"https:\/\/api.w.org\/{rel}","templated":true}]}}