{"id":162506,"date":"2026-01-20T10:00:01","date_gmt":"2026-01-20T09:00:01","guid":{"rendered":"https:\/\/www.copealcoy.es\/?p=162506"},"modified":"2026-01-20T15:36:29","modified_gmt":"2026-01-20T14:36:29","slug":"plantean-un-modelo-de-gestion-propia-para-abrir-el-cdti-de-rodes-en-alcoy","status":"publish","type":"post","link":"https:\/\/www.copealcoy.es\/es\/plantean-un-modelo-de-gestion-propia-para-abrir-el-cdti-de-rodes-en-alcoy\/","title":{"rendered":"Plantean un modelo de gesti\u00f3n propia para abrir el CDTi de Rodes en Alcoy"},"content":{"rendered":"<p style=\"text-align: justify;\">El gobierno local de <a href=\"https:\/\/www.alcoi.org\/ca\/portal\/index.html\" target=\"_blank\" rel=\"noopener\"><span style=\"color: #0000ff;\"><strong>Alcoy<\/strong><\/span><\/a> <strong>defiende un modelo de gesti\u00f3n propia para abrir el CDTi de Rodes<\/strong> si la Generalitat Valenciana no firma pronto el convenio para impulsar esta infraestructura. La administraci\u00f3n auton\u00f3mica, que ha ha dado siempre respaldo a esta iniciativa, anunci\u00f3 en su d\u00eda que <strong>ese convenio se rubricar\u00eda en breve<\/strong> pero desde el ejecutivo insisten en que este hecho no puede demorarse m\u00e1s.<\/p>\n<p style=\"text-align: justify;\">En este sentido, desde el \u00e1rea de Turismo del Ayuntamiento de Alcoy explican que el objetivo es que estas instalaciones, <strong data-start=\"619\" data-end=\"668\">finalizadas y equipadas desde finales de 2024<\/strong>, puedan entrar en funcionamiento cuanto antes. Aseguran que desde <strong data-start=\"915\" data-end=\"932\">enero de 2025<\/strong> se han remitido diferentes comunicaciones al gobierno auton\u00f3mico, reforzadas posteriormente el <strong data-start=\"1005\" data-end=\"1020\">29 de julio<\/strong> por parte de la concejal y el <strong data-start=\"1051\" data-end=\"1067\">28 de agosto<\/strong> por parte del alcalde. Posteriormente se celebr\u00f3 una reuni\u00f3n el <strong>2 de octubre<\/strong>, en la que el Consell manifest\u00f3 de nuevo su apoyo al proyecto, y se emplaz\u00f3 a un nuevo encuentro en noviembre que tuvo que ser aplazado &#8220;<em>por ello, el alcalde Toni Franc\u00e9s, volvi\u00f3 a trasladar por escrito la necesidad de avanzar en este asunto en el mes de diciembre<\/em>&#8220;, indican. Ante esto, el mismo ejecutivo local considera que el Ayuntamiento puede asumir <strong data-start=\"1806\" data-end=\"1841\">asumir temporalmente la gesti\u00f3n<\/strong> del CDTi de interior, mientras se firma el acuerdo con la mencionada Generalitat Valenciana, para que el <strong data-start=\"1854\" data-end=\"1875\">complejo de Rodes<\/strong> pueda desarrollar todo su potencial como <strong data-start=\"1917\" data-end=\"1974\">espacio de atracci\u00f3n de talento y actividad econ\u00f3mica <\/strong>&#8220;<em>la prioridad es poner en marcha unas <strong data-start=\"2079\" data-end=\"2109\">instalaciones estrat\u00e9gicas<\/strong> para la ciudad y garantizar su correcto mantenimiento. Se trata de una inversi\u00f3n muy importante de fondos p\u00fablicos que ya se ha materializado en un edificio terminado y equipado, y nuestro deber es procurar que revierta cuanto antes en beneficio de la ciudadan\u00eda&#8221;<\/em>, ha explicado la edil <strong>Lorena Zamorano<\/strong>.<\/p>\n<p style=\"text-align: justify;\" data-start=\"2403\" data-end=\"2882\">Cabe recordar que la <strong data-start=\"2424\" data-end=\"2450\">Generalitat Valenciana<\/strong> ha contribuido destinando m\u00e1s de 2,7 millones de euros para hacer posible en Rodes el CDTi. Este \u00faltimo desarrolla su actividad ahora mismo en las instalaciones del <strong data-start=\"2653\" data-end=\"2669\">CIP FP Batoi<\/strong>, y con su traslado al <strong data-start=\"2688\" data-end=\"2709\">complejo de Rodes<\/strong> ampliar\u00e1 servicios con el fin de convertirse en\u00a0un espacio de referencia para la formaci\u00f3n y el desarrollo tur\u00edstico en el interior de la provincia de Alicante.<\/p>\n","protected":false},"excerpt":{"rendered":"<p>El gobierno local de Alcoy defiende un modelo de gesti\u00f3n propia para abrir el CDTi de Rodes si la Generalitat&#8230;<\/p>\n","protected":false},"author":1,"featured_media":162507,"comment_status":"closed","ping_status":"closed","sticky":false,"template":"","format":"standard","meta":{"footnotes":""},"categories":[6909,98,75],"tags":[160,11779,20565,803],"class_list":["post-162506","post","type-post","status-publish","format-standard","has-post-thumbnail","hentry","category-actualidad","category-comarcas","category-noticias","tag-alcoi","tag-cdti","tag-gestion-propia","tag-rodes"],"yoast_head":"<!-- This site is optimized with the Yoast SEO plugin v27.3 - https:\/\/yoast.com\/product\/yoast-seo-wordpress\/ -->\n<title>Plantean un modelo de gesti\u00f3n propia para abrir el CDTi de Rodes en Alcoy - COPE Alcoy<\/title>\n<meta name=\"description\" content=\"Plantean un modelo de gesti\u00f3n propia para abrir el CDTi de Rodes en Alcoy\" \/>\n<meta name=\"robots\" content=\"index, follow, max-snippet:-1, max-image-preview:large, max-video-preview:-1\" \/>\n<link rel=\"canonical\" href=\"https:\/\/www.copealcoy.es\/es\/plantean-un-modelo-de-gestion-propia-para-abrir-el-cdti-de-rodes-en-alcoy\/\" \/>\n<meta property=\"og:locale\" content=\"es_ES\" \/>\n<meta property=\"og:type\" content=\"article\" \/>\n<meta property=\"og:title\" content=\"Plantean un modelo de gesti\u00f3n propia para abrir el CDTi de Rodes en Alcoy - COPE Alcoy\" \/>\n<meta property=\"og:description\" content=\"Plantean un modelo de gesti\u00f3n propia para abrir el CDTi de Rodes en Alcoy\" \/>\n<meta property=\"og:url\" content=\"https:\/\/www.copealcoy.es\/es\/plantean-un-modelo-de-gestion-propia-para-abrir-el-cdti-de-rodes-en-alcoy\/\" \/>\n<meta property=\"og:site_name\" content=\"COPE Alcoy\" \/>\n<meta property=\"article:published_time\" content=\"2026-01-20T09:00:01+00:00\" \/>\n<meta property=\"article:modified_time\" content=\"2026-01-20T14:36:29+00:00\" \/>\n<meta property=\"og:image\" content=\"https:\/\/www.copealcoy.es\/wp-content\/uploads\/2026\/01\/Edificio-que-alojara-el-CDT-de-Rodes.jpg_995391655.jpg\" \/>\n\t<meta property=\"og:image:width\" content=\"625\" \/>\n\t<meta property=\"og:image:height\" content=\"520\" \/>\n\t<meta property=\"og:image:type\" content=\"image\/jpeg\" \/>\n<meta name=\"author\" content=\"Cope Alcoy\" \/>\n<meta name=\"twitter:label1\" content=\"Escrito por\" \/>\n\t<meta name=\"twitter:data1\" content=\"Cope Alcoy\" \/>\n\t<meta name=\"twitter:label2\" content=\"Tiempo de lectura\" \/>\n\t<meta name=\"twitter:data2\" content=\"3 minutos\" \/>\n<script type=\"application\/ld+json\" class=\"yoast-schema-graph\">{\"@context\":\"https:\\\/\\\/schema.org\",\"@graph\":[{\"@type\":\"Article\",\"@id\":\"https:\\\/\\\/www.copealcoy.es\\\/es\\\/plantean-un-modelo-de-gestion-propia-para-abrir-el-cdti-de-rodes-en-alcoy\\\/#article\",\"isPartOf\":{\"@id\":\"https:\\\/\\\/www.copealcoy.es\\\/es\\\/plantean-un-modelo-de-gestion-propia-para-abrir-el-cdti-de-rodes-en-alcoy\\\/\"},\"author\":{\"name\":\"Cope Alcoy\",\"@id\":\"https:\\\/\\\/www.copealcoy.es\\\/es\\\/#\\\/schema\\\/person\\\/e777c87fa024e57d40170af9df39882c\"},\"headline\":\"Plantean un modelo de gesti\u00f3n propia para abrir el CDTi de Rodes en Alcoy\",\"datePublished\":\"2026-01-20T09:00:01+00:00\",\"dateModified\":\"2026-01-20T14:36:29+00:00\",\"mainEntityOfPage\":{\"@id\":\"https:\\\/\\\/www.copealcoy.es\\\/es\\\/plantean-un-modelo-de-gestion-propia-para-abrir-el-cdti-de-rodes-en-alcoy\\\/\"},\"wordCount\":399,\"image\":{\"@id\":\"https:\\\/\\\/www.copealcoy.es\\\/es\\\/plantean-un-modelo-de-gestion-propia-para-abrir-el-cdti-de-rodes-en-alcoy\\\/#primaryimage\"},\"thumbnailUrl\":\"https:\\\/\\\/www.copealcoy.es\\\/wp-content\\\/uploads\\\/2026\\\/01\\\/Edificio-que-alojara-el-CDT-de-Rodes.jpg_995391655.jpg\",\"keywords\":[\"Alcoi\",\"CDTI\",\"gesti\u00f3n propia\",\"Rodes\"],\"articleSection\":[\"Actualidad\",\"Comarcas\",\"Noticias\"],\"inLanguage\":\"es\"},{\"@type\":\"WebPage\",\"@id\":\"https:\\\/\\\/www.copealcoy.es\\\/es\\\/plantean-un-modelo-de-gestion-propia-para-abrir-el-cdti-de-rodes-en-alcoy\\\/\",\"url\":\"https:\\\/\\\/www.copealcoy.es\\\/es\\\/plantean-un-modelo-de-gestion-propia-para-abrir-el-cdti-de-rodes-en-alcoy\\\/\",\"name\":\"Plantean un modelo de gesti\u00f3n propia para abrir el CDTi de Rodes en Alcoy - COPE Alcoy\",\"isPartOf\":{\"@id\":\"https:\\\/\\\/www.copealcoy.es\\\/es\\\/#website\"},\"primaryImageOfPage\":{\"@id\":\"https:\\\/\\\/www.copealcoy.es\\\/es\\\/plantean-un-modelo-de-gestion-propia-para-abrir-el-cdti-de-rodes-en-alcoy\\\/#primaryimage\"},\"image\":{\"@id\":\"https:\\\/\\\/www.copealcoy.es\\\/es\\\/plantean-un-modelo-de-gestion-propia-para-abrir-el-cdti-de-rodes-en-alcoy\\\/#primaryimage\"},\"thumbnailUrl\":\"https:\\\/\\\/www.copealcoy.es\\\/wp-content\\\/uploads\\\/2026\\\/01\\\/Edificio-que-alojara-el-CDT-de-Rodes.jpg_995391655.jpg\",\"datePublished\":\"2026-01-20T09:00:01+00:00\",\"dateModified\":\"2026-01-20T14:36:29+00:00\",\"author\":{\"@id\":\"https:\\\/\\\/www.copealcoy.es\\\/es\\\/#\\\/schema\\\/person\\\/e777c87fa024e57d40170af9df39882c\"},\"description\":\"Plantean un modelo de gesti\u00f3n propia para abrir el CDTi de Rodes en Alcoy\",\"breadcrumb\":{\"@id\":\"https:\\\/\\\/www.copealcoy.es\\\/es\\\/plantean-un-modelo-de-gestion-propia-para-abrir-el-cdti-de-rodes-en-alcoy\\\/#breadcrumb\"},\"inLanguage\":\"es\",\"potentialAction\":[{\"@type\":\"ReadAction\",\"target\":[\"https:\\\/\\\/www.copealcoy.es\\\/es\\\/plantean-un-modelo-de-gestion-propia-para-abrir-el-cdti-de-rodes-en-alcoy\\\/\"]}]},{\"@type\":\"ImageObject\",\"inLanguage\":\"es\",\"@id\":\"https:\\\/\\\/www.copealcoy.es\\\/es\\\/plantean-un-modelo-de-gestion-propia-para-abrir-el-cdti-de-rodes-en-alcoy\\\/#primaryimage\",\"url\":\"https:\\\/\\\/www.copealcoy.es\\\/wp-content\\\/uploads\\\/2026\\\/01\\\/Edificio-que-alojara-el-CDT-de-Rodes.jpg_995391655.jpg\",\"contentUrl\":\"https:\\\/\\\/www.copealcoy.es\\\/wp-content\\\/uploads\\\/2026\\\/01\\\/Edificio-que-alojara-el-CDT-de-Rodes.jpg_995391655.jpg\",\"width\":625,\"height\":520},{\"@type\":\"BreadcrumbList\",\"@id\":\"https:\\\/\\\/www.copealcoy.es\\\/es\\\/plantean-un-modelo-de-gestion-propia-para-abrir-el-cdti-de-rodes-en-alcoy\\\/#breadcrumb\",\"itemListElement\":[{\"@type\":\"ListItem\",\"position\":1,\"name\":\"Portada\",\"item\":\"https:\\\/\\\/www.copealcoy.es\\\/es\\\/\"},{\"@type\":\"ListItem\",\"position\":2,\"name\":\"Plantean un modelo de gesti\u00f3n propia para abrir el CDTi de Rodes en Alcoy\"}]},{\"@type\":\"WebSite\",\"@id\":\"https:\\\/\\\/www.copealcoy.es\\\/es\\\/#website\",\"url\":\"https:\\\/\\\/www.copealcoy.es\\\/es\\\/\",\"name\":\"COPE Alcoy\",\"description\":\"Emisora COPE de radio local con emisi\u00f3n online. Pont de Sant Jordi 8-10 03803 Alcoy\",\"potentialAction\":[{\"@type\":\"SearchAction\",\"target\":{\"@type\":\"EntryPoint\",\"urlTemplate\":\"https:\\\/\\\/www.copealcoy.es\\\/es\\\/?s={search_term_string}\"},\"query-input\":{\"@type\":\"PropertyValueSpecification\",\"valueRequired\":true,\"valueName\":\"search_term_string\"}}],\"inLanguage\":\"es\"},{\"@type\":\"Person\",\"@id\":\"https:\\\/\\\/www.copealcoy.es\\\/es\\\/#\\\/schema\\\/person\\\/e777c87fa024e57d40170af9df39882c\",\"name\":\"Cope Alcoy\",\"image\":{\"@type\":\"ImageObject\",\"inLanguage\":\"es\",\"@id\":\"https:\\\/\\\/secure.gravatar.com\\\/avatar\\\/bb65d0283347e303893ba14f0692005417c1e0e690a325a4c5d8bb2b3943ee14?s=96&d=mm&r=g\",\"url\":\"https:\\\/\\\/secure.gravatar.com\\\/avatar\\\/bb65d0283347e303893ba14f0692005417c1e0e690a325a4c5d8bb2b3943ee14?s=96&d=mm&r=g\",\"contentUrl\":\"https:\\\/\\\/secure.gravatar.com\\\/avatar\\\/bb65d0283347e303893ba14f0692005417c1e0e690a325a4c5d8bb2b3943ee14?s=96&d=mm&r=g\",\"caption\":\"Cope Alcoy\"}}]}<\/script>\n<!-- \/ Yoast SEO plugin. -->","yoast_head_json":{"title":"Plantean un modelo de gesti\u00f3n propia para abrir el CDTi de Rodes en Alcoy - COPE Alcoy","description":"Plantean un modelo de gesti\u00f3n propia para abrir el CDTi de Rodes en Alcoy","robots":{"index":"index","follow":"follow","max-snippet":"max-snippet:-1","max-image-preview":"max-image-preview:large","max-video-preview":"max-video-preview:-1"},"canonical":"https:\/\/www.copealcoy.es\/es\/plantean-un-modelo-de-gestion-propia-para-abrir-el-cdti-de-rodes-en-alcoy\/","og_locale":"es_ES","og_type":"article","og_title":"Plantean un modelo de gesti\u00f3n propia para abrir el CDTi de Rodes en Alcoy - COPE Alcoy","og_description":"Plantean un modelo de gesti\u00f3n propia para abrir el CDTi de Rodes en Alcoy","og_url":"https:\/\/www.copealcoy.es\/es\/plantean-un-modelo-de-gestion-propia-para-abrir-el-cdti-de-rodes-en-alcoy\/","og_site_name":"COPE Alcoy","article_published_time":"2026-01-20T09:00:01+00:00","article_modified_time":"2026-01-20T14:36:29+00:00","og_image":[{"width":625,"height":520,"url":"https:\/\/www.copealcoy.es\/wp-content\/uploads\/2026\/01\/Edificio-que-alojara-el-CDT-de-Rodes.jpg_995391655.jpg","type":"image\/jpeg"}],"author":"Cope Alcoy","twitter_misc":{"Escrito por":"Cope Alcoy","Tiempo de lectura":"3 minutos"},"schema":{"@context":"https:\/\/schema.org","@graph":[{"@type":"Article","@id":"https:\/\/www.copealcoy.es\/es\/plantean-un-modelo-de-gestion-propia-para-abrir-el-cdti-de-rodes-en-alcoy\/#article","isPartOf":{"@id":"https:\/\/www.copealcoy.es\/es\/plantean-un-modelo-de-gestion-propia-para-abrir-el-cdti-de-rodes-en-alcoy\/"},"author":{"name":"Cope Alcoy","@id":"https:\/\/www.copealcoy.es\/es\/#\/schema\/person\/e777c87fa024e57d40170af9df39882c"},"headline":"Plantean un modelo de gesti\u00f3n propia para abrir el CDTi de Rodes en Alcoy","datePublished":"2026-01-20T09:00:01+00:00","dateModified":"2026-01-20T14:36:29+00:00","mainEntityOfPage":{"@id":"https:\/\/www.copealcoy.es\/es\/plantean-un-modelo-de-gestion-propia-para-abrir-el-cdti-de-rodes-en-alcoy\/"},"wordCount":399,"image":{"@id":"https:\/\/www.copealcoy.es\/es\/plantean-un-modelo-de-gestion-propia-para-abrir-el-cdti-de-rodes-en-alcoy\/#primaryimage"},"thumbnailUrl":"https:\/\/www.copealcoy.es\/wp-content\/uploads\/2026\/01\/Edificio-que-alojara-el-CDT-de-Rodes.jpg_995391655.jpg","keywords":["Alcoi","CDTI","gesti\u00f3n propia","Rodes"],"articleSection":["Actualidad","Comarcas","Noticias"],"inLanguage":"es"},{"@type":"WebPage","@id":"https:\/\/www.copealcoy.es\/es\/plantean-un-modelo-de-gestion-propia-para-abrir-el-cdti-de-rodes-en-alcoy\/","url":"https:\/\/www.copealcoy.es\/es\/plantean-un-modelo-de-gestion-propia-para-abrir-el-cdti-de-rodes-en-alcoy\/","name":"Plantean un modelo de gesti\u00f3n propia para abrir el CDTi de Rodes en Alcoy - COPE Alcoy","isPartOf":{"@id":"https:\/\/www.copealcoy.es\/es\/#website"},"primaryImageOfPage":{"@id":"https:\/\/www.copealcoy.es\/es\/plantean-un-modelo-de-gestion-propia-para-abrir-el-cdti-de-rodes-en-alcoy\/#primaryimage"},"image":{"@id":"https:\/\/www.copealcoy.es\/es\/plantean-un-modelo-de-gestion-propia-para-abrir-el-cdti-de-rodes-en-alcoy\/#primaryimage"},"thumbnailUrl":"https:\/\/www.copealcoy.es\/wp-content\/uploads\/2026\/01\/Edificio-que-alojara-el-CDT-de-Rodes.jpg_995391655.jpg","datePublished":"2026-01-20T09:00:01+00:00","dateModified":"2026-01-20T14:36:29+00:00","author":{"@id":"https:\/\/www.copealcoy.es\/es\/#\/schema\/person\/e777c87fa024e57d40170af9df39882c"},"description":"Plantean un modelo de gesti\u00f3n propia para abrir el CDTi de Rodes en Alcoy","breadcrumb":{"@id":"https:\/\/www.copealcoy.es\/es\/plantean-un-modelo-de-gestion-propia-para-abrir-el-cdti-de-rodes-en-alcoy\/#breadcrumb"},"inLanguage":"es","potentialAction":[{"@type":"ReadAction","target":["https:\/\/www.copealcoy.es\/es\/plantean-un-modelo-de-gestion-propia-para-abrir-el-cdti-de-rodes-en-alcoy\/"]}]},{"@type":"ImageObject","inLanguage":"es","@id":"https:\/\/www.copealcoy.es\/es\/plantean-un-modelo-de-gestion-propia-para-abrir-el-cdti-de-rodes-en-alcoy\/#primaryimage","url":"https:\/\/www.copealcoy.es\/wp-content\/uploads\/2026\/01\/Edificio-que-alojara-el-CDT-de-Rodes.jpg_995391655.jpg","contentUrl":"https:\/\/www.copealcoy.es\/wp-content\/uploads\/2026\/01\/Edificio-que-alojara-el-CDT-de-Rodes.jpg_995391655.jpg","width":625,"height":520},{"@type":"BreadcrumbList","@id":"https:\/\/www.copealcoy.es\/es\/plantean-un-modelo-de-gestion-propia-para-abrir-el-cdti-de-rodes-en-alcoy\/#breadcrumb","itemListElement":[{"@type":"ListItem","position":1,"name":"Portada","item":"https:\/\/www.copealcoy.es\/es\/"},{"@type":"ListItem","position":2,"name":"Plantean un modelo de gesti\u00f3n propia para abrir el CDTi de Rodes en Alcoy"}]},{"@type":"WebSite","@id":"https:\/\/www.copealcoy.es\/es\/#website","url":"https:\/\/www.copealcoy.es\/es\/","name":"COPE Alcoy","description":"Emisora COPE de radio local con emisi\u00f3n online. Pont de Sant Jordi 8-10 03803 Alcoy","potentialAction":[{"@type":"SearchAction","target":{"@type":"EntryPoint","urlTemplate":"https:\/\/www.copealcoy.es\/es\/?s={search_term_string}"},"query-input":{"@type":"PropertyValueSpecification","valueRequired":true,"valueName":"search_term_string"}}],"inLanguage":"es"},{"@type":"Person","@id":"https:\/\/www.copealcoy.es\/es\/#\/schema\/person\/e777c87fa024e57d40170af9df39882c","name":"Cope Alcoy","image":{"@type":"ImageObject","inLanguage":"es","@id":"https:\/\/secure.gravatar.com\/avatar\/bb65d0283347e303893ba14f0692005417c1e0e690a325a4c5d8bb2b3943ee14?s=96&d=mm&r=g","url":"https:\/\/secure.gravatar.com\/avatar\/bb65d0283347e303893ba14f0692005417c1e0e690a325a4c5d8bb2b3943ee14?s=96&d=mm&r=g","contentUrl":"https:\/\/secure.gravatar.com\/avatar\/bb65d0283347e303893ba14f0692005417c1e0e690a325a4c5d8bb2b3943ee14?s=96&d=mm&r=g","caption":"Cope Alcoy"}}]}},"_links":{"self":[{"href":"https:\/\/www.copealcoy.es\/es\/wp-json\/wp\/v2\/posts\/162506","targetHints":{"allow":["GET"]}}],"collection":[{"href":"https:\/\/www.copealcoy.es\/es\/wp-json\/wp\/v2\/posts"}],"about":[{"href":"https:\/\/www.copealcoy.es\/es\/wp-json\/wp\/v2\/types\/post"}],"author":[{"embeddable":true,"href":"https:\/\/www.copealcoy.es\/es\/wp-json\/wp\/v2\/users\/1"}],"replies":[{"embeddable":true,"href":"https:\/\/www.copealcoy.es\/es\/wp-json\/wp\/v2\/comments?post=162506"}],"version-history":[{"count":3,"href":"https:\/\/www.copealcoy.es\/es\/wp-json\/wp\/v2\/posts\/162506\/revisions"}],"predecessor-version":[{"id":162512,"href":"https:\/\/www.copealcoy.es\/es\/wp-json\/wp\/v2\/posts\/162506\/revisions\/162512"}],"wp:featuredmedia":[{"embeddable":true,"href":"https:\/\/www.copealcoy.es\/es\/wp-json\/wp\/v2\/media\/162507"}],"wp:attachment":[{"href":"https:\/\/www.copealcoy.es\/es\/wp-json\/wp\/v2\/media?parent=162506"}],"wp:term":[{"taxonomy":"category","embeddable":true,"href":"https:\/\/www.copealcoy.es\/es\/wp-json\/wp\/v2\/categories?post=162506"},{"taxonomy":"post_tag","embeddable":true,"href":"https:\/\/www.copealcoy.es\/es\/wp-json\/wp\/v2\/tags?post=162506"}],"curies":[{"name":"wp","href":"https:\/\/api.w.org\/{rel}","templated":true}]}}