{"id":162191,"date":"2025-12-12T21:08:23","date_gmt":"2025-12-12T20:08:23","guid":{"rendered":"https:\/\/www.copealcoy.es\/?p=162191"},"modified":"2026-01-10T21:21:58","modified_gmt":"2026-01-10T20:21:58","slug":"un-singular-belen-preside-el-monasterio-de-las-clarisas-en-cocentaina","status":"publish","type":"post","link":"https:\/\/www.copealcoy.es\/es\/un-singular-belen-preside-el-monasterio-de-las-clarisas-en-cocentaina\/","title":{"rendered":"Un singular Bel\u00e9n preside el Monasterio de las Clarisas en Cocentaina"},"content":{"rendered":"<p style=\"text-align: justify;\">Cocentaina, como venimos contando en COPE ALCOY, <strong>mantiene tambi\u00e9n una importante tradici\u00f3n en cuanto a Belenes se refiere<\/strong> y en esta Navidad <strong>son muchos los conjuntos que podemos ver<\/strong> tanto en domicilios privados como en lugares p\u00fablicos como las iglesias o la sede de diferentes instituciones. Uno de estos singulares Belenes lo encontramos en el <strong>Monasterio de las Clarisas<\/strong>, lugar en el que se venera a la patrona de la poblaci\u00f3n; la Mare de D\u00e9u del Miracle. El Bel\u00e9n, montado por las religiosas, <strong>incluye<\/strong> escenas cl\u00e1sicas como el Nacimiento de Jes\u00fas, la Adoraci\u00f3n de los Pares o la Visita de los Reyes Magos y es muy admirado cada d\u00eda por todos aquellos que entran al templo para visitar a la Mare de D\u00e9u. Aqu\u00ed os dejamos con algunas im\u00e1genes:<\/p>\n<div id='gallery-1' class='gallery galleryid-162191 gallery-columns-2 gallery-size-large'><figure class='gallery-item'>\n\t\t\t<div class='gallery-icon landscape'>\n\t\t\t\t<a href='https:\/\/www.copealcoy.es\/es\/un-singular-belen-preside-el-monasterio-de-las-clarisas-en-cocentaina\/4-1-7\/'><img loading=\"lazy\" decoding=\"async\" width=\"953\" height=\"588\" src=\"https:\/\/www.copealcoy.es\/wp-content\/uploads\/2026\/01\/4-1-4-953x588.jpg\" class=\"attachment-large size-large\" alt=\"\" \/><\/a>\n\t\t\t<\/div><\/figure><figure class='gallery-item'>\n\t\t\t<div class='gallery-icon landscape'>\n\t\t\t\t<a href='https:\/\/www.copealcoy.es\/es\/un-singular-belen-preside-el-monasterio-de-las-clarisas-en-cocentaina\/4-20\/'><img loading=\"lazy\" decoding=\"async\" width=\"953\" height=\"588\" src=\"https:\/\/www.copealcoy.es\/wp-content\/uploads\/2026\/01\/4-6-953x588.jpg\" class=\"attachment-large size-large\" alt=\"\" \/><\/a>\n\t\t\t<\/div><\/figure><figure class='gallery-item'>\n\t\t\t<div class='gallery-icon landscape'>\n\t\t\t\t<a href='https:\/\/www.copealcoy.es\/es\/un-singular-belen-preside-el-monasterio-de-las-clarisas-en-cocentaina\/0-1-31\/'><img loading=\"lazy\" decoding=\"async\" width=\"953\" height=\"588\" src=\"https:\/\/www.copealcoy.es\/wp-content\/uploads\/2026\/01\/0-1-2-953x588.jpg\" class=\"attachment-large size-large\" alt=\"\" \/><\/a>\n\t\t\t<\/div><\/figure><figure class='gallery-item'>\n\t\t\t<div class='gallery-icon landscape'>\n\t\t\t\t<a href='https:\/\/www.copealcoy.es\/es\/un-singular-belen-preside-el-monasterio-de-las-clarisas-en-cocentaina\/0-2-25\/'><img loading=\"lazy\" decoding=\"async\" width=\"953\" height=\"588\" src=\"https:\/\/www.copealcoy.es\/wp-content\/uploads\/2026\/01\/0-2-2-953x588.jpg\" class=\"attachment-large size-large\" alt=\"\" \/><\/a>\n\t\t\t<\/div><\/figure><figure class='gallery-item'>\n\t\t\t<div class='gallery-icon landscape'>\n\t\t\t\t<a href='https:\/\/www.copealcoy.es\/es\/un-singular-belen-preside-el-monasterio-de-las-clarisas-en-cocentaina\/4-2-8\/'><img loading=\"lazy\" decoding=\"async\" width=\"953\" height=\"588\" src=\"https:\/\/www.copealcoy.es\/wp-content\/uploads\/2026\/01\/4-2-2-953x588.jpg\" class=\"attachment-large size-large\" alt=\"\" \/><\/a>\n\t\t\t<\/div><\/figure><figure class='gallery-item'>\n\t\t\t<div class='gallery-icon landscape'>\n\t\t\t\t<a href='https:\/\/www.copealcoy.es\/es\/un-singular-belen-preside-el-monasterio-de-las-clarisas-en-cocentaina\/4-3-7\/'><img loading=\"lazy\" decoding=\"async\" width=\"953\" height=\"588\" src=\"https:\/\/www.copealcoy.es\/wp-content\/uploads\/2026\/01\/4-3-1-953x588.jpg\" class=\"attachment-large size-large\" alt=\"\" \/><\/a>\n\t\t\t<\/div><\/figure><figure class='gallery-item'>\n\t\t\t<div class='gallery-icon landscape'>\n\t\t\t\t<a href='https:\/\/www.copealcoy.es\/es\/un-singular-belen-preside-el-monasterio-de-las-clarisas-en-cocentaina\/0-3-19\/'><img loading=\"lazy\" decoding=\"async\" width=\"953\" height=\"588\" src=\"https:\/\/www.copealcoy.es\/wp-content\/uploads\/2026\/01\/0-3-1-953x588.jpg\" class=\"attachment-large size-large\" alt=\"\" \/><\/a>\n\t\t\t<\/div><\/figure><figure class='gallery-item'>\n\t\t\t<div class='gallery-icon landscape'>\n\t\t\t\t<a href='https:\/\/www.copealcoy.es\/es\/un-singular-belen-preside-el-monasterio-de-las-clarisas-en-cocentaina\/belen-clarisas-cocentain\/'><img loading=\"lazy\" decoding=\"async\" width=\"953\" height=\"588\" src=\"https:\/\/www.copealcoy.es\/wp-content\/uploads\/2026\/01\/0-6-953x588.jpg\" class=\"attachment-large size-large\" alt=\"\" \/><\/a>\n\t\t\t<\/div><\/figure>\n\t\t<\/div>\n\n","protected":false},"excerpt":{"rendered":"<p>Cocentaina, como venimos contando en COPE ALCOY, mantiene tambi\u00e9n una importante tradici\u00f3n en cuanto a Belenes se refiere y en&#8230;<\/p>\n","protected":false},"author":1,"featured_media":162204,"comment_status":"closed","ping_status":"closed","sticky":false,"template":"","format":"standard","meta":{"footnotes":""},"categories":[6909,98,75],"tags":[210,2759,132,20544],"class_list":["post-162191","post","type-post","status-publish","format-standard","has-post-thumbnail","hentry","category-actualidad","category-comarcas","category-noticias","tag-belen","tag-clarisas","tag-cocentaina","tag-monasterio-virgen-del-milagro"],"yoast_head":"<!-- This site is optimized with the Yoast SEO plugin v27.3 - https:\/\/yoast.com\/product\/yoast-seo-wordpress\/ -->\n<title>Un singular Bel\u00e9n preside el Monasterio de las Clarisas en Cocentaina - COPE Alcoy<\/title>\n<meta name=\"description\" content=\"Un singular Bel\u00e9n presidente el Monasterio de las Clarisas en Cocentaina\" \/>\n<meta name=\"robots\" content=\"index, follow, max-snippet:-1, max-image-preview:large, max-video-preview:-1\" \/>\n<link rel=\"canonical\" href=\"https:\/\/www.copealcoy.es\/es\/un-singular-belen-preside-el-monasterio-de-las-clarisas-en-cocentaina\/\" \/>\n<meta property=\"og:locale\" content=\"es_ES\" \/>\n<meta property=\"og:type\" content=\"article\" \/>\n<meta property=\"og:title\" content=\"Un singular Bel\u00e9n preside el Monasterio de las Clarisas en Cocentaina - COPE Alcoy\" \/>\n<meta property=\"og:description\" content=\"Un singular Bel\u00e9n presidente el Monasterio de las Clarisas en Cocentaina\" \/>\n<meta property=\"og:url\" content=\"https:\/\/www.copealcoy.es\/es\/un-singular-belen-preside-el-monasterio-de-las-clarisas-en-cocentaina\/\" \/>\n<meta property=\"og:site_name\" content=\"COPE Alcoy\" \/>\n<meta property=\"article:published_time\" content=\"2025-12-12T20:08:23+00:00\" \/>\n<meta property=\"article:modified_time\" content=\"2026-01-10T20:21:58+00:00\" \/>\n<meta property=\"og:image\" content=\"https:\/\/www.copealcoy.es\/wp-content\/uploads\/2026\/01\/0-3-1.jpg\" \/>\n\t<meta property=\"og:image:width\" content=\"953\" \/>\n\t<meta property=\"og:image:height\" content=\"715\" \/>\n\t<meta property=\"og:image:type\" content=\"image\/jpeg\" \/>\n<meta name=\"author\" content=\"Cope Alcoy\" \/>\n<meta name=\"twitter:label1\" content=\"Escrito por\" \/>\n\t<meta name=\"twitter:data1\" content=\"Cope Alcoy\" \/>\n\t<meta name=\"twitter:label2\" content=\"Tiempo de lectura\" \/>\n\t<meta name=\"twitter:data2\" content=\"1 minuto\" \/>\n<script type=\"application\/ld+json\" class=\"yoast-schema-graph\">{\"@context\":\"https:\\\/\\\/schema.org\",\"@graph\":[{\"@type\":\"Article\",\"@id\":\"https:\\\/\\\/www.copealcoy.es\\\/es\\\/un-singular-belen-preside-el-monasterio-de-las-clarisas-en-cocentaina\\\/#article\",\"isPartOf\":{\"@id\":\"https:\\\/\\\/www.copealcoy.es\\\/es\\\/un-singular-belen-preside-el-monasterio-de-las-clarisas-en-cocentaina\\\/\"},\"author\":{\"name\":\"Cope Alcoy\",\"@id\":\"https:\\\/\\\/www.copealcoy.es\\\/es\\\/#\\\/schema\\\/person\\\/e777c87fa024e57d40170af9df39882c\"},\"headline\":\"Un singular Bel\u00e9n preside el Monasterio de las Clarisas en Cocentaina\",\"datePublished\":\"2025-12-12T20:08:23+00:00\",\"dateModified\":\"2026-01-10T20:21:58+00:00\",\"mainEntityOfPage\":{\"@id\":\"https:\\\/\\\/www.copealcoy.es\\\/es\\\/un-singular-belen-preside-el-monasterio-de-las-clarisas-en-cocentaina\\\/\"},\"wordCount\":158,\"image\":{\"@id\":\"https:\\\/\\\/www.copealcoy.es\\\/es\\\/un-singular-belen-preside-el-monasterio-de-las-clarisas-en-cocentaina\\\/#primaryimage\"},\"thumbnailUrl\":\"https:\\\/\\\/www.copealcoy.es\\\/wp-content\\\/uploads\\\/2026\\\/01\\\/0-3-1.jpg\",\"keywords\":[\"Bel\u00e9n\",\"Clarisas\",\"Cocentaina\",\"Monasterio Virgen del Milagro\"],\"articleSection\":[\"Actualidad\",\"Comarcas\",\"Noticias\"],\"inLanguage\":\"es\"},{\"@type\":\"WebPage\",\"@id\":\"https:\\\/\\\/www.copealcoy.es\\\/es\\\/un-singular-belen-preside-el-monasterio-de-las-clarisas-en-cocentaina\\\/\",\"url\":\"https:\\\/\\\/www.copealcoy.es\\\/es\\\/un-singular-belen-preside-el-monasterio-de-las-clarisas-en-cocentaina\\\/\",\"name\":\"Un singular Bel\u00e9n preside el Monasterio de las Clarisas en Cocentaina - COPE Alcoy\",\"isPartOf\":{\"@id\":\"https:\\\/\\\/www.copealcoy.es\\\/es\\\/#website\"},\"primaryImageOfPage\":{\"@id\":\"https:\\\/\\\/www.copealcoy.es\\\/es\\\/un-singular-belen-preside-el-monasterio-de-las-clarisas-en-cocentaina\\\/#primaryimage\"},\"image\":{\"@id\":\"https:\\\/\\\/www.copealcoy.es\\\/es\\\/un-singular-belen-preside-el-monasterio-de-las-clarisas-en-cocentaina\\\/#primaryimage\"},\"thumbnailUrl\":\"https:\\\/\\\/www.copealcoy.es\\\/wp-content\\\/uploads\\\/2026\\\/01\\\/0-3-1.jpg\",\"datePublished\":\"2025-12-12T20:08:23+00:00\",\"dateModified\":\"2026-01-10T20:21:58+00:00\",\"author\":{\"@id\":\"https:\\\/\\\/www.copealcoy.es\\\/es\\\/#\\\/schema\\\/person\\\/e777c87fa024e57d40170af9df39882c\"},\"description\":\"Un singular Bel\u00e9n presidente el Monasterio de las Clarisas en Cocentaina\",\"breadcrumb\":{\"@id\":\"https:\\\/\\\/www.copealcoy.es\\\/es\\\/un-singular-belen-preside-el-monasterio-de-las-clarisas-en-cocentaina\\\/#breadcrumb\"},\"inLanguage\":\"es\",\"potentialAction\":[{\"@type\":\"ReadAction\",\"target\":[\"https:\\\/\\\/www.copealcoy.es\\\/es\\\/un-singular-belen-preside-el-monasterio-de-las-clarisas-en-cocentaina\\\/\"]}]},{\"@type\":\"ImageObject\",\"inLanguage\":\"es\",\"@id\":\"https:\\\/\\\/www.copealcoy.es\\\/es\\\/un-singular-belen-preside-el-monasterio-de-las-clarisas-en-cocentaina\\\/#primaryimage\",\"url\":\"https:\\\/\\\/www.copealcoy.es\\\/wp-content\\\/uploads\\\/2026\\\/01\\\/0-3-1.jpg\",\"contentUrl\":\"https:\\\/\\\/www.copealcoy.es\\\/wp-content\\\/uploads\\\/2026\\\/01\\\/0-3-1.jpg\",\"width\":953,\"height\":715},{\"@type\":\"BreadcrumbList\",\"@id\":\"https:\\\/\\\/www.copealcoy.es\\\/es\\\/un-singular-belen-preside-el-monasterio-de-las-clarisas-en-cocentaina\\\/#breadcrumb\",\"itemListElement\":[{\"@type\":\"ListItem\",\"position\":1,\"name\":\"Portada\",\"item\":\"https:\\\/\\\/www.copealcoy.es\\\/es\\\/\"},{\"@type\":\"ListItem\",\"position\":2,\"name\":\"Un singular Bel\u00e9n preside el Monasterio de las Clarisas en Cocentaina\"}]},{\"@type\":\"WebSite\",\"@id\":\"https:\\\/\\\/www.copealcoy.es\\\/es\\\/#website\",\"url\":\"https:\\\/\\\/www.copealcoy.es\\\/es\\\/\",\"name\":\"COPE Alcoy\",\"description\":\"Emisora COPE de radio local con emisi\u00f3n online. Pont de Sant Jordi 8-10 03803 Alcoy\",\"potentialAction\":[{\"@type\":\"SearchAction\",\"target\":{\"@type\":\"EntryPoint\",\"urlTemplate\":\"https:\\\/\\\/www.copealcoy.es\\\/es\\\/?s={search_term_string}\"},\"query-input\":{\"@type\":\"PropertyValueSpecification\",\"valueRequired\":true,\"valueName\":\"search_term_string\"}}],\"inLanguage\":\"es\"},{\"@type\":\"Person\",\"@id\":\"https:\\\/\\\/www.copealcoy.es\\\/es\\\/#\\\/schema\\\/person\\\/e777c87fa024e57d40170af9df39882c\",\"name\":\"Cope Alcoy\",\"image\":{\"@type\":\"ImageObject\",\"inLanguage\":\"es\",\"@id\":\"https:\\\/\\\/secure.gravatar.com\\\/avatar\\\/bb65d0283347e303893ba14f0692005417c1e0e690a325a4c5d8bb2b3943ee14?s=96&d=mm&r=g\",\"url\":\"https:\\\/\\\/secure.gravatar.com\\\/avatar\\\/bb65d0283347e303893ba14f0692005417c1e0e690a325a4c5d8bb2b3943ee14?s=96&d=mm&r=g\",\"contentUrl\":\"https:\\\/\\\/secure.gravatar.com\\\/avatar\\\/bb65d0283347e303893ba14f0692005417c1e0e690a325a4c5d8bb2b3943ee14?s=96&d=mm&r=g\",\"caption\":\"Cope Alcoy\"}}]}<\/script>\n<!-- \/ Yoast SEO plugin. -->","yoast_head_json":{"title":"Un singular Bel\u00e9n preside el Monasterio de las Clarisas en Cocentaina - COPE Alcoy","description":"Un singular Bel\u00e9n presidente el Monasterio de las Clarisas en Cocentaina","robots":{"index":"index","follow":"follow","max-snippet":"max-snippet:-1","max-image-preview":"max-image-preview:large","max-video-preview":"max-video-preview:-1"},"canonical":"https:\/\/www.copealcoy.es\/es\/un-singular-belen-preside-el-monasterio-de-las-clarisas-en-cocentaina\/","og_locale":"es_ES","og_type":"article","og_title":"Un singular Bel\u00e9n preside el Monasterio de las Clarisas en Cocentaina - COPE Alcoy","og_description":"Un singular Bel\u00e9n presidente el Monasterio de las Clarisas en Cocentaina","og_url":"https:\/\/www.copealcoy.es\/es\/un-singular-belen-preside-el-monasterio-de-las-clarisas-en-cocentaina\/","og_site_name":"COPE Alcoy","article_published_time":"2025-12-12T20:08:23+00:00","article_modified_time":"2026-01-10T20:21:58+00:00","og_image":[{"width":953,"height":715,"url":"https:\/\/www.copealcoy.es\/wp-content\/uploads\/2026\/01\/0-3-1.jpg","type":"image\/jpeg"}],"author":"Cope Alcoy","twitter_misc":{"Escrito por":"Cope Alcoy","Tiempo de lectura":"1 minuto"},"schema":{"@context":"https:\/\/schema.org","@graph":[{"@type":"Article","@id":"https:\/\/www.copealcoy.es\/es\/un-singular-belen-preside-el-monasterio-de-las-clarisas-en-cocentaina\/#article","isPartOf":{"@id":"https:\/\/www.copealcoy.es\/es\/un-singular-belen-preside-el-monasterio-de-las-clarisas-en-cocentaina\/"},"author":{"name":"Cope Alcoy","@id":"https:\/\/www.copealcoy.es\/es\/#\/schema\/person\/e777c87fa024e57d40170af9df39882c"},"headline":"Un singular Bel\u00e9n preside el Monasterio de las Clarisas en Cocentaina","datePublished":"2025-12-12T20:08:23+00:00","dateModified":"2026-01-10T20:21:58+00:00","mainEntityOfPage":{"@id":"https:\/\/www.copealcoy.es\/es\/un-singular-belen-preside-el-monasterio-de-las-clarisas-en-cocentaina\/"},"wordCount":158,"image":{"@id":"https:\/\/www.copealcoy.es\/es\/un-singular-belen-preside-el-monasterio-de-las-clarisas-en-cocentaina\/#primaryimage"},"thumbnailUrl":"https:\/\/www.copealcoy.es\/wp-content\/uploads\/2026\/01\/0-3-1.jpg","keywords":["Bel\u00e9n","Clarisas","Cocentaina","Monasterio Virgen del Milagro"],"articleSection":["Actualidad","Comarcas","Noticias"],"inLanguage":"es"},{"@type":"WebPage","@id":"https:\/\/www.copealcoy.es\/es\/un-singular-belen-preside-el-monasterio-de-las-clarisas-en-cocentaina\/","url":"https:\/\/www.copealcoy.es\/es\/un-singular-belen-preside-el-monasterio-de-las-clarisas-en-cocentaina\/","name":"Un singular Bel\u00e9n preside el Monasterio de las Clarisas en Cocentaina - COPE Alcoy","isPartOf":{"@id":"https:\/\/www.copealcoy.es\/es\/#website"},"primaryImageOfPage":{"@id":"https:\/\/www.copealcoy.es\/es\/un-singular-belen-preside-el-monasterio-de-las-clarisas-en-cocentaina\/#primaryimage"},"image":{"@id":"https:\/\/www.copealcoy.es\/es\/un-singular-belen-preside-el-monasterio-de-las-clarisas-en-cocentaina\/#primaryimage"},"thumbnailUrl":"https:\/\/www.copealcoy.es\/wp-content\/uploads\/2026\/01\/0-3-1.jpg","datePublished":"2025-12-12T20:08:23+00:00","dateModified":"2026-01-10T20:21:58+00:00","author":{"@id":"https:\/\/www.copealcoy.es\/es\/#\/schema\/person\/e777c87fa024e57d40170af9df39882c"},"description":"Un singular Bel\u00e9n presidente el Monasterio de las Clarisas en Cocentaina","breadcrumb":{"@id":"https:\/\/www.copealcoy.es\/es\/un-singular-belen-preside-el-monasterio-de-las-clarisas-en-cocentaina\/#breadcrumb"},"inLanguage":"es","potentialAction":[{"@type":"ReadAction","target":["https:\/\/www.copealcoy.es\/es\/un-singular-belen-preside-el-monasterio-de-las-clarisas-en-cocentaina\/"]}]},{"@type":"ImageObject","inLanguage":"es","@id":"https:\/\/www.copealcoy.es\/es\/un-singular-belen-preside-el-monasterio-de-las-clarisas-en-cocentaina\/#primaryimage","url":"https:\/\/www.copealcoy.es\/wp-content\/uploads\/2026\/01\/0-3-1.jpg","contentUrl":"https:\/\/www.copealcoy.es\/wp-content\/uploads\/2026\/01\/0-3-1.jpg","width":953,"height":715},{"@type":"BreadcrumbList","@id":"https:\/\/www.copealcoy.es\/es\/un-singular-belen-preside-el-monasterio-de-las-clarisas-en-cocentaina\/#breadcrumb","itemListElement":[{"@type":"ListItem","position":1,"name":"Portada","item":"https:\/\/www.copealcoy.es\/es\/"},{"@type":"ListItem","position":2,"name":"Un singular Bel\u00e9n preside el Monasterio de las Clarisas en Cocentaina"}]},{"@type":"WebSite","@id":"https:\/\/www.copealcoy.es\/es\/#website","url":"https:\/\/www.copealcoy.es\/es\/","name":"COPE Alcoy","description":"Emisora COPE de radio local con emisi\u00f3n online. Pont de Sant Jordi 8-10 03803 Alcoy","potentialAction":[{"@type":"SearchAction","target":{"@type":"EntryPoint","urlTemplate":"https:\/\/www.copealcoy.es\/es\/?s={search_term_string}"},"query-input":{"@type":"PropertyValueSpecification","valueRequired":true,"valueName":"search_term_string"}}],"inLanguage":"es"},{"@type":"Person","@id":"https:\/\/www.copealcoy.es\/es\/#\/schema\/person\/e777c87fa024e57d40170af9df39882c","name":"Cope Alcoy","image":{"@type":"ImageObject","inLanguage":"es","@id":"https:\/\/secure.gravatar.com\/avatar\/bb65d0283347e303893ba14f0692005417c1e0e690a325a4c5d8bb2b3943ee14?s=96&d=mm&r=g","url":"https:\/\/secure.gravatar.com\/avatar\/bb65d0283347e303893ba14f0692005417c1e0e690a325a4c5d8bb2b3943ee14?s=96&d=mm&r=g","contentUrl":"https:\/\/secure.gravatar.com\/avatar\/bb65d0283347e303893ba14f0692005417c1e0e690a325a4c5d8bb2b3943ee14?s=96&d=mm&r=g","caption":"Cope Alcoy"}}]}},"_links":{"self":[{"href":"https:\/\/www.copealcoy.es\/es\/wp-json\/wp\/v2\/posts\/162191","targetHints":{"allow":["GET"]}}],"collection":[{"href":"https:\/\/www.copealcoy.es\/es\/wp-json\/wp\/v2\/posts"}],"about":[{"href":"https:\/\/www.copealcoy.es\/es\/wp-json\/wp\/v2\/types\/post"}],"author":[{"embeddable":true,"href":"https:\/\/www.copealcoy.es\/es\/wp-json\/wp\/v2\/users\/1"}],"replies":[{"embeddable":true,"href":"https:\/\/www.copealcoy.es\/es\/wp-json\/wp\/v2\/comments?post=162191"}],"version-history":[{"count":3,"href":"https:\/\/www.copealcoy.es\/es\/wp-json\/wp\/v2\/posts\/162191\/revisions"}],"predecessor-version":[{"id":162212,"href":"https:\/\/www.copealcoy.es\/es\/wp-json\/wp\/v2\/posts\/162191\/revisions\/162212"}],"wp:featuredmedia":[{"embeddable":true,"href":"https:\/\/www.copealcoy.es\/es\/wp-json\/wp\/v2\/media\/162204"}],"wp:attachment":[{"href":"https:\/\/www.copealcoy.es\/es\/wp-json\/wp\/v2\/media?parent=162191"}],"wp:term":[{"taxonomy":"category","embeddable":true,"href":"https:\/\/www.copealcoy.es\/es\/wp-json\/wp\/v2\/categories?post=162191"},{"taxonomy":"post_tag","embeddable":true,"href":"https:\/\/www.copealcoy.es\/es\/wp-json\/wp\/v2\/tags?post=162191"}],"curies":[{"name":"wp","href":"https:\/\/api.w.org\/{rel}","templated":true}]}}