{"id":16158,"date":"2015-10-01T22:00:15","date_gmt":"2015-10-01T22:00:15","guid":{"rendered":"http:\/\/copealcoi.es\/new\/?p=16158"},"modified":"2015-10-01T22:00:15","modified_gmt":"2015-10-01T22:00:15","slug":"el-ces-propone-campanas-para-impulsar-el-comercio-local","status":"publish","type":"post","link":"https:\/\/www.copealcoy.es\/es\/el-ces-propone-campanas-para-impulsar-el-comercio-local\/","title":{"rendered":"El CES propone campa\u00f1as para impulsar el comercio local"},"content":{"rendered":"<p style=\"text-align: justify;\">El Consejo Econ\u00f3mico y Social, CES, se reuni\u00f3 en la tarde de ayer mi\u00e9rcoles en el sal\u00f3n de plenos del Ayuntamiento de Alcoy para abordar diferentes cuestiones, entre ellas, la inversi\u00f3n de los 30.000 euros restantes del presupuesto total de 100.000 euros anual con el que dispon\u00eda este organismo. De esta forma se acord\u00f3 que 15.000 euros se destinaran a realizar una campa\u00f1a global para el comercio de la ciudad junto a la colaboraci\u00f3n de la Federaci\u00f3n de Comercio y ACECA. Los otros 15.000 euros se centrar\u00edan en impulsar indicadores para el futuro Plan Estrat\u00e9gico.<\/p>\n<p style=\"text-align: justify;\">Durante la sesi\u00f3n se valoraron tambi\u00e9n las iniciativas llevadas a cabo hasta el momento como las charlas formativas de innovaci\u00f3n en FEDAC o la feria IMEX. Adem\u00e1s el alcalde, Antonio Franc\u00e9s, explic\u00f3 las tasas municipales para el pr\u00f3ximo a\u00f1o y a partir de ah\u00ed los componentes del CES tendr\u00e1n un plazo de 15 d\u00edas para aportar mejoras si lo consideran necesario.<\/p>\n<p style=\"text-align: justify;\">Finalmente se dio cuenta de las ayudas al emprendedurismo que se ofertan desde el programa iNMpuls 2015.<\/p>\n<p style=\"text-align: justify;\">\n","protected":false},"excerpt":{"rendered":"<p>El Consejo Econ\u00f3mico y Social, CES, se reuni\u00f3 en la tarde de ayer mi\u00e9rcoles en el sal\u00f3n de plenos del&#8230;<\/p>\n","protected":false},"author":1,"featured_media":16159,"comment_status":"open","ping_status":"open","sticky":false,"template":"","format":"standard","meta":{"footnotes":""},"categories":[97,75,79],"tags":[1494,921,467,390],"class_list":["post-16158","post","type-post","status-publish","format-standard","has-post-thumbnail","hentry","category-alcoy","category-noticias","category-politicayeconomia","tag-alcoy","tag-ces","tag-comercio","tag-economia"],"yoast_head":"<!-- This site is optimized with the Yoast SEO plugin v27.3 - https:\/\/yoast.com\/product\/yoast-seo-wordpress\/ -->\n<title>El CES propone campa\u00f1as para impulsar el comercio local - COPE Alcoy<\/title>\n<meta name=\"robots\" content=\"index, follow, max-snippet:-1, max-image-preview:large, max-video-preview:-1\" \/>\n<link rel=\"canonical\" href=\"https:\/\/www.copealcoy.es\/es\/el-ces-propone-campanas-para-impulsar-el-comercio-local\/\" \/>\n<meta property=\"og:locale\" content=\"es_ES\" \/>\n<meta property=\"og:type\" content=\"article\" \/>\n<meta property=\"og:title\" content=\"El CES propone campa\u00f1as para impulsar el comercio local - COPE Alcoy\" \/>\n<meta property=\"og:description\" content=\"El Consejo Econ\u00f3mico y Social, CES, se reuni\u00f3 en la tarde de ayer mi\u00e9rcoles en el sal\u00f3n de plenos del...\" \/>\n<meta property=\"og:url\" content=\"https:\/\/www.copealcoy.es\/es\/el-ces-propone-campanas-para-impulsar-el-comercio-local\/\" \/>\n<meta property=\"og:site_name\" content=\"COPE Alcoy\" \/>\n<meta property=\"article:published_time\" content=\"2015-10-01T22:00:15+00:00\" \/>\n<meta property=\"og:image\" content=\"https:\/\/www.copealcoy.es\/wp-content\/uploads\/2015\/10\/21671272308_0dca16deba_o_20151001024101.jpg\" \/>\n\t<meta property=\"og:image:width\" content=\"1200\" \/>\n\t<meta property=\"og:image:height\" content=\"573\" \/>\n\t<meta property=\"og:image:type\" content=\"image\/jpeg\" \/>\n<meta name=\"author\" content=\"Cope Alcoy\" \/>\n<meta name=\"twitter:label1\" content=\"Escrito por\" \/>\n\t<meta name=\"twitter:data1\" content=\"Cope Alcoy\" \/>\n\t<meta name=\"twitter:label2\" content=\"Tiempo de lectura\" \/>\n\t<meta name=\"twitter:data2\" content=\"1 minuto\" \/>\n<script type=\"application\/ld+json\" class=\"yoast-schema-graph\">{\"@context\":\"https:\\\/\\\/schema.org\",\"@graph\":[{\"@type\":\"Article\",\"@id\":\"https:\\\/\\\/www.copealcoy.es\\\/es\\\/el-ces-propone-campanas-para-impulsar-el-comercio-local\\\/#article\",\"isPartOf\":{\"@id\":\"https:\\\/\\\/www.copealcoy.es\\\/es\\\/el-ces-propone-campanas-para-impulsar-el-comercio-local\\\/\"},\"author\":{\"name\":\"Cope Alcoy\",\"@id\":\"https:\\\/\\\/www.copealcoy.es\\\/es\\\/#\\\/schema\\\/person\\\/e777c87fa024e57d40170af9df39882c\"},\"headline\":\"El CES propone campa\u00f1as para impulsar el comercio local\",\"datePublished\":\"2015-10-01T22:00:15+00:00\",\"mainEntityOfPage\":{\"@id\":\"https:\\\/\\\/www.copealcoy.es\\\/es\\\/el-ces-propone-campanas-para-impulsar-el-comercio-local\\\/\"},\"wordCount\":196,\"commentCount\":0,\"image\":{\"@id\":\"https:\\\/\\\/www.copealcoy.es\\\/es\\\/el-ces-propone-campanas-para-impulsar-el-comercio-local\\\/#primaryimage\"},\"thumbnailUrl\":\"https:\\\/\\\/www.copealcoy.es\\\/wp-content\\\/uploads\\\/2015\\\/10\\\/21671272308_0dca16deba_o_20151001024101.jpg\",\"keywords\":[\"Alcoy\",\"CES\",\"Comercio\",\"Econom\u00eda\"],\"articleSection\":[\"Alcoy\",\"Noticias\",\"Pol\u00edtica y Econom\u00eda\"],\"inLanguage\":\"es\"},{\"@type\":\"WebPage\",\"@id\":\"https:\\\/\\\/www.copealcoy.es\\\/es\\\/el-ces-propone-campanas-para-impulsar-el-comercio-local\\\/\",\"url\":\"https:\\\/\\\/www.copealcoy.es\\\/es\\\/el-ces-propone-campanas-para-impulsar-el-comercio-local\\\/\",\"name\":\"El CES propone campa\u00f1as para impulsar el comercio local - COPE Alcoy\",\"isPartOf\":{\"@id\":\"https:\\\/\\\/www.copealcoy.es\\\/es\\\/#website\"},\"primaryImageOfPage\":{\"@id\":\"https:\\\/\\\/www.copealcoy.es\\\/es\\\/el-ces-propone-campanas-para-impulsar-el-comercio-local\\\/#primaryimage\"},\"image\":{\"@id\":\"https:\\\/\\\/www.copealcoy.es\\\/es\\\/el-ces-propone-campanas-para-impulsar-el-comercio-local\\\/#primaryimage\"},\"thumbnailUrl\":\"https:\\\/\\\/www.copealcoy.es\\\/wp-content\\\/uploads\\\/2015\\\/10\\\/21671272308_0dca16deba_o_20151001024101.jpg\",\"datePublished\":\"2015-10-01T22:00:15+00:00\",\"author\":{\"@id\":\"https:\\\/\\\/www.copealcoy.es\\\/es\\\/#\\\/schema\\\/person\\\/e777c87fa024e57d40170af9df39882c\"},\"breadcrumb\":{\"@id\":\"https:\\\/\\\/www.copealcoy.es\\\/es\\\/el-ces-propone-campanas-para-impulsar-el-comercio-local\\\/#breadcrumb\"},\"inLanguage\":\"es\",\"potentialAction\":[{\"@type\":\"ReadAction\",\"target\":[\"https:\\\/\\\/www.copealcoy.es\\\/es\\\/el-ces-propone-campanas-para-impulsar-el-comercio-local\\\/\"]}]},{\"@type\":\"ImageObject\",\"inLanguage\":\"es\",\"@id\":\"https:\\\/\\\/www.copealcoy.es\\\/es\\\/el-ces-propone-campanas-para-impulsar-el-comercio-local\\\/#primaryimage\",\"url\":\"https:\\\/\\\/www.copealcoy.es\\\/wp-content\\\/uploads\\\/2015\\\/10\\\/21671272308_0dca16deba_o_20151001024101.jpg\",\"contentUrl\":\"https:\\\/\\\/www.copealcoy.es\\\/wp-content\\\/uploads\\\/2015\\\/10\\\/21671272308_0dca16deba_o_20151001024101.jpg\",\"width\":1200,\"height\":573,\"caption\":\"El CES se reuni\u00f3 ayer mi\u00e9rcoles\"},{\"@type\":\"BreadcrumbList\",\"@id\":\"https:\\\/\\\/www.copealcoy.es\\\/es\\\/el-ces-propone-campanas-para-impulsar-el-comercio-local\\\/#breadcrumb\",\"itemListElement\":[{\"@type\":\"ListItem\",\"position\":1,\"name\":\"Portada\",\"item\":\"https:\\\/\\\/www.copealcoy.es\\\/es\\\/\"},{\"@type\":\"ListItem\",\"position\":2,\"name\":\"El CES propone campa\u00f1as para impulsar el comercio local\"}]},{\"@type\":\"WebSite\",\"@id\":\"https:\\\/\\\/www.copealcoy.es\\\/es\\\/#website\",\"url\":\"https:\\\/\\\/www.copealcoy.es\\\/es\\\/\",\"name\":\"COPE Alcoy\",\"description\":\"Emisora COPE de radio local con emisi\u00f3n online. Pont de Sant Jordi 8-10 03803 Alcoy\",\"potentialAction\":[{\"@type\":\"SearchAction\",\"target\":{\"@type\":\"EntryPoint\",\"urlTemplate\":\"https:\\\/\\\/www.copealcoy.es\\\/es\\\/?s={search_term_string}\"},\"query-input\":{\"@type\":\"PropertyValueSpecification\",\"valueRequired\":true,\"valueName\":\"search_term_string\"}}],\"inLanguage\":\"es\"},{\"@type\":\"Person\",\"@id\":\"https:\\\/\\\/www.copealcoy.es\\\/es\\\/#\\\/schema\\\/person\\\/e777c87fa024e57d40170af9df39882c\",\"name\":\"Cope Alcoy\",\"image\":{\"@type\":\"ImageObject\",\"inLanguage\":\"es\",\"@id\":\"https:\\\/\\\/secure.gravatar.com\\\/avatar\\\/bb65d0283347e303893ba14f0692005417c1e0e690a325a4c5d8bb2b3943ee14?s=96&d=mm&r=g\",\"url\":\"https:\\\/\\\/secure.gravatar.com\\\/avatar\\\/bb65d0283347e303893ba14f0692005417c1e0e690a325a4c5d8bb2b3943ee14?s=96&d=mm&r=g\",\"contentUrl\":\"https:\\\/\\\/secure.gravatar.com\\\/avatar\\\/bb65d0283347e303893ba14f0692005417c1e0e690a325a4c5d8bb2b3943ee14?s=96&d=mm&r=g\",\"caption\":\"Cope Alcoy\"}}]}<\/script>\n<!-- \/ Yoast SEO plugin. -->","yoast_head_json":{"title":"El CES propone campa\u00f1as para impulsar el comercio local - COPE Alcoy","robots":{"index":"index","follow":"follow","max-snippet":"max-snippet:-1","max-image-preview":"max-image-preview:large","max-video-preview":"max-video-preview:-1"},"canonical":"https:\/\/www.copealcoy.es\/es\/el-ces-propone-campanas-para-impulsar-el-comercio-local\/","og_locale":"es_ES","og_type":"article","og_title":"El CES propone campa\u00f1as para impulsar el comercio local - COPE Alcoy","og_description":"El Consejo Econ\u00f3mico y Social, CES, se reuni\u00f3 en la tarde de ayer mi\u00e9rcoles en el sal\u00f3n de plenos del...","og_url":"https:\/\/www.copealcoy.es\/es\/el-ces-propone-campanas-para-impulsar-el-comercio-local\/","og_site_name":"COPE Alcoy","article_published_time":"2015-10-01T22:00:15+00:00","og_image":[{"width":1200,"height":573,"url":"https:\/\/www.copealcoy.es\/wp-content\/uploads\/2015\/10\/21671272308_0dca16deba_o_20151001024101.jpg","type":"image\/jpeg"}],"author":"Cope Alcoy","twitter_misc":{"Escrito por":"Cope Alcoy","Tiempo de lectura":"1 minuto"},"schema":{"@context":"https:\/\/schema.org","@graph":[{"@type":"Article","@id":"https:\/\/www.copealcoy.es\/es\/el-ces-propone-campanas-para-impulsar-el-comercio-local\/#article","isPartOf":{"@id":"https:\/\/www.copealcoy.es\/es\/el-ces-propone-campanas-para-impulsar-el-comercio-local\/"},"author":{"name":"Cope Alcoy","@id":"https:\/\/www.copealcoy.es\/es\/#\/schema\/person\/e777c87fa024e57d40170af9df39882c"},"headline":"El CES propone campa\u00f1as para impulsar el comercio local","datePublished":"2015-10-01T22:00:15+00:00","mainEntityOfPage":{"@id":"https:\/\/www.copealcoy.es\/es\/el-ces-propone-campanas-para-impulsar-el-comercio-local\/"},"wordCount":196,"commentCount":0,"image":{"@id":"https:\/\/www.copealcoy.es\/es\/el-ces-propone-campanas-para-impulsar-el-comercio-local\/#primaryimage"},"thumbnailUrl":"https:\/\/www.copealcoy.es\/wp-content\/uploads\/2015\/10\/21671272308_0dca16deba_o_20151001024101.jpg","keywords":["Alcoy","CES","Comercio","Econom\u00eda"],"articleSection":["Alcoy","Noticias","Pol\u00edtica y Econom\u00eda"],"inLanguage":"es"},{"@type":"WebPage","@id":"https:\/\/www.copealcoy.es\/es\/el-ces-propone-campanas-para-impulsar-el-comercio-local\/","url":"https:\/\/www.copealcoy.es\/es\/el-ces-propone-campanas-para-impulsar-el-comercio-local\/","name":"El CES propone campa\u00f1as para impulsar el comercio local - COPE Alcoy","isPartOf":{"@id":"https:\/\/www.copealcoy.es\/es\/#website"},"primaryImageOfPage":{"@id":"https:\/\/www.copealcoy.es\/es\/el-ces-propone-campanas-para-impulsar-el-comercio-local\/#primaryimage"},"image":{"@id":"https:\/\/www.copealcoy.es\/es\/el-ces-propone-campanas-para-impulsar-el-comercio-local\/#primaryimage"},"thumbnailUrl":"https:\/\/www.copealcoy.es\/wp-content\/uploads\/2015\/10\/21671272308_0dca16deba_o_20151001024101.jpg","datePublished":"2015-10-01T22:00:15+00:00","author":{"@id":"https:\/\/www.copealcoy.es\/es\/#\/schema\/person\/e777c87fa024e57d40170af9df39882c"},"breadcrumb":{"@id":"https:\/\/www.copealcoy.es\/es\/el-ces-propone-campanas-para-impulsar-el-comercio-local\/#breadcrumb"},"inLanguage":"es","potentialAction":[{"@type":"ReadAction","target":["https:\/\/www.copealcoy.es\/es\/el-ces-propone-campanas-para-impulsar-el-comercio-local\/"]}]},{"@type":"ImageObject","inLanguage":"es","@id":"https:\/\/www.copealcoy.es\/es\/el-ces-propone-campanas-para-impulsar-el-comercio-local\/#primaryimage","url":"https:\/\/www.copealcoy.es\/wp-content\/uploads\/2015\/10\/21671272308_0dca16deba_o_20151001024101.jpg","contentUrl":"https:\/\/www.copealcoy.es\/wp-content\/uploads\/2015\/10\/21671272308_0dca16deba_o_20151001024101.jpg","width":1200,"height":573,"caption":"El CES se reuni\u00f3 ayer mi\u00e9rcoles"},{"@type":"BreadcrumbList","@id":"https:\/\/www.copealcoy.es\/es\/el-ces-propone-campanas-para-impulsar-el-comercio-local\/#breadcrumb","itemListElement":[{"@type":"ListItem","position":1,"name":"Portada","item":"https:\/\/www.copealcoy.es\/es\/"},{"@type":"ListItem","position":2,"name":"El CES propone campa\u00f1as para impulsar el comercio local"}]},{"@type":"WebSite","@id":"https:\/\/www.copealcoy.es\/es\/#website","url":"https:\/\/www.copealcoy.es\/es\/","name":"COPE Alcoy","description":"Emisora COPE de radio local con emisi\u00f3n online. Pont de Sant Jordi 8-10 03803 Alcoy","potentialAction":[{"@type":"SearchAction","target":{"@type":"EntryPoint","urlTemplate":"https:\/\/www.copealcoy.es\/es\/?s={search_term_string}"},"query-input":{"@type":"PropertyValueSpecification","valueRequired":true,"valueName":"search_term_string"}}],"inLanguage":"es"},{"@type":"Person","@id":"https:\/\/www.copealcoy.es\/es\/#\/schema\/person\/e777c87fa024e57d40170af9df39882c","name":"Cope Alcoy","image":{"@type":"ImageObject","inLanguage":"es","@id":"https:\/\/secure.gravatar.com\/avatar\/bb65d0283347e303893ba14f0692005417c1e0e690a325a4c5d8bb2b3943ee14?s=96&d=mm&r=g","url":"https:\/\/secure.gravatar.com\/avatar\/bb65d0283347e303893ba14f0692005417c1e0e690a325a4c5d8bb2b3943ee14?s=96&d=mm&r=g","contentUrl":"https:\/\/secure.gravatar.com\/avatar\/bb65d0283347e303893ba14f0692005417c1e0e690a325a4c5d8bb2b3943ee14?s=96&d=mm&r=g","caption":"Cope Alcoy"}}]}},"_links":{"self":[{"href":"https:\/\/www.copealcoy.es\/es\/wp-json\/wp\/v2\/posts\/16158","targetHints":{"allow":["GET"]}}],"collection":[{"href":"https:\/\/www.copealcoy.es\/es\/wp-json\/wp\/v2\/posts"}],"about":[{"href":"https:\/\/www.copealcoy.es\/es\/wp-json\/wp\/v2\/types\/post"}],"author":[{"embeddable":true,"href":"https:\/\/www.copealcoy.es\/es\/wp-json\/wp\/v2\/users\/1"}],"replies":[{"embeddable":true,"href":"https:\/\/www.copealcoy.es\/es\/wp-json\/wp\/v2\/comments?post=16158"}],"version-history":[{"count":0,"href":"https:\/\/www.copealcoy.es\/es\/wp-json\/wp\/v2\/posts\/16158\/revisions"}],"wp:featuredmedia":[{"embeddable":true,"href":"https:\/\/www.copealcoy.es\/es\/wp-json\/wp\/v2\/media\/16159"}],"wp:attachment":[{"href":"https:\/\/www.copealcoy.es\/es\/wp-json\/wp\/v2\/media?parent=16158"}],"wp:term":[{"taxonomy":"category","embeddable":true,"href":"https:\/\/www.copealcoy.es\/es\/wp-json\/wp\/v2\/categories?post=16158"},{"taxonomy":"post_tag","embeddable":true,"href":"https:\/\/www.copealcoy.es\/es\/wp-json\/wp\/v2\/tags?post=16158"}],"curies":[{"name":"wp","href":"https:\/\/api.w.org\/{rel}","templated":true}]}}