{"id":16152,"date":"2015-09-16T09:20:35","date_gmt":"2015-09-16T09:20:35","guid":{"rendered":"http:\/\/copealcoi.es\/new\/?p=16152"},"modified":"2015-10-01T21:26:27","modified_gmt":"2015-10-01T21:26:27","slug":"pedro-perruca-gana-el-concurso-fotografico-del-casal","status":"publish","type":"post","link":"https:\/\/www.copealcoy.es\/es\/pedro-perruca-gana-el-concurso-fotografico-del-casal\/","title":{"rendered":"Pedro Perruca gana el concurso fotogr\u00e1fico del Casal"},"content":{"rendered":"<p style=\"text-align: justify;\">La Asociaci\u00f3n de San Jorge ha dado a conocer a los ganadores de las 64 edici\u00f3n del concurso fotogr\u00e1fico que convoca anualmente. Pedro Perruca ha obtenido el premio de honor por su\u00a0colecci\u00f3n Miradas, compuesta por cinco im\u00e1genes en blanco y negro. El galard\u00f3n est\u00e1 dotado con 1.000 euros. Por otra parte hay que indicar que el primer premio de la categor\u00eda de estampas y aspectos de la fiesta, con un importe de 400 euros, ha reca\u00eddo sobre Susana S\u00e1nchez. Los tres acc\u00e9sits en esta secci\u00f3n han sido para Ram\u00f3n Pastor, Jos\u00e9 Aguilar y Mari Carmen Aldama. En la categor\u00eda de aspectos de Alcoy se ha impuesto el trabajo de Gonzalo Sempere. Este galard\u00f3n tambi\u00e9n est\u00e1 dotado de 400 euros. El jurado ha concedido tres acc\u00e9sits de 100 euros a Pedro Perruca, Carlos Verd\u00fa y Enrique Botella.<\/p>\n<p style=\"text-align: justify;\">Al certamen concurrieron un total de 376 obras, correspondientes a 51 autores, y las mismas\u00a0junto a una selecci\u00f3n del resto de im\u00e1genes presentadas, formar\u00e1n la exposici\u00f3n que podr\u00e1 visitarse desde el martes, 6 de octubre, en el Museu Alcoi\u00e0 de la Festa. Antes de la inauguraci\u00f3n de la muestra, la Asociaci\u00f3n de San Jorge entregar\u00e1 los premios a los ganadores.<\/p>\n<p style=\"text-align: justify;\">Apuntar que el jurado estuvo compuesto por Susana Pl\u00e1\u00a0 y Jos\u00e9\u00a0 Barber en representaci\u00f3n de la Agrupaci\u00f3n Fotogr\u00e1fica Alcoyana, Jos\u00e9 Pastor, con amplia experiencia en el sector de artes gr\u00e1ficas, el fot\u00f3grafo profesional Jos\u00e9 Romero y el asesor art\u00edstico de la Asociaci\u00f3n, Ignacio Trelis.<\/p>\n<p>&nbsp;<\/p>\n","protected":false},"excerpt":{"rendered":"<p>La Asociaci\u00f3n de San Jorge ha dado a conocer a los ganadores de las 64 edici\u00f3n del concurso fotogr\u00e1fico que&#8230;<\/p>\n","protected":false},"author":1,"featured_media":16153,"comment_status":"open","ping_status":"open","sticky":false,"template":"","format":"standard","meta":{"footnotes":""},"categories":[97,78,75],"tags":[1494,1468,198,736,856],"class_list":["post-16152","post","type-post","status-publish","format-standard","has-post-thumbnail","hentry","category-alcoy","category-fiestaycultura","category-noticias","tag-alcoy","tag-asociacion-san-jorge","tag-casal","tag-fotografia","tag-moros-i-cristians"],"yoast_head":"<!-- This site is optimized with the Yoast SEO plugin v27.3 - https:\/\/yoast.com\/product\/yoast-seo-wordpress\/ -->\n<title>Pedro Perruca gana el concurso fotogr\u00e1fico del Casal - COPE Alcoy<\/title>\n<meta name=\"robots\" content=\"index, follow, max-snippet:-1, max-image-preview:large, max-video-preview:-1\" \/>\n<link rel=\"canonical\" href=\"https:\/\/www.copealcoy.es\/es\/pedro-perruca-gana-el-concurso-fotografico-del-casal\/\" \/>\n<meta property=\"og:locale\" content=\"es_ES\" \/>\n<meta property=\"og:type\" content=\"article\" \/>\n<meta property=\"og:title\" content=\"Pedro Perruca gana el concurso fotogr\u00e1fico del Casal - COPE Alcoy\" \/>\n<meta property=\"og:description\" content=\"La Asociaci\u00f3n de San Jorge ha dado a conocer a los ganadores de las 64 edici\u00f3n del concurso fotogr\u00e1fico que...\" \/>\n<meta property=\"og:url\" content=\"https:\/\/www.copealcoy.es\/es\/pedro-perruca-gana-el-concurso-fotografico-del-casal\/\" \/>\n<meta property=\"og:site_name\" content=\"COPE Alcoy\" \/>\n<meta property=\"article:published_time\" content=\"2015-09-16T09:20:35+00:00\" \/>\n<meta property=\"article:modified_time\" content=\"2015-10-01T21:26:27+00:00\" \/>\n<meta property=\"og:image\" content=\"https:\/\/www.copealcoy.es\/wp-content\/uploads\/2015\/10\/1_20150916122046.jpg\" \/>\n\t<meta property=\"og:image:width\" content=\"638\" \/>\n\t<meta property=\"og:image:height\" content=\"425\" \/>\n\t<meta property=\"og:image:type\" content=\"image\/jpeg\" \/>\n<meta name=\"author\" content=\"Cope Alcoy\" \/>\n<meta name=\"twitter:label1\" content=\"Escrito por\" \/>\n\t<meta name=\"twitter:data1\" content=\"Cope Alcoy\" \/>\n\t<meta name=\"twitter:label2\" content=\"Tiempo de lectura\" \/>\n\t<meta name=\"twitter:data2\" content=\"1 minuto\" \/>\n<script type=\"application\/ld+json\" class=\"yoast-schema-graph\">{\"@context\":\"https:\\\/\\\/schema.org\",\"@graph\":[{\"@type\":\"Article\",\"@id\":\"https:\\\/\\\/www.copealcoy.es\\\/es\\\/pedro-perruca-gana-el-concurso-fotografico-del-casal\\\/#article\",\"isPartOf\":{\"@id\":\"https:\\\/\\\/www.copealcoy.es\\\/es\\\/pedro-perruca-gana-el-concurso-fotografico-del-casal\\\/\"},\"author\":{\"name\":\"Cope Alcoy\",\"@id\":\"https:\\\/\\\/www.copealcoy.es\\\/es\\\/#\\\/schema\\\/person\\\/e777c87fa024e57d40170af9df39882c\"},\"headline\":\"Pedro Perruca gana el concurso fotogr\u00e1fico del Casal\",\"datePublished\":\"2015-09-16T09:20:35+00:00\",\"dateModified\":\"2015-10-01T21:26:27+00:00\",\"mainEntityOfPage\":{\"@id\":\"https:\\\/\\\/www.copealcoy.es\\\/es\\\/pedro-perruca-gana-el-concurso-fotografico-del-casal\\\/\"},\"wordCount\":273,\"commentCount\":0,\"image\":{\"@id\":\"https:\\\/\\\/www.copealcoy.es\\\/es\\\/pedro-perruca-gana-el-concurso-fotografico-del-casal\\\/#primaryimage\"},\"thumbnailUrl\":\"https:\\\/\\\/www.copealcoy.es\\\/wp-content\\\/uploads\\\/2015\\\/10\\\/1_20150916122046.jpg\",\"keywords\":[\"Alcoy\",\"Asociaci\u00f3n San Jorge\",\"Casal\",\"Fotograf\u00eda\",\"Moros i Cristians\"],\"articleSection\":[\"Alcoy\",\"Fiesta y Cultura\",\"Noticias\"],\"inLanguage\":\"es\"},{\"@type\":\"WebPage\",\"@id\":\"https:\\\/\\\/www.copealcoy.es\\\/es\\\/pedro-perruca-gana-el-concurso-fotografico-del-casal\\\/\",\"url\":\"https:\\\/\\\/www.copealcoy.es\\\/es\\\/pedro-perruca-gana-el-concurso-fotografico-del-casal\\\/\",\"name\":\"Pedro Perruca gana el concurso fotogr\u00e1fico del Casal - COPE Alcoy\",\"isPartOf\":{\"@id\":\"https:\\\/\\\/www.copealcoy.es\\\/es\\\/#website\"},\"primaryImageOfPage\":{\"@id\":\"https:\\\/\\\/www.copealcoy.es\\\/es\\\/pedro-perruca-gana-el-concurso-fotografico-del-casal\\\/#primaryimage\"},\"image\":{\"@id\":\"https:\\\/\\\/www.copealcoy.es\\\/es\\\/pedro-perruca-gana-el-concurso-fotografico-del-casal\\\/#primaryimage\"},\"thumbnailUrl\":\"https:\\\/\\\/www.copealcoy.es\\\/wp-content\\\/uploads\\\/2015\\\/10\\\/1_20150916122046.jpg\",\"datePublished\":\"2015-09-16T09:20:35+00:00\",\"dateModified\":\"2015-10-01T21:26:27+00:00\",\"author\":{\"@id\":\"https:\\\/\\\/www.copealcoy.es\\\/es\\\/#\\\/schema\\\/person\\\/e777c87fa024e57d40170af9df39882c\"},\"breadcrumb\":{\"@id\":\"https:\\\/\\\/www.copealcoy.es\\\/es\\\/pedro-perruca-gana-el-concurso-fotografico-del-casal\\\/#breadcrumb\"},\"inLanguage\":\"es\",\"potentialAction\":[{\"@type\":\"ReadAction\",\"target\":[\"https:\\\/\\\/www.copealcoy.es\\\/es\\\/pedro-perruca-gana-el-concurso-fotografico-del-casal\\\/\"]}]},{\"@type\":\"ImageObject\",\"inLanguage\":\"es\",\"@id\":\"https:\\\/\\\/www.copealcoy.es\\\/es\\\/pedro-perruca-gana-el-concurso-fotografico-del-casal\\\/#primaryimage\",\"url\":\"https:\\\/\\\/www.copealcoy.es\\\/wp-content\\\/uploads\\\/2015\\\/10\\\/1_20150916122046.jpg\",\"contentUrl\":\"https:\\\/\\\/www.copealcoy.es\\\/wp-content\\\/uploads\\\/2015\\\/10\\\/1_20150916122046.jpg\",\"width\":638,\"height\":425,\"caption\":\"Un instante de la valoraci\u00f3n del jurado\"},{\"@type\":\"BreadcrumbList\",\"@id\":\"https:\\\/\\\/www.copealcoy.es\\\/es\\\/pedro-perruca-gana-el-concurso-fotografico-del-casal\\\/#breadcrumb\",\"itemListElement\":[{\"@type\":\"ListItem\",\"position\":1,\"name\":\"Portada\",\"item\":\"https:\\\/\\\/www.copealcoy.es\\\/es\\\/\"},{\"@type\":\"ListItem\",\"position\":2,\"name\":\"Pedro Perruca gana el concurso fotogr\u00e1fico del Casal\"}]},{\"@type\":\"WebSite\",\"@id\":\"https:\\\/\\\/www.copealcoy.es\\\/es\\\/#website\",\"url\":\"https:\\\/\\\/www.copealcoy.es\\\/es\\\/\",\"name\":\"COPE Alcoy\",\"description\":\"Emisora COPE de radio local con emisi\u00f3n online. Pont de Sant Jordi 8-10 03803 Alcoy\",\"potentialAction\":[{\"@type\":\"SearchAction\",\"target\":{\"@type\":\"EntryPoint\",\"urlTemplate\":\"https:\\\/\\\/www.copealcoy.es\\\/es\\\/?s={search_term_string}\"},\"query-input\":{\"@type\":\"PropertyValueSpecification\",\"valueRequired\":true,\"valueName\":\"search_term_string\"}}],\"inLanguage\":\"es\"},{\"@type\":\"Person\",\"@id\":\"https:\\\/\\\/www.copealcoy.es\\\/es\\\/#\\\/schema\\\/person\\\/e777c87fa024e57d40170af9df39882c\",\"name\":\"Cope Alcoy\",\"image\":{\"@type\":\"ImageObject\",\"inLanguage\":\"es\",\"@id\":\"https:\\\/\\\/secure.gravatar.com\\\/avatar\\\/bb65d0283347e303893ba14f0692005417c1e0e690a325a4c5d8bb2b3943ee14?s=96&d=mm&r=g\",\"url\":\"https:\\\/\\\/secure.gravatar.com\\\/avatar\\\/bb65d0283347e303893ba14f0692005417c1e0e690a325a4c5d8bb2b3943ee14?s=96&d=mm&r=g\",\"contentUrl\":\"https:\\\/\\\/secure.gravatar.com\\\/avatar\\\/bb65d0283347e303893ba14f0692005417c1e0e690a325a4c5d8bb2b3943ee14?s=96&d=mm&r=g\",\"caption\":\"Cope Alcoy\"}}]}<\/script>\n<!-- \/ Yoast SEO plugin. -->","yoast_head_json":{"title":"Pedro Perruca gana el concurso fotogr\u00e1fico del Casal - COPE Alcoy","robots":{"index":"index","follow":"follow","max-snippet":"max-snippet:-1","max-image-preview":"max-image-preview:large","max-video-preview":"max-video-preview:-1"},"canonical":"https:\/\/www.copealcoy.es\/es\/pedro-perruca-gana-el-concurso-fotografico-del-casal\/","og_locale":"es_ES","og_type":"article","og_title":"Pedro Perruca gana el concurso fotogr\u00e1fico del Casal - COPE Alcoy","og_description":"La Asociaci\u00f3n de San Jorge ha dado a conocer a los ganadores de las 64 edici\u00f3n del concurso fotogr\u00e1fico que...","og_url":"https:\/\/www.copealcoy.es\/es\/pedro-perruca-gana-el-concurso-fotografico-del-casal\/","og_site_name":"COPE Alcoy","article_published_time":"2015-09-16T09:20:35+00:00","article_modified_time":"2015-10-01T21:26:27+00:00","og_image":[{"width":638,"height":425,"url":"https:\/\/www.copealcoy.es\/wp-content\/uploads\/2015\/10\/1_20150916122046.jpg","type":"image\/jpeg"}],"author":"Cope Alcoy","twitter_misc":{"Escrito por":"Cope Alcoy","Tiempo de lectura":"1 minuto"},"schema":{"@context":"https:\/\/schema.org","@graph":[{"@type":"Article","@id":"https:\/\/www.copealcoy.es\/es\/pedro-perruca-gana-el-concurso-fotografico-del-casal\/#article","isPartOf":{"@id":"https:\/\/www.copealcoy.es\/es\/pedro-perruca-gana-el-concurso-fotografico-del-casal\/"},"author":{"name":"Cope Alcoy","@id":"https:\/\/www.copealcoy.es\/es\/#\/schema\/person\/e777c87fa024e57d40170af9df39882c"},"headline":"Pedro Perruca gana el concurso fotogr\u00e1fico del Casal","datePublished":"2015-09-16T09:20:35+00:00","dateModified":"2015-10-01T21:26:27+00:00","mainEntityOfPage":{"@id":"https:\/\/www.copealcoy.es\/es\/pedro-perruca-gana-el-concurso-fotografico-del-casal\/"},"wordCount":273,"commentCount":0,"image":{"@id":"https:\/\/www.copealcoy.es\/es\/pedro-perruca-gana-el-concurso-fotografico-del-casal\/#primaryimage"},"thumbnailUrl":"https:\/\/www.copealcoy.es\/wp-content\/uploads\/2015\/10\/1_20150916122046.jpg","keywords":["Alcoy","Asociaci\u00f3n San Jorge","Casal","Fotograf\u00eda","Moros i Cristians"],"articleSection":["Alcoy","Fiesta y Cultura","Noticias"],"inLanguage":"es"},{"@type":"WebPage","@id":"https:\/\/www.copealcoy.es\/es\/pedro-perruca-gana-el-concurso-fotografico-del-casal\/","url":"https:\/\/www.copealcoy.es\/es\/pedro-perruca-gana-el-concurso-fotografico-del-casal\/","name":"Pedro Perruca gana el concurso fotogr\u00e1fico del Casal - COPE Alcoy","isPartOf":{"@id":"https:\/\/www.copealcoy.es\/es\/#website"},"primaryImageOfPage":{"@id":"https:\/\/www.copealcoy.es\/es\/pedro-perruca-gana-el-concurso-fotografico-del-casal\/#primaryimage"},"image":{"@id":"https:\/\/www.copealcoy.es\/es\/pedro-perruca-gana-el-concurso-fotografico-del-casal\/#primaryimage"},"thumbnailUrl":"https:\/\/www.copealcoy.es\/wp-content\/uploads\/2015\/10\/1_20150916122046.jpg","datePublished":"2015-09-16T09:20:35+00:00","dateModified":"2015-10-01T21:26:27+00:00","author":{"@id":"https:\/\/www.copealcoy.es\/es\/#\/schema\/person\/e777c87fa024e57d40170af9df39882c"},"breadcrumb":{"@id":"https:\/\/www.copealcoy.es\/es\/pedro-perruca-gana-el-concurso-fotografico-del-casal\/#breadcrumb"},"inLanguage":"es","potentialAction":[{"@type":"ReadAction","target":["https:\/\/www.copealcoy.es\/es\/pedro-perruca-gana-el-concurso-fotografico-del-casal\/"]}]},{"@type":"ImageObject","inLanguage":"es","@id":"https:\/\/www.copealcoy.es\/es\/pedro-perruca-gana-el-concurso-fotografico-del-casal\/#primaryimage","url":"https:\/\/www.copealcoy.es\/wp-content\/uploads\/2015\/10\/1_20150916122046.jpg","contentUrl":"https:\/\/www.copealcoy.es\/wp-content\/uploads\/2015\/10\/1_20150916122046.jpg","width":638,"height":425,"caption":"Un instante de la valoraci\u00f3n del jurado"},{"@type":"BreadcrumbList","@id":"https:\/\/www.copealcoy.es\/es\/pedro-perruca-gana-el-concurso-fotografico-del-casal\/#breadcrumb","itemListElement":[{"@type":"ListItem","position":1,"name":"Portada","item":"https:\/\/www.copealcoy.es\/es\/"},{"@type":"ListItem","position":2,"name":"Pedro Perruca gana el concurso fotogr\u00e1fico del Casal"}]},{"@type":"WebSite","@id":"https:\/\/www.copealcoy.es\/es\/#website","url":"https:\/\/www.copealcoy.es\/es\/","name":"COPE Alcoy","description":"Emisora COPE de radio local con emisi\u00f3n online. Pont de Sant Jordi 8-10 03803 Alcoy","potentialAction":[{"@type":"SearchAction","target":{"@type":"EntryPoint","urlTemplate":"https:\/\/www.copealcoy.es\/es\/?s={search_term_string}"},"query-input":{"@type":"PropertyValueSpecification","valueRequired":true,"valueName":"search_term_string"}}],"inLanguage":"es"},{"@type":"Person","@id":"https:\/\/www.copealcoy.es\/es\/#\/schema\/person\/e777c87fa024e57d40170af9df39882c","name":"Cope Alcoy","image":{"@type":"ImageObject","inLanguage":"es","@id":"https:\/\/secure.gravatar.com\/avatar\/bb65d0283347e303893ba14f0692005417c1e0e690a325a4c5d8bb2b3943ee14?s=96&d=mm&r=g","url":"https:\/\/secure.gravatar.com\/avatar\/bb65d0283347e303893ba14f0692005417c1e0e690a325a4c5d8bb2b3943ee14?s=96&d=mm&r=g","contentUrl":"https:\/\/secure.gravatar.com\/avatar\/bb65d0283347e303893ba14f0692005417c1e0e690a325a4c5d8bb2b3943ee14?s=96&d=mm&r=g","caption":"Cope Alcoy"}}]}},"_links":{"self":[{"href":"https:\/\/www.copealcoy.es\/es\/wp-json\/wp\/v2\/posts\/16152","targetHints":{"allow":["GET"]}}],"collection":[{"href":"https:\/\/www.copealcoy.es\/es\/wp-json\/wp\/v2\/posts"}],"about":[{"href":"https:\/\/www.copealcoy.es\/es\/wp-json\/wp\/v2\/types\/post"}],"author":[{"embeddable":true,"href":"https:\/\/www.copealcoy.es\/es\/wp-json\/wp\/v2\/users\/1"}],"replies":[{"embeddable":true,"href":"https:\/\/www.copealcoy.es\/es\/wp-json\/wp\/v2\/comments?post=16152"}],"version-history":[{"count":0,"href":"https:\/\/www.copealcoy.es\/es\/wp-json\/wp\/v2\/posts\/16152\/revisions"}],"wp:featuredmedia":[{"embeddable":true,"href":"https:\/\/www.copealcoy.es\/es\/wp-json\/wp\/v2\/media\/16153"}],"wp:attachment":[{"href":"https:\/\/www.copealcoy.es\/es\/wp-json\/wp\/v2\/media?parent=16152"}],"wp:term":[{"taxonomy":"category","embeddable":true,"href":"https:\/\/www.copealcoy.es\/es\/wp-json\/wp\/v2\/categories?post=16152"},{"taxonomy":"post_tag","embeddable":true,"href":"https:\/\/www.copealcoy.es\/es\/wp-json\/wp\/v2\/tags?post=16152"}],"curies":[{"name":"wp","href":"https:\/\/api.w.org\/{rel}","templated":true}]}}