{"id":161492,"date":"2025-12-18T22:35:56","date_gmt":"2025-12-18T21:35:56","guid":{"rendered":"https:\/\/www.copealcoy.es\/?p=161492"},"modified":"2025-12-22T22:56:42","modified_gmt":"2025-12-22T21:56:42","slug":"postres-para-impresionar-el-viaje-por-la-reposteria-que-nos-presenta-teresa-nadal","status":"publish","type":"post","link":"https:\/\/www.copealcoy.es\/es\/postres-para-impresionar-el-viaje-por-la-reposteria-que-nos-presenta-teresa-nadal\/","title":{"rendered":"&#8216;Postres para impresionar&#8217;, el viaje por la reposter\u00eda que nos presenta Teresa Nadal"},"content":{"rendered":"<p style=\"text-align: justify;\"><strong>Teresa Nadal<\/strong>, divulgadora gastron\u00f3mica e impulsora del proyecto <a href=\"https:\/\/www.google.com\/search?q=cocinando+con+tj&amp;oq=cocinando+con+tj&amp;gs_lcrp=EgZjaHJvbWUqBwgAEAAYgAQyBwgAEAAYgAQyBwgBEAAYgAQyBwgCEAAYgAQyBwgDEAAYgAQyBwgEEAAYgAQyBwgFEAAYgAQyBwgGEAAYgAQyBwgHEAAYgAQyBwgIEAAYgAQyBwgJEC4YgATSAQgyMDg0ajBqN6gCALACAA&amp;sourceid=chrome&amp;ie=UTF-8\" target=\"_blank\" rel=\"noopener\"><span style=\"color: #0000ff;\"><strong>Cocinando con TJ,\u00a0<\/strong><\/span><\/a>ha lanzado recientemente su libro titulado <em data-start=\"251\" data-end=\"277\">Postres para impresionar,\u00a0<\/em> un interesante proyecto en el que nos invita a adentrarnos en el apasionante campo de la reposter\u00eda. La publicaci\u00f3n, a la que no le falta detalle y que incluye tambi\u00e9n gran cantidad de fotograf\u00edas, <strong>nos propone\u00a0<\/strong>recetas sencillas y atractivas para que podamos elaborarlas en nuestras casas para el disfrute de toda la familia &#8220;<em>el principal objetivo del libro es demostrar que hacer un postre no implica dificultad y que hay que perder el miedo a adentrarse en ello<\/em>&#8220;, nos contaba en la entrevista concedida a COPE ALCOY.<\/p>\n<p style=\"text-align: justify;\" data-start=\"471\" data-end=\"765\">El libro, que ya est\u00e1 a la venta, <strong>incluye cien recetas variadas<\/strong> pensadas para que cocinar sea <strong data-start=\"593\" data-end=\"629\">un placer y no una tarea dif\u00edcil<\/strong>. Todo ello como fruto de un a\u00f1o de trabajo dedicado a preparar cada propuesta culinaria, detallar el proceso de elaboraci\u00f3n de las mismas, elaborar la receta en s\u00ed y tambi\u00e9n tomar las im\u00e1genes que dan contenido a las p\u00e1ginas del libro &#8220;<em>al final el esfuerzo ha valido la pena, ha sido una experiencia muy satisfactoria preparar la publicaci\u00f3n y espero que a la gente le guste mucho todo lo que encontrar\u00e1 en ella<\/em>&#8220;, se\u00f1ala.<\/p>\n<p style=\"text-align: justify;\" data-start=\"471\" data-end=\"765\">Cabe destacar que Teresa Nadal <strong>tiene ahora mismo m\u00e1s de 400.000 seguidores en su perfil de Instagram<\/strong> y a trav\u00e9s del mismo nos invita a viajar por la cocina variada por medio de un amplio abanico de recetas. A esto se le une su portal web en el que encontraremos todas esas recetas explicadas al detalle para que <strong>nosotros mismos tambi\u00e9n<\/strong> podamos disfrutar de la aventura del cocinar.<\/p>\n<p data-start=\"471\" data-end=\"765\">A continuaci\u00f3n <strong>puedes escuchar la entrevista<\/strong> con Teresa Nadal:<\/p>\n<audio class=\"wp-audio-shortcode\" id=\"audio-161492-1\" preload=\"none\" style=\"width: 100%;\" controls=\"controls\"><source type=\"audio\/mpeg\" src=\"https:\/\/www.copealcoy.es\/wp-content\/uploads\/2025\/12\/Entrevista-Teresa-Nadal.mp3?_=1\" \/><a href=\"https:\/\/www.copealcoy.es\/wp-content\/uploads\/2025\/12\/Entrevista-Teresa-Nadal.mp3\">https:\/\/www.copealcoy.es\/wp-content\/uploads\/2025\/12\/Entrevista-Teresa-Nadal.mp3<\/a><\/audio>\n","protected":false},"excerpt":{"rendered":"<p>Teresa Nadal, divulgadora gastron\u00f3mica e impulsora del proyecto Cocinando con TJ,\u00a0ha lanzado recientemente su libro titulado Postres para impresionar,\u00a0 un&#8230;<\/p>\n","protected":false},"author":1,"featured_media":161493,"comment_status":"closed","ping_status":"closed","sticky":false,"template":"","format":"standard","meta":{"footnotes":""},"categories":[6909,98,75],"tags":[2968,3291,20482,19289],"class_list":["post-161492","post","type-post","status-publish","format-standard","has-post-thumbnail","hentry","category-actualidad","category-comarcas","category-noticias","tag-entrevista","tag-libro","tag-postres-para-impresionar","tag-teresa-nadal"],"yoast_head":"<!-- This site is optimized with the Yoast SEO plugin v27.3 - https:\/\/yoast.com\/product\/yoast-seo-wordpress\/ -->\n<title>&#039;Postres para impresionar&#039;, el viaje por la reposter\u00eda que nos presenta Teresa Nadal - COPE Alcoy<\/title>\n<meta name=\"description\" content=\"&#039;Postres para impresionar&#039;, el viaje por la reposter\u00eda que nos presenta Teresa Nadal\" \/>\n<meta name=\"robots\" content=\"index, follow, max-snippet:-1, max-image-preview:large, max-video-preview:-1\" \/>\n<link rel=\"canonical\" href=\"https:\/\/www.copealcoy.es\/es\/postres-para-impresionar-el-viaje-por-la-reposteria-que-nos-presenta-teresa-nadal\/\" \/>\n<meta property=\"og:locale\" content=\"es_ES\" \/>\n<meta property=\"og:type\" content=\"article\" \/>\n<meta property=\"og:title\" content=\"&#039;Postres para impresionar&#039;, el viaje por la reposter\u00eda que nos presenta Teresa Nadal - COPE Alcoy\" \/>\n<meta property=\"og:description\" content=\"&#039;Postres para impresionar&#039;, el viaje por la reposter\u00eda que nos presenta Teresa Nadal\" \/>\n<meta property=\"og:url\" content=\"https:\/\/www.copealcoy.es\/es\/postres-para-impresionar-el-viaje-por-la-reposteria-que-nos-presenta-teresa-nadal\/\" \/>\n<meta property=\"og:site_name\" content=\"COPE Alcoy\" \/>\n<meta property=\"article:published_time\" content=\"2025-12-18T21:35:56+00:00\" \/>\n<meta property=\"article:modified_time\" content=\"2025-12-22T21:56:42+00:00\" \/>\n<meta property=\"og:image\" content=\"https:\/\/www.copealcoy.es\/wp-content\/uploads\/2025\/12\/unnamed-1-26.jpg\" \/>\n\t<meta property=\"og:image:width\" content=\"1537\" \/>\n\t<meta property=\"og:image:height\" content=\"1024\" \/>\n\t<meta property=\"og:image:type\" content=\"image\/jpeg\" \/>\n<meta name=\"author\" content=\"Cope Alcoy\" \/>\n<meta name=\"twitter:label1\" content=\"Escrito por\" \/>\n\t<meta name=\"twitter:data1\" content=\"Cope Alcoy\" \/>\n\t<meta name=\"twitter:label2\" content=\"Tiempo de lectura\" \/>\n\t<meta name=\"twitter:data2\" content=\"2 minutos\" \/>\n<script type=\"application\/ld+json\" class=\"yoast-schema-graph\">{\"@context\":\"https:\\\/\\\/schema.org\",\"@graph\":[{\"@type\":\"Article\",\"@id\":\"https:\\\/\\\/www.copealcoy.es\\\/es\\\/postres-para-impresionar-el-viaje-por-la-reposteria-que-nos-presenta-teresa-nadal\\\/#article\",\"isPartOf\":{\"@id\":\"https:\\\/\\\/www.copealcoy.es\\\/es\\\/postres-para-impresionar-el-viaje-por-la-reposteria-que-nos-presenta-teresa-nadal\\\/\"},\"author\":{\"name\":\"Cope Alcoy\",\"@id\":\"https:\\\/\\\/www.copealcoy.es\\\/es\\\/#\\\/schema\\\/person\\\/e777c87fa024e57d40170af9df39882c\"},\"headline\":\"&#8216;Postres para impresionar&#8217;, el viaje por la reposter\u00eda que nos presenta Teresa Nadal\",\"datePublished\":\"2025-12-18T21:35:56+00:00\",\"dateModified\":\"2025-12-22T21:56:42+00:00\",\"mainEntityOfPage\":{\"@id\":\"https:\\\/\\\/www.copealcoy.es\\\/es\\\/postres-para-impresionar-el-viaje-por-la-reposteria-que-nos-presenta-teresa-nadal\\\/\"},\"wordCount\":324,\"image\":{\"@id\":\"https:\\\/\\\/www.copealcoy.es\\\/es\\\/postres-para-impresionar-el-viaje-por-la-reposteria-que-nos-presenta-teresa-nadal\\\/#primaryimage\"},\"thumbnailUrl\":\"https:\\\/\\\/www.copealcoy.es\\\/wp-content\\\/uploads\\\/2025\\\/12\\\/unnamed-1-26.jpg\",\"keywords\":[\"entrevista\",\"libro\",\"Postres para impresionar\",\"Teresa Nadal\"],\"articleSection\":[\"Actualidad\",\"Comarcas\",\"Noticias\"],\"inLanguage\":\"es\"},{\"@type\":\"WebPage\",\"@id\":\"https:\\\/\\\/www.copealcoy.es\\\/es\\\/postres-para-impresionar-el-viaje-por-la-reposteria-que-nos-presenta-teresa-nadal\\\/\",\"url\":\"https:\\\/\\\/www.copealcoy.es\\\/es\\\/postres-para-impresionar-el-viaje-por-la-reposteria-que-nos-presenta-teresa-nadal\\\/\",\"name\":\"'Postres para impresionar', el viaje por la reposter\u00eda que nos presenta Teresa Nadal - COPE Alcoy\",\"isPartOf\":{\"@id\":\"https:\\\/\\\/www.copealcoy.es\\\/es\\\/#website\"},\"primaryImageOfPage\":{\"@id\":\"https:\\\/\\\/www.copealcoy.es\\\/es\\\/postres-para-impresionar-el-viaje-por-la-reposteria-que-nos-presenta-teresa-nadal\\\/#primaryimage\"},\"image\":{\"@id\":\"https:\\\/\\\/www.copealcoy.es\\\/es\\\/postres-para-impresionar-el-viaje-por-la-reposteria-que-nos-presenta-teresa-nadal\\\/#primaryimage\"},\"thumbnailUrl\":\"https:\\\/\\\/www.copealcoy.es\\\/wp-content\\\/uploads\\\/2025\\\/12\\\/unnamed-1-26.jpg\",\"datePublished\":\"2025-12-18T21:35:56+00:00\",\"dateModified\":\"2025-12-22T21:56:42+00:00\",\"author\":{\"@id\":\"https:\\\/\\\/www.copealcoy.es\\\/es\\\/#\\\/schema\\\/person\\\/e777c87fa024e57d40170af9df39882c\"},\"description\":\"'Postres para impresionar', el viaje por la reposter\u00eda que nos presenta Teresa Nadal\",\"breadcrumb\":{\"@id\":\"https:\\\/\\\/www.copealcoy.es\\\/es\\\/postres-para-impresionar-el-viaje-por-la-reposteria-que-nos-presenta-teresa-nadal\\\/#breadcrumb\"},\"inLanguage\":\"es\",\"potentialAction\":[{\"@type\":\"ReadAction\",\"target\":[\"https:\\\/\\\/www.copealcoy.es\\\/es\\\/postres-para-impresionar-el-viaje-por-la-reposteria-que-nos-presenta-teresa-nadal\\\/\"]}]},{\"@type\":\"ImageObject\",\"inLanguage\":\"es\",\"@id\":\"https:\\\/\\\/www.copealcoy.es\\\/es\\\/postres-para-impresionar-el-viaje-por-la-reposteria-que-nos-presenta-teresa-nadal\\\/#primaryimage\",\"url\":\"https:\\\/\\\/www.copealcoy.es\\\/wp-content\\\/uploads\\\/2025\\\/12\\\/unnamed-1-26.jpg\",\"contentUrl\":\"https:\\\/\\\/www.copealcoy.es\\\/wp-content\\\/uploads\\\/2025\\\/12\\\/unnamed-1-26.jpg\",\"width\":1537,\"height\":1024},{\"@type\":\"BreadcrumbList\",\"@id\":\"https:\\\/\\\/www.copealcoy.es\\\/es\\\/postres-para-impresionar-el-viaje-por-la-reposteria-que-nos-presenta-teresa-nadal\\\/#breadcrumb\",\"itemListElement\":[{\"@type\":\"ListItem\",\"position\":1,\"name\":\"Portada\",\"item\":\"https:\\\/\\\/www.copealcoy.es\\\/es\\\/\"},{\"@type\":\"ListItem\",\"position\":2,\"name\":\"&#8216;Postres para impresionar&#8217;, el viaje por la reposter\u00eda que nos presenta Teresa Nadal\"}]},{\"@type\":\"WebSite\",\"@id\":\"https:\\\/\\\/www.copealcoy.es\\\/es\\\/#website\",\"url\":\"https:\\\/\\\/www.copealcoy.es\\\/es\\\/\",\"name\":\"COPE Alcoy\",\"description\":\"Emisora COPE de radio local con emisi\u00f3n online. Pont de Sant Jordi 8-10 03803 Alcoy\",\"potentialAction\":[{\"@type\":\"SearchAction\",\"target\":{\"@type\":\"EntryPoint\",\"urlTemplate\":\"https:\\\/\\\/www.copealcoy.es\\\/es\\\/?s={search_term_string}\"},\"query-input\":{\"@type\":\"PropertyValueSpecification\",\"valueRequired\":true,\"valueName\":\"search_term_string\"}}],\"inLanguage\":\"es\"},{\"@type\":\"Person\",\"@id\":\"https:\\\/\\\/www.copealcoy.es\\\/es\\\/#\\\/schema\\\/person\\\/e777c87fa024e57d40170af9df39882c\",\"name\":\"Cope Alcoy\",\"image\":{\"@type\":\"ImageObject\",\"inLanguage\":\"es\",\"@id\":\"https:\\\/\\\/secure.gravatar.com\\\/avatar\\\/bb65d0283347e303893ba14f0692005417c1e0e690a325a4c5d8bb2b3943ee14?s=96&d=mm&r=g\",\"url\":\"https:\\\/\\\/secure.gravatar.com\\\/avatar\\\/bb65d0283347e303893ba14f0692005417c1e0e690a325a4c5d8bb2b3943ee14?s=96&d=mm&r=g\",\"contentUrl\":\"https:\\\/\\\/secure.gravatar.com\\\/avatar\\\/bb65d0283347e303893ba14f0692005417c1e0e690a325a4c5d8bb2b3943ee14?s=96&d=mm&r=g\",\"caption\":\"Cope Alcoy\"}}]}<\/script>\n<!-- \/ Yoast SEO plugin. -->","yoast_head_json":{"title":"'Postres para impresionar', el viaje por la reposter\u00eda que nos presenta Teresa Nadal - COPE Alcoy","description":"'Postres para impresionar', el viaje por la reposter\u00eda que nos presenta Teresa Nadal","robots":{"index":"index","follow":"follow","max-snippet":"max-snippet:-1","max-image-preview":"max-image-preview:large","max-video-preview":"max-video-preview:-1"},"canonical":"https:\/\/www.copealcoy.es\/es\/postres-para-impresionar-el-viaje-por-la-reposteria-que-nos-presenta-teresa-nadal\/","og_locale":"es_ES","og_type":"article","og_title":"'Postres para impresionar', el viaje por la reposter\u00eda que nos presenta Teresa Nadal - COPE Alcoy","og_description":"'Postres para impresionar', el viaje por la reposter\u00eda que nos presenta Teresa Nadal","og_url":"https:\/\/www.copealcoy.es\/es\/postres-para-impresionar-el-viaje-por-la-reposteria-que-nos-presenta-teresa-nadal\/","og_site_name":"COPE Alcoy","article_published_time":"2025-12-18T21:35:56+00:00","article_modified_time":"2025-12-22T21:56:42+00:00","og_image":[{"width":1537,"height":1024,"url":"https:\/\/www.copealcoy.es\/wp-content\/uploads\/2025\/12\/unnamed-1-26.jpg","type":"image\/jpeg"}],"author":"Cope Alcoy","twitter_misc":{"Escrito por":"Cope Alcoy","Tiempo de lectura":"2 minutos"},"schema":{"@context":"https:\/\/schema.org","@graph":[{"@type":"Article","@id":"https:\/\/www.copealcoy.es\/es\/postres-para-impresionar-el-viaje-por-la-reposteria-que-nos-presenta-teresa-nadal\/#article","isPartOf":{"@id":"https:\/\/www.copealcoy.es\/es\/postres-para-impresionar-el-viaje-por-la-reposteria-que-nos-presenta-teresa-nadal\/"},"author":{"name":"Cope Alcoy","@id":"https:\/\/www.copealcoy.es\/es\/#\/schema\/person\/e777c87fa024e57d40170af9df39882c"},"headline":"&#8216;Postres para impresionar&#8217;, el viaje por la reposter\u00eda que nos presenta Teresa Nadal","datePublished":"2025-12-18T21:35:56+00:00","dateModified":"2025-12-22T21:56:42+00:00","mainEntityOfPage":{"@id":"https:\/\/www.copealcoy.es\/es\/postres-para-impresionar-el-viaje-por-la-reposteria-que-nos-presenta-teresa-nadal\/"},"wordCount":324,"image":{"@id":"https:\/\/www.copealcoy.es\/es\/postres-para-impresionar-el-viaje-por-la-reposteria-que-nos-presenta-teresa-nadal\/#primaryimage"},"thumbnailUrl":"https:\/\/www.copealcoy.es\/wp-content\/uploads\/2025\/12\/unnamed-1-26.jpg","keywords":["entrevista","libro","Postres para impresionar","Teresa Nadal"],"articleSection":["Actualidad","Comarcas","Noticias"],"inLanguage":"es"},{"@type":"WebPage","@id":"https:\/\/www.copealcoy.es\/es\/postres-para-impresionar-el-viaje-por-la-reposteria-que-nos-presenta-teresa-nadal\/","url":"https:\/\/www.copealcoy.es\/es\/postres-para-impresionar-el-viaje-por-la-reposteria-que-nos-presenta-teresa-nadal\/","name":"'Postres para impresionar', el viaje por la reposter\u00eda que nos presenta Teresa Nadal - COPE Alcoy","isPartOf":{"@id":"https:\/\/www.copealcoy.es\/es\/#website"},"primaryImageOfPage":{"@id":"https:\/\/www.copealcoy.es\/es\/postres-para-impresionar-el-viaje-por-la-reposteria-que-nos-presenta-teresa-nadal\/#primaryimage"},"image":{"@id":"https:\/\/www.copealcoy.es\/es\/postres-para-impresionar-el-viaje-por-la-reposteria-que-nos-presenta-teresa-nadal\/#primaryimage"},"thumbnailUrl":"https:\/\/www.copealcoy.es\/wp-content\/uploads\/2025\/12\/unnamed-1-26.jpg","datePublished":"2025-12-18T21:35:56+00:00","dateModified":"2025-12-22T21:56:42+00:00","author":{"@id":"https:\/\/www.copealcoy.es\/es\/#\/schema\/person\/e777c87fa024e57d40170af9df39882c"},"description":"'Postres para impresionar', el viaje por la reposter\u00eda que nos presenta Teresa Nadal","breadcrumb":{"@id":"https:\/\/www.copealcoy.es\/es\/postres-para-impresionar-el-viaje-por-la-reposteria-que-nos-presenta-teresa-nadal\/#breadcrumb"},"inLanguage":"es","potentialAction":[{"@type":"ReadAction","target":["https:\/\/www.copealcoy.es\/es\/postres-para-impresionar-el-viaje-por-la-reposteria-que-nos-presenta-teresa-nadal\/"]}]},{"@type":"ImageObject","inLanguage":"es","@id":"https:\/\/www.copealcoy.es\/es\/postres-para-impresionar-el-viaje-por-la-reposteria-que-nos-presenta-teresa-nadal\/#primaryimage","url":"https:\/\/www.copealcoy.es\/wp-content\/uploads\/2025\/12\/unnamed-1-26.jpg","contentUrl":"https:\/\/www.copealcoy.es\/wp-content\/uploads\/2025\/12\/unnamed-1-26.jpg","width":1537,"height":1024},{"@type":"BreadcrumbList","@id":"https:\/\/www.copealcoy.es\/es\/postres-para-impresionar-el-viaje-por-la-reposteria-que-nos-presenta-teresa-nadal\/#breadcrumb","itemListElement":[{"@type":"ListItem","position":1,"name":"Portada","item":"https:\/\/www.copealcoy.es\/es\/"},{"@type":"ListItem","position":2,"name":"&#8216;Postres para impresionar&#8217;, el viaje por la reposter\u00eda que nos presenta Teresa Nadal"}]},{"@type":"WebSite","@id":"https:\/\/www.copealcoy.es\/es\/#website","url":"https:\/\/www.copealcoy.es\/es\/","name":"COPE Alcoy","description":"Emisora COPE de radio local con emisi\u00f3n online. Pont de Sant Jordi 8-10 03803 Alcoy","potentialAction":[{"@type":"SearchAction","target":{"@type":"EntryPoint","urlTemplate":"https:\/\/www.copealcoy.es\/es\/?s={search_term_string}"},"query-input":{"@type":"PropertyValueSpecification","valueRequired":true,"valueName":"search_term_string"}}],"inLanguage":"es"},{"@type":"Person","@id":"https:\/\/www.copealcoy.es\/es\/#\/schema\/person\/e777c87fa024e57d40170af9df39882c","name":"Cope Alcoy","image":{"@type":"ImageObject","inLanguage":"es","@id":"https:\/\/secure.gravatar.com\/avatar\/bb65d0283347e303893ba14f0692005417c1e0e690a325a4c5d8bb2b3943ee14?s=96&d=mm&r=g","url":"https:\/\/secure.gravatar.com\/avatar\/bb65d0283347e303893ba14f0692005417c1e0e690a325a4c5d8bb2b3943ee14?s=96&d=mm&r=g","contentUrl":"https:\/\/secure.gravatar.com\/avatar\/bb65d0283347e303893ba14f0692005417c1e0e690a325a4c5d8bb2b3943ee14?s=96&d=mm&r=g","caption":"Cope Alcoy"}}]}},"_links":{"self":[{"href":"https:\/\/www.copealcoy.es\/es\/wp-json\/wp\/v2\/posts\/161492","targetHints":{"allow":["GET"]}}],"collection":[{"href":"https:\/\/www.copealcoy.es\/es\/wp-json\/wp\/v2\/posts"}],"about":[{"href":"https:\/\/www.copealcoy.es\/es\/wp-json\/wp\/v2\/types\/post"}],"author":[{"embeddable":true,"href":"https:\/\/www.copealcoy.es\/es\/wp-json\/wp\/v2\/users\/1"}],"replies":[{"embeddable":true,"href":"https:\/\/www.copealcoy.es\/es\/wp-json\/wp\/v2\/comments?post=161492"}],"version-history":[{"count":1,"href":"https:\/\/www.copealcoy.es\/es\/wp-json\/wp\/v2\/posts\/161492\/revisions"}],"predecessor-version":[{"id":161497,"href":"https:\/\/www.copealcoy.es\/es\/wp-json\/wp\/v2\/posts\/161492\/revisions\/161497"}],"wp:featuredmedia":[{"embeddable":true,"href":"https:\/\/www.copealcoy.es\/es\/wp-json\/wp\/v2\/media\/161493"}],"wp:attachment":[{"href":"https:\/\/www.copealcoy.es\/es\/wp-json\/wp\/v2\/media?parent=161492"}],"wp:term":[{"taxonomy":"category","embeddable":true,"href":"https:\/\/www.copealcoy.es\/es\/wp-json\/wp\/v2\/categories?post=161492"},{"taxonomy":"post_tag","embeddable":true,"href":"https:\/\/www.copealcoy.es\/es\/wp-json\/wp\/v2\/tags?post=161492"}],"curies":[{"name":"wp","href":"https:\/\/api.w.org\/{rel}","templated":true}]}}