{"id":16133,"date":"2015-10-01T19:28:48","date_gmt":"2015-10-01T19:28:48","guid":{"rendered":"http:\/\/copealcoi.es\/new\/?p=16133"},"modified":"2015-10-01T19:28:48","modified_gmt":"2015-10-01T19:28:48","slug":"hosteleros-y-comerciantes-piden-un-plan-director-para-el-centro","status":"publish","type":"post","link":"https:\/\/www.copealcoy.es\/es\/hosteleros-y-comerciantes-piden-un-plan-director-para-el-centro\/","title":{"rendered":"Hosteleros y comerciantes piden un Plan Director para el Centro"},"content":{"rendered":"<p style=\"text-align: justify;\">Los comerciantes y hosteleros del Centro de Alcoy piden que se elabore un Plan Director en el que se analice la situaci\u00f3n de la zona, sus necesidades as\u00ed como las fortalezas y los retos de futuro que se quieran\u00a0alcanzar. Lo ha explicado ese jueves en La Ma\u00f1ana de Cope Alcoy el presidente de la asociaci\u00f3n de comercio Alcentro, \u00c1lex Cerradelo, quien ha instado a que ambos colectivos trabajen conjuntamente con el Ayuntamiento, los vecinos y organismos como la C\u00e1mara de Comercio para definir el modelo del Centro &#8220;vamos a sentarnos todos juntos para poner sobre la mesa c\u00f3mo est\u00e1 en estos momentos el Centro de la ciudad, analizar modelos de otras ciudades y plantear soluciones a los problemas a los que actualmente se enfrenta el barrio&#8221;, detalla. Adem\u00e1s indica que uno de los principales objetivos es definir el camino a seguir &#8220;tenemos que reflejar con claridad el Centro que queremos para empezar a trabajar porque sino partimos de esa base va a ser imposible llegar a una conclusi\u00f3n&#8221;, detalla.<\/p>\n<p style=\"text-align: justify;\">Desde Alcentro apuestan por regenerar\u00a0espacios comunes que actualmente est\u00e1n degradados y reclaman una mayor seguridad para los vecinos as\u00ed como clientes de los diferentes establecimientos. Del mismo modo creen que es necesario estudiar las diferentes normativas para facilitar la apertura de locales y comercios o regular el tr\u00e1fico e indican que el Ayuntamiento se ha mostrado predispuesto a trabajar por mejorar el Centro &#8220;se han hecho algunas actuaciones dentro del Plan de Acci\u00f3n Comercial pero creemos que esta deben ir a m\u00e1s y entre todos tenemos que aunar fuerzas para conseguir que esta \u00e1rea sea un polo de atracci\u00f3n para los alcoyanos pero tambi\u00e9n para los visitantes&#8221;, concluye.<\/p>\n","protected":false},"excerpt":{"rendered":"<p>Los comerciantes y hosteleros del Centro de Alcoy piden que se elabore un Plan Director en el que se analice&#8230;<\/p>\n","protected":false},"author":1,"featured_media":12275,"comment_status":"open","ping_status":"open","sticky":false,"template":"","format":"standard","meta":{"footnotes":""},"categories":[97,75,125],"tags":[1494,467,390,1377],"class_list":["post-16133","post","type-post","status-publish","format-standard","has-post-thumbnail","hentry","category-alcoy","category-noticias","category-portada","tag-alcoy","tag-comercio","tag-economia","tag-hosteleria"],"yoast_head":"<!-- This site is optimized with the Yoast SEO plugin v27.3 - https:\/\/yoast.com\/product\/yoast-seo-wordpress\/ -->\n<title>Hosteleros y comerciantes piden un Plan Director para el Centro - COPE Alcoy<\/title>\n<meta name=\"robots\" content=\"index, follow, max-snippet:-1, max-image-preview:large, max-video-preview:-1\" \/>\n<link rel=\"canonical\" href=\"https:\/\/www.copealcoy.es\/es\/hosteleros-y-comerciantes-piden-un-plan-director-para-el-centro\/\" \/>\n<meta property=\"og:locale\" content=\"es_ES\" \/>\n<meta property=\"og:type\" content=\"article\" \/>\n<meta property=\"og:title\" content=\"Hosteleros y comerciantes piden un Plan Director para el Centro - COPE Alcoy\" \/>\n<meta property=\"og:description\" content=\"Los comerciantes y hosteleros del Centro de Alcoy piden que se elabore un Plan Director en el que se analice...\" \/>\n<meta property=\"og:url\" content=\"https:\/\/www.copealcoy.es\/es\/hosteleros-y-comerciantes-piden-un-plan-director-para-el-centro\/\" \/>\n<meta property=\"og:site_name\" content=\"COPE Alcoy\" \/>\n<meta property=\"article:published_time\" content=\"2015-10-01T19:28:48+00:00\" \/>\n<meta property=\"og:image\" content=\"https:\/\/www.copealcoy.es\/wp-content\/uploads\/2015\/04\/image9-660x330.jpg\" \/>\n\t<meta property=\"og:image:width\" content=\"660\" \/>\n\t<meta property=\"og:image:height\" content=\"330\" \/>\n\t<meta property=\"og:image:type\" content=\"image\/jpeg\" \/>\n<meta name=\"author\" content=\"Cope Alcoy\" \/>\n<meta name=\"twitter:label1\" content=\"Escrito por\" \/>\n\t<meta name=\"twitter:data1\" content=\"Cope Alcoy\" \/>\n\t<meta name=\"twitter:label2\" content=\"Tiempo de lectura\" \/>\n\t<meta name=\"twitter:data2\" content=\"1 minuto\" \/>\n<script type=\"application\/ld+json\" class=\"yoast-schema-graph\">{\"@context\":\"https:\\\/\\\/schema.org\",\"@graph\":[{\"@type\":\"Article\",\"@id\":\"https:\\\/\\\/www.copealcoy.es\\\/es\\\/hosteleros-y-comerciantes-piden-un-plan-director-para-el-centro\\\/#article\",\"isPartOf\":{\"@id\":\"https:\\\/\\\/www.copealcoy.es\\\/es\\\/hosteleros-y-comerciantes-piden-un-plan-director-para-el-centro\\\/\"},\"author\":{\"name\":\"Cope Alcoy\",\"@id\":\"https:\\\/\\\/www.copealcoy.es\\\/es\\\/#\\\/schema\\\/person\\\/e777c87fa024e57d40170af9df39882c\"},\"headline\":\"Hosteleros y comerciantes piden un Plan Director para el Centro\",\"datePublished\":\"2015-10-01T19:28:48+00:00\",\"mainEntityOfPage\":{\"@id\":\"https:\\\/\\\/www.copealcoy.es\\\/es\\\/hosteleros-y-comerciantes-piden-un-plan-director-para-el-centro\\\/\"},\"wordCount\":302,\"commentCount\":0,\"image\":{\"@id\":\"https:\\\/\\\/www.copealcoy.es\\\/es\\\/hosteleros-y-comerciantes-piden-un-plan-director-para-el-centro\\\/#primaryimage\"},\"thumbnailUrl\":\"https:\\\/\\\/www.copealcoy.es\\\/wp-content\\\/uploads\\\/2015\\\/04\\\/image9-660x330.jpg\",\"keywords\":[\"Alcoy\",\"Comercio\",\"Econom\u00eda\",\"hosteler\u00eda\"],\"articleSection\":[\"Alcoy\",\"Noticias\",\"Portada\"],\"inLanguage\":\"es\"},{\"@type\":\"WebPage\",\"@id\":\"https:\\\/\\\/www.copealcoy.es\\\/es\\\/hosteleros-y-comerciantes-piden-un-plan-director-para-el-centro\\\/\",\"url\":\"https:\\\/\\\/www.copealcoy.es\\\/es\\\/hosteleros-y-comerciantes-piden-un-plan-director-para-el-centro\\\/\",\"name\":\"Hosteleros y comerciantes piden un Plan Director para el Centro - COPE Alcoy\",\"isPartOf\":{\"@id\":\"https:\\\/\\\/www.copealcoy.es\\\/es\\\/#website\"},\"primaryImageOfPage\":{\"@id\":\"https:\\\/\\\/www.copealcoy.es\\\/es\\\/hosteleros-y-comerciantes-piden-un-plan-director-para-el-centro\\\/#primaryimage\"},\"image\":{\"@id\":\"https:\\\/\\\/www.copealcoy.es\\\/es\\\/hosteleros-y-comerciantes-piden-un-plan-director-para-el-centro\\\/#primaryimage\"},\"thumbnailUrl\":\"https:\\\/\\\/www.copealcoy.es\\\/wp-content\\\/uploads\\\/2015\\\/04\\\/image9-660x330.jpg\",\"datePublished\":\"2015-10-01T19:28:48+00:00\",\"author\":{\"@id\":\"https:\\\/\\\/www.copealcoy.es\\\/es\\\/#\\\/schema\\\/person\\\/e777c87fa024e57d40170af9df39882c\"},\"breadcrumb\":{\"@id\":\"https:\\\/\\\/www.copealcoy.es\\\/es\\\/hosteleros-y-comerciantes-piden-un-plan-director-para-el-centro\\\/#breadcrumb\"},\"inLanguage\":\"es\",\"potentialAction\":[{\"@type\":\"ReadAction\",\"target\":[\"https:\\\/\\\/www.copealcoy.es\\\/es\\\/hosteleros-y-comerciantes-piden-un-plan-director-para-el-centro\\\/\"]}]},{\"@type\":\"ImageObject\",\"inLanguage\":\"es\",\"@id\":\"https:\\\/\\\/www.copealcoy.es\\\/es\\\/hosteleros-y-comerciantes-piden-un-plan-director-para-el-centro\\\/#primaryimage\",\"url\":\"https:\\\/\\\/www.copealcoy.es\\\/wp-content\\\/uploads\\\/2015\\\/04\\\/image9-660x330.jpg\",\"contentUrl\":\"https:\\\/\\\/www.copealcoy.es\\\/wp-content\\\/uploads\\\/2015\\\/04\\\/image9-660x330.jpg\",\"width\":660,\"height\":330},{\"@type\":\"BreadcrumbList\",\"@id\":\"https:\\\/\\\/www.copealcoy.es\\\/es\\\/hosteleros-y-comerciantes-piden-un-plan-director-para-el-centro\\\/#breadcrumb\",\"itemListElement\":[{\"@type\":\"ListItem\",\"position\":1,\"name\":\"Portada\",\"item\":\"https:\\\/\\\/www.copealcoy.es\\\/es\\\/\"},{\"@type\":\"ListItem\",\"position\":2,\"name\":\"Hosteleros y comerciantes piden un Plan Director para el Centro\"}]},{\"@type\":\"WebSite\",\"@id\":\"https:\\\/\\\/www.copealcoy.es\\\/es\\\/#website\",\"url\":\"https:\\\/\\\/www.copealcoy.es\\\/es\\\/\",\"name\":\"COPE Alcoy\",\"description\":\"Emisora COPE de radio local con emisi\u00f3n online. Pont de Sant Jordi 8-10 03803 Alcoy\",\"potentialAction\":[{\"@type\":\"SearchAction\",\"target\":{\"@type\":\"EntryPoint\",\"urlTemplate\":\"https:\\\/\\\/www.copealcoy.es\\\/es\\\/?s={search_term_string}\"},\"query-input\":{\"@type\":\"PropertyValueSpecification\",\"valueRequired\":true,\"valueName\":\"search_term_string\"}}],\"inLanguage\":\"es\"},{\"@type\":\"Person\",\"@id\":\"https:\\\/\\\/www.copealcoy.es\\\/es\\\/#\\\/schema\\\/person\\\/e777c87fa024e57d40170af9df39882c\",\"name\":\"Cope Alcoy\",\"image\":{\"@type\":\"ImageObject\",\"inLanguage\":\"es\",\"@id\":\"https:\\\/\\\/secure.gravatar.com\\\/avatar\\\/bb65d0283347e303893ba14f0692005417c1e0e690a325a4c5d8bb2b3943ee14?s=96&d=mm&r=g\",\"url\":\"https:\\\/\\\/secure.gravatar.com\\\/avatar\\\/bb65d0283347e303893ba14f0692005417c1e0e690a325a4c5d8bb2b3943ee14?s=96&d=mm&r=g\",\"contentUrl\":\"https:\\\/\\\/secure.gravatar.com\\\/avatar\\\/bb65d0283347e303893ba14f0692005417c1e0e690a325a4c5d8bb2b3943ee14?s=96&d=mm&r=g\",\"caption\":\"Cope Alcoy\"}}]}<\/script>\n<!-- \/ Yoast SEO plugin. -->","yoast_head_json":{"title":"Hosteleros y comerciantes piden un Plan Director para el Centro - COPE Alcoy","robots":{"index":"index","follow":"follow","max-snippet":"max-snippet:-1","max-image-preview":"max-image-preview:large","max-video-preview":"max-video-preview:-1"},"canonical":"https:\/\/www.copealcoy.es\/es\/hosteleros-y-comerciantes-piden-un-plan-director-para-el-centro\/","og_locale":"es_ES","og_type":"article","og_title":"Hosteleros y comerciantes piden un Plan Director para el Centro - COPE Alcoy","og_description":"Los comerciantes y hosteleros del Centro de Alcoy piden que se elabore un Plan Director en el que se analice...","og_url":"https:\/\/www.copealcoy.es\/es\/hosteleros-y-comerciantes-piden-un-plan-director-para-el-centro\/","og_site_name":"COPE Alcoy","article_published_time":"2015-10-01T19:28:48+00:00","og_image":[{"width":660,"height":330,"url":"https:\/\/www.copealcoy.es\/wp-content\/uploads\/2015\/04\/image9-660x330.jpg","type":"image\/jpeg"}],"author":"Cope Alcoy","twitter_misc":{"Escrito por":"Cope Alcoy","Tiempo de lectura":"1 minuto"},"schema":{"@context":"https:\/\/schema.org","@graph":[{"@type":"Article","@id":"https:\/\/www.copealcoy.es\/es\/hosteleros-y-comerciantes-piden-un-plan-director-para-el-centro\/#article","isPartOf":{"@id":"https:\/\/www.copealcoy.es\/es\/hosteleros-y-comerciantes-piden-un-plan-director-para-el-centro\/"},"author":{"name":"Cope Alcoy","@id":"https:\/\/www.copealcoy.es\/es\/#\/schema\/person\/e777c87fa024e57d40170af9df39882c"},"headline":"Hosteleros y comerciantes piden un Plan Director para el Centro","datePublished":"2015-10-01T19:28:48+00:00","mainEntityOfPage":{"@id":"https:\/\/www.copealcoy.es\/es\/hosteleros-y-comerciantes-piden-un-plan-director-para-el-centro\/"},"wordCount":302,"commentCount":0,"image":{"@id":"https:\/\/www.copealcoy.es\/es\/hosteleros-y-comerciantes-piden-un-plan-director-para-el-centro\/#primaryimage"},"thumbnailUrl":"https:\/\/www.copealcoy.es\/wp-content\/uploads\/2015\/04\/image9-660x330.jpg","keywords":["Alcoy","Comercio","Econom\u00eda","hosteler\u00eda"],"articleSection":["Alcoy","Noticias","Portada"],"inLanguage":"es"},{"@type":"WebPage","@id":"https:\/\/www.copealcoy.es\/es\/hosteleros-y-comerciantes-piden-un-plan-director-para-el-centro\/","url":"https:\/\/www.copealcoy.es\/es\/hosteleros-y-comerciantes-piden-un-plan-director-para-el-centro\/","name":"Hosteleros y comerciantes piden un Plan Director para el Centro - COPE Alcoy","isPartOf":{"@id":"https:\/\/www.copealcoy.es\/es\/#website"},"primaryImageOfPage":{"@id":"https:\/\/www.copealcoy.es\/es\/hosteleros-y-comerciantes-piden-un-plan-director-para-el-centro\/#primaryimage"},"image":{"@id":"https:\/\/www.copealcoy.es\/es\/hosteleros-y-comerciantes-piden-un-plan-director-para-el-centro\/#primaryimage"},"thumbnailUrl":"https:\/\/www.copealcoy.es\/wp-content\/uploads\/2015\/04\/image9-660x330.jpg","datePublished":"2015-10-01T19:28:48+00:00","author":{"@id":"https:\/\/www.copealcoy.es\/es\/#\/schema\/person\/e777c87fa024e57d40170af9df39882c"},"breadcrumb":{"@id":"https:\/\/www.copealcoy.es\/es\/hosteleros-y-comerciantes-piden-un-plan-director-para-el-centro\/#breadcrumb"},"inLanguage":"es","potentialAction":[{"@type":"ReadAction","target":["https:\/\/www.copealcoy.es\/es\/hosteleros-y-comerciantes-piden-un-plan-director-para-el-centro\/"]}]},{"@type":"ImageObject","inLanguage":"es","@id":"https:\/\/www.copealcoy.es\/es\/hosteleros-y-comerciantes-piden-un-plan-director-para-el-centro\/#primaryimage","url":"https:\/\/www.copealcoy.es\/wp-content\/uploads\/2015\/04\/image9-660x330.jpg","contentUrl":"https:\/\/www.copealcoy.es\/wp-content\/uploads\/2015\/04\/image9-660x330.jpg","width":660,"height":330},{"@type":"BreadcrumbList","@id":"https:\/\/www.copealcoy.es\/es\/hosteleros-y-comerciantes-piden-un-plan-director-para-el-centro\/#breadcrumb","itemListElement":[{"@type":"ListItem","position":1,"name":"Portada","item":"https:\/\/www.copealcoy.es\/es\/"},{"@type":"ListItem","position":2,"name":"Hosteleros y comerciantes piden un Plan Director para el Centro"}]},{"@type":"WebSite","@id":"https:\/\/www.copealcoy.es\/es\/#website","url":"https:\/\/www.copealcoy.es\/es\/","name":"COPE Alcoy","description":"Emisora COPE de radio local con emisi\u00f3n online. Pont de Sant Jordi 8-10 03803 Alcoy","potentialAction":[{"@type":"SearchAction","target":{"@type":"EntryPoint","urlTemplate":"https:\/\/www.copealcoy.es\/es\/?s={search_term_string}"},"query-input":{"@type":"PropertyValueSpecification","valueRequired":true,"valueName":"search_term_string"}}],"inLanguage":"es"},{"@type":"Person","@id":"https:\/\/www.copealcoy.es\/es\/#\/schema\/person\/e777c87fa024e57d40170af9df39882c","name":"Cope Alcoy","image":{"@type":"ImageObject","inLanguage":"es","@id":"https:\/\/secure.gravatar.com\/avatar\/bb65d0283347e303893ba14f0692005417c1e0e690a325a4c5d8bb2b3943ee14?s=96&d=mm&r=g","url":"https:\/\/secure.gravatar.com\/avatar\/bb65d0283347e303893ba14f0692005417c1e0e690a325a4c5d8bb2b3943ee14?s=96&d=mm&r=g","contentUrl":"https:\/\/secure.gravatar.com\/avatar\/bb65d0283347e303893ba14f0692005417c1e0e690a325a4c5d8bb2b3943ee14?s=96&d=mm&r=g","caption":"Cope Alcoy"}}]}},"_links":{"self":[{"href":"https:\/\/www.copealcoy.es\/es\/wp-json\/wp\/v2\/posts\/16133","targetHints":{"allow":["GET"]}}],"collection":[{"href":"https:\/\/www.copealcoy.es\/es\/wp-json\/wp\/v2\/posts"}],"about":[{"href":"https:\/\/www.copealcoy.es\/es\/wp-json\/wp\/v2\/types\/post"}],"author":[{"embeddable":true,"href":"https:\/\/www.copealcoy.es\/es\/wp-json\/wp\/v2\/users\/1"}],"replies":[{"embeddable":true,"href":"https:\/\/www.copealcoy.es\/es\/wp-json\/wp\/v2\/comments?post=16133"}],"version-history":[{"count":0,"href":"https:\/\/www.copealcoy.es\/es\/wp-json\/wp\/v2\/posts\/16133\/revisions"}],"wp:featuredmedia":[{"embeddable":true,"href":"https:\/\/www.copealcoy.es\/es\/wp-json\/wp\/v2\/media\/12275"}],"wp:attachment":[{"href":"https:\/\/www.copealcoy.es\/es\/wp-json\/wp\/v2\/media?parent=16133"}],"wp:term":[{"taxonomy":"category","embeddable":true,"href":"https:\/\/www.copealcoy.es\/es\/wp-json\/wp\/v2\/categories?post=16133"},{"taxonomy":"post_tag","embeddable":true,"href":"https:\/\/www.copealcoy.es\/es\/wp-json\/wp\/v2\/tags?post=16133"}],"curies":[{"name":"wp","href":"https:\/\/api.w.org\/{rel}","templated":true}]}}