{"id":161126,"date":"2025-12-12T07:30:22","date_gmt":"2025-12-12T06:30:22","guid":{"rendered":"https:\/\/www.copealcoy.es\/?p=161126"},"modified":"2025-12-13T08:24:57","modified_gmt":"2025-12-13T07:24:57","slug":"informativo-matinal-viernes-12-de-diciembre-2025-0750h","status":"publish","type":"post","link":"https:\/\/www.copealcoy.es\/es\/informativo-matinal-viernes-12-de-diciembre-2025-0750h\/","title":{"rendered":"Informativo matinal viernes 12 de diciembre 2025 (07:50h)"},"content":{"rendered":"<p><iframe loading=\"lazy\" title=\"Informativo Matinal Viernes 12 De Diciembre 2025 (07:50h)\" width=\"100%\" height=\"120\" src=\"https:\/\/www.mixcloud.com\/widget\/iframe\/?feed=https%3A%2F%2Fwww.mixcloud.com%2FCOPEAlcoy%2Finformativo-matinal-viernes-12-de-diciembre-2025-0750h%2F&amp;hide_cover=1\" frameborder=\"0\" allow=\"encrypted-media; fullscreen; autoplay; idle-detection; speaker-selection; web-share;\"><\/iframe><\/p>\n<p style=\"text-align: justify;\">Hoy viernes os hemos contado que <strong>arranca un fin de semana de intensa actividad para el sector de la hosteler\u00eda de nuestra ciudad<\/strong> con motivo de las cenas y comidas de empresa. Tambi\u00e9n hemos hecho referencia a que <strong>Cocentaina estrena hoy una nueva edici\u00f3n de su &#8216;Mercat de Nadal&#8217;<\/strong>.<\/p>\n<p><span style=\"color: #0000ff;\"><a style=\"color: #0000ff;\" href=\"https:\/\/www.cocentaina.es\/\" target=\"_blank\" rel=\"noopener\"><strong>Cocentaina\u00a0<\/strong><\/a><\/span>dio la bienvenida a la Navidad el pasado jueves 4 de diciembre,\u00a0<strong>con el encendido de la iluminaci\u00f3n especial<\/strong>, y dentro del\u00a0<strong>\u2018Nadal Contest\u00e0\u2019<\/strong>\u00a0encontramos\u00a0<strong>una interesante iniciativa<\/strong>\u00a0para este fin de semana. Se trata del\u00a0<strong>\u2018Mercat de Nadal\u2019<\/strong>, certamen que resurgi\u00f3 hace un tiempo y que ya se ha hecho un hueco en la programaci\u00f3n navide\u00f1a de la capital del Comtat.<\/p>\n<p style=\"text-align: justify;\">El mercado\u00a0<strong>estar\u00e1 situado en la plaza de El Pla<\/strong>, ante el Palau Comtal, y\u00a0<strong>arrancar\u00e1 esta tarde a partir de las18:00h<\/strong>\u00a0con la inauguraci\u00f3n oficial. La apertura contar\u00e1 con varios parlamentos institucionales y seguidamente se dar\u00e1 paso a una actuaci\u00f3n a cargo de la Escuela de Danza de Alicia Montava. A partir de ah\u00ed arrancar\u00e1 la actividad comercial estando previsto que a las 20:00h tenga lugar una nueva puesta en escena titulada \u2018Nadaletes a c\u00e0rrec de Mimi y los Trileros\u2019 en esta ocasi\u00f3n \u201c<em>vamos a tener 20 puestos de venta y de ellos quince son comercios locales mientras que el resto pertenecen a poblaciones de la comarca como Alcoy o Muro. Hemos montado unos stands especiales, con decoraci\u00f3n navide\u00f1a, para dar una ambientaci\u00f3n especial a todo el entorno<\/em>\u201c, explicaba en COPE ALCOY el primer teniente de alcalde de la Villa Condal y edil de Comercio;\u00a0<strong>Jordi Pla<\/strong>. A todo ello se le unen propuestas para los m\u00e1s peque\u00f1os el s\u00e1bado, jornada en la que el mercado funcionar\u00e1 ma\u00f1ana y tarde, mientras que en el patio de armas del Palau Comtal se llevar\u00e1 a cabo una nueva entrega del \u2018Mercat Nadalenc de Disseny i Nova Artesania\u2019 \u201c<em>en esta caso ser\u00e1n 16 paradas que se sumar\u00e1n a las 20 que ya que presentar\u00e1 el mercado desde esta tarde. Animamos a vecinos, pero tambi\u00e9n visitantes de estas comarcas, a que vengan a disfrutar de todo lo que se ha preparado<\/em>\u201c, concluye Pla.<\/p>\n<p style=\"text-align: justify;\">El \u2018Mercat de Nadal\u2019 de Cocentaina\u00a0<strong>lo impulsa la Asociaci\u00f3n de Comercio El Comtat<\/strong>\u00a0que preside en estos momentos la contestana Natalia Valls. Tambi\u00e9n cuenta con el respaldo del \u00e1rea de Comercio del Ayuntamiento de la poblaci\u00f3n.<\/p>\n","protected":false},"excerpt":{"rendered":"<p>Hoy viernes os hemos contado que arranca un fin de semana de intensa actividad para el sector de la hosteler\u00eda&#8230;<\/p>\n","protected":false},"author":1,"featured_media":147669,"comment_status":"closed","ping_status":"closed","sticky":false,"template":"","format":"standard","meta":{"footnotes":""},"categories":[6909,89,91,75],"tags":[],"class_list":["post-161126","post","type-post","status-publish","format-standard","has-post-thumbnail","hentry","category-actualidad","category-audiosdelosprogramas","category-informativos","category-noticias"],"yoast_head":"<!-- This site is optimized with the Yoast SEO plugin v27.3 - https:\/\/yoast.com\/product\/yoast-seo-wordpress\/ -->\n<title>Informativo matinal viernes 12 de diciembre 2025 (07:50h) - COPE Alcoy<\/title>\n<meta name=\"robots\" content=\"index, follow, max-snippet:-1, max-image-preview:large, max-video-preview:-1\" \/>\n<link rel=\"canonical\" href=\"https:\/\/www.copealcoy.es\/es\/informativo-matinal-viernes-12-de-diciembre-2025-0750h\/\" \/>\n<meta property=\"og:locale\" content=\"es_ES\" \/>\n<meta property=\"og:type\" content=\"article\" \/>\n<meta property=\"og:title\" content=\"Informativo matinal viernes 12 de diciembre 2025 (07:50h) - COPE Alcoy\" \/>\n<meta property=\"og:description\" content=\"Hoy viernes os hemos contado que arranca un fin de semana de intensa actividad para el sector de la hosteler\u00eda...\" \/>\n<meta property=\"og:url\" content=\"https:\/\/www.copealcoy.es\/es\/informativo-matinal-viernes-12-de-diciembre-2025-0750h\/\" \/>\n<meta property=\"og:site_name\" content=\"COPE Alcoy\" \/>\n<meta property=\"article:published_time\" content=\"2025-12-12T06:30:22+00:00\" \/>\n<meta property=\"article:modified_time\" content=\"2025-12-13T07:24:57+00:00\" \/>\n<meta property=\"og:image\" content=\"https:\/\/www.copealcoy.es\/wp-content\/uploads\/2025\/02\/Informativo-Matinal-Castellano.png\" \/>\n\t<meta property=\"og:image:width\" content=\"357\" \/>\n\t<meta property=\"og:image:height\" content=\"290\" \/>\n\t<meta property=\"og:image:type\" content=\"image\/png\" \/>\n<meta name=\"author\" content=\"Cope Alcoy\" \/>\n<meta name=\"twitter:label1\" content=\"Escrito por\" \/>\n\t<meta name=\"twitter:data1\" content=\"Cope Alcoy\" \/>\n\t<meta name=\"twitter:label2\" content=\"Tiempo de lectura\" \/>\n\t<meta name=\"twitter:data2\" content=\"3 minutos\" \/>\n<script type=\"application\/ld+json\" class=\"yoast-schema-graph\">{\"@context\":\"https:\\\/\\\/schema.org\",\"@graph\":[{\"@type\":\"Article\",\"@id\":\"https:\\\/\\\/www.copealcoy.es\\\/es\\\/informativo-matinal-viernes-12-de-diciembre-2025-0750h\\\/#article\",\"isPartOf\":{\"@id\":\"https:\\\/\\\/www.copealcoy.es\\\/es\\\/informativo-matinal-viernes-12-de-diciembre-2025-0750h\\\/\"},\"author\":{\"name\":\"Cope Alcoy\",\"@id\":\"https:\\\/\\\/www.copealcoy.es\\\/es\\\/#\\\/schema\\\/person\\\/e777c87fa024e57d40170af9df39882c\"},\"headline\":\"Informativo matinal viernes 12 de diciembre 2025 (07:50h)\",\"datePublished\":\"2025-12-12T06:30:22+00:00\",\"dateModified\":\"2025-12-13T07:24:57+00:00\",\"mainEntityOfPage\":{\"@id\":\"https:\\\/\\\/www.copealcoy.es\\\/es\\\/informativo-matinal-viernes-12-de-diciembre-2025-0750h\\\/\"},\"wordCount\":424,\"image\":{\"@id\":\"https:\\\/\\\/www.copealcoy.es\\\/es\\\/informativo-matinal-viernes-12-de-diciembre-2025-0750h\\\/#primaryimage\"},\"thumbnailUrl\":\"https:\\\/\\\/www.copealcoy.es\\\/wp-content\\\/uploads\\\/2025\\\/02\\\/Informativo-Matinal-Castellano.png\",\"articleSection\":[\"Actualidad\",\"Audios de los programas\",\"Informativos\",\"Noticias\"],\"inLanguage\":\"es\"},{\"@type\":\"WebPage\",\"@id\":\"https:\\\/\\\/www.copealcoy.es\\\/es\\\/informativo-matinal-viernes-12-de-diciembre-2025-0750h\\\/\",\"url\":\"https:\\\/\\\/www.copealcoy.es\\\/es\\\/informativo-matinal-viernes-12-de-diciembre-2025-0750h\\\/\",\"name\":\"Informativo matinal viernes 12 de diciembre 2025 (07:50h) - COPE Alcoy\",\"isPartOf\":{\"@id\":\"https:\\\/\\\/www.copealcoy.es\\\/es\\\/#website\"},\"primaryImageOfPage\":{\"@id\":\"https:\\\/\\\/www.copealcoy.es\\\/es\\\/informativo-matinal-viernes-12-de-diciembre-2025-0750h\\\/#primaryimage\"},\"image\":{\"@id\":\"https:\\\/\\\/www.copealcoy.es\\\/es\\\/informativo-matinal-viernes-12-de-diciembre-2025-0750h\\\/#primaryimage\"},\"thumbnailUrl\":\"https:\\\/\\\/www.copealcoy.es\\\/wp-content\\\/uploads\\\/2025\\\/02\\\/Informativo-Matinal-Castellano.png\",\"datePublished\":\"2025-12-12T06:30:22+00:00\",\"dateModified\":\"2025-12-13T07:24:57+00:00\",\"author\":{\"@id\":\"https:\\\/\\\/www.copealcoy.es\\\/es\\\/#\\\/schema\\\/person\\\/e777c87fa024e57d40170af9df39882c\"},\"breadcrumb\":{\"@id\":\"https:\\\/\\\/www.copealcoy.es\\\/es\\\/informativo-matinal-viernes-12-de-diciembre-2025-0750h\\\/#breadcrumb\"},\"inLanguage\":\"es\",\"potentialAction\":[{\"@type\":\"ReadAction\",\"target\":[\"https:\\\/\\\/www.copealcoy.es\\\/es\\\/informativo-matinal-viernes-12-de-diciembre-2025-0750h\\\/\"]}]},{\"@type\":\"ImageObject\",\"inLanguage\":\"es\",\"@id\":\"https:\\\/\\\/www.copealcoy.es\\\/es\\\/informativo-matinal-viernes-12-de-diciembre-2025-0750h\\\/#primaryimage\",\"url\":\"https:\\\/\\\/www.copealcoy.es\\\/wp-content\\\/uploads\\\/2025\\\/02\\\/Informativo-Matinal-Castellano.png\",\"contentUrl\":\"https:\\\/\\\/www.copealcoy.es\\\/wp-content\\\/uploads\\\/2025\\\/02\\\/Informativo-Matinal-Castellano.png\",\"width\":357,\"height\":290},{\"@type\":\"BreadcrumbList\",\"@id\":\"https:\\\/\\\/www.copealcoy.es\\\/es\\\/informativo-matinal-viernes-12-de-diciembre-2025-0750h\\\/#breadcrumb\",\"itemListElement\":[{\"@type\":\"ListItem\",\"position\":1,\"name\":\"Portada\",\"item\":\"https:\\\/\\\/www.copealcoy.es\\\/es\\\/\"},{\"@type\":\"ListItem\",\"position\":2,\"name\":\"Informativo matinal viernes 12 de diciembre 2025 (07:50h)\"}]},{\"@type\":\"WebSite\",\"@id\":\"https:\\\/\\\/www.copealcoy.es\\\/es\\\/#website\",\"url\":\"https:\\\/\\\/www.copealcoy.es\\\/es\\\/\",\"name\":\"COPE Alcoy\",\"description\":\"Emisora COPE de radio local con emisi\u00f3n online. Pont de Sant Jordi 8-10 03803 Alcoy\",\"potentialAction\":[{\"@type\":\"SearchAction\",\"target\":{\"@type\":\"EntryPoint\",\"urlTemplate\":\"https:\\\/\\\/www.copealcoy.es\\\/es\\\/?s={search_term_string}\"},\"query-input\":{\"@type\":\"PropertyValueSpecification\",\"valueRequired\":true,\"valueName\":\"search_term_string\"}}],\"inLanguage\":\"es\"},{\"@type\":\"Person\",\"@id\":\"https:\\\/\\\/www.copealcoy.es\\\/es\\\/#\\\/schema\\\/person\\\/e777c87fa024e57d40170af9df39882c\",\"name\":\"Cope Alcoy\",\"image\":{\"@type\":\"ImageObject\",\"inLanguage\":\"es\",\"@id\":\"https:\\\/\\\/secure.gravatar.com\\\/avatar\\\/bb65d0283347e303893ba14f0692005417c1e0e690a325a4c5d8bb2b3943ee14?s=96&d=mm&r=g\",\"url\":\"https:\\\/\\\/secure.gravatar.com\\\/avatar\\\/bb65d0283347e303893ba14f0692005417c1e0e690a325a4c5d8bb2b3943ee14?s=96&d=mm&r=g\",\"contentUrl\":\"https:\\\/\\\/secure.gravatar.com\\\/avatar\\\/bb65d0283347e303893ba14f0692005417c1e0e690a325a4c5d8bb2b3943ee14?s=96&d=mm&r=g\",\"caption\":\"Cope Alcoy\"}}]}<\/script>\n<!-- \/ Yoast SEO plugin. -->","yoast_head_json":{"title":"Informativo matinal viernes 12 de diciembre 2025 (07:50h) - COPE Alcoy","robots":{"index":"index","follow":"follow","max-snippet":"max-snippet:-1","max-image-preview":"max-image-preview:large","max-video-preview":"max-video-preview:-1"},"canonical":"https:\/\/www.copealcoy.es\/es\/informativo-matinal-viernes-12-de-diciembre-2025-0750h\/","og_locale":"es_ES","og_type":"article","og_title":"Informativo matinal viernes 12 de diciembre 2025 (07:50h) - COPE Alcoy","og_description":"Hoy viernes os hemos contado que arranca un fin de semana de intensa actividad para el sector de la hosteler\u00eda...","og_url":"https:\/\/www.copealcoy.es\/es\/informativo-matinal-viernes-12-de-diciembre-2025-0750h\/","og_site_name":"COPE Alcoy","article_published_time":"2025-12-12T06:30:22+00:00","article_modified_time":"2025-12-13T07:24:57+00:00","og_image":[{"width":357,"height":290,"url":"https:\/\/www.copealcoy.es\/wp-content\/uploads\/2025\/02\/Informativo-Matinal-Castellano.png","type":"image\/png"}],"author":"Cope Alcoy","twitter_misc":{"Escrito por":"Cope Alcoy","Tiempo de lectura":"3 minutos"},"schema":{"@context":"https:\/\/schema.org","@graph":[{"@type":"Article","@id":"https:\/\/www.copealcoy.es\/es\/informativo-matinal-viernes-12-de-diciembre-2025-0750h\/#article","isPartOf":{"@id":"https:\/\/www.copealcoy.es\/es\/informativo-matinal-viernes-12-de-diciembre-2025-0750h\/"},"author":{"name":"Cope Alcoy","@id":"https:\/\/www.copealcoy.es\/es\/#\/schema\/person\/e777c87fa024e57d40170af9df39882c"},"headline":"Informativo matinal viernes 12 de diciembre 2025 (07:50h)","datePublished":"2025-12-12T06:30:22+00:00","dateModified":"2025-12-13T07:24:57+00:00","mainEntityOfPage":{"@id":"https:\/\/www.copealcoy.es\/es\/informativo-matinal-viernes-12-de-diciembre-2025-0750h\/"},"wordCount":424,"image":{"@id":"https:\/\/www.copealcoy.es\/es\/informativo-matinal-viernes-12-de-diciembre-2025-0750h\/#primaryimage"},"thumbnailUrl":"https:\/\/www.copealcoy.es\/wp-content\/uploads\/2025\/02\/Informativo-Matinal-Castellano.png","articleSection":["Actualidad","Audios de los programas","Informativos","Noticias"],"inLanguage":"es"},{"@type":"WebPage","@id":"https:\/\/www.copealcoy.es\/es\/informativo-matinal-viernes-12-de-diciembre-2025-0750h\/","url":"https:\/\/www.copealcoy.es\/es\/informativo-matinal-viernes-12-de-diciembre-2025-0750h\/","name":"Informativo matinal viernes 12 de diciembre 2025 (07:50h) - COPE Alcoy","isPartOf":{"@id":"https:\/\/www.copealcoy.es\/es\/#website"},"primaryImageOfPage":{"@id":"https:\/\/www.copealcoy.es\/es\/informativo-matinal-viernes-12-de-diciembre-2025-0750h\/#primaryimage"},"image":{"@id":"https:\/\/www.copealcoy.es\/es\/informativo-matinal-viernes-12-de-diciembre-2025-0750h\/#primaryimage"},"thumbnailUrl":"https:\/\/www.copealcoy.es\/wp-content\/uploads\/2025\/02\/Informativo-Matinal-Castellano.png","datePublished":"2025-12-12T06:30:22+00:00","dateModified":"2025-12-13T07:24:57+00:00","author":{"@id":"https:\/\/www.copealcoy.es\/es\/#\/schema\/person\/e777c87fa024e57d40170af9df39882c"},"breadcrumb":{"@id":"https:\/\/www.copealcoy.es\/es\/informativo-matinal-viernes-12-de-diciembre-2025-0750h\/#breadcrumb"},"inLanguage":"es","potentialAction":[{"@type":"ReadAction","target":["https:\/\/www.copealcoy.es\/es\/informativo-matinal-viernes-12-de-diciembre-2025-0750h\/"]}]},{"@type":"ImageObject","inLanguage":"es","@id":"https:\/\/www.copealcoy.es\/es\/informativo-matinal-viernes-12-de-diciembre-2025-0750h\/#primaryimage","url":"https:\/\/www.copealcoy.es\/wp-content\/uploads\/2025\/02\/Informativo-Matinal-Castellano.png","contentUrl":"https:\/\/www.copealcoy.es\/wp-content\/uploads\/2025\/02\/Informativo-Matinal-Castellano.png","width":357,"height":290},{"@type":"BreadcrumbList","@id":"https:\/\/www.copealcoy.es\/es\/informativo-matinal-viernes-12-de-diciembre-2025-0750h\/#breadcrumb","itemListElement":[{"@type":"ListItem","position":1,"name":"Portada","item":"https:\/\/www.copealcoy.es\/es\/"},{"@type":"ListItem","position":2,"name":"Informativo matinal viernes 12 de diciembre 2025 (07:50h)"}]},{"@type":"WebSite","@id":"https:\/\/www.copealcoy.es\/es\/#website","url":"https:\/\/www.copealcoy.es\/es\/","name":"COPE Alcoy","description":"Emisora COPE de radio local con emisi\u00f3n online. Pont de Sant Jordi 8-10 03803 Alcoy","potentialAction":[{"@type":"SearchAction","target":{"@type":"EntryPoint","urlTemplate":"https:\/\/www.copealcoy.es\/es\/?s={search_term_string}"},"query-input":{"@type":"PropertyValueSpecification","valueRequired":true,"valueName":"search_term_string"}}],"inLanguage":"es"},{"@type":"Person","@id":"https:\/\/www.copealcoy.es\/es\/#\/schema\/person\/e777c87fa024e57d40170af9df39882c","name":"Cope Alcoy","image":{"@type":"ImageObject","inLanguage":"es","@id":"https:\/\/secure.gravatar.com\/avatar\/bb65d0283347e303893ba14f0692005417c1e0e690a325a4c5d8bb2b3943ee14?s=96&d=mm&r=g","url":"https:\/\/secure.gravatar.com\/avatar\/bb65d0283347e303893ba14f0692005417c1e0e690a325a4c5d8bb2b3943ee14?s=96&d=mm&r=g","contentUrl":"https:\/\/secure.gravatar.com\/avatar\/bb65d0283347e303893ba14f0692005417c1e0e690a325a4c5d8bb2b3943ee14?s=96&d=mm&r=g","caption":"Cope Alcoy"}}]}},"_links":{"self":[{"href":"https:\/\/www.copealcoy.es\/es\/wp-json\/wp\/v2\/posts\/161126","targetHints":{"allow":["GET"]}}],"collection":[{"href":"https:\/\/www.copealcoy.es\/es\/wp-json\/wp\/v2\/posts"}],"about":[{"href":"https:\/\/www.copealcoy.es\/es\/wp-json\/wp\/v2\/types\/post"}],"author":[{"embeddable":true,"href":"https:\/\/www.copealcoy.es\/es\/wp-json\/wp\/v2\/users\/1"}],"replies":[{"embeddable":true,"href":"https:\/\/www.copealcoy.es\/es\/wp-json\/wp\/v2\/comments?post=161126"}],"version-history":[{"count":1,"href":"https:\/\/www.copealcoy.es\/es\/wp-json\/wp\/v2\/posts\/161126\/revisions"}],"predecessor-version":[{"id":161127,"href":"https:\/\/www.copealcoy.es\/es\/wp-json\/wp\/v2\/posts\/161126\/revisions\/161127"}],"wp:featuredmedia":[{"embeddable":true,"href":"https:\/\/www.copealcoy.es\/es\/wp-json\/wp\/v2\/media\/147669"}],"wp:attachment":[{"href":"https:\/\/www.copealcoy.es\/es\/wp-json\/wp\/v2\/media?parent=161126"}],"wp:term":[{"taxonomy":"category","embeddable":true,"href":"https:\/\/www.copealcoy.es\/es\/wp-json\/wp\/v2\/categories?post=161126"},{"taxonomy":"post_tag","embeddable":true,"href":"https:\/\/www.copealcoy.es\/es\/wp-json\/wp\/v2\/tags?post=161126"}],"curies":[{"name":"wp","href":"https:\/\/api.w.org\/{rel}","templated":true}]}}