{"id":16112,"date":"2015-09-29T10:29:14","date_gmt":"2015-09-29T10:29:14","guid":{"rendered":"http:\/\/copealcoi.es\/new\/?p=16112"},"modified":"2015-10-01T18:39:42","modified_gmt":"2015-10-01T18:39:42","slug":"compromis-promueve-el-consorcio-de-las-comarcas-centrales","status":"publish","type":"post","link":"https:\/\/www.copealcoy.es\/es\/compromis-promueve-el-consorcio-de-las-comarcas-centrales\/","title":{"rendered":"Comprom\u00eds promueve el consorcio de las comarcas centrales"},"content":{"rendered":"<p style=\"text-align: justify;\">Comprom\u00eds ha puesto sobre la mesa toda una declaraci\u00f3n de intenciones para reactivar el consorcio de las comarcas centrales con el fin de impulsar un nuevo modelo econ\u00f3mico y productivo en los diferentes municipios\u00a0de esta importante zona de la Comunidad Valenciana. En este sentido altos cargos de la formaci\u00f3n nacionalista, alcaldes, \u00a0ediles y representantes pol\u00edticos firmaron el lunes la Declaraci\u00f3 d\u00b4 Albaida que se ha suscrito en el\u00a0Palau dels Mil\u00e0 i Arag\u00f3 de esta localidad. \u00a0Todos ellos han coincidido en la necesidad de vertebrar el territorio e impulsar este organismo creado en 1999 pero que dej\u00f3 de funcionar en el 2007 tras estar sin reunirse desde el mismo a\u00f1o 2003. Con este nuevo intento se busca un modelo territorial m\u00e1s pr\u00f3ximo al ciudadano con el fin de crear un instrumento \u00fatil para incidir en la descentralizaci\u00f3n y dar forma a un \u00f3rgano que contribuya a lanzar proyectos e iniciativas relacionados con la ocupaci\u00f3n, la cultura y el turismo.<\/p>\n<p style=\"text-align: justify;\">Se\u00f1alar que entre los firmantes han estado el Presidente de las Cortes Valencianas, Enric Morera, el Conseller de Econom\u00eda Sostenible Rafael Climent o el S\u00edndic en les Corts Fran Ferri, entre otros.<\/p>\n<p>&nbsp;<\/p>\n","protected":false},"excerpt":{"rendered":"<p>Comprom\u00eds ha puesto sobre la mesa toda una declaraci\u00f3n de intenciones para reactivar el consorcio de las comarcas centrales con&#8230;<\/p>\n","protected":false},"author":1,"featured_media":16113,"comment_status":"open","ping_status":"open","sticky":false,"template":"","format":"standard","meta":{"footnotes":""},"categories":[98,75],"tags":[1463,152,390],"class_list":["post-16112","post","type-post","status-publish","format-standard","has-post-thumbnail","hentry","category-comarcas","category-noticias","tag-comarques-centrals","tag-compromis","tag-economia"],"yoast_head":"<!-- This site is optimized with the Yoast SEO plugin v27.3 - https:\/\/yoast.com\/product\/yoast-seo-wordpress\/ -->\n<title>Comprom\u00eds promueve el consorcio de las comarcas centrales - COPE Alcoy<\/title>\n<meta name=\"robots\" content=\"index, follow, max-snippet:-1, max-image-preview:large, max-video-preview:-1\" \/>\n<link rel=\"canonical\" href=\"https:\/\/www.copealcoy.es\/es\/compromis-promueve-el-consorcio-de-las-comarcas-centrales\/\" \/>\n<meta property=\"og:locale\" content=\"es_ES\" \/>\n<meta property=\"og:type\" content=\"article\" \/>\n<meta property=\"og:title\" content=\"Comprom\u00eds promueve el consorcio de las comarcas centrales - COPE Alcoy\" \/>\n<meta property=\"og:description\" content=\"Comprom\u00eds ha puesto sobre la mesa toda una declaraci\u00f3n de intenciones para reactivar el consorcio de las comarcas centrales con...\" \/>\n<meta property=\"og:url\" content=\"https:\/\/www.copealcoy.es\/es\/compromis-promueve-el-consorcio-de-las-comarcas-centrales\/\" \/>\n<meta property=\"og:site_name\" content=\"COPE Alcoy\" \/>\n<meta property=\"article:published_time\" content=\"2015-09-29T10:29:14+00:00\" \/>\n<meta property=\"article:modified_time\" content=\"2015-10-01T18:39:42+00:00\" \/>\n<meta property=\"og:image\" content=\"https:\/\/www.copealcoy.es\/wp-content\/uploads\/2015\/10\/img_20732.jpg\" \/>\n\t<meta property=\"og:image:width\" content=\"670\" \/>\n\t<meta property=\"og:image:height\" content=\"377\" \/>\n\t<meta property=\"og:image:type\" content=\"image\/jpeg\" \/>\n<meta name=\"author\" content=\"Cope Alcoy\" \/>\n<meta name=\"twitter:label1\" content=\"Escrito por\" \/>\n\t<meta name=\"twitter:data1\" content=\"Cope Alcoy\" \/>\n\t<meta name=\"twitter:label2\" content=\"Tiempo de lectura\" \/>\n\t<meta name=\"twitter:data2\" content=\"1 minuto\" \/>\n<script type=\"application\/ld+json\" class=\"yoast-schema-graph\">{\"@context\":\"https:\\\/\\\/schema.org\",\"@graph\":[{\"@type\":\"Article\",\"@id\":\"https:\\\/\\\/www.copealcoy.es\\\/es\\\/compromis-promueve-el-consorcio-de-las-comarcas-centrales\\\/#article\",\"isPartOf\":{\"@id\":\"https:\\\/\\\/www.copealcoy.es\\\/es\\\/compromis-promueve-el-consorcio-de-las-comarcas-centrales\\\/\"},\"author\":{\"name\":\"Cope Alcoy\",\"@id\":\"https:\\\/\\\/www.copealcoy.es\\\/es\\\/#\\\/schema\\\/person\\\/e777c87fa024e57d40170af9df39882c\"},\"headline\":\"Comprom\u00eds promueve el consorcio de las comarcas centrales\",\"datePublished\":\"2015-09-29T10:29:14+00:00\",\"dateModified\":\"2015-10-01T18:39:42+00:00\",\"mainEntityOfPage\":{\"@id\":\"https:\\\/\\\/www.copealcoy.es\\\/es\\\/compromis-promueve-el-consorcio-de-las-comarcas-centrales\\\/\"},\"wordCount\":212,\"commentCount\":0,\"image\":{\"@id\":\"https:\\\/\\\/www.copealcoy.es\\\/es\\\/compromis-promueve-el-consorcio-de-las-comarcas-centrales\\\/#primaryimage\"},\"thumbnailUrl\":\"https:\\\/\\\/www.copealcoy.es\\\/wp-content\\\/uploads\\\/2015\\\/10\\\/img_20732.jpg\",\"keywords\":[\"Comarques Centrals\",\"Comprom\u00eds\",\"Econom\u00eda\"],\"articleSection\":[\"Comarcas\",\"Noticias\"],\"inLanguage\":\"es\"},{\"@type\":\"WebPage\",\"@id\":\"https:\\\/\\\/www.copealcoy.es\\\/es\\\/compromis-promueve-el-consorcio-de-las-comarcas-centrales\\\/\",\"url\":\"https:\\\/\\\/www.copealcoy.es\\\/es\\\/compromis-promueve-el-consorcio-de-las-comarcas-centrales\\\/\",\"name\":\"Comprom\u00eds promueve el consorcio de las comarcas centrales - COPE Alcoy\",\"isPartOf\":{\"@id\":\"https:\\\/\\\/www.copealcoy.es\\\/es\\\/#website\"},\"primaryImageOfPage\":{\"@id\":\"https:\\\/\\\/www.copealcoy.es\\\/es\\\/compromis-promueve-el-consorcio-de-las-comarcas-centrales\\\/#primaryimage\"},\"image\":{\"@id\":\"https:\\\/\\\/www.copealcoy.es\\\/es\\\/compromis-promueve-el-consorcio-de-las-comarcas-centrales\\\/#primaryimage\"},\"thumbnailUrl\":\"https:\\\/\\\/www.copealcoy.es\\\/wp-content\\\/uploads\\\/2015\\\/10\\\/img_20732.jpg\",\"datePublished\":\"2015-09-29T10:29:14+00:00\",\"dateModified\":\"2015-10-01T18:39:42+00:00\",\"author\":{\"@id\":\"https:\\\/\\\/www.copealcoy.es\\\/es\\\/#\\\/schema\\\/person\\\/e777c87fa024e57d40170af9df39882c\"},\"breadcrumb\":{\"@id\":\"https:\\\/\\\/www.copealcoy.es\\\/es\\\/compromis-promueve-el-consorcio-de-las-comarcas-centrales\\\/#breadcrumb\"},\"inLanguage\":\"es\",\"potentialAction\":[{\"@type\":\"ReadAction\",\"target\":[\"https:\\\/\\\/www.copealcoy.es\\\/es\\\/compromis-promueve-el-consorcio-de-las-comarcas-centrales\\\/\"]}]},{\"@type\":\"ImageObject\",\"inLanguage\":\"es\",\"@id\":\"https:\\\/\\\/www.copealcoy.es\\\/es\\\/compromis-promueve-el-consorcio-de-las-comarcas-centrales\\\/#primaryimage\",\"url\":\"https:\\\/\\\/www.copealcoy.es\\\/wp-content\\\/uploads\\\/2015\\\/10\\\/img_20732.jpg\",\"contentUrl\":\"https:\\\/\\\/www.copealcoy.es\\\/wp-content\\\/uploads\\\/2015\\\/10\\\/img_20732.jpg\",\"width\":670,\"height\":377,\"caption\":\"Altos cargos y representantes de Comprom\u00eds en Albaida\"},{\"@type\":\"BreadcrumbList\",\"@id\":\"https:\\\/\\\/www.copealcoy.es\\\/es\\\/compromis-promueve-el-consorcio-de-las-comarcas-centrales\\\/#breadcrumb\",\"itemListElement\":[{\"@type\":\"ListItem\",\"position\":1,\"name\":\"Portada\",\"item\":\"https:\\\/\\\/www.copealcoy.es\\\/es\\\/\"},{\"@type\":\"ListItem\",\"position\":2,\"name\":\"Comprom\u00eds promueve el consorcio de las comarcas centrales\"}]},{\"@type\":\"WebSite\",\"@id\":\"https:\\\/\\\/www.copealcoy.es\\\/es\\\/#website\",\"url\":\"https:\\\/\\\/www.copealcoy.es\\\/es\\\/\",\"name\":\"COPE Alcoy\",\"description\":\"Emisora COPE de radio local con emisi\u00f3n online. Pont de Sant Jordi 8-10 03803 Alcoy\",\"potentialAction\":[{\"@type\":\"SearchAction\",\"target\":{\"@type\":\"EntryPoint\",\"urlTemplate\":\"https:\\\/\\\/www.copealcoy.es\\\/es\\\/?s={search_term_string}\"},\"query-input\":{\"@type\":\"PropertyValueSpecification\",\"valueRequired\":true,\"valueName\":\"search_term_string\"}}],\"inLanguage\":\"es\"},{\"@type\":\"Person\",\"@id\":\"https:\\\/\\\/www.copealcoy.es\\\/es\\\/#\\\/schema\\\/person\\\/e777c87fa024e57d40170af9df39882c\",\"name\":\"Cope Alcoy\",\"image\":{\"@type\":\"ImageObject\",\"inLanguage\":\"es\",\"@id\":\"https:\\\/\\\/secure.gravatar.com\\\/avatar\\\/bb65d0283347e303893ba14f0692005417c1e0e690a325a4c5d8bb2b3943ee14?s=96&d=mm&r=g\",\"url\":\"https:\\\/\\\/secure.gravatar.com\\\/avatar\\\/bb65d0283347e303893ba14f0692005417c1e0e690a325a4c5d8bb2b3943ee14?s=96&d=mm&r=g\",\"contentUrl\":\"https:\\\/\\\/secure.gravatar.com\\\/avatar\\\/bb65d0283347e303893ba14f0692005417c1e0e690a325a4c5d8bb2b3943ee14?s=96&d=mm&r=g\",\"caption\":\"Cope Alcoy\"}}]}<\/script>\n<!-- \/ Yoast SEO plugin. -->","yoast_head_json":{"title":"Comprom\u00eds promueve el consorcio de las comarcas centrales - COPE Alcoy","robots":{"index":"index","follow":"follow","max-snippet":"max-snippet:-1","max-image-preview":"max-image-preview:large","max-video-preview":"max-video-preview:-1"},"canonical":"https:\/\/www.copealcoy.es\/es\/compromis-promueve-el-consorcio-de-las-comarcas-centrales\/","og_locale":"es_ES","og_type":"article","og_title":"Comprom\u00eds promueve el consorcio de las comarcas centrales - COPE Alcoy","og_description":"Comprom\u00eds ha puesto sobre la mesa toda una declaraci\u00f3n de intenciones para reactivar el consorcio de las comarcas centrales con...","og_url":"https:\/\/www.copealcoy.es\/es\/compromis-promueve-el-consorcio-de-las-comarcas-centrales\/","og_site_name":"COPE Alcoy","article_published_time":"2015-09-29T10:29:14+00:00","article_modified_time":"2015-10-01T18:39:42+00:00","og_image":[{"width":670,"height":377,"url":"https:\/\/www.copealcoy.es\/wp-content\/uploads\/2015\/10\/img_20732.jpg","type":"image\/jpeg"}],"author":"Cope Alcoy","twitter_misc":{"Escrito por":"Cope Alcoy","Tiempo de lectura":"1 minuto"},"schema":{"@context":"https:\/\/schema.org","@graph":[{"@type":"Article","@id":"https:\/\/www.copealcoy.es\/es\/compromis-promueve-el-consorcio-de-las-comarcas-centrales\/#article","isPartOf":{"@id":"https:\/\/www.copealcoy.es\/es\/compromis-promueve-el-consorcio-de-las-comarcas-centrales\/"},"author":{"name":"Cope Alcoy","@id":"https:\/\/www.copealcoy.es\/es\/#\/schema\/person\/e777c87fa024e57d40170af9df39882c"},"headline":"Comprom\u00eds promueve el consorcio de las comarcas centrales","datePublished":"2015-09-29T10:29:14+00:00","dateModified":"2015-10-01T18:39:42+00:00","mainEntityOfPage":{"@id":"https:\/\/www.copealcoy.es\/es\/compromis-promueve-el-consorcio-de-las-comarcas-centrales\/"},"wordCount":212,"commentCount":0,"image":{"@id":"https:\/\/www.copealcoy.es\/es\/compromis-promueve-el-consorcio-de-las-comarcas-centrales\/#primaryimage"},"thumbnailUrl":"https:\/\/www.copealcoy.es\/wp-content\/uploads\/2015\/10\/img_20732.jpg","keywords":["Comarques Centrals","Comprom\u00eds","Econom\u00eda"],"articleSection":["Comarcas","Noticias"],"inLanguage":"es"},{"@type":"WebPage","@id":"https:\/\/www.copealcoy.es\/es\/compromis-promueve-el-consorcio-de-las-comarcas-centrales\/","url":"https:\/\/www.copealcoy.es\/es\/compromis-promueve-el-consorcio-de-las-comarcas-centrales\/","name":"Comprom\u00eds promueve el consorcio de las comarcas centrales - COPE Alcoy","isPartOf":{"@id":"https:\/\/www.copealcoy.es\/es\/#website"},"primaryImageOfPage":{"@id":"https:\/\/www.copealcoy.es\/es\/compromis-promueve-el-consorcio-de-las-comarcas-centrales\/#primaryimage"},"image":{"@id":"https:\/\/www.copealcoy.es\/es\/compromis-promueve-el-consorcio-de-las-comarcas-centrales\/#primaryimage"},"thumbnailUrl":"https:\/\/www.copealcoy.es\/wp-content\/uploads\/2015\/10\/img_20732.jpg","datePublished":"2015-09-29T10:29:14+00:00","dateModified":"2015-10-01T18:39:42+00:00","author":{"@id":"https:\/\/www.copealcoy.es\/es\/#\/schema\/person\/e777c87fa024e57d40170af9df39882c"},"breadcrumb":{"@id":"https:\/\/www.copealcoy.es\/es\/compromis-promueve-el-consorcio-de-las-comarcas-centrales\/#breadcrumb"},"inLanguage":"es","potentialAction":[{"@type":"ReadAction","target":["https:\/\/www.copealcoy.es\/es\/compromis-promueve-el-consorcio-de-las-comarcas-centrales\/"]}]},{"@type":"ImageObject","inLanguage":"es","@id":"https:\/\/www.copealcoy.es\/es\/compromis-promueve-el-consorcio-de-las-comarcas-centrales\/#primaryimage","url":"https:\/\/www.copealcoy.es\/wp-content\/uploads\/2015\/10\/img_20732.jpg","contentUrl":"https:\/\/www.copealcoy.es\/wp-content\/uploads\/2015\/10\/img_20732.jpg","width":670,"height":377,"caption":"Altos cargos y representantes de Comprom\u00eds en Albaida"},{"@type":"BreadcrumbList","@id":"https:\/\/www.copealcoy.es\/es\/compromis-promueve-el-consorcio-de-las-comarcas-centrales\/#breadcrumb","itemListElement":[{"@type":"ListItem","position":1,"name":"Portada","item":"https:\/\/www.copealcoy.es\/es\/"},{"@type":"ListItem","position":2,"name":"Comprom\u00eds promueve el consorcio de las comarcas centrales"}]},{"@type":"WebSite","@id":"https:\/\/www.copealcoy.es\/es\/#website","url":"https:\/\/www.copealcoy.es\/es\/","name":"COPE Alcoy","description":"Emisora COPE de radio local con emisi\u00f3n online. Pont de Sant Jordi 8-10 03803 Alcoy","potentialAction":[{"@type":"SearchAction","target":{"@type":"EntryPoint","urlTemplate":"https:\/\/www.copealcoy.es\/es\/?s={search_term_string}"},"query-input":{"@type":"PropertyValueSpecification","valueRequired":true,"valueName":"search_term_string"}}],"inLanguage":"es"},{"@type":"Person","@id":"https:\/\/www.copealcoy.es\/es\/#\/schema\/person\/e777c87fa024e57d40170af9df39882c","name":"Cope Alcoy","image":{"@type":"ImageObject","inLanguage":"es","@id":"https:\/\/secure.gravatar.com\/avatar\/bb65d0283347e303893ba14f0692005417c1e0e690a325a4c5d8bb2b3943ee14?s=96&d=mm&r=g","url":"https:\/\/secure.gravatar.com\/avatar\/bb65d0283347e303893ba14f0692005417c1e0e690a325a4c5d8bb2b3943ee14?s=96&d=mm&r=g","contentUrl":"https:\/\/secure.gravatar.com\/avatar\/bb65d0283347e303893ba14f0692005417c1e0e690a325a4c5d8bb2b3943ee14?s=96&d=mm&r=g","caption":"Cope Alcoy"}}]}},"_links":{"self":[{"href":"https:\/\/www.copealcoy.es\/es\/wp-json\/wp\/v2\/posts\/16112","targetHints":{"allow":["GET"]}}],"collection":[{"href":"https:\/\/www.copealcoy.es\/es\/wp-json\/wp\/v2\/posts"}],"about":[{"href":"https:\/\/www.copealcoy.es\/es\/wp-json\/wp\/v2\/types\/post"}],"author":[{"embeddable":true,"href":"https:\/\/www.copealcoy.es\/es\/wp-json\/wp\/v2\/users\/1"}],"replies":[{"embeddable":true,"href":"https:\/\/www.copealcoy.es\/es\/wp-json\/wp\/v2\/comments?post=16112"}],"version-history":[{"count":0,"href":"https:\/\/www.copealcoy.es\/es\/wp-json\/wp\/v2\/posts\/16112\/revisions"}],"wp:featuredmedia":[{"embeddable":true,"href":"https:\/\/www.copealcoy.es\/es\/wp-json\/wp\/v2\/media\/16113"}],"wp:attachment":[{"href":"https:\/\/www.copealcoy.es\/es\/wp-json\/wp\/v2\/media?parent=16112"}],"wp:term":[{"taxonomy":"category","embeddable":true,"href":"https:\/\/www.copealcoy.es\/es\/wp-json\/wp\/v2\/categories?post=16112"},{"taxonomy":"post_tag","embeddable":true,"href":"https:\/\/www.copealcoy.es\/es\/wp-json\/wp\/v2\/tags?post=16112"}],"curies":[{"name":"wp","href":"https:\/\/api.w.org\/{rel}","templated":true}]}}