{"id":161109,"date":"2025-12-12T08:00:44","date_gmt":"2025-12-12T07:00:44","guid":{"rendered":"https:\/\/www.copealcoy.es\/?p=161109"},"modified":"2025-12-12T12:34:42","modified_gmt":"2025-12-12T11:34:42","slug":"cocentaina-prepara-su-mercat-de-nadal-con-actividades-para-toda-la-familia","status":"publish","type":"post","link":"https:\/\/www.copealcoy.es\/es\/cocentaina-prepara-su-mercat-de-nadal-con-actividades-para-toda-la-familia\/","title":{"rendered":"Cocentaina prepara su &#8216;Mercat de Nadal&#8217; con actividades para toda la familia"},"content":{"rendered":"<p style=\"text-align: justify;\"><a href=\"https:\/\/www.cocentaina.es\/\" target=\"_blank\" rel=\"noopener\"><strong><span style=\"color: #0000ff;\">Cocentaina<\/span> <\/strong><\/a>dio la bienvenida a la Navidad el pasado jueves 4 de diciembre, <strong>con el encendido de la iluminaci\u00f3n especial<\/strong>, y dentro del <strong>&#8216;Nadal Contest\u00e0&#8217;<\/strong> encontramos <strong>una interesante iniciativa<\/strong> para este fin de semana. Se trata del <strong>&#8216;Mercat de Nadal&#8217;<\/strong>, certamen que resurgi\u00f3 hace un tiempo y que ya se ha hecho un hueco en la programaci\u00f3n navide\u00f1a de la capital del Comtat.<\/p>\n<p style=\"text-align: justify;\">El mercado <strong>estar\u00e1 situado en la plaza de El Pla<\/strong>, ante el Palau Comtal, y <strong>arrancar\u00e1 esta tarde a partir de las18:00h<\/strong> con la inauguraci\u00f3n oficial. La apertura contar\u00e1 con varios parlamentos institucionales y seguidamente se dar\u00e1 paso a una actuaci\u00f3n a cargo de la Escuela de Danza de Alicia Montava. A partir de ah\u00ed arrancar\u00e1 la actividad comercial estando previsto que a las 20:00h tenga lugar una nueva puesta en escena titulada &#8216;Nadaletes a c\u00e0rrec de Mimi y los Trileros&#8217; en esta ocasi\u00f3n &#8220;<em>vamos a tener 20 puestos de venta y de ellos quince son comercios locales mientras que el resto pertenecen a poblaciones de la comarca como Alcoy o Muro. Hemos montado unos stands especiales, con decoraci\u00f3n navide\u00f1a, para dar una ambientaci\u00f3n especial a todo el entorno<\/em>&#8220;, explicaba en COPE ALCOY el primer teniente de alcalde de la Villa Condal y edil de Comercio; <strong>Jordi Pla<\/strong>. A todo ello se le unen propuestas para los m\u00e1s peque\u00f1os el s\u00e1bado, jornada en la que el mercado funcionar\u00e1 ma\u00f1ana y tarde, mientras que en el patio de armas del Palau Comtal se llevar\u00e1 a cabo una nueva entrega del &#8216;Mercat Nadalenc de Disseny i Nova Artesania&#8217; &#8220;<em>en esta caso ser\u00e1n 16 paradas que se sumar\u00e1n a las 20 que ya que presentar\u00e1 el mercado desde esta tarde. Animamos a vecinos, pero tambi\u00e9n visitantes de estas comarcas, a que vengan a disfrutar de todo lo que se ha preparado<\/em>&#8220;, concluye Pla.<\/p>\n<p style=\"text-align: justify;\">El &#8216;Mercat de Nadal&#8217; de Cocentaina <strong>lo impulsa la Asociaci\u00f3n de Comercio El Comtat<\/strong> que preside en estos momentos la contestana Natalia Valls. Tambi\u00e9n cuenta con el respaldo del \u00e1rea de Comercio del Ayuntamiento de la poblaci\u00f3n.<\/p>\n","protected":false},"excerpt":{"rendered":"<p>Cocentaina dio la bienvenida a la Navidad el pasado jueves 4 de diciembre, con el encendido de la iluminaci\u00f3n especial,&#8230;<\/p>\n","protected":false},"author":1,"featured_media":161110,"comment_status":"closed","ping_status":"closed","sticky":false,"template":"","format":"standard","meta":{"footnotes":""},"categories":[6909,98,75],"tags":[132,467,2092,4970],"class_list":["post-161109","post","type-post","status-publish","format-standard","has-post-thumbnail","hentry","category-actualidad","category-comarcas","category-noticias","tag-cocentaina","tag-comercio","tag-jordi-pla","tag-mercat-de-nadal"],"yoast_head":"<!-- This site is optimized with the Yoast SEO plugin v27.3 - https:\/\/yoast.com\/product\/yoast-seo-wordpress\/ -->\n<title>Cocentaina prepara su &#039;Mercat de Nadal&#039; con actividades para toda la familia - COPE Alcoy<\/title>\n<meta name=\"description\" content=\"Cocentaina prepara su &#039;Mercat de Nadal&#039; con actividades para toda la familia\" \/>\n<meta name=\"robots\" content=\"index, follow, max-snippet:-1, max-image-preview:large, max-video-preview:-1\" \/>\n<link rel=\"canonical\" href=\"https:\/\/www.copealcoy.es\/es\/cocentaina-prepara-su-mercat-de-nadal-con-actividades-para-toda-la-familia\/\" \/>\n<meta property=\"og:locale\" content=\"es_ES\" \/>\n<meta property=\"og:type\" content=\"article\" \/>\n<meta property=\"og:title\" content=\"Cocentaina prepara su &#039;Mercat de Nadal&#039; con actividades para toda la familia - COPE Alcoy\" \/>\n<meta property=\"og:description\" content=\"Cocentaina prepara su &#039;Mercat de Nadal&#039; con actividades para toda la familia\" \/>\n<meta property=\"og:url\" content=\"https:\/\/www.copealcoy.es\/es\/cocentaina-prepara-su-mercat-de-nadal-con-actividades-para-toda-la-familia\/\" \/>\n<meta property=\"og:site_name\" content=\"COPE Alcoy\" \/>\n<meta property=\"article:published_time\" content=\"2025-12-12T07:00:44+00:00\" \/>\n<meta property=\"article:modified_time\" content=\"2025-12-12T11:34:42+00:00\" \/>\n<meta property=\"og:image\" content=\"https:\/\/www.copealcoy.es\/wp-content\/uploads\/2025\/12\/WhatsApp-Image-2025-12-09-at-8.54.25-AM-1-scaled.jpeg\" \/>\n\t<meta property=\"og:image:width\" content=\"2560\" \/>\n\t<meta property=\"og:image:height\" content=\"1920\" \/>\n\t<meta property=\"og:image:type\" content=\"image\/jpeg\" \/>\n<meta name=\"author\" content=\"Cope Alcoy\" \/>\n<meta name=\"twitter:label1\" content=\"Escrito por\" \/>\n\t<meta name=\"twitter:data1\" content=\"Cope Alcoy\" \/>\n\t<meta name=\"twitter:label2\" content=\"Tiempo de lectura\" \/>\n\t<meta name=\"twitter:data2\" content=\"3 minutos\" \/>\n<script type=\"application\/ld+json\" class=\"yoast-schema-graph\">{\"@context\":\"https:\\\/\\\/schema.org\",\"@graph\":[{\"@type\":\"Article\",\"@id\":\"https:\\\/\\\/www.copealcoy.es\\\/es\\\/cocentaina-prepara-su-mercat-de-nadal-con-actividades-para-toda-la-familia\\\/#article\",\"isPartOf\":{\"@id\":\"https:\\\/\\\/www.copealcoy.es\\\/es\\\/cocentaina-prepara-su-mercat-de-nadal-con-actividades-para-toda-la-familia\\\/\"},\"author\":{\"name\":\"Cope Alcoy\",\"@id\":\"https:\\\/\\\/www.copealcoy.es\\\/es\\\/#\\\/schema\\\/person\\\/e777c87fa024e57d40170af9df39882c\"},\"headline\":\"Cocentaina prepara su &#8216;Mercat de Nadal&#8217; con actividades para toda la familia\",\"datePublished\":\"2025-12-12T07:00:44+00:00\",\"dateModified\":\"2025-12-12T11:34:42+00:00\",\"mainEntityOfPage\":{\"@id\":\"https:\\\/\\\/www.copealcoy.es\\\/es\\\/cocentaina-prepara-su-mercat-de-nadal-con-actividades-para-toda-la-familia\\\/\"},\"wordCount\":369,\"image\":{\"@id\":\"https:\\\/\\\/www.copealcoy.es\\\/es\\\/cocentaina-prepara-su-mercat-de-nadal-con-actividades-para-toda-la-familia\\\/#primaryimage\"},\"thumbnailUrl\":\"https:\\\/\\\/www.copealcoy.es\\\/wp-content\\\/uploads\\\/2025\\\/12\\\/WhatsApp-Image-2025-12-09-at-8.54.25-AM-1-scaled.jpeg\",\"keywords\":[\"Cocentaina\",\"Comercio\",\"Jordi Pla\",\"Mercat de Nadal\"],\"articleSection\":[\"Actualidad\",\"Comarcas\",\"Noticias\"],\"inLanguage\":\"es\"},{\"@type\":\"WebPage\",\"@id\":\"https:\\\/\\\/www.copealcoy.es\\\/es\\\/cocentaina-prepara-su-mercat-de-nadal-con-actividades-para-toda-la-familia\\\/\",\"url\":\"https:\\\/\\\/www.copealcoy.es\\\/es\\\/cocentaina-prepara-su-mercat-de-nadal-con-actividades-para-toda-la-familia\\\/\",\"name\":\"Cocentaina prepara su 'Mercat de Nadal' con actividades para toda la familia - COPE Alcoy\",\"isPartOf\":{\"@id\":\"https:\\\/\\\/www.copealcoy.es\\\/es\\\/#website\"},\"primaryImageOfPage\":{\"@id\":\"https:\\\/\\\/www.copealcoy.es\\\/es\\\/cocentaina-prepara-su-mercat-de-nadal-con-actividades-para-toda-la-familia\\\/#primaryimage\"},\"image\":{\"@id\":\"https:\\\/\\\/www.copealcoy.es\\\/es\\\/cocentaina-prepara-su-mercat-de-nadal-con-actividades-para-toda-la-familia\\\/#primaryimage\"},\"thumbnailUrl\":\"https:\\\/\\\/www.copealcoy.es\\\/wp-content\\\/uploads\\\/2025\\\/12\\\/WhatsApp-Image-2025-12-09-at-8.54.25-AM-1-scaled.jpeg\",\"datePublished\":\"2025-12-12T07:00:44+00:00\",\"dateModified\":\"2025-12-12T11:34:42+00:00\",\"author\":{\"@id\":\"https:\\\/\\\/www.copealcoy.es\\\/es\\\/#\\\/schema\\\/person\\\/e777c87fa024e57d40170af9df39882c\"},\"description\":\"Cocentaina prepara su 'Mercat de Nadal' con actividades para toda la familia\",\"breadcrumb\":{\"@id\":\"https:\\\/\\\/www.copealcoy.es\\\/es\\\/cocentaina-prepara-su-mercat-de-nadal-con-actividades-para-toda-la-familia\\\/#breadcrumb\"},\"inLanguage\":\"es\",\"potentialAction\":[{\"@type\":\"ReadAction\",\"target\":[\"https:\\\/\\\/www.copealcoy.es\\\/es\\\/cocentaina-prepara-su-mercat-de-nadal-con-actividades-para-toda-la-familia\\\/\"]}]},{\"@type\":\"ImageObject\",\"inLanguage\":\"es\",\"@id\":\"https:\\\/\\\/www.copealcoy.es\\\/es\\\/cocentaina-prepara-su-mercat-de-nadal-con-actividades-para-toda-la-familia\\\/#primaryimage\",\"url\":\"https:\\\/\\\/www.copealcoy.es\\\/wp-content\\\/uploads\\\/2025\\\/12\\\/WhatsApp-Image-2025-12-09-at-8.54.25-AM-1-scaled.jpeg\",\"contentUrl\":\"https:\\\/\\\/www.copealcoy.es\\\/wp-content\\\/uploads\\\/2025\\\/12\\\/WhatsApp-Image-2025-12-09-at-8.54.25-AM-1-scaled.jpeg\",\"width\":2560,\"height\":1920},{\"@type\":\"BreadcrumbList\",\"@id\":\"https:\\\/\\\/www.copealcoy.es\\\/es\\\/cocentaina-prepara-su-mercat-de-nadal-con-actividades-para-toda-la-familia\\\/#breadcrumb\",\"itemListElement\":[{\"@type\":\"ListItem\",\"position\":1,\"name\":\"Portada\",\"item\":\"https:\\\/\\\/www.copealcoy.es\\\/es\\\/\"},{\"@type\":\"ListItem\",\"position\":2,\"name\":\"Cocentaina prepara su &#8216;Mercat de Nadal&#8217; con actividades para toda la familia\"}]},{\"@type\":\"WebSite\",\"@id\":\"https:\\\/\\\/www.copealcoy.es\\\/es\\\/#website\",\"url\":\"https:\\\/\\\/www.copealcoy.es\\\/es\\\/\",\"name\":\"COPE Alcoy\",\"description\":\"Emisora COPE de radio local con emisi\u00f3n online. Pont de Sant Jordi 8-10 03803 Alcoy\",\"potentialAction\":[{\"@type\":\"SearchAction\",\"target\":{\"@type\":\"EntryPoint\",\"urlTemplate\":\"https:\\\/\\\/www.copealcoy.es\\\/es\\\/?s={search_term_string}\"},\"query-input\":{\"@type\":\"PropertyValueSpecification\",\"valueRequired\":true,\"valueName\":\"search_term_string\"}}],\"inLanguage\":\"es\"},{\"@type\":\"Person\",\"@id\":\"https:\\\/\\\/www.copealcoy.es\\\/es\\\/#\\\/schema\\\/person\\\/e777c87fa024e57d40170af9df39882c\",\"name\":\"Cope Alcoy\",\"image\":{\"@type\":\"ImageObject\",\"inLanguage\":\"es\",\"@id\":\"https:\\\/\\\/secure.gravatar.com\\\/avatar\\\/bb65d0283347e303893ba14f0692005417c1e0e690a325a4c5d8bb2b3943ee14?s=96&d=mm&r=g\",\"url\":\"https:\\\/\\\/secure.gravatar.com\\\/avatar\\\/bb65d0283347e303893ba14f0692005417c1e0e690a325a4c5d8bb2b3943ee14?s=96&d=mm&r=g\",\"contentUrl\":\"https:\\\/\\\/secure.gravatar.com\\\/avatar\\\/bb65d0283347e303893ba14f0692005417c1e0e690a325a4c5d8bb2b3943ee14?s=96&d=mm&r=g\",\"caption\":\"Cope Alcoy\"}}]}<\/script>\n<!-- \/ Yoast SEO plugin. -->","yoast_head_json":{"title":"Cocentaina prepara su 'Mercat de Nadal' con actividades para toda la familia - COPE Alcoy","description":"Cocentaina prepara su 'Mercat de Nadal' con actividades para toda la familia","robots":{"index":"index","follow":"follow","max-snippet":"max-snippet:-1","max-image-preview":"max-image-preview:large","max-video-preview":"max-video-preview:-1"},"canonical":"https:\/\/www.copealcoy.es\/es\/cocentaina-prepara-su-mercat-de-nadal-con-actividades-para-toda-la-familia\/","og_locale":"es_ES","og_type":"article","og_title":"Cocentaina prepara su 'Mercat de Nadal' con actividades para toda la familia - COPE Alcoy","og_description":"Cocentaina prepara su 'Mercat de Nadal' con actividades para toda la familia","og_url":"https:\/\/www.copealcoy.es\/es\/cocentaina-prepara-su-mercat-de-nadal-con-actividades-para-toda-la-familia\/","og_site_name":"COPE Alcoy","article_published_time":"2025-12-12T07:00:44+00:00","article_modified_time":"2025-12-12T11:34:42+00:00","og_image":[{"width":2560,"height":1920,"url":"https:\/\/www.copealcoy.es\/wp-content\/uploads\/2025\/12\/WhatsApp-Image-2025-12-09-at-8.54.25-AM-1-scaled.jpeg","type":"image\/jpeg"}],"author":"Cope Alcoy","twitter_misc":{"Escrito por":"Cope Alcoy","Tiempo de lectura":"3 minutos"},"schema":{"@context":"https:\/\/schema.org","@graph":[{"@type":"Article","@id":"https:\/\/www.copealcoy.es\/es\/cocentaina-prepara-su-mercat-de-nadal-con-actividades-para-toda-la-familia\/#article","isPartOf":{"@id":"https:\/\/www.copealcoy.es\/es\/cocentaina-prepara-su-mercat-de-nadal-con-actividades-para-toda-la-familia\/"},"author":{"name":"Cope Alcoy","@id":"https:\/\/www.copealcoy.es\/es\/#\/schema\/person\/e777c87fa024e57d40170af9df39882c"},"headline":"Cocentaina prepara su &#8216;Mercat de Nadal&#8217; con actividades para toda la familia","datePublished":"2025-12-12T07:00:44+00:00","dateModified":"2025-12-12T11:34:42+00:00","mainEntityOfPage":{"@id":"https:\/\/www.copealcoy.es\/es\/cocentaina-prepara-su-mercat-de-nadal-con-actividades-para-toda-la-familia\/"},"wordCount":369,"image":{"@id":"https:\/\/www.copealcoy.es\/es\/cocentaina-prepara-su-mercat-de-nadal-con-actividades-para-toda-la-familia\/#primaryimage"},"thumbnailUrl":"https:\/\/www.copealcoy.es\/wp-content\/uploads\/2025\/12\/WhatsApp-Image-2025-12-09-at-8.54.25-AM-1-scaled.jpeg","keywords":["Cocentaina","Comercio","Jordi Pla","Mercat de Nadal"],"articleSection":["Actualidad","Comarcas","Noticias"],"inLanguage":"es"},{"@type":"WebPage","@id":"https:\/\/www.copealcoy.es\/es\/cocentaina-prepara-su-mercat-de-nadal-con-actividades-para-toda-la-familia\/","url":"https:\/\/www.copealcoy.es\/es\/cocentaina-prepara-su-mercat-de-nadal-con-actividades-para-toda-la-familia\/","name":"Cocentaina prepara su 'Mercat de Nadal' con actividades para toda la familia - COPE Alcoy","isPartOf":{"@id":"https:\/\/www.copealcoy.es\/es\/#website"},"primaryImageOfPage":{"@id":"https:\/\/www.copealcoy.es\/es\/cocentaina-prepara-su-mercat-de-nadal-con-actividades-para-toda-la-familia\/#primaryimage"},"image":{"@id":"https:\/\/www.copealcoy.es\/es\/cocentaina-prepara-su-mercat-de-nadal-con-actividades-para-toda-la-familia\/#primaryimage"},"thumbnailUrl":"https:\/\/www.copealcoy.es\/wp-content\/uploads\/2025\/12\/WhatsApp-Image-2025-12-09-at-8.54.25-AM-1-scaled.jpeg","datePublished":"2025-12-12T07:00:44+00:00","dateModified":"2025-12-12T11:34:42+00:00","author":{"@id":"https:\/\/www.copealcoy.es\/es\/#\/schema\/person\/e777c87fa024e57d40170af9df39882c"},"description":"Cocentaina prepara su 'Mercat de Nadal' con actividades para toda la familia","breadcrumb":{"@id":"https:\/\/www.copealcoy.es\/es\/cocentaina-prepara-su-mercat-de-nadal-con-actividades-para-toda-la-familia\/#breadcrumb"},"inLanguage":"es","potentialAction":[{"@type":"ReadAction","target":["https:\/\/www.copealcoy.es\/es\/cocentaina-prepara-su-mercat-de-nadal-con-actividades-para-toda-la-familia\/"]}]},{"@type":"ImageObject","inLanguage":"es","@id":"https:\/\/www.copealcoy.es\/es\/cocentaina-prepara-su-mercat-de-nadal-con-actividades-para-toda-la-familia\/#primaryimage","url":"https:\/\/www.copealcoy.es\/wp-content\/uploads\/2025\/12\/WhatsApp-Image-2025-12-09-at-8.54.25-AM-1-scaled.jpeg","contentUrl":"https:\/\/www.copealcoy.es\/wp-content\/uploads\/2025\/12\/WhatsApp-Image-2025-12-09-at-8.54.25-AM-1-scaled.jpeg","width":2560,"height":1920},{"@type":"BreadcrumbList","@id":"https:\/\/www.copealcoy.es\/es\/cocentaina-prepara-su-mercat-de-nadal-con-actividades-para-toda-la-familia\/#breadcrumb","itemListElement":[{"@type":"ListItem","position":1,"name":"Portada","item":"https:\/\/www.copealcoy.es\/es\/"},{"@type":"ListItem","position":2,"name":"Cocentaina prepara su &#8216;Mercat de Nadal&#8217; con actividades para toda la familia"}]},{"@type":"WebSite","@id":"https:\/\/www.copealcoy.es\/es\/#website","url":"https:\/\/www.copealcoy.es\/es\/","name":"COPE Alcoy","description":"Emisora COPE de radio local con emisi\u00f3n online. Pont de Sant Jordi 8-10 03803 Alcoy","potentialAction":[{"@type":"SearchAction","target":{"@type":"EntryPoint","urlTemplate":"https:\/\/www.copealcoy.es\/es\/?s={search_term_string}"},"query-input":{"@type":"PropertyValueSpecification","valueRequired":true,"valueName":"search_term_string"}}],"inLanguage":"es"},{"@type":"Person","@id":"https:\/\/www.copealcoy.es\/es\/#\/schema\/person\/e777c87fa024e57d40170af9df39882c","name":"Cope Alcoy","image":{"@type":"ImageObject","inLanguage":"es","@id":"https:\/\/secure.gravatar.com\/avatar\/bb65d0283347e303893ba14f0692005417c1e0e690a325a4c5d8bb2b3943ee14?s=96&d=mm&r=g","url":"https:\/\/secure.gravatar.com\/avatar\/bb65d0283347e303893ba14f0692005417c1e0e690a325a4c5d8bb2b3943ee14?s=96&d=mm&r=g","contentUrl":"https:\/\/secure.gravatar.com\/avatar\/bb65d0283347e303893ba14f0692005417c1e0e690a325a4c5d8bb2b3943ee14?s=96&d=mm&r=g","caption":"Cope Alcoy"}}]}},"_links":{"self":[{"href":"https:\/\/www.copealcoy.es\/es\/wp-json\/wp\/v2\/posts\/161109","targetHints":{"allow":["GET"]}}],"collection":[{"href":"https:\/\/www.copealcoy.es\/es\/wp-json\/wp\/v2\/posts"}],"about":[{"href":"https:\/\/www.copealcoy.es\/es\/wp-json\/wp\/v2\/types\/post"}],"author":[{"embeddable":true,"href":"https:\/\/www.copealcoy.es\/es\/wp-json\/wp\/v2\/users\/1"}],"replies":[{"embeddable":true,"href":"https:\/\/www.copealcoy.es\/es\/wp-json\/wp\/v2\/comments?post=161109"}],"version-history":[{"count":2,"href":"https:\/\/www.copealcoy.es\/es\/wp-json\/wp\/v2\/posts\/161109\/revisions"}],"predecessor-version":[{"id":161113,"href":"https:\/\/www.copealcoy.es\/es\/wp-json\/wp\/v2\/posts\/161109\/revisions\/161113"}],"wp:featuredmedia":[{"embeddable":true,"href":"https:\/\/www.copealcoy.es\/es\/wp-json\/wp\/v2\/media\/161110"}],"wp:attachment":[{"href":"https:\/\/www.copealcoy.es\/es\/wp-json\/wp\/v2\/media?parent=161109"}],"wp:term":[{"taxonomy":"category","embeddable":true,"href":"https:\/\/www.copealcoy.es\/es\/wp-json\/wp\/v2\/categories?post=161109"},{"taxonomy":"post_tag","embeddable":true,"href":"https:\/\/www.copealcoy.es\/es\/wp-json\/wp\/v2\/tags?post=161109"}],"curies":[{"name":"wp","href":"https:\/\/api.w.org\/{rel}","templated":true}]}}