{"id":161098,"date":"2025-12-11T18:20:36","date_gmt":"2025-12-11T17:20:36","guid":{"rendered":"https:\/\/www.copealcoy.es\/?p=161098"},"modified":"2025-12-12T08:31:54","modified_gmt":"2025-12-12T07:31:54","slug":"detenido-un-hombre-en-cocentaina-tras-huir-por-los-tejados-en-un-intento-de-robo","status":"publish","type":"post","link":"https:\/\/www.copealcoy.es\/es\/detenido-un-hombre-en-cocentaina-tras-huir-por-los-tejados-en-un-intento-de-robo\/","title":{"rendered":"Detenido un hombre en Cocentaina tras huir por los tejados en un intento de robo"},"content":{"rendered":"<p style=\"text-align: justify;\" data-start=\"175\" data-end=\"607\">Este jueves por la ma\u00f1ana, alrededor de las <strong data-start=\"219\" data-end=\"234\">11:00 horas<\/strong>, la <a href=\"https:\/\/www.facebook.com\/profile.php?id=100050959311759\" target=\"_blank\" rel=\"noopener\"><span style=\"color: #0000ff;\"><strong data-start=\"239\" data-end=\"270\">Polic\u00eda Local de Cocentaina<\/strong><\/span><\/a> ha detenido a un hombre de 25 a\u00f1os y <strong>nacionalidad georgiana<\/strong> tras un <strong data-start=\"343\" data-end=\"362\">intento de robo<\/strong> en una vivienda situada en la calle <strong data-start=\"399\" data-end=\"418\">Roig de Corella<\/strong>. La propietaria, que se encontraba en el interior del domicilio, sorprendi\u00f3 a dos individuos mientras intentaban forzar la puerta con <strong data-start=\"553\" data-end=\"564\">ganz\u00faas<\/strong>, y alert\u00f3 de inmediato a la Polic\u00eda Local contestana.<\/p>\n<p style=\"text-align: justify;\" data-start=\"609\" data-end=\"972\">Los agentes desplegaron un <strong data-start=\"636\" data-end=\"672\">dispositivo especial de b\u00fasqueda<\/strong> y localizaron a los sospechosos mediante un <strong data-start=\"717\" data-end=\"734\">dron policial<\/strong>, descubri\u00e9ndolos ocultos sobre la azotea de un edificio pr\u00f3ximo. Al percatarse de la presencia del dron, los dos hombres emprendieron la <strong data-start=\"872\" data-end=\"897\">huida por los tejados<\/strong>, lo que dio inicio a una intensa <strong data-start=\"931\" data-end=\"946\">persecuci\u00f3n<\/strong> por parte de los agentes. Finalmente, la Polic\u00eda Local consigui\u00f3 <strong data-start=\"1013\" data-end=\"1038\">interceptar y detener<\/strong> a uno de los individuos, que hab\u00eda tratado de esconder un <strong data-start=\"1097\" data-end=\"1137\">malet\u00edn con herramientas espec\u00edficas<\/strong> utilizadas habitualmente para la apertura il\u00edcita de puertas, como ganz\u00faas, pl\u00e1sticos empleados en el m\u00e9todo del <em>\u201cresbal\u00f3n<\/em>\u201d y materiales usados para t\u00e9cnicas como el<em> &#8216;bumping&#8217; <\/em>tal como informa la misma Polic\u00eda Local.<\/p>\n<p style=\"text-align: justify;\" data-start=\"1309\" data-end=\"1746\">El detenido ha sido puesto a <strong data-start=\"1338\" data-end=\"1373\">disposici\u00f3n de la Guardia Civil<\/strong>, que contin\u00faa con las diligencias para esclarecer los hechos, y determinar si los sospechosos formaban parte de una <strong data-start=\"1489\" data-end=\"1509\">banda organizada<\/strong> dedicada a la entrada en viviendas para perpetrar robos. Desde la <strong data-start=\"1555\" data-end=\"1586\">Polic\u00eda Local de Cocentaina<\/strong> se ha agradecido la <strong data-start=\"1607\" data-end=\"1640\">r\u00e1pida colaboraci\u00f3n ciudadana<\/strong> y se recuerda la importancia de avisar inmediatamente ante cualquier <strong data-start=\"1710\" data-end=\"1722\">sospecha<\/strong> de actividad delictiva.<\/p>\n","protected":false},"excerpt":{"rendered":"<p>Este jueves por la ma\u00f1ana, alrededor de las 11:00 horas, la Polic\u00eda Local de Cocentaina ha detenido a un hombre&#8230;<\/p>\n","protected":false},"author":1,"featured_media":161099,"comment_status":"closed","ping_status":"closed","sticky":false,"template":"","format":"standard","meta":{"footnotes":""},"categories":[6909,98,75,125],"tags":[132,1393,846,4297,993],"class_list":["post-161098","post","type-post","status-publish","format-standard","has-post-thumbnail","hentry","category-actualidad","category-comarcas","category-noticias","category-portada","tag-cocentaina","tag-detencion","tag-policia-local","tag-robo","tag-viviendas"],"yoast_head":"<!-- This site is optimized with the Yoast SEO plugin v27.3 - https:\/\/yoast.com\/product\/yoast-seo-wordpress\/ -->\n<title>Detenido un hombre en Cocentaina tras huir por los tejados en un intento de robo - COPE Alcoy<\/title>\n<meta name=\"description\" content=\"Detenido un hombre en Cocentaina tras huir por los tejados en un intento de robo\" \/>\n<meta name=\"robots\" content=\"index, follow, max-snippet:-1, max-image-preview:large, max-video-preview:-1\" \/>\n<link rel=\"canonical\" href=\"https:\/\/www.copealcoy.es\/es\/detenido-un-hombre-en-cocentaina-tras-huir-por-los-tejados-en-un-intento-de-robo\/\" \/>\n<meta property=\"og:locale\" content=\"es_ES\" \/>\n<meta property=\"og:type\" content=\"article\" \/>\n<meta property=\"og:title\" content=\"Detenido un hombre en Cocentaina tras huir por los tejados en un intento de robo - COPE Alcoy\" \/>\n<meta property=\"og:description\" content=\"Detenido un hombre en Cocentaina tras huir por los tejados en un intento de robo\" \/>\n<meta property=\"og:url\" content=\"https:\/\/www.copealcoy.es\/es\/detenido-un-hombre-en-cocentaina-tras-huir-por-los-tejados-en-un-intento-de-robo\/\" \/>\n<meta property=\"og:site_name\" content=\"COPE Alcoy\" \/>\n<meta property=\"article:published_time\" content=\"2025-12-11T17:20:36+00:00\" \/>\n<meta property=\"article:modified_time\" content=\"2025-12-12T07:31:54+00:00\" \/>\n<meta property=\"og:image\" content=\"https:\/\/www.copealcoy.es\/wp-content\/uploads\/2025\/12\/unnamed-1-14.jpg\" \/>\n\t<meta property=\"og:image:width\" content=\"847\" \/>\n\t<meta property=\"og:image:height\" content=\"443\" \/>\n\t<meta property=\"og:image:type\" content=\"image\/jpeg\" \/>\n<meta name=\"author\" content=\"Cope Alcoy\" \/>\n<meta name=\"twitter:label1\" content=\"Escrito por\" \/>\n\t<meta name=\"twitter:data1\" content=\"Cope Alcoy\" \/>\n\t<meta name=\"twitter:label2\" content=\"Tiempo de lectura\" \/>\n\t<meta name=\"twitter:data2\" content=\"2 minutos\" \/>\n<script type=\"application\/ld+json\" class=\"yoast-schema-graph\">{\"@context\":\"https:\\\/\\\/schema.org\",\"@graph\":[{\"@type\":\"Article\",\"@id\":\"https:\\\/\\\/www.copealcoy.es\\\/es\\\/detenido-un-hombre-en-cocentaina-tras-huir-por-los-tejados-en-un-intento-de-robo\\\/#article\",\"isPartOf\":{\"@id\":\"https:\\\/\\\/www.copealcoy.es\\\/es\\\/detenido-un-hombre-en-cocentaina-tras-huir-por-los-tejados-en-un-intento-de-robo\\\/\"},\"author\":{\"name\":\"Cope Alcoy\",\"@id\":\"https:\\\/\\\/www.copealcoy.es\\\/es\\\/#\\\/schema\\\/person\\\/e777c87fa024e57d40170af9df39882c\"},\"headline\":\"Detenido un hombre en Cocentaina tras huir por los tejados en un intento de robo\",\"datePublished\":\"2025-12-11T17:20:36+00:00\",\"dateModified\":\"2025-12-12T07:31:54+00:00\",\"mainEntityOfPage\":{\"@id\":\"https:\\\/\\\/www.copealcoy.es\\\/es\\\/detenido-un-hombre-en-cocentaina-tras-huir-por-los-tejados-en-un-intento-de-robo\\\/\"},\"wordCount\":286,\"image\":{\"@id\":\"https:\\\/\\\/www.copealcoy.es\\\/es\\\/detenido-un-hombre-en-cocentaina-tras-huir-por-los-tejados-en-un-intento-de-robo\\\/#primaryimage\"},\"thumbnailUrl\":\"https:\\\/\\\/www.copealcoy.es\\\/wp-content\\\/uploads\\\/2025\\\/12\\\/unnamed-1-14.jpg\",\"keywords\":[\"Cocentaina\",\"detenci\u00f3n\",\"Polic\u00eda Local\",\"Robo\",\"Viviendas\"],\"articleSection\":[\"Actualidad\",\"Comarcas\",\"Noticias\",\"Portada\"],\"inLanguage\":\"es\"},{\"@type\":\"WebPage\",\"@id\":\"https:\\\/\\\/www.copealcoy.es\\\/es\\\/detenido-un-hombre-en-cocentaina-tras-huir-por-los-tejados-en-un-intento-de-robo\\\/\",\"url\":\"https:\\\/\\\/www.copealcoy.es\\\/es\\\/detenido-un-hombre-en-cocentaina-tras-huir-por-los-tejados-en-un-intento-de-robo\\\/\",\"name\":\"Detenido un hombre en Cocentaina tras huir por los tejados en un intento de robo - COPE Alcoy\",\"isPartOf\":{\"@id\":\"https:\\\/\\\/www.copealcoy.es\\\/es\\\/#website\"},\"primaryImageOfPage\":{\"@id\":\"https:\\\/\\\/www.copealcoy.es\\\/es\\\/detenido-un-hombre-en-cocentaina-tras-huir-por-los-tejados-en-un-intento-de-robo\\\/#primaryimage\"},\"image\":{\"@id\":\"https:\\\/\\\/www.copealcoy.es\\\/es\\\/detenido-un-hombre-en-cocentaina-tras-huir-por-los-tejados-en-un-intento-de-robo\\\/#primaryimage\"},\"thumbnailUrl\":\"https:\\\/\\\/www.copealcoy.es\\\/wp-content\\\/uploads\\\/2025\\\/12\\\/unnamed-1-14.jpg\",\"datePublished\":\"2025-12-11T17:20:36+00:00\",\"dateModified\":\"2025-12-12T07:31:54+00:00\",\"author\":{\"@id\":\"https:\\\/\\\/www.copealcoy.es\\\/es\\\/#\\\/schema\\\/person\\\/e777c87fa024e57d40170af9df39882c\"},\"description\":\"Detenido un hombre en Cocentaina tras huir por los tejados en un intento de robo\",\"breadcrumb\":{\"@id\":\"https:\\\/\\\/www.copealcoy.es\\\/es\\\/detenido-un-hombre-en-cocentaina-tras-huir-por-los-tejados-en-un-intento-de-robo\\\/#breadcrumb\"},\"inLanguage\":\"es\",\"potentialAction\":[{\"@type\":\"ReadAction\",\"target\":[\"https:\\\/\\\/www.copealcoy.es\\\/es\\\/detenido-un-hombre-en-cocentaina-tras-huir-por-los-tejados-en-un-intento-de-robo\\\/\"]}]},{\"@type\":\"ImageObject\",\"inLanguage\":\"es\",\"@id\":\"https:\\\/\\\/www.copealcoy.es\\\/es\\\/detenido-un-hombre-en-cocentaina-tras-huir-por-los-tejados-en-un-intento-de-robo\\\/#primaryimage\",\"url\":\"https:\\\/\\\/www.copealcoy.es\\\/wp-content\\\/uploads\\\/2025\\\/12\\\/unnamed-1-14.jpg\",\"contentUrl\":\"https:\\\/\\\/www.copealcoy.es\\\/wp-content\\\/uploads\\\/2025\\\/12\\\/unnamed-1-14.jpg\",\"width\":847,\"height\":443},{\"@type\":\"BreadcrumbList\",\"@id\":\"https:\\\/\\\/www.copealcoy.es\\\/es\\\/detenido-un-hombre-en-cocentaina-tras-huir-por-los-tejados-en-un-intento-de-robo\\\/#breadcrumb\",\"itemListElement\":[{\"@type\":\"ListItem\",\"position\":1,\"name\":\"Portada\",\"item\":\"https:\\\/\\\/www.copealcoy.es\\\/es\\\/\"},{\"@type\":\"ListItem\",\"position\":2,\"name\":\"Detenido un hombre en Cocentaina tras huir por los tejados en un intento de robo\"}]},{\"@type\":\"WebSite\",\"@id\":\"https:\\\/\\\/www.copealcoy.es\\\/es\\\/#website\",\"url\":\"https:\\\/\\\/www.copealcoy.es\\\/es\\\/\",\"name\":\"COPE Alcoy\",\"description\":\"Emisora COPE de radio local con emisi\u00f3n online. Pont de Sant Jordi 8-10 03803 Alcoy\",\"potentialAction\":[{\"@type\":\"SearchAction\",\"target\":{\"@type\":\"EntryPoint\",\"urlTemplate\":\"https:\\\/\\\/www.copealcoy.es\\\/es\\\/?s={search_term_string}\"},\"query-input\":{\"@type\":\"PropertyValueSpecification\",\"valueRequired\":true,\"valueName\":\"search_term_string\"}}],\"inLanguage\":\"es\"},{\"@type\":\"Person\",\"@id\":\"https:\\\/\\\/www.copealcoy.es\\\/es\\\/#\\\/schema\\\/person\\\/e777c87fa024e57d40170af9df39882c\",\"name\":\"Cope Alcoy\",\"image\":{\"@type\":\"ImageObject\",\"inLanguage\":\"es\",\"@id\":\"https:\\\/\\\/secure.gravatar.com\\\/avatar\\\/bb65d0283347e303893ba14f0692005417c1e0e690a325a4c5d8bb2b3943ee14?s=96&d=mm&r=g\",\"url\":\"https:\\\/\\\/secure.gravatar.com\\\/avatar\\\/bb65d0283347e303893ba14f0692005417c1e0e690a325a4c5d8bb2b3943ee14?s=96&d=mm&r=g\",\"contentUrl\":\"https:\\\/\\\/secure.gravatar.com\\\/avatar\\\/bb65d0283347e303893ba14f0692005417c1e0e690a325a4c5d8bb2b3943ee14?s=96&d=mm&r=g\",\"caption\":\"Cope Alcoy\"}}]}<\/script>\n<!-- \/ Yoast SEO plugin. -->","yoast_head_json":{"title":"Detenido un hombre en Cocentaina tras huir por los tejados en un intento de robo - COPE Alcoy","description":"Detenido un hombre en Cocentaina tras huir por los tejados en un intento de robo","robots":{"index":"index","follow":"follow","max-snippet":"max-snippet:-1","max-image-preview":"max-image-preview:large","max-video-preview":"max-video-preview:-1"},"canonical":"https:\/\/www.copealcoy.es\/es\/detenido-un-hombre-en-cocentaina-tras-huir-por-los-tejados-en-un-intento-de-robo\/","og_locale":"es_ES","og_type":"article","og_title":"Detenido un hombre en Cocentaina tras huir por los tejados en un intento de robo - COPE Alcoy","og_description":"Detenido un hombre en Cocentaina tras huir por los tejados en un intento de robo","og_url":"https:\/\/www.copealcoy.es\/es\/detenido-un-hombre-en-cocentaina-tras-huir-por-los-tejados-en-un-intento-de-robo\/","og_site_name":"COPE Alcoy","article_published_time":"2025-12-11T17:20:36+00:00","article_modified_time":"2025-12-12T07:31:54+00:00","og_image":[{"width":847,"height":443,"url":"https:\/\/www.copealcoy.es\/wp-content\/uploads\/2025\/12\/unnamed-1-14.jpg","type":"image\/jpeg"}],"author":"Cope Alcoy","twitter_misc":{"Escrito por":"Cope Alcoy","Tiempo de lectura":"2 minutos"},"schema":{"@context":"https:\/\/schema.org","@graph":[{"@type":"Article","@id":"https:\/\/www.copealcoy.es\/es\/detenido-un-hombre-en-cocentaina-tras-huir-por-los-tejados-en-un-intento-de-robo\/#article","isPartOf":{"@id":"https:\/\/www.copealcoy.es\/es\/detenido-un-hombre-en-cocentaina-tras-huir-por-los-tejados-en-un-intento-de-robo\/"},"author":{"name":"Cope Alcoy","@id":"https:\/\/www.copealcoy.es\/es\/#\/schema\/person\/e777c87fa024e57d40170af9df39882c"},"headline":"Detenido un hombre en Cocentaina tras huir por los tejados en un intento de robo","datePublished":"2025-12-11T17:20:36+00:00","dateModified":"2025-12-12T07:31:54+00:00","mainEntityOfPage":{"@id":"https:\/\/www.copealcoy.es\/es\/detenido-un-hombre-en-cocentaina-tras-huir-por-los-tejados-en-un-intento-de-robo\/"},"wordCount":286,"image":{"@id":"https:\/\/www.copealcoy.es\/es\/detenido-un-hombre-en-cocentaina-tras-huir-por-los-tejados-en-un-intento-de-robo\/#primaryimage"},"thumbnailUrl":"https:\/\/www.copealcoy.es\/wp-content\/uploads\/2025\/12\/unnamed-1-14.jpg","keywords":["Cocentaina","detenci\u00f3n","Polic\u00eda Local","Robo","Viviendas"],"articleSection":["Actualidad","Comarcas","Noticias","Portada"],"inLanguage":"es"},{"@type":"WebPage","@id":"https:\/\/www.copealcoy.es\/es\/detenido-un-hombre-en-cocentaina-tras-huir-por-los-tejados-en-un-intento-de-robo\/","url":"https:\/\/www.copealcoy.es\/es\/detenido-un-hombre-en-cocentaina-tras-huir-por-los-tejados-en-un-intento-de-robo\/","name":"Detenido un hombre en Cocentaina tras huir por los tejados en un intento de robo - COPE Alcoy","isPartOf":{"@id":"https:\/\/www.copealcoy.es\/es\/#website"},"primaryImageOfPage":{"@id":"https:\/\/www.copealcoy.es\/es\/detenido-un-hombre-en-cocentaina-tras-huir-por-los-tejados-en-un-intento-de-robo\/#primaryimage"},"image":{"@id":"https:\/\/www.copealcoy.es\/es\/detenido-un-hombre-en-cocentaina-tras-huir-por-los-tejados-en-un-intento-de-robo\/#primaryimage"},"thumbnailUrl":"https:\/\/www.copealcoy.es\/wp-content\/uploads\/2025\/12\/unnamed-1-14.jpg","datePublished":"2025-12-11T17:20:36+00:00","dateModified":"2025-12-12T07:31:54+00:00","author":{"@id":"https:\/\/www.copealcoy.es\/es\/#\/schema\/person\/e777c87fa024e57d40170af9df39882c"},"description":"Detenido un hombre en Cocentaina tras huir por los tejados en un intento de robo","breadcrumb":{"@id":"https:\/\/www.copealcoy.es\/es\/detenido-un-hombre-en-cocentaina-tras-huir-por-los-tejados-en-un-intento-de-robo\/#breadcrumb"},"inLanguage":"es","potentialAction":[{"@type":"ReadAction","target":["https:\/\/www.copealcoy.es\/es\/detenido-un-hombre-en-cocentaina-tras-huir-por-los-tejados-en-un-intento-de-robo\/"]}]},{"@type":"ImageObject","inLanguage":"es","@id":"https:\/\/www.copealcoy.es\/es\/detenido-un-hombre-en-cocentaina-tras-huir-por-los-tejados-en-un-intento-de-robo\/#primaryimage","url":"https:\/\/www.copealcoy.es\/wp-content\/uploads\/2025\/12\/unnamed-1-14.jpg","contentUrl":"https:\/\/www.copealcoy.es\/wp-content\/uploads\/2025\/12\/unnamed-1-14.jpg","width":847,"height":443},{"@type":"BreadcrumbList","@id":"https:\/\/www.copealcoy.es\/es\/detenido-un-hombre-en-cocentaina-tras-huir-por-los-tejados-en-un-intento-de-robo\/#breadcrumb","itemListElement":[{"@type":"ListItem","position":1,"name":"Portada","item":"https:\/\/www.copealcoy.es\/es\/"},{"@type":"ListItem","position":2,"name":"Detenido un hombre en Cocentaina tras huir por los tejados en un intento de robo"}]},{"@type":"WebSite","@id":"https:\/\/www.copealcoy.es\/es\/#website","url":"https:\/\/www.copealcoy.es\/es\/","name":"COPE Alcoy","description":"Emisora COPE de radio local con emisi\u00f3n online. Pont de Sant Jordi 8-10 03803 Alcoy","potentialAction":[{"@type":"SearchAction","target":{"@type":"EntryPoint","urlTemplate":"https:\/\/www.copealcoy.es\/es\/?s={search_term_string}"},"query-input":{"@type":"PropertyValueSpecification","valueRequired":true,"valueName":"search_term_string"}}],"inLanguage":"es"},{"@type":"Person","@id":"https:\/\/www.copealcoy.es\/es\/#\/schema\/person\/e777c87fa024e57d40170af9df39882c","name":"Cope Alcoy","image":{"@type":"ImageObject","inLanguage":"es","@id":"https:\/\/secure.gravatar.com\/avatar\/bb65d0283347e303893ba14f0692005417c1e0e690a325a4c5d8bb2b3943ee14?s=96&d=mm&r=g","url":"https:\/\/secure.gravatar.com\/avatar\/bb65d0283347e303893ba14f0692005417c1e0e690a325a4c5d8bb2b3943ee14?s=96&d=mm&r=g","contentUrl":"https:\/\/secure.gravatar.com\/avatar\/bb65d0283347e303893ba14f0692005417c1e0e690a325a4c5d8bb2b3943ee14?s=96&d=mm&r=g","caption":"Cope Alcoy"}}]}},"_links":{"self":[{"href":"https:\/\/www.copealcoy.es\/es\/wp-json\/wp\/v2\/posts\/161098","targetHints":{"allow":["GET"]}}],"collection":[{"href":"https:\/\/www.copealcoy.es\/es\/wp-json\/wp\/v2\/posts"}],"about":[{"href":"https:\/\/www.copealcoy.es\/es\/wp-json\/wp\/v2\/types\/post"}],"author":[{"embeddable":true,"href":"https:\/\/www.copealcoy.es\/es\/wp-json\/wp\/v2\/users\/1"}],"replies":[{"embeddable":true,"href":"https:\/\/www.copealcoy.es\/es\/wp-json\/wp\/v2\/comments?post=161098"}],"version-history":[{"count":3,"href":"https:\/\/www.copealcoy.es\/es\/wp-json\/wp\/v2\/posts\/161098\/revisions"}],"predecessor-version":[{"id":161106,"href":"https:\/\/www.copealcoy.es\/es\/wp-json\/wp\/v2\/posts\/161098\/revisions\/161106"}],"wp:featuredmedia":[{"embeddable":true,"href":"https:\/\/www.copealcoy.es\/es\/wp-json\/wp\/v2\/media\/161099"}],"wp:attachment":[{"href":"https:\/\/www.copealcoy.es\/es\/wp-json\/wp\/v2\/media?parent=161098"}],"wp:term":[{"taxonomy":"category","embeddable":true,"href":"https:\/\/www.copealcoy.es\/es\/wp-json\/wp\/v2\/categories?post=161098"},{"taxonomy":"post_tag","embeddable":true,"href":"https:\/\/www.copealcoy.es\/es\/wp-json\/wp\/v2\/tags?post=161098"}],"curies":[{"name":"wp","href":"https:\/\/api.w.org\/{rel}","templated":true}]}}