{"id":161088,"date":"2025-12-11T07:35:37","date_gmt":"2025-12-11T06:35:37","guid":{"rendered":"https:\/\/www.copealcoy.es\/?p=161088"},"modified":"2025-12-11T17:39:33","modified_gmt":"2025-12-11T16:39:33","slug":"mediodia-cope-alcoy-jueves-11-de-diciembre-2025-1420h","status":"publish","type":"post","link":"https:\/\/www.copealcoy.es\/es\/mediodia-cope-alcoy-jueves-11-de-diciembre-2025-1420h\/","title":{"rendered":"&#8216;Mediod\u00eda Cope&#8217; Alcoy jueves 11 de diciembre 2025 (14:20h)"},"content":{"rendered":"<p><iframe loading=\"lazy\" title=\"&#039;Mediod\u00eda Cope&#039; Alcoy Jueves 11 De Diciembre 2025 (14:20h)\" width=\"100%\" height=\"120\" src=\"https:\/\/www.mixcloud.com\/widget\/iframe\/?feed=https%3A%2F%2Fwww.mixcloud.com%2FCOPEAlcoy%2Fmediod%25C3%25ADa-cope-alcoy-jueves-11-de-diciembre-2025-1420h%2F&amp;hide_cover=1\" frameborder=\"0\" allow=\"encrypted-media; fullscreen; autoplay; idle-detection; speaker-selection; web-share;\"><\/iframe><\/p>\n<p style=\"text-align: justify;\">Hoy jueves hemos destacado que <strong>los yacimientos neandertales de El Salt y el Abric del Pastor<\/strong> han ganado el IV Premio Nacional Palarq de Arqueolog\u00eda y Paleontolog\u00eda. Tambi\u00e9n hemos comentado que\u00a0 <strong>el sector juguetero afronta con optimismo la campa\u00f1a de Navidad<\/strong>.<\/p>\n<p style=\"text-align: justify;\" data-start=\"189\" data-end=\"814\"><strong data-start=\"189\" data-end=\"224\">La industria juguetera espa\u00f1ola,\u00a0<\/strong>cuya actividad se concentra principalmente en nuestras comarcas y en concreto en la zona de la Foia de Castalla, \u00a0encara la\u00a0<strong data-start=\"235\" data-end=\"257\">campa\u00f1a de Navidad<\/strong>\u00a0con optimismo, apoyada en una recuperaci\u00f3n sostenida del\u00a0<strong data-start=\"315\" data-end=\"335\">consumo nacional<\/strong>. Jos\u00e9 Antonio Pastor, presidente de la\u00a0<span style=\"color: #0000ff;\"><a style=\"color: #0000ff;\" href=\"https:\/\/www.aefj.es\/\" target=\"_blank\" rel=\"noopener\"><strong data-start=\"375\" data-end=\"432\">Asociaci\u00f3n Espa\u00f1ola de Fabricantes de Juguetes (AEFJ)<\/strong><\/a><\/span>, describe el sector como\u00a0<em data-start=\"458\" data-end=\"500\">\u201cmuy innovador, muy \u00e1gil, muy flexible\u201d<\/em>, destacando su capacidad para afrontar los retos con \u00e9xito. Este buen punto de partida se sustenta en once meses de\u00a0<strong data-start=\"617\" data-end=\"646\">crecimientos consecutivos<\/strong>, un dato significativo, sobre todo considerando que la\u00a0<strong data-start=\"702\" data-end=\"726\">Comunidad Valenciana<\/strong>\u00a0concentra el 36% de los trabajadores y el 40% de la facturaci\u00f3n del sector en Espa\u00f1a.<\/p>\n<p style=\"text-align: justify;\" data-start=\"816\" data-end=\"1247\">Tras un 2024 calificado como \u201c<em>un a\u00f1o malo<\/em>\u201d por la ca\u00edda de la\u00a0<strong data-start=\"878\" data-end=\"893\">facturaci\u00f3n<\/strong>\u00a0del 9%, el sector prev\u00e9 cerrar este ejercicio con una mejora de alrededor del 2,5%, gracias al impulso del\u00a0<strong data-start=\"1001\" data-end=\"1021\">mercado nacional<\/strong>. Seg\u00fan Pastor,\u00a0<em data-start=\"1037\" data-end=\"1104\">\u201cel mercado nacional acumula un crecimiento del 6%, que es mucho\u201d<\/em>, mientras que las\u00a0<strong data-start=\"1123\" data-end=\"1140\">exportaciones<\/strong>, aunque se frenaron en agosto, podr\u00edan experimentar una\u00a0<em data-start=\"1197\" data-end=\"1215\">\u201ccierta mejor\u00eda\u201d<\/em>\u00a0en los \u00faltimos meses del a\u00f1o.<\/p>\n<p style=\"text-align: justify;\" data-start=\"1249\" data-end=\"1862\">El principal desaf\u00edo para la\u00a0<strong data-start=\"1278\" data-end=\"1301\">industria juguetera<\/strong>\u00a0es demogr\u00e1fico, ante la\u00a0<strong data-start=\"1326\" data-end=\"1364\">reducci\u00f3n de la poblaci\u00f3n infantil<\/strong>. Pastor advert\u00eda en este sentido en COPE COMUNITAT VALENCIANA que\u00a0<em data-start=\"1386\" data-end=\"1454\">\u201cla reducci\u00f3n de la poblaci\u00f3n infantil ya empieza a ser dram\u00e1tico\u201d<\/em>\u00a0y califica como\u00a0<em data-start=\"1471\" data-end=\"1481\">\u201cbrutal\u201d<\/em>\u00a0la disminuci\u00f3n de un mill\u00f3n de ni\u00f1os de 0 a 12 a\u00f1os desde 2012. Para contrarrestar este reto, la industria ha apostado por la\u00a0<strong data-start=\"1608\" data-end=\"1622\">innovaci\u00f3n<\/strong>\u00a0y el desarrollo de\u00a0<strong data-start=\"1642\" data-end=\"1683\">productos dirigidos a nuevos p\u00fablicos<\/strong>, dando lugar a un auge de categor\u00edas como los\u00a0<strong data-start=\"1730\" data-end=\"1765\">juguetes para adultos (kidults)<\/strong>, los\u00a0<strong data-start=\"1771\" data-end=\"1789\">coleccionables<\/strong>\u00a0y los\u00a0<strong data-start=\"1796\" data-end=\"1814\">juegos de mesa<\/strong>, que han ganado popularidad tras la pandemia.<\/p>\n<p style=\"text-align: justify;\" data-start=\"1864\" data-end=\"2355\"><em data-start=\"1864\" data-end=\"1963\">\u201cHemos suplido los retos con innovaci\u00f3n y desarrollo de producto dirigido a otros tramos de edad\u201d<\/em>, asegura Pastor. Esta estrategia est\u00e1 dando frutos:\u00a0<em data-start=\"2016\" data-end=\"2095\">\u201cLos adultos que compran juguetes ya son el 30% del total de nuestras ventas\u201d<\/em>. Para ello, es necesario ofrecer\u00a0<em data-start=\"2129\" data-end=\"2188\">\u201cproducto tambi\u00e9n espec\u00edfico y adecuado para ese p\u00fablico\u201d<\/em>, mientras que los\u00a0<strong data-start=\"2207\" data-end=\"2225\">juegos de mesa<\/strong>\u00a0destacan por\u00a0<em data-start=\"2239\" data-end=\"2293\">\u201capelar al juego en familia y al juego en las casas\u201d<\/em>, consolid\u00e1ndose como una categor\u00eda de crecimiento continuo.<\/p>\n<p style=\"text-align: justify;\" data-start=\"2357\" data-end=\"2759\">Otro desaf\u00edo persistente es la\u00a0<strong data-start=\"2388\" data-end=\"2420\">competencia de las pantallas<\/strong>, frente a la cual la industria busca innovar incorporando\u00a0<strong data-start=\"2479\" data-end=\"2505\">tecnolog\u00eda interactiva<\/strong>\u00a0en los juguetes, pero sin necesidad de dispositivos electr\u00f3nicos. Pastor advierte que\u00a0<em data-start=\"2592\" data-end=\"2646\">\u201cest\u00e1 demostrado que las pantallas generan adicci\u00f3n\u201d<\/em>\u00a0y pueden producir efectos adversos en la\u00a0<strong data-start=\"2688\" data-end=\"2706\">salud infantil<\/strong>, como\u00a0<strong data-start=\"2713\" data-end=\"2756\">trastornos de atenci\u00f3n o hiperactividad<\/strong>.<\/p>\n<p style=\"text-align: justify;\" data-start=\"2761\" data-end=\"3084\">La\u00a0<strong data-start=\"2764\" data-end=\"2782\">estacionalidad<\/strong>\u00a0de las ventas sigue siendo un problema en Espa\u00f1a, donde el juguete se percibe como un regalo de\u00a0<strong data-start=\"2879\" data-end=\"2898\">Navidad y Reyes<\/strong>, a diferencia de otros pa\u00edses europeos donde es una necesidad durante todo el a\u00f1o. El gasto medio por ni\u00f1o en Espa\u00f1a es de unos 200 euros anuales, frente a m\u00e1s de 350 euros en Europa.<\/p>\n<p style=\"text-align: justify;\" data-start=\"3086\" data-end=\"3509\">Finalmente, la\u00a0<strong data-start=\"3101\" data-end=\"3124\">competencia desleal<\/strong>\u00a0de falsificaciones y copias a trav\u00e9s de plataformas online preocupa al sector. Pastor alerta que\u00a0<em data-start=\"3222\" data-end=\"3329\">\u201cel 90% de los juguetes que venden en estas plataformas estos fabricantes terceros no cumplen las normas\u201d<\/em>\u00a0y que un 86% de ellos pone en\u00a0<em data-start=\"3360\" data-end=\"3398\">\u201criesgo inminente la salud del ni\u00f1o\u201d<\/em>. Esta situaci\u00f3n genera\u00a0<strong data-start=\"3422\" data-end=\"3443\">p\u00e9rdidas directas<\/strong>\u00a0que superan los 110 millones de euros al a\u00f1o para la industria.<\/p>\n","protected":false},"excerpt":{"rendered":"<p>Hoy jueves hemos destacado que los yacimientos neandertales de El Salt y el Abric del Pastor han ganado el IV&#8230;<\/p>\n","protected":false},"author":1,"featured_media":147663,"comment_status":"closed","ping_status":"closed","sticky":false,"template":"","format":"standard","meta":{"footnotes":""},"categories":[6909,89,81,75],"tags":[],"class_list":["post-161088","post","type-post","status-publish","format-standard","has-post-thumbnail","hentry","category-actualidad","category-audiosdelosprogramas","category-informacion-de-interes","category-noticias"],"yoast_head":"<!-- This site is optimized with the Yoast SEO plugin v27.3 - https:\/\/yoast.com\/product\/yoast-seo-wordpress\/ -->\n<title>&#039;Mediod\u00eda Cope&#039; Alcoy jueves 11 de diciembre 2025 (14:20h) - COPE Alcoy<\/title>\n<meta name=\"robots\" content=\"index, follow, max-snippet:-1, max-image-preview:large, max-video-preview:-1\" \/>\n<link rel=\"canonical\" href=\"https:\/\/www.copealcoy.es\/es\/mediodia-cope-alcoy-jueves-11-de-diciembre-2025-1420h\/\" \/>\n<meta property=\"og:locale\" content=\"es_ES\" \/>\n<meta property=\"og:type\" content=\"article\" \/>\n<meta property=\"og:title\" content=\"&#039;Mediod\u00eda Cope&#039; Alcoy jueves 11 de diciembre 2025 (14:20h) - COPE Alcoy\" \/>\n<meta property=\"og:description\" content=\"Hoy jueves hemos destacado que los yacimientos neandertales de El Salt y el Abric del Pastor han ganado el IV...\" \/>\n<meta property=\"og:url\" content=\"https:\/\/www.copealcoy.es\/es\/mediodia-cope-alcoy-jueves-11-de-diciembre-2025-1420h\/\" \/>\n<meta property=\"og:site_name\" content=\"COPE Alcoy\" \/>\n<meta property=\"article:published_time\" content=\"2025-12-11T06:35:37+00:00\" \/>\n<meta property=\"article:modified_time\" content=\"2025-12-11T16:39:33+00:00\" \/>\n<meta property=\"og:image\" content=\"https:\/\/www.copealcoy.es\/wp-content\/uploads\/2025\/02\/Mediodia-Cope-Castellano.png\" \/>\n\t<meta property=\"og:image:width\" content=\"357\" \/>\n\t<meta property=\"og:image:height\" content=\"290\" \/>\n\t<meta property=\"og:image:type\" content=\"image\/png\" \/>\n<meta name=\"author\" content=\"Cope Alcoy\" \/>\n<meta name=\"twitter:label1\" content=\"Escrito por\" \/>\n\t<meta name=\"twitter:data1\" content=\"Cope Alcoy\" \/>\n\t<meta name=\"twitter:label2\" content=\"Tiempo de lectura\" \/>\n\t<meta name=\"twitter:data2\" content=\"4 minutos\" \/>\n<script type=\"application\/ld+json\" class=\"yoast-schema-graph\">{\"@context\":\"https:\\\/\\\/schema.org\",\"@graph\":[{\"@type\":\"Article\",\"@id\":\"https:\\\/\\\/www.copealcoy.es\\\/es\\\/mediodia-cope-alcoy-jueves-11-de-diciembre-2025-1420h\\\/#article\",\"isPartOf\":{\"@id\":\"https:\\\/\\\/www.copealcoy.es\\\/es\\\/mediodia-cope-alcoy-jueves-11-de-diciembre-2025-1420h\\\/\"},\"author\":{\"name\":\"Cope Alcoy\",\"@id\":\"https:\\\/\\\/www.copealcoy.es\\\/es\\\/#\\\/schema\\\/person\\\/e777c87fa024e57d40170af9df39882c\"},\"headline\":\"&#8216;Mediod\u00eda Cope&#8217; Alcoy jueves 11 de diciembre 2025 (14:20h)\",\"datePublished\":\"2025-12-11T06:35:37+00:00\",\"dateModified\":\"2025-12-11T16:39:33+00:00\",\"mainEntityOfPage\":{\"@id\":\"https:\\\/\\\/www.copealcoy.es\\\/es\\\/mediodia-cope-alcoy-jueves-11-de-diciembre-2025-1420h\\\/\"},\"wordCount\":634,\"image\":{\"@id\":\"https:\\\/\\\/www.copealcoy.es\\\/es\\\/mediodia-cope-alcoy-jueves-11-de-diciembre-2025-1420h\\\/#primaryimage\"},\"thumbnailUrl\":\"https:\\\/\\\/www.copealcoy.es\\\/wp-content\\\/uploads\\\/2025\\\/02\\\/Mediodia-Cope-Castellano.png\",\"articleSection\":[\"Actualidad\",\"Audios de los programas\",\"Informaci\u00f3n de inter\u00e9s\",\"Noticias\"],\"inLanguage\":\"es\"},{\"@type\":\"WebPage\",\"@id\":\"https:\\\/\\\/www.copealcoy.es\\\/es\\\/mediodia-cope-alcoy-jueves-11-de-diciembre-2025-1420h\\\/\",\"url\":\"https:\\\/\\\/www.copealcoy.es\\\/es\\\/mediodia-cope-alcoy-jueves-11-de-diciembre-2025-1420h\\\/\",\"name\":\"'Mediod\u00eda Cope' Alcoy jueves 11 de diciembre 2025 (14:20h) - COPE Alcoy\",\"isPartOf\":{\"@id\":\"https:\\\/\\\/www.copealcoy.es\\\/es\\\/#website\"},\"primaryImageOfPage\":{\"@id\":\"https:\\\/\\\/www.copealcoy.es\\\/es\\\/mediodia-cope-alcoy-jueves-11-de-diciembre-2025-1420h\\\/#primaryimage\"},\"image\":{\"@id\":\"https:\\\/\\\/www.copealcoy.es\\\/es\\\/mediodia-cope-alcoy-jueves-11-de-diciembre-2025-1420h\\\/#primaryimage\"},\"thumbnailUrl\":\"https:\\\/\\\/www.copealcoy.es\\\/wp-content\\\/uploads\\\/2025\\\/02\\\/Mediodia-Cope-Castellano.png\",\"datePublished\":\"2025-12-11T06:35:37+00:00\",\"dateModified\":\"2025-12-11T16:39:33+00:00\",\"author\":{\"@id\":\"https:\\\/\\\/www.copealcoy.es\\\/es\\\/#\\\/schema\\\/person\\\/e777c87fa024e57d40170af9df39882c\"},\"breadcrumb\":{\"@id\":\"https:\\\/\\\/www.copealcoy.es\\\/es\\\/mediodia-cope-alcoy-jueves-11-de-diciembre-2025-1420h\\\/#breadcrumb\"},\"inLanguage\":\"es\",\"potentialAction\":[{\"@type\":\"ReadAction\",\"target\":[\"https:\\\/\\\/www.copealcoy.es\\\/es\\\/mediodia-cope-alcoy-jueves-11-de-diciembre-2025-1420h\\\/\"]}]},{\"@type\":\"ImageObject\",\"inLanguage\":\"es\",\"@id\":\"https:\\\/\\\/www.copealcoy.es\\\/es\\\/mediodia-cope-alcoy-jueves-11-de-diciembre-2025-1420h\\\/#primaryimage\",\"url\":\"https:\\\/\\\/www.copealcoy.es\\\/wp-content\\\/uploads\\\/2025\\\/02\\\/Mediodia-Cope-Castellano.png\",\"contentUrl\":\"https:\\\/\\\/www.copealcoy.es\\\/wp-content\\\/uploads\\\/2025\\\/02\\\/Mediodia-Cope-Castellano.png\",\"width\":357,\"height\":290},{\"@type\":\"BreadcrumbList\",\"@id\":\"https:\\\/\\\/www.copealcoy.es\\\/es\\\/mediodia-cope-alcoy-jueves-11-de-diciembre-2025-1420h\\\/#breadcrumb\",\"itemListElement\":[{\"@type\":\"ListItem\",\"position\":1,\"name\":\"Portada\",\"item\":\"https:\\\/\\\/www.copealcoy.es\\\/es\\\/\"},{\"@type\":\"ListItem\",\"position\":2,\"name\":\"&#8216;Mediod\u00eda Cope&#8217; Alcoy jueves 11 de diciembre 2025 (14:20h)\"}]},{\"@type\":\"WebSite\",\"@id\":\"https:\\\/\\\/www.copealcoy.es\\\/es\\\/#website\",\"url\":\"https:\\\/\\\/www.copealcoy.es\\\/es\\\/\",\"name\":\"COPE Alcoy\",\"description\":\"Emisora COPE de radio local con emisi\u00f3n online. Pont de Sant Jordi 8-10 03803 Alcoy\",\"potentialAction\":[{\"@type\":\"SearchAction\",\"target\":{\"@type\":\"EntryPoint\",\"urlTemplate\":\"https:\\\/\\\/www.copealcoy.es\\\/es\\\/?s={search_term_string}\"},\"query-input\":{\"@type\":\"PropertyValueSpecification\",\"valueRequired\":true,\"valueName\":\"search_term_string\"}}],\"inLanguage\":\"es\"},{\"@type\":\"Person\",\"@id\":\"https:\\\/\\\/www.copealcoy.es\\\/es\\\/#\\\/schema\\\/person\\\/e777c87fa024e57d40170af9df39882c\",\"name\":\"Cope Alcoy\",\"image\":{\"@type\":\"ImageObject\",\"inLanguage\":\"es\",\"@id\":\"https:\\\/\\\/secure.gravatar.com\\\/avatar\\\/bb65d0283347e303893ba14f0692005417c1e0e690a325a4c5d8bb2b3943ee14?s=96&d=mm&r=g\",\"url\":\"https:\\\/\\\/secure.gravatar.com\\\/avatar\\\/bb65d0283347e303893ba14f0692005417c1e0e690a325a4c5d8bb2b3943ee14?s=96&d=mm&r=g\",\"contentUrl\":\"https:\\\/\\\/secure.gravatar.com\\\/avatar\\\/bb65d0283347e303893ba14f0692005417c1e0e690a325a4c5d8bb2b3943ee14?s=96&d=mm&r=g\",\"caption\":\"Cope Alcoy\"}}]}<\/script>\n<!-- \/ Yoast SEO plugin. -->","yoast_head_json":{"title":"'Mediod\u00eda Cope' Alcoy jueves 11 de diciembre 2025 (14:20h) - COPE Alcoy","robots":{"index":"index","follow":"follow","max-snippet":"max-snippet:-1","max-image-preview":"max-image-preview:large","max-video-preview":"max-video-preview:-1"},"canonical":"https:\/\/www.copealcoy.es\/es\/mediodia-cope-alcoy-jueves-11-de-diciembre-2025-1420h\/","og_locale":"es_ES","og_type":"article","og_title":"'Mediod\u00eda Cope' Alcoy jueves 11 de diciembre 2025 (14:20h) - COPE Alcoy","og_description":"Hoy jueves hemos destacado que los yacimientos neandertales de El Salt y el Abric del Pastor han ganado el IV...","og_url":"https:\/\/www.copealcoy.es\/es\/mediodia-cope-alcoy-jueves-11-de-diciembre-2025-1420h\/","og_site_name":"COPE Alcoy","article_published_time":"2025-12-11T06:35:37+00:00","article_modified_time":"2025-12-11T16:39:33+00:00","og_image":[{"width":357,"height":290,"url":"https:\/\/www.copealcoy.es\/wp-content\/uploads\/2025\/02\/Mediodia-Cope-Castellano.png","type":"image\/png"}],"author":"Cope Alcoy","twitter_misc":{"Escrito por":"Cope Alcoy","Tiempo de lectura":"4 minutos"},"schema":{"@context":"https:\/\/schema.org","@graph":[{"@type":"Article","@id":"https:\/\/www.copealcoy.es\/es\/mediodia-cope-alcoy-jueves-11-de-diciembre-2025-1420h\/#article","isPartOf":{"@id":"https:\/\/www.copealcoy.es\/es\/mediodia-cope-alcoy-jueves-11-de-diciembre-2025-1420h\/"},"author":{"name":"Cope Alcoy","@id":"https:\/\/www.copealcoy.es\/es\/#\/schema\/person\/e777c87fa024e57d40170af9df39882c"},"headline":"&#8216;Mediod\u00eda Cope&#8217; Alcoy jueves 11 de diciembre 2025 (14:20h)","datePublished":"2025-12-11T06:35:37+00:00","dateModified":"2025-12-11T16:39:33+00:00","mainEntityOfPage":{"@id":"https:\/\/www.copealcoy.es\/es\/mediodia-cope-alcoy-jueves-11-de-diciembre-2025-1420h\/"},"wordCount":634,"image":{"@id":"https:\/\/www.copealcoy.es\/es\/mediodia-cope-alcoy-jueves-11-de-diciembre-2025-1420h\/#primaryimage"},"thumbnailUrl":"https:\/\/www.copealcoy.es\/wp-content\/uploads\/2025\/02\/Mediodia-Cope-Castellano.png","articleSection":["Actualidad","Audios de los programas","Informaci\u00f3n de inter\u00e9s","Noticias"],"inLanguage":"es"},{"@type":"WebPage","@id":"https:\/\/www.copealcoy.es\/es\/mediodia-cope-alcoy-jueves-11-de-diciembre-2025-1420h\/","url":"https:\/\/www.copealcoy.es\/es\/mediodia-cope-alcoy-jueves-11-de-diciembre-2025-1420h\/","name":"'Mediod\u00eda Cope' Alcoy jueves 11 de diciembre 2025 (14:20h) - COPE Alcoy","isPartOf":{"@id":"https:\/\/www.copealcoy.es\/es\/#website"},"primaryImageOfPage":{"@id":"https:\/\/www.copealcoy.es\/es\/mediodia-cope-alcoy-jueves-11-de-diciembre-2025-1420h\/#primaryimage"},"image":{"@id":"https:\/\/www.copealcoy.es\/es\/mediodia-cope-alcoy-jueves-11-de-diciembre-2025-1420h\/#primaryimage"},"thumbnailUrl":"https:\/\/www.copealcoy.es\/wp-content\/uploads\/2025\/02\/Mediodia-Cope-Castellano.png","datePublished":"2025-12-11T06:35:37+00:00","dateModified":"2025-12-11T16:39:33+00:00","author":{"@id":"https:\/\/www.copealcoy.es\/es\/#\/schema\/person\/e777c87fa024e57d40170af9df39882c"},"breadcrumb":{"@id":"https:\/\/www.copealcoy.es\/es\/mediodia-cope-alcoy-jueves-11-de-diciembre-2025-1420h\/#breadcrumb"},"inLanguage":"es","potentialAction":[{"@type":"ReadAction","target":["https:\/\/www.copealcoy.es\/es\/mediodia-cope-alcoy-jueves-11-de-diciembre-2025-1420h\/"]}]},{"@type":"ImageObject","inLanguage":"es","@id":"https:\/\/www.copealcoy.es\/es\/mediodia-cope-alcoy-jueves-11-de-diciembre-2025-1420h\/#primaryimage","url":"https:\/\/www.copealcoy.es\/wp-content\/uploads\/2025\/02\/Mediodia-Cope-Castellano.png","contentUrl":"https:\/\/www.copealcoy.es\/wp-content\/uploads\/2025\/02\/Mediodia-Cope-Castellano.png","width":357,"height":290},{"@type":"BreadcrumbList","@id":"https:\/\/www.copealcoy.es\/es\/mediodia-cope-alcoy-jueves-11-de-diciembre-2025-1420h\/#breadcrumb","itemListElement":[{"@type":"ListItem","position":1,"name":"Portada","item":"https:\/\/www.copealcoy.es\/es\/"},{"@type":"ListItem","position":2,"name":"&#8216;Mediod\u00eda Cope&#8217; Alcoy jueves 11 de diciembre 2025 (14:20h)"}]},{"@type":"WebSite","@id":"https:\/\/www.copealcoy.es\/es\/#website","url":"https:\/\/www.copealcoy.es\/es\/","name":"COPE Alcoy","description":"Emisora COPE de radio local con emisi\u00f3n online. Pont de Sant Jordi 8-10 03803 Alcoy","potentialAction":[{"@type":"SearchAction","target":{"@type":"EntryPoint","urlTemplate":"https:\/\/www.copealcoy.es\/es\/?s={search_term_string}"},"query-input":{"@type":"PropertyValueSpecification","valueRequired":true,"valueName":"search_term_string"}}],"inLanguage":"es"},{"@type":"Person","@id":"https:\/\/www.copealcoy.es\/es\/#\/schema\/person\/e777c87fa024e57d40170af9df39882c","name":"Cope Alcoy","image":{"@type":"ImageObject","inLanguage":"es","@id":"https:\/\/secure.gravatar.com\/avatar\/bb65d0283347e303893ba14f0692005417c1e0e690a325a4c5d8bb2b3943ee14?s=96&d=mm&r=g","url":"https:\/\/secure.gravatar.com\/avatar\/bb65d0283347e303893ba14f0692005417c1e0e690a325a4c5d8bb2b3943ee14?s=96&d=mm&r=g","contentUrl":"https:\/\/secure.gravatar.com\/avatar\/bb65d0283347e303893ba14f0692005417c1e0e690a325a4c5d8bb2b3943ee14?s=96&d=mm&r=g","caption":"Cope Alcoy"}}]}},"_links":{"self":[{"href":"https:\/\/www.copealcoy.es\/es\/wp-json\/wp\/v2\/posts\/161088","targetHints":{"allow":["GET"]}}],"collection":[{"href":"https:\/\/www.copealcoy.es\/es\/wp-json\/wp\/v2\/posts"}],"about":[{"href":"https:\/\/www.copealcoy.es\/es\/wp-json\/wp\/v2\/types\/post"}],"author":[{"embeddable":true,"href":"https:\/\/www.copealcoy.es\/es\/wp-json\/wp\/v2\/users\/1"}],"replies":[{"embeddable":true,"href":"https:\/\/www.copealcoy.es\/es\/wp-json\/wp\/v2\/comments?post=161088"}],"version-history":[{"count":1,"href":"https:\/\/www.copealcoy.es\/es\/wp-json\/wp\/v2\/posts\/161088\/revisions"}],"predecessor-version":[{"id":161089,"href":"https:\/\/www.copealcoy.es\/es\/wp-json\/wp\/v2\/posts\/161088\/revisions\/161089"}],"wp:featuredmedia":[{"embeddable":true,"href":"https:\/\/www.copealcoy.es\/es\/wp-json\/wp\/v2\/media\/147663"}],"wp:attachment":[{"href":"https:\/\/www.copealcoy.es\/es\/wp-json\/wp\/v2\/media?parent=161088"}],"wp:term":[{"taxonomy":"category","embeddable":true,"href":"https:\/\/www.copealcoy.es\/es\/wp-json\/wp\/v2\/categories?post=161088"},{"taxonomy":"post_tag","embeddable":true,"href":"https:\/\/www.copealcoy.es\/es\/wp-json\/wp\/v2\/tags?post=161088"}],"curies":[{"name":"wp","href":"https:\/\/api.w.org\/{rel}","templated":true}]}}