{"id":161020,"date":"2025-12-10T14:51:05","date_gmt":"2025-12-10T13:51:05","guid":{"rendered":"https:\/\/www.copealcoy.es\/?p=161020"},"modified":"2025-12-10T14:51:05","modified_gmt":"2025-12-10T13:51:05","slug":"cope-termina-el-ano-como-lider-y-carlos-herrera-se-consolida-como-referente","status":"publish","type":"post","link":"https:\/\/www.copealcoy.es\/es\/cope-termina-el-ano-como-lider-y-carlos-herrera-se-consolida-como-referente\/","title":{"rendered":"COPE termina el a\u00f1o como l\u00edder y Carlos Herrera se consolida como referente"},"content":{"rendered":"<p class=\"paragraph\" style=\"text-align: justify;\">En un final de a\u00f1o marcado por la actualidad pol\u00edtica en\u00a0<b>Espa\u00f1a<\/b>, por un contexto electoral y por las relaciones internacionales con conflictos como el de\u00a0<b>Ucrania<\/b>\u00a0todav\u00eda abiertos, la\u00a0<b>3\u00aa ola<\/b>\u00a0del\u00a0<b>Estudio General de Medios (EGM)<\/b>\u00a0de\u00a0<b>2025<\/b>\u00a0ratifica que\u00a0<b>Carlos Herrera<\/b>\u00a0contin\u00faa siendo la voz m\u00e1s influyente la\u00a0<b>radio espa\u00f1ola<\/b>.\u00a0 <b>2.540.000 oyentes diarios<\/b>\u00a0conf\u00edan cada ma\u00f1ana en\u00a0<b>&#8216;Herrera en COPE&#8217;<\/b>\u00a0para obtener la mejor informaci\u00f3n, el an\u00e1lisis m\u00e1s riguroso y una mirada cr\u00edtica sobre la actualidad nacional e internacional.<\/p>\n<p style=\"text-align: justify;\"><a href=\"https:\/\/www.cope.es\/\" target=\"_blank\" rel=\"noopener\"><span style=\"color: #0000ff;\"><b>COPE<\/b>\u00a0<\/span><\/a>estrenaba la temporada en\u00a0<b>septiembre<\/b>\u00a0anunciando la incorporaci\u00f3n de\u00a0<b>Jorge Bustos<\/b>\u00a0al\u00a0<b><i>prime time<\/i><\/b>\u00a0de la\u00a0<b>radio<\/b>, junto a\u00a0<b>Carlos Herrera<\/b>\u00a0y\u00a0<b>Alberto Herrera<\/b>. Las cifras del \u00faltimo\u00a0<b>EGM<\/b>\u00a0confirman la buena acogida de la audiencia y consolidan a\u00a0<b>&#8216;Herrera en COPE&#8217;<\/b>\u00a0como el punto de encuentro imprescindible para millones de espa\u00f1oles que buscan informaci\u00f3n veraz, independiente y de calidad.<\/p>\n<p style=\"text-align: justify;\"><strong><span style=\"color: #0000ff;\">Los n\u00ba 1 del deporte batiendo r\u00e9cord\u00a0<\/span><\/strong><\/p>\n<p style=\"text-align: justify;\"><b>\u2018Tiempo de Juego\u2019<\/b>\u00a0consigue su mejor dato de audiencia y re\u00fane cada fin de semana a\u00a0<b>2.106.000 oyentes<\/b>\u00a0para\u00a0vivir y vibrar con el\u00a0<b>deporte<\/b>.\u00a0<b>Paco Gonz\u00e1lez, Manolo Lama y Juanma Casta\u00f1o\u00a0<\/b>siguen como l\u00edderes de temporada. Como\u00a0<b>los n\u00fameros uno del deporte<\/b>\u00a0en\u00a0<b>Espa\u00f1a<\/b>.<\/p>\n<p style=\"text-align: justify;\">Por su parte, \u2018<b>El Partidazo de COPE\u2019<\/b>\u00a0lidera el crecimiento de audiencia en el \u00faltimo a\u00f1o en su franja y tambi\u00e9n es el n\u00famero 1 de la\u00a0<b>radio deportiva<\/b>\u00a0con\u00a0<b>767.000 oyentes<\/b>\u00a0que cada noche conectan con\u00a0<b>Juanma Casta\u00f1o<\/b>\u00a0para conocer todo lo que pasa dentro y fuera del campo.<\/p>\n<p style=\"text-align: justify;\"><strong><span style=\"color: #0000ff;\">La audiencia respalda nuestra programaci\u00f3n<\/span><\/strong><\/p>\n<p style=\"text-align: justify;\"><b>Pilar Garc\u00eda de la Granja<\/b>\u00a0tambi\u00e9n se estrenaba en \u2018<b>Mediod\u00eda COPE\u2019<\/b>\u00a0y la audiencia respalda la apuesta con\u00a0<b>546.000 oyentes<\/b>. Seg\u00fan el\u00a0<b>EGM<\/b>\u00a0en el caso de \u2018<b>La Tarde\u2019<\/b>\u00a0ya son\u00a0<b>611.000 personas<\/b>\u00a0las que escuchan a\u00a0<b>Pilar Garc\u00eda Mu\u00f1iz<\/b>\u00a0cada d\u00eda. Por su parte, \u2018<b>La Linterna\u2019 de COPE<\/b>\u00a0es seguida por\u00a0<b>883.000 oyentes<\/b>\u00a0que eligen a\u00a0<b>\u00c1ngel Exp\u00f3sito<\/b>\u00a0por su manera diferente de hacer\u00a0<b>radio<\/b>.<\/p>\n<p class=\"paragraph\" style=\"text-align: justify;\">Los s\u00e1bados y domingos,<b>\u00a0\u2018Fin de Semana\u2019 con Cristina L\u00f3pez Schlichting<\/b>\u00a0arranca la temporada con\u00a0<b>775.000 oyentes<\/b>, mientras que \u2018<b>La Ma\u00f1ana del Fin de semana\u2019<\/b>, dirigida y presentada por\u00a0<b>Fernando de Haro<\/b>, alcanza los\u00a0<b>869.000<\/b>. Por su parte,\u00a0<b>836.000 personas<\/b>\u00a0buscan cada s\u00e1bado toda la informaci\u00f3n agr\u00edcola y ganadera en\u00a0<b>\u2018Agropopular\u2019<\/b>\u00a0con\u00a0<b>C\u00e9sar Lumbreras<\/b>.<\/p>\n<p class=\"paragraph\" style=\"text-align: justify;\"><b>Carlos Moreno, El Pulpo<\/b>\u00a0cierra el a\u00f1o con\u00a0<b>330.000 ponedore<\/b>\u00a0en \u2018<b>Poniendo las calles\u2019 y se convierte en l\u00edder absoluto de su franja<\/b>.<b>\u00a0\u2018La Noche\u2019\u00a0<\/b>de\u00a0<b>Adolfo Arjona<\/b>\u00a0(lunes de 1.30 a 4.00 h) crece y es seguido por\u00a0<b>252.000 personas<\/b>, y el\u00a0<b>Grupo Risa<\/b>\u00a0sigue haciendo de las suyas con\u00a0<b>97.000 oyentes<\/b>\u00a0la\u00a0madrugada del domingo, mientras que\u00a0<b>Jos\u00e9 \u00c1ngel Cuadrado<\/b>\u00a0termina el a\u00f1o en \u2018<b>Lo que viene\u2019<\/b>\u00a0con\u00a0<b>98.000 oyentes<\/b>. \u2018<b>El Garito\u2019<\/b>\u00a0con\u00a0<b>\u00c1lex Clavero<\/b>\u00a0re\u00fane a\u00a0<b>330.000 personas<\/b>.<\/p>\n<p class=\"paragraph\" style=\"text-align: justify;\">En un a\u00f1o muy especial en el que asistimos al fallecimiento del\u00a0<b>Papa Francisco<\/b>\u00a0y a la elecci\u00f3n de\u00a0<b>Le\u00f3n XIV<\/b>, la audiencia respalda la\u00a0<b>programaci\u00f3n sociorreligiosa<\/b>. Los viernes, \u2018<b>La Linterna de la\u00a0Iglesia\u2019<\/b><b>, crece un 14%<\/b><b>\u00a0y congrega a 415.000 oyentes.<\/b>\u00a0Y los domingos, la\u00a0<b>Santa Misa\u00a0<\/b>tambi\u00e9n crece y re\u00fane a\u00a0<b>571.000 fieles<\/b>, mientras que \u2018<b>Iglesia Noticia\u2019<\/b>\u00a0es escuchada por\u00a0<b>457.000 personas<\/b>.<\/p>\n<p style=\"text-align: justify;\"><strong><span style=\"color: #0000ff;\">L\u00edderes en streaming<\/span><\/strong><\/p>\n<p style=\"text-align: justify;\">Las marcas de\u00a0<b>\u00c1bside Media<\/b>\u00a0concentran cada d\u00eda a\u00a0<b>6.512.000 oyentes<\/b>\u00a0(<b>COPE<\/b>,\u00a0<b>CADENA 100<\/b>,\u00a0<b>RockFM<\/b>\u00a0y\u00a0<b>MegaStarFM<\/b>).\u00a0Todo en un contexto en el que el\u00a0<b>EGM<\/b>\u00a0certifica la credibilidad, la fortaleza y la buena salud de la\u00a0<b>radio generalista<\/b>\u00a0que alcanza un nuevo r\u00e9cord de consumo con\u00a0<b>13.944.000 oyentes diarios<\/b>.<\/p>\n","protected":false},"excerpt":{"rendered":"<p>En un final de a\u00f1o marcado por la actualidad pol\u00edtica en\u00a0Espa\u00f1a, por un contexto electoral y por las relaciones internacionales&#8230;<\/p>\n","protected":false},"author":1,"featured_media":161025,"comment_status":"closed","ping_status":"closed","sticky":false,"template":"","format":"standard","meta":{"footnotes":""},"categories":[6909,75,125],"tags":[2967,178,2451,19472,20432],"class_list":["post-161020","post","type-post","status-publish","format-standard","has-post-thumbnail","hentry","category-actualidad","category-noticias","category-portada","tag-carlos-herrera","tag-cope","tag-egm","tag-lideres","tag-referentes"],"yoast_head":"<!-- This site is optimized with the Yoast SEO plugin v27.3 - https:\/\/yoast.com\/product\/yoast-seo-wordpress\/ -->\n<title>COPE termina el a\u00f1o como l\u00edder y Carlos Herrera se consolida como referente - COPE Alcoy<\/title>\n<meta name=\"description\" content=\"COPE termina el a\u00f1o como l\u00edder y Carlos Herrera se consolida como referente\" \/>\n<meta name=\"robots\" content=\"index, follow, max-snippet:-1, max-image-preview:large, max-video-preview:-1\" \/>\n<link rel=\"canonical\" href=\"https:\/\/www.copealcoy.es\/es\/cope-termina-el-ano-como-lider-y-carlos-herrera-se-consolida-como-referente\/\" \/>\n<meta property=\"og:locale\" content=\"es_ES\" \/>\n<meta property=\"og:type\" content=\"article\" \/>\n<meta property=\"og:title\" content=\"COPE termina el a\u00f1o como l\u00edder y Carlos Herrera se consolida como referente - COPE Alcoy\" \/>\n<meta property=\"og:description\" content=\"COPE termina el a\u00f1o como l\u00edder y Carlos Herrera se consolida como referente\" \/>\n<meta property=\"og:url\" content=\"https:\/\/www.copealcoy.es\/es\/cope-termina-el-ano-como-lider-y-carlos-herrera-se-consolida-como-referente\/\" \/>\n<meta property=\"og:site_name\" content=\"COPE Alcoy\" \/>\n<meta property=\"article:published_time\" content=\"2025-12-10T13:51:05+00:00\" \/>\n<meta property=\"og:image\" content=\"https:\/\/www.copealcoy.es\/wp-content\/uploads\/2025\/12\/693919957ae6d.webp\" \/>\n\t<meta property=\"og:image:width\" content=\"768\" \/>\n\t<meta property=\"og:image:height\" content=\"432\" \/>\n\t<meta property=\"og:image:type\" content=\"image\/webp\" \/>\n<meta name=\"author\" content=\"Cope Alcoy\" \/>\n<meta name=\"twitter:label1\" content=\"Escrito por\" \/>\n\t<meta name=\"twitter:data1\" content=\"Cope Alcoy\" \/>\n\t<meta name=\"twitter:label2\" content=\"Tiempo de lectura\" \/>\n\t<meta name=\"twitter:data2\" content=\"4 minutos\" \/>\n<script type=\"application\/ld+json\" class=\"yoast-schema-graph\">{\"@context\":\"https:\\\/\\\/schema.org\",\"@graph\":[{\"@type\":\"Article\",\"@id\":\"https:\\\/\\\/www.copealcoy.es\\\/es\\\/cope-termina-el-ano-como-lider-y-carlos-herrera-se-consolida-como-referente\\\/#article\",\"isPartOf\":{\"@id\":\"https:\\\/\\\/www.copealcoy.es\\\/es\\\/cope-termina-el-ano-como-lider-y-carlos-herrera-se-consolida-como-referente\\\/\"},\"author\":{\"name\":\"Cope Alcoy\",\"@id\":\"https:\\\/\\\/www.copealcoy.es\\\/es\\\/#\\\/schema\\\/person\\\/e777c87fa024e57d40170af9df39882c\"},\"headline\":\"COPE termina el a\u00f1o como l\u00edder y Carlos Herrera se consolida como referente\",\"datePublished\":\"2025-12-10T13:51:05+00:00\",\"mainEntityOfPage\":{\"@id\":\"https:\\\/\\\/www.copealcoy.es\\\/es\\\/cope-termina-el-ano-como-lider-y-carlos-herrera-se-consolida-como-referente\\\/\"},\"wordCount\":612,\"image\":{\"@id\":\"https:\\\/\\\/www.copealcoy.es\\\/es\\\/cope-termina-el-ano-como-lider-y-carlos-herrera-se-consolida-como-referente\\\/#primaryimage\"},\"thumbnailUrl\":\"https:\\\/\\\/www.copealcoy.es\\\/wp-content\\\/uploads\\\/2025\\\/12\\\/693919957ae6d.webp\",\"keywords\":[\"Carlos Herrera\",\"Cope\",\"EGM\",\"l\u00edderes\",\"referentes\"],\"articleSection\":[\"Actualidad\",\"Noticias\",\"Portada\"],\"inLanguage\":\"es\"},{\"@type\":\"WebPage\",\"@id\":\"https:\\\/\\\/www.copealcoy.es\\\/es\\\/cope-termina-el-ano-como-lider-y-carlos-herrera-se-consolida-como-referente\\\/\",\"url\":\"https:\\\/\\\/www.copealcoy.es\\\/es\\\/cope-termina-el-ano-como-lider-y-carlos-herrera-se-consolida-como-referente\\\/\",\"name\":\"COPE termina el a\u00f1o como l\u00edder y Carlos Herrera se consolida como referente - COPE Alcoy\",\"isPartOf\":{\"@id\":\"https:\\\/\\\/www.copealcoy.es\\\/es\\\/#website\"},\"primaryImageOfPage\":{\"@id\":\"https:\\\/\\\/www.copealcoy.es\\\/es\\\/cope-termina-el-ano-como-lider-y-carlos-herrera-se-consolida-como-referente\\\/#primaryimage\"},\"image\":{\"@id\":\"https:\\\/\\\/www.copealcoy.es\\\/es\\\/cope-termina-el-ano-como-lider-y-carlos-herrera-se-consolida-como-referente\\\/#primaryimage\"},\"thumbnailUrl\":\"https:\\\/\\\/www.copealcoy.es\\\/wp-content\\\/uploads\\\/2025\\\/12\\\/693919957ae6d.webp\",\"datePublished\":\"2025-12-10T13:51:05+00:00\",\"author\":{\"@id\":\"https:\\\/\\\/www.copealcoy.es\\\/es\\\/#\\\/schema\\\/person\\\/e777c87fa024e57d40170af9df39882c\"},\"description\":\"COPE termina el a\u00f1o como l\u00edder y Carlos Herrera se consolida como referente\",\"breadcrumb\":{\"@id\":\"https:\\\/\\\/www.copealcoy.es\\\/es\\\/cope-termina-el-ano-como-lider-y-carlos-herrera-se-consolida-como-referente\\\/#breadcrumb\"},\"inLanguage\":\"es\",\"potentialAction\":[{\"@type\":\"ReadAction\",\"target\":[\"https:\\\/\\\/www.copealcoy.es\\\/es\\\/cope-termina-el-ano-como-lider-y-carlos-herrera-se-consolida-como-referente\\\/\"]}]},{\"@type\":\"ImageObject\",\"inLanguage\":\"es\",\"@id\":\"https:\\\/\\\/www.copealcoy.es\\\/es\\\/cope-termina-el-ano-como-lider-y-carlos-herrera-se-consolida-como-referente\\\/#primaryimage\",\"url\":\"https:\\\/\\\/www.copealcoy.es\\\/wp-content\\\/uploads\\\/2025\\\/12\\\/693919957ae6d.webp\",\"contentUrl\":\"https:\\\/\\\/www.copealcoy.es\\\/wp-content\\\/uploads\\\/2025\\\/12\\\/693919957ae6d.webp\",\"width\":768,\"height\":432,\"caption\":\"COPE termina el a\u00f1o como l\u00edder y Carlos Herrera se consolida como referente\"},{\"@type\":\"BreadcrumbList\",\"@id\":\"https:\\\/\\\/www.copealcoy.es\\\/es\\\/cope-termina-el-ano-como-lider-y-carlos-herrera-se-consolida-como-referente\\\/#breadcrumb\",\"itemListElement\":[{\"@type\":\"ListItem\",\"position\":1,\"name\":\"Portada\",\"item\":\"https:\\\/\\\/www.copealcoy.es\\\/es\\\/\"},{\"@type\":\"ListItem\",\"position\":2,\"name\":\"COPE termina el a\u00f1o como l\u00edder y Carlos Herrera se consolida como referente\"}]},{\"@type\":\"WebSite\",\"@id\":\"https:\\\/\\\/www.copealcoy.es\\\/es\\\/#website\",\"url\":\"https:\\\/\\\/www.copealcoy.es\\\/es\\\/\",\"name\":\"COPE Alcoy\",\"description\":\"Emisora COPE de radio local con emisi\u00f3n online. Pont de Sant Jordi 8-10 03803 Alcoy\",\"potentialAction\":[{\"@type\":\"SearchAction\",\"target\":{\"@type\":\"EntryPoint\",\"urlTemplate\":\"https:\\\/\\\/www.copealcoy.es\\\/es\\\/?s={search_term_string}\"},\"query-input\":{\"@type\":\"PropertyValueSpecification\",\"valueRequired\":true,\"valueName\":\"search_term_string\"}}],\"inLanguage\":\"es\"},{\"@type\":\"Person\",\"@id\":\"https:\\\/\\\/www.copealcoy.es\\\/es\\\/#\\\/schema\\\/person\\\/e777c87fa024e57d40170af9df39882c\",\"name\":\"Cope Alcoy\",\"image\":{\"@type\":\"ImageObject\",\"inLanguage\":\"es\",\"@id\":\"https:\\\/\\\/secure.gravatar.com\\\/avatar\\\/bb65d0283347e303893ba14f0692005417c1e0e690a325a4c5d8bb2b3943ee14?s=96&d=mm&r=g\",\"url\":\"https:\\\/\\\/secure.gravatar.com\\\/avatar\\\/bb65d0283347e303893ba14f0692005417c1e0e690a325a4c5d8bb2b3943ee14?s=96&d=mm&r=g\",\"contentUrl\":\"https:\\\/\\\/secure.gravatar.com\\\/avatar\\\/bb65d0283347e303893ba14f0692005417c1e0e690a325a4c5d8bb2b3943ee14?s=96&d=mm&r=g\",\"caption\":\"Cope Alcoy\"}}]}<\/script>\n<!-- \/ Yoast SEO plugin. -->","yoast_head_json":{"title":"COPE termina el a\u00f1o como l\u00edder y Carlos Herrera se consolida como referente - COPE Alcoy","description":"COPE termina el a\u00f1o como l\u00edder y Carlos Herrera se consolida como referente","robots":{"index":"index","follow":"follow","max-snippet":"max-snippet:-1","max-image-preview":"max-image-preview:large","max-video-preview":"max-video-preview:-1"},"canonical":"https:\/\/www.copealcoy.es\/es\/cope-termina-el-ano-como-lider-y-carlos-herrera-se-consolida-como-referente\/","og_locale":"es_ES","og_type":"article","og_title":"COPE termina el a\u00f1o como l\u00edder y Carlos Herrera se consolida como referente - COPE Alcoy","og_description":"COPE termina el a\u00f1o como l\u00edder y Carlos Herrera se consolida como referente","og_url":"https:\/\/www.copealcoy.es\/es\/cope-termina-el-ano-como-lider-y-carlos-herrera-se-consolida-como-referente\/","og_site_name":"COPE Alcoy","article_published_time":"2025-12-10T13:51:05+00:00","og_image":[{"width":768,"height":432,"url":"https:\/\/www.copealcoy.es\/wp-content\/uploads\/2025\/12\/693919957ae6d.webp","type":"image\/webp"}],"author":"Cope Alcoy","twitter_misc":{"Escrito por":"Cope Alcoy","Tiempo de lectura":"4 minutos"},"schema":{"@context":"https:\/\/schema.org","@graph":[{"@type":"Article","@id":"https:\/\/www.copealcoy.es\/es\/cope-termina-el-ano-como-lider-y-carlos-herrera-se-consolida-como-referente\/#article","isPartOf":{"@id":"https:\/\/www.copealcoy.es\/es\/cope-termina-el-ano-como-lider-y-carlos-herrera-se-consolida-como-referente\/"},"author":{"name":"Cope Alcoy","@id":"https:\/\/www.copealcoy.es\/es\/#\/schema\/person\/e777c87fa024e57d40170af9df39882c"},"headline":"COPE termina el a\u00f1o como l\u00edder y Carlos Herrera se consolida como referente","datePublished":"2025-12-10T13:51:05+00:00","mainEntityOfPage":{"@id":"https:\/\/www.copealcoy.es\/es\/cope-termina-el-ano-como-lider-y-carlos-herrera-se-consolida-como-referente\/"},"wordCount":612,"image":{"@id":"https:\/\/www.copealcoy.es\/es\/cope-termina-el-ano-como-lider-y-carlos-herrera-se-consolida-como-referente\/#primaryimage"},"thumbnailUrl":"https:\/\/www.copealcoy.es\/wp-content\/uploads\/2025\/12\/693919957ae6d.webp","keywords":["Carlos Herrera","Cope","EGM","l\u00edderes","referentes"],"articleSection":["Actualidad","Noticias","Portada"],"inLanguage":"es"},{"@type":"WebPage","@id":"https:\/\/www.copealcoy.es\/es\/cope-termina-el-ano-como-lider-y-carlos-herrera-se-consolida-como-referente\/","url":"https:\/\/www.copealcoy.es\/es\/cope-termina-el-ano-como-lider-y-carlos-herrera-se-consolida-como-referente\/","name":"COPE termina el a\u00f1o como l\u00edder y Carlos Herrera se consolida como referente - COPE Alcoy","isPartOf":{"@id":"https:\/\/www.copealcoy.es\/es\/#website"},"primaryImageOfPage":{"@id":"https:\/\/www.copealcoy.es\/es\/cope-termina-el-ano-como-lider-y-carlos-herrera-se-consolida-como-referente\/#primaryimage"},"image":{"@id":"https:\/\/www.copealcoy.es\/es\/cope-termina-el-ano-como-lider-y-carlos-herrera-se-consolida-como-referente\/#primaryimage"},"thumbnailUrl":"https:\/\/www.copealcoy.es\/wp-content\/uploads\/2025\/12\/693919957ae6d.webp","datePublished":"2025-12-10T13:51:05+00:00","author":{"@id":"https:\/\/www.copealcoy.es\/es\/#\/schema\/person\/e777c87fa024e57d40170af9df39882c"},"description":"COPE termina el a\u00f1o como l\u00edder y Carlos Herrera se consolida como referente","breadcrumb":{"@id":"https:\/\/www.copealcoy.es\/es\/cope-termina-el-ano-como-lider-y-carlos-herrera-se-consolida-como-referente\/#breadcrumb"},"inLanguage":"es","potentialAction":[{"@type":"ReadAction","target":["https:\/\/www.copealcoy.es\/es\/cope-termina-el-ano-como-lider-y-carlos-herrera-se-consolida-como-referente\/"]}]},{"@type":"ImageObject","inLanguage":"es","@id":"https:\/\/www.copealcoy.es\/es\/cope-termina-el-ano-como-lider-y-carlos-herrera-se-consolida-como-referente\/#primaryimage","url":"https:\/\/www.copealcoy.es\/wp-content\/uploads\/2025\/12\/693919957ae6d.webp","contentUrl":"https:\/\/www.copealcoy.es\/wp-content\/uploads\/2025\/12\/693919957ae6d.webp","width":768,"height":432,"caption":"COPE termina el a\u00f1o como l\u00edder y Carlos Herrera se consolida como referente"},{"@type":"BreadcrumbList","@id":"https:\/\/www.copealcoy.es\/es\/cope-termina-el-ano-como-lider-y-carlos-herrera-se-consolida-como-referente\/#breadcrumb","itemListElement":[{"@type":"ListItem","position":1,"name":"Portada","item":"https:\/\/www.copealcoy.es\/es\/"},{"@type":"ListItem","position":2,"name":"COPE termina el a\u00f1o como l\u00edder y Carlos Herrera se consolida como referente"}]},{"@type":"WebSite","@id":"https:\/\/www.copealcoy.es\/es\/#website","url":"https:\/\/www.copealcoy.es\/es\/","name":"COPE Alcoy","description":"Emisora COPE de radio local con emisi\u00f3n online. Pont de Sant Jordi 8-10 03803 Alcoy","potentialAction":[{"@type":"SearchAction","target":{"@type":"EntryPoint","urlTemplate":"https:\/\/www.copealcoy.es\/es\/?s={search_term_string}"},"query-input":{"@type":"PropertyValueSpecification","valueRequired":true,"valueName":"search_term_string"}}],"inLanguage":"es"},{"@type":"Person","@id":"https:\/\/www.copealcoy.es\/es\/#\/schema\/person\/e777c87fa024e57d40170af9df39882c","name":"Cope Alcoy","image":{"@type":"ImageObject","inLanguage":"es","@id":"https:\/\/secure.gravatar.com\/avatar\/bb65d0283347e303893ba14f0692005417c1e0e690a325a4c5d8bb2b3943ee14?s=96&d=mm&r=g","url":"https:\/\/secure.gravatar.com\/avatar\/bb65d0283347e303893ba14f0692005417c1e0e690a325a4c5d8bb2b3943ee14?s=96&d=mm&r=g","contentUrl":"https:\/\/secure.gravatar.com\/avatar\/bb65d0283347e303893ba14f0692005417c1e0e690a325a4c5d8bb2b3943ee14?s=96&d=mm&r=g","caption":"Cope Alcoy"}}]}},"_links":{"self":[{"href":"https:\/\/www.copealcoy.es\/es\/wp-json\/wp\/v2\/posts\/161020","targetHints":{"allow":["GET"]}}],"collection":[{"href":"https:\/\/www.copealcoy.es\/es\/wp-json\/wp\/v2\/posts"}],"about":[{"href":"https:\/\/www.copealcoy.es\/es\/wp-json\/wp\/v2\/types\/post"}],"author":[{"embeddable":true,"href":"https:\/\/www.copealcoy.es\/es\/wp-json\/wp\/v2\/users\/1"}],"replies":[{"embeddable":true,"href":"https:\/\/www.copealcoy.es\/es\/wp-json\/wp\/v2\/comments?post=161020"}],"version-history":[{"count":1,"href":"https:\/\/www.copealcoy.es\/es\/wp-json\/wp\/v2\/posts\/161020\/revisions"}],"predecessor-version":[{"id":161027,"href":"https:\/\/www.copealcoy.es\/es\/wp-json\/wp\/v2\/posts\/161020\/revisions\/161027"}],"wp:featuredmedia":[{"embeddable":true,"href":"https:\/\/www.copealcoy.es\/es\/wp-json\/wp\/v2\/media\/161025"}],"wp:attachment":[{"href":"https:\/\/www.copealcoy.es\/es\/wp-json\/wp\/v2\/media?parent=161020"}],"wp:term":[{"taxonomy":"category","embeddable":true,"href":"https:\/\/www.copealcoy.es\/es\/wp-json\/wp\/v2\/categories?post=161020"},{"taxonomy":"post_tag","embeddable":true,"href":"https:\/\/www.copealcoy.es\/es\/wp-json\/wp\/v2\/tags?post=161020"}],"curies":[{"name":"wp","href":"https:\/\/api.w.org\/{rel}","templated":true}]}}