{"id":161010,"date":"2025-12-11T08:30:52","date_gmt":"2025-12-11T07:30:52","guid":{"rendered":"https:\/\/www.copealcoy.es\/?p=161010"},"modified":"2025-12-11T13:15:07","modified_gmt":"2025-12-11T12:15:07","slug":"el-cartel-ya-anuncia-la-125-cabalgata-de-reyes-en-muro","status":"publish","type":"post","link":"https:\/\/www.copealcoy.es\/es\/el-cartel-ya-anuncia-la-125-cabalgata-de-reyes-en-muro\/","title":{"rendered":"El cartel ya anuncia la 125 Cabalgata de Reyes en Muro"},"content":{"rendered":"<p style=\"text-align: justify;\"><span style=\"color: #333333;\">Muro <\/span><strong>ha dado ya la bienvenida a la Navidad<\/strong> con el<strong> encendido de la iluminaci\u00f3n especial<\/strong> que se reparte por las diferentes calles tanto de la poblaci\u00f3n como de las pedan\u00edas. El acto tuvo lugar al caer la tarde del pasado viernes 5 de diciembre y<strong> se llev\u00f3 a cabo en la Placeta Molina<\/strong>, frente al Ayuntamiento, con la asistencia de numerosos vecinos y la presencia tambi\u00e9n de representantes de la Corporaci\u00f3n Municipal o de la Nova Associaci\u00f3 Cultural dels Reis.<\/p>\n<p style=\"text-align: justify;\">Junto a la puesta en marcha del alumbrado, se descubri\u00f3 tambi\u00e9n el <strong data-start=\"202\" data-end=\"220\">cartel oficial<\/strong> con el que se anunciar\u00e1 el <strong data-start=\"248\" data-end=\"268\">125\u00ba aniversario<\/strong> de la <strong data-start=\"275\" data-end=\"297\">Cabalgata de Reyes<\/strong>, una obra de Xavi Montava Tom\u00e0s creada mediante <strong data-start=\"324\" data-end=\"343\">t\u00e9cnicas mixtas<\/strong> y que combina electrograf\u00eda, grafito y tinta. El dise\u00f1o ha tenido muy buena acogida entre los vecinos del municipio y el propio cartel ya se puede contemplar en la fachada del Consistorio &#8220;<em>se trata de una composici\u00f3n encabezada por una imagen central de los tres Reyes Magos, con especial protagonismo para la figura de Baltasar, representado sosteniendo a un ni\u00f1o en un gesto de ternura que simboliza la uni\u00f3n entre pasado, presente y futuro. A la escena se suma tambi\u00e9n el emblem\u00e1tico paje de la Cabalgata de Muro, una figura identificativa de nuestro pueblo, y que aparece en actitud de ofrenda. Todo ello arropado por una gran estrella en tonos anaranjados que nos anuncia que los monarcas ya vienen de camino en un a\u00f1o que va a ser muy especial puesto que celebramos 125 ediciones del desfile<\/em>&#8220;, explicaba en COPE ALCOY <strong>Abraham Molina Mur<\/strong> como presidente de la mencionada <a href=\"https:\/\/www.facebook.com\/p\/Nova-Associaci%C3%B3-Cultural-Reis-Mags-de-Muro-dAlcoi-100064763470871\/\" target=\"_blank\" rel=\"noopener\"><span style=\"color: #0000ff;\"><strong>Nova Associaci\u00f3 dels Reis de Muro<\/strong><\/span><\/a>.<\/p>\n<p style=\"text-align: justify;\" data-start=\"1522\" data-end=\"1676\">Tras ambas actividades, <strong>Muro ha dado inicio a una completa programaci\u00f3n con motivo de la Navidad<\/strong> que incluye citas como los Concursos de Belenes y Escaparates, el Concierto de Navidad del Coro Parroquial o la visita de Pap\u00e1 Noel prevista para el 20 de diciembre en El Matzem junto a actividades organizadas por los comerciantes. A ello se le unen el pasacalle del Aguinaldo de la tarde del 24 de diciembre, iniciativas para despedir el a\u00f1o el d\u00eda 31, la Visita del Paje Real en la tarde del 1 de enero o la misma Cabalgata el d\u00eda 5 a partir de las 18:00h.<\/p>\n","protected":false},"excerpt":{"rendered":"<p>Muro ha dado ya la bienvenida a la Navidad con el encendido de la iluminaci\u00f3n especial que se reparte por&#8230;<\/p>\n","protected":false},"author":1,"featured_media":161011,"comment_status":"closed","ping_status":"closed","sticky":false,"template":"","format":"standard","meta":{"footnotes":""},"categories":[6909,98,75],"tags":[20427,368,3660,4962,135,488,20428],"class_list":["post-161010","post","type-post","status-publish","format-standard","has-post-thumbnail","hentry","category-actualidad","category-comarcas","category-noticias","tag-125-ediciones","tag-cabalgata","tag-cartel-anunciador","tag-descubrimiento","tag-muro","tag-reyes-magos","tag-xavi-montava-tomas"],"yoast_head":"<!-- This site is optimized with the Yoast SEO plugin v27.3 - https:\/\/yoast.com\/product\/yoast-seo-wordpress\/ -->\n<title>El cartel ya anuncia la 125 Cabalgata de Reyes en Muro - COPE Alcoy<\/title>\n<meta name=\"description\" content=\"El cartel ya anuncia las 125 Cabalgata de Reyes en Muro\" \/>\n<meta name=\"robots\" content=\"index, follow, max-snippet:-1, max-image-preview:large, max-video-preview:-1\" \/>\n<link rel=\"canonical\" href=\"https:\/\/www.copealcoy.es\/es\/el-cartel-ya-anuncia-la-125-cabalgata-de-reyes-en-muro\/\" \/>\n<meta property=\"og:locale\" content=\"es_ES\" \/>\n<meta property=\"og:type\" content=\"article\" \/>\n<meta property=\"og:title\" content=\"El cartel ya anuncia la 125 Cabalgata de Reyes en Muro - COPE Alcoy\" \/>\n<meta property=\"og:description\" content=\"El cartel ya anuncia las 125 Cabalgata de Reyes en Muro\" \/>\n<meta property=\"og:url\" content=\"https:\/\/www.copealcoy.es\/es\/el-cartel-ya-anuncia-la-125-cabalgata-de-reyes-en-muro\/\" \/>\n<meta property=\"og:site_name\" content=\"COPE Alcoy\" \/>\n<meta property=\"article:published_time\" content=\"2025-12-11T07:30:52+00:00\" \/>\n<meta property=\"article:modified_time\" content=\"2025-12-11T12:15:07+00:00\" \/>\n<meta property=\"og:image\" content=\"https:\/\/www.copealcoy.es\/wp-content\/uploads\/2025\/12\/unnamed-1-13.jpg\" \/>\n\t<meta property=\"og:image:width\" content=\"2048\" \/>\n\t<meta property=\"og:image:height\" content=\"1536\" \/>\n\t<meta property=\"og:image:type\" content=\"image\/jpeg\" \/>\n<meta name=\"author\" content=\"Cope Alcoy\" \/>\n<meta name=\"twitter:label1\" content=\"Escrito por\" \/>\n\t<meta name=\"twitter:data1\" content=\"Cope Alcoy\" \/>\n\t<meta name=\"twitter:label2\" content=\"Tiempo de lectura\" \/>\n\t<meta name=\"twitter:data2\" content=\"3 minutos\" \/>\n<script type=\"application\/ld+json\" class=\"yoast-schema-graph\">{\"@context\":\"https:\\\/\\\/schema.org\",\"@graph\":[{\"@type\":\"Article\",\"@id\":\"https:\\\/\\\/www.copealcoy.es\\\/es\\\/el-cartel-ya-anuncia-la-125-cabalgata-de-reyes-en-muro\\\/#article\",\"isPartOf\":{\"@id\":\"https:\\\/\\\/www.copealcoy.es\\\/es\\\/el-cartel-ya-anuncia-la-125-cabalgata-de-reyes-en-muro\\\/\"},\"author\":{\"name\":\"Cope Alcoy\",\"@id\":\"https:\\\/\\\/www.copealcoy.es\\\/es\\\/#\\\/schema\\\/person\\\/e777c87fa024e57d40170af9df39882c\"},\"headline\":\"El cartel ya anuncia la 125 Cabalgata de Reyes en Muro\",\"datePublished\":\"2025-12-11T07:30:52+00:00\",\"dateModified\":\"2025-12-11T12:15:07+00:00\",\"mainEntityOfPage\":{\"@id\":\"https:\\\/\\\/www.copealcoy.es\\\/es\\\/el-cartel-ya-anuncia-la-125-cabalgata-de-reyes-en-muro\\\/\"},\"wordCount\":398,\"image\":{\"@id\":\"https:\\\/\\\/www.copealcoy.es\\\/es\\\/el-cartel-ya-anuncia-la-125-cabalgata-de-reyes-en-muro\\\/#primaryimage\"},\"thumbnailUrl\":\"https:\\\/\\\/www.copealcoy.es\\\/wp-content\\\/uploads\\\/2025\\\/12\\\/unnamed-1-13.jpg\",\"keywords\":[\"125 ediciones\",\"Cabalgata\",\"cartel anunciador\",\"descubrimiento\",\"Muro\",\"Reyes Magos\",\"Xavi Montava Tom\u00e0s\"],\"articleSection\":[\"Actualidad\",\"Comarcas\",\"Noticias\"],\"inLanguage\":\"es\"},{\"@type\":\"WebPage\",\"@id\":\"https:\\\/\\\/www.copealcoy.es\\\/es\\\/el-cartel-ya-anuncia-la-125-cabalgata-de-reyes-en-muro\\\/\",\"url\":\"https:\\\/\\\/www.copealcoy.es\\\/es\\\/el-cartel-ya-anuncia-la-125-cabalgata-de-reyes-en-muro\\\/\",\"name\":\"El cartel ya anuncia la 125 Cabalgata de Reyes en Muro - COPE Alcoy\",\"isPartOf\":{\"@id\":\"https:\\\/\\\/www.copealcoy.es\\\/es\\\/#website\"},\"primaryImageOfPage\":{\"@id\":\"https:\\\/\\\/www.copealcoy.es\\\/es\\\/el-cartel-ya-anuncia-la-125-cabalgata-de-reyes-en-muro\\\/#primaryimage\"},\"image\":{\"@id\":\"https:\\\/\\\/www.copealcoy.es\\\/es\\\/el-cartel-ya-anuncia-la-125-cabalgata-de-reyes-en-muro\\\/#primaryimage\"},\"thumbnailUrl\":\"https:\\\/\\\/www.copealcoy.es\\\/wp-content\\\/uploads\\\/2025\\\/12\\\/unnamed-1-13.jpg\",\"datePublished\":\"2025-12-11T07:30:52+00:00\",\"dateModified\":\"2025-12-11T12:15:07+00:00\",\"author\":{\"@id\":\"https:\\\/\\\/www.copealcoy.es\\\/es\\\/#\\\/schema\\\/person\\\/e777c87fa024e57d40170af9df39882c\"},\"description\":\"El cartel ya anuncia las 125 Cabalgata de Reyes en Muro\",\"breadcrumb\":{\"@id\":\"https:\\\/\\\/www.copealcoy.es\\\/es\\\/el-cartel-ya-anuncia-la-125-cabalgata-de-reyes-en-muro\\\/#breadcrumb\"},\"inLanguage\":\"es\",\"potentialAction\":[{\"@type\":\"ReadAction\",\"target\":[\"https:\\\/\\\/www.copealcoy.es\\\/es\\\/el-cartel-ya-anuncia-la-125-cabalgata-de-reyes-en-muro\\\/\"]}]},{\"@type\":\"ImageObject\",\"inLanguage\":\"es\",\"@id\":\"https:\\\/\\\/www.copealcoy.es\\\/es\\\/el-cartel-ya-anuncia-la-125-cabalgata-de-reyes-en-muro\\\/#primaryimage\",\"url\":\"https:\\\/\\\/www.copealcoy.es\\\/wp-content\\\/uploads\\\/2025\\\/12\\\/unnamed-1-13.jpg\",\"contentUrl\":\"https:\\\/\\\/www.copealcoy.es\\\/wp-content\\\/uploads\\\/2025\\\/12\\\/unnamed-1-13.jpg\",\"width\":2048,\"height\":1536},{\"@type\":\"BreadcrumbList\",\"@id\":\"https:\\\/\\\/www.copealcoy.es\\\/es\\\/el-cartel-ya-anuncia-la-125-cabalgata-de-reyes-en-muro\\\/#breadcrumb\",\"itemListElement\":[{\"@type\":\"ListItem\",\"position\":1,\"name\":\"Portada\",\"item\":\"https:\\\/\\\/www.copealcoy.es\\\/es\\\/\"},{\"@type\":\"ListItem\",\"position\":2,\"name\":\"El cartel ya anuncia la 125 Cabalgata de Reyes en Muro\"}]},{\"@type\":\"WebSite\",\"@id\":\"https:\\\/\\\/www.copealcoy.es\\\/es\\\/#website\",\"url\":\"https:\\\/\\\/www.copealcoy.es\\\/es\\\/\",\"name\":\"COPE Alcoy\",\"description\":\"Emisora COPE de radio local con emisi\u00f3n online. Pont de Sant Jordi 8-10 03803 Alcoy\",\"potentialAction\":[{\"@type\":\"SearchAction\",\"target\":{\"@type\":\"EntryPoint\",\"urlTemplate\":\"https:\\\/\\\/www.copealcoy.es\\\/es\\\/?s={search_term_string}\"},\"query-input\":{\"@type\":\"PropertyValueSpecification\",\"valueRequired\":true,\"valueName\":\"search_term_string\"}}],\"inLanguage\":\"es\"},{\"@type\":\"Person\",\"@id\":\"https:\\\/\\\/www.copealcoy.es\\\/es\\\/#\\\/schema\\\/person\\\/e777c87fa024e57d40170af9df39882c\",\"name\":\"Cope Alcoy\",\"image\":{\"@type\":\"ImageObject\",\"inLanguage\":\"es\",\"@id\":\"https:\\\/\\\/secure.gravatar.com\\\/avatar\\\/bb65d0283347e303893ba14f0692005417c1e0e690a325a4c5d8bb2b3943ee14?s=96&d=mm&r=g\",\"url\":\"https:\\\/\\\/secure.gravatar.com\\\/avatar\\\/bb65d0283347e303893ba14f0692005417c1e0e690a325a4c5d8bb2b3943ee14?s=96&d=mm&r=g\",\"contentUrl\":\"https:\\\/\\\/secure.gravatar.com\\\/avatar\\\/bb65d0283347e303893ba14f0692005417c1e0e690a325a4c5d8bb2b3943ee14?s=96&d=mm&r=g\",\"caption\":\"Cope Alcoy\"}}]}<\/script>\n<!-- \/ Yoast SEO plugin. -->","yoast_head_json":{"title":"El cartel ya anuncia la 125 Cabalgata de Reyes en Muro - COPE Alcoy","description":"El cartel ya anuncia las 125 Cabalgata de Reyes en Muro","robots":{"index":"index","follow":"follow","max-snippet":"max-snippet:-1","max-image-preview":"max-image-preview:large","max-video-preview":"max-video-preview:-1"},"canonical":"https:\/\/www.copealcoy.es\/es\/el-cartel-ya-anuncia-la-125-cabalgata-de-reyes-en-muro\/","og_locale":"es_ES","og_type":"article","og_title":"El cartel ya anuncia la 125 Cabalgata de Reyes en Muro - COPE Alcoy","og_description":"El cartel ya anuncia las 125 Cabalgata de Reyes en Muro","og_url":"https:\/\/www.copealcoy.es\/es\/el-cartel-ya-anuncia-la-125-cabalgata-de-reyes-en-muro\/","og_site_name":"COPE Alcoy","article_published_time":"2025-12-11T07:30:52+00:00","article_modified_time":"2025-12-11T12:15:07+00:00","og_image":[{"width":2048,"height":1536,"url":"https:\/\/www.copealcoy.es\/wp-content\/uploads\/2025\/12\/unnamed-1-13.jpg","type":"image\/jpeg"}],"author":"Cope Alcoy","twitter_misc":{"Escrito por":"Cope Alcoy","Tiempo de lectura":"3 minutos"},"schema":{"@context":"https:\/\/schema.org","@graph":[{"@type":"Article","@id":"https:\/\/www.copealcoy.es\/es\/el-cartel-ya-anuncia-la-125-cabalgata-de-reyes-en-muro\/#article","isPartOf":{"@id":"https:\/\/www.copealcoy.es\/es\/el-cartel-ya-anuncia-la-125-cabalgata-de-reyes-en-muro\/"},"author":{"name":"Cope Alcoy","@id":"https:\/\/www.copealcoy.es\/es\/#\/schema\/person\/e777c87fa024e57d40170af9df39882c"},"headline":"El cartel ya anuncia la 125 Cabalgata de Reyes en Muro","datePublished":"2025-12-11T07:30:52+00:00","dateModified":"2025-12-11T12:15:07+00:00","mainEntityOfPage":{"@id":"https:\/\/www.copealcoy.es\/es\/el-cartel-ya-anuncia-la-125-cabalgata-de-reyes-en-muro\/"},"wordCount":398,"image":{"@id":"https:\/\/www.copealcoy.es\/es\/el-cartel-ya-anuncia-la-125-cabalgata-de-reyes-en-muro\/#primaryimage"},"thumbnailUrl":"https:\/\/www.copealcoy.es\/wp-content\/uploads\/2025\/12\/unnamed-1-13.jpg","keywords":["125 ediciones","Cabalgata","cartel anunciador","descubrimiento","Muro","Reyes Magos","Xavi Montava Tom\u00e0s"],"articleSection":["Actualidad","Comarcas","Noticias"],"inLanguage":"es"},{"@type":"WebPage","@id":"https:\/\/www.copealcoy.es\/es\/el-cartel-ya-anuncia-la-125-cabalgata-de-reyes-en-muro\/","url":"https:\/\/www.copealcoy.es\/es\/el-cartel-ya-anuncia-la-125-cabalgata-de-reyes-en-muro\/","name":"El cartel ya anuncia la 125 Cabalgata de Reyes en Muro - COPE Alcoy","isPartOf":{"@id":"https:\/\/www.copealcoy.es\/es\/#website"},"primaryImageOfPage":{"@id":"https:\/\/www.copealcoy.es\/es\/el-cartel-ya-anuncia-la-125-cabalgata-de-reyes-en-muro\/#primaryimage"},"image":{"@id":"https:\/\/www.copealcoy.es\/es\/el-cartel-ya-anuncia-la-125-cabalgata-de-reyes-en-muro\/#primaryimage"},"thumbnailUrl":"https:\/\/www.copealcoy.es\/wp-content\/uploads\/2025\/12\/unnamed-1-13.jpg","datePublished":"2025-12-11T07:30:52+00:00","dateModified":"2025-12-11T12:15:07+00:00","author":{"@id":"https:\/\/www.copealcoy.es\/es\/#\/schema\/person\/e777c87fa024e57d40170af9df39882c"},"description":"El cartel ya anuncia las 125 Cabalgata de Reyes en Muro","breadcrumb":{"@id":"https:\/\/www.copealcoy.es\/es\/el-cartel-ya-anuncia-la-125-cabalgata-de-reyes-en-muro\/#breadcrumb"},"inLanguage":"es","potentialAction":[{"@type":"ReadAction","target":["https:\/\/www.copealcoy.es\/es\/el-cartel-ya-anuncia-la-125-cabalgata-de-reyes-en-muro\/"]}]},{"@type":"ImageObject","inLanguage":"es","@id":"https:\/\/www.copealcoy.es\/es\/el-cartel-ya-anuncia-la-125-cabalgata-de-reyes-en-muro\/#primaryimage","url":"https:\/\/www.copealcoy.es\/wp-content\/uploads\/2025\/12\/unnamed-1-13.jpg","contentUrl":"https:\/\/www.copealcoy.es\/wp-content\/uploads\/2025\/12\/unnamed-1-13.jpg","width":2048,"height":1536},{"@type":"BreadcrumbList","@id":"https:\/\/www.copealcoy.es\/es\/el-cartel-ya-anuncia-la-125-cabalgata-de-reyes-en-muro\/#breadcrumb","itemListElement":[{"@type":"ListItem","position":1,"name":"Portada","item":"https:\/\/www.copealcoy.es\/es\/"},{"@type":"ListItem","position":2,"name":"El cartel ya anuncia la 125 Cabalgata de Reyes en Muro"}]},{"@type":"WebSite","@id":"https:\/\/www.copealcoy.es\/es\/#website","url":"https:\/\/www.copealcoy.es\/es\/","name":"COPE Alcoy","description":"Emisora COPE de radio local con emisi\u00f3n online. Pont de Sant Jordi 8-10 03803 Alcoy","potentialAction":[{"@type":"SearchAction","target":{"@type":"EntryPoint","urlTemplate":"https:\/\/www.copealcoy.es\/es\/?s={search_term_string}"},"query-input":{"@type":"PropertyValueSpecification","valueRequired":true,"valueName":"search_term_string"}}],"inLanguage":"es"},{"@type":"Person","@id":"https:\/\/www.copealcoy.es\/es\/#\/schema\/person\/e777c87fa024e57d40170af9df39882c","name":"Cope Alcoy","image":{"@type":"ImageObject","inLanguage":"es","@id":"https:\/\/secure.gravatar.com\/avatar\/bb65d0283347e303893ba14f0692005417c1e0e690a325a4c5d8bb2b3943ee14?s=96&d=mm&r=g","url":"https:\/\/secure.gravatar.com\/avatar\/bb65d0283347e303893ba14f0692005417c1e0e690a325a4c5d8bb2b3943ee14?s=96&d=mm&r=g","contentUrl":"https:\/\/secure.gravatar.com\/avatar\/bb65d0283347e303893ba14f0692005417c1e0e690a325a4c5d8bb2b3943ee14?s=96&d=mm&r=g","caption":"Cope Alcoy"}}]}},"_links":{"self":[{"href":"https:\/\/www.copealcoy.es\/es\/wp-json\/wp\/v2\/posts\/161010","targetHints":{"allow":["GET"]}}],"collection":[{"href":"https:\/\/www.copealcoy.es\/es\/wp-json\/wp\/v2\/posts"}],"about":[{"href":"https:\/\/www.copealcoy.es\/es\/wp-json\/wp\/v2\/types\/post"}],"author":[{"embeddable":true,"href":"https:\/\/www.copealcoy.es\/es\/wp-json\/wp\/v2\/users\/1"}],"replies":[{"embeddable":true,"href":"https:\/\/www.copealcoy.es\/es\/wp-json\/wp\/v2\/comments?post=161010"}],"version-history":[{"count":3,"href":"https:\/\/www.copealcoy.es\/es\/wp-json\/wp\/v2\/posts\/161010\/revisions"}],"predecessor-version":[{"id":161017,"href":"https:\/\/www.copealcoy.es\/es\/wp-json\/wp\/v2\/posts\/161010\/revisions\/161017"}],"wp:featuredmedia":[{"embeddable":true,"href":"https:\/\/www.copealcoy.es\/es\/wp-json\/wp\/v2\/media\/161011"}],"wp:attachment":[{"href":"https:\/\/www.copealcoy.es\/es\/wp-json\/wp\/v2\/media?parent=161010"}],"wp:term":[{"taxonomy":"category","embeddable":true,"href":"https:\/\/www.copealcoy.es\/es\/wp-json\/wp\/v2\/categories?post=161010"},{"taxonomy":"post_tag","embeddable":true,"href":"https:\/\/www.copealcoy.es\/es\/wp-json\/wp\/v2\/tags?post=161010"}],"curies":[{"name":"wp","href":"https:\/\/api.w.org\/{rel}","templated":true}]}}