{"id":160979,"date":"2025-12-12T09:15:42","date_gmt":"2025-12-12T08:15:42","guid":{"rendered":"https:\/\/www.copealcoy.es\/?p=160979"},"modified":"2025-12-12T10:07:08","modified_gmt":"2025-12-12T09:07:08","slug":"milar-y-cope-alcoy-te-acercan-hasta-el-belen-de-tirisiti","status":"publish","type":"post","link":"https:\/\/www.copealcoy.es\/es\/milar-y-cope-alcoy-te-acercan-hasta-el-belen-de-tirisiti\/","title":{"rendered":"\u00a1Milar y COPE ALCOY te acercan hasta el Bel\u00e9n de Tirisiti!"},"content":{"rendered":"<p style=\"text-align: justify;\" data-start=\"184\" data-end=\"601\">COPE ALCOY contin\u00faa celebrando su <strong data-start=\"218\" data-end=\"237\">20\u00ba aniversario<\/strong> y con motivo de la Navidad ha preparado una interesante actividad que permitir\u00e1 a nuestros oyentes\u00a0disfrutar de uno de los grandes s\u00edmbolos culturales y navide\u00f1os de la ciudad: el <strong data-start=\"382\" data-end=\"404\">Bel\u00e9n del Tirisiti<\/strong>. Este s\u00e1bado <strong data-start=\"418\" data-end=\"437\">13 de diciembre<\/strong>, a partir de las <strong data-start=\"455\" data-end=\"477\">11:30 de la ma\u00f1ana<\/strong>, tendr\u00e1 lugar una <strong data-start=\"496\" data-end=\"516\">funci\u00f3n especial<\/strong> del popular retablo alcoyano en el Teatre Principal, de la que podr\u00e1 disfrutar nuestra audiencia pero tambi\u00e9n clientes, anunciantes y seguidores de la emisora.<\/p>\n<p style=\"text-align: justify;\" data-start=\"603\" data-end=\"1002\">Gracias a la colaboraci\u00f3n de <a href=\"https:\/\/www.comelsa.es\/nuestra-marca-milar\/\" target=\"_blank\" rel=\"noopener\"><span style=\"color: #0000ff;\"><strong data-start=\"632\" data-end=\"659\">Milar Electrodom\u00e9sticos<\/strong><\/span><\/a>, el p\u00fablico podr\u00e1 asistir a la representaci\u00f3n de forma totalmente gratuita. Para conseguir las entradas, tan solo deber\u00e1n <strong data-start=\"764\" data-end=\"846\">pasar por la misma tienda Milar en Alcoy, situada en la Avinguda Camilo Sesto 43 (bajo)<\/strong>\u00a0y <strong data-start=\"850\" data-end=\"873\">realizar una compra<\/strong>. Autom\u00e1ticamente recibir\u00e1n <strong data-start=\"901\" data-end=\"927\">dos entradas gratuitas<\/strong> para disfrutar de esta representaci\u00f3n tan arraigada en nuestra tradici\u00f3n local y tambi\u00e9n en el &#8216;Nadal Alcoi\u00e0&#8217;.<\/p>\n<p style=\"text-align: justify;\" data-start=\"1004\" data-end=\"1427\">Cabe recordar que el<strong data-start=\"1007\" data-end=\"1029\"> Bel\u00e9n del Tirisiti<\/strong> es una joya \u00fanica del patrimonio cultural valenciano. Un espect\u00e1culo de teatro de t\u00edteres con varilla y retablo fijo que combina humor, m\u00fasica y escenas costumbristas, y que cada a\u00f1o emociona y divierte a miles de espectadores. Toda una se\u00f1a de identidad de nuestra ciudad, que adem\u00e1s es <strong>Bien de Inter\u00e9s Cultural (BIC)<\/strong>, y que en cada Navidad re\u00fane en el mencionado Teatro Principal a m\u00e1s de treinta mil espectadores procedentes tanto de Alcoy como de poblaciones de la comarca y de incluso diversas localidades de un buen n\u00famero de comarcas valencianas.<\/p>\n<p style=\"text-align: justify;\" data-start=\"1737\" data-end=\"1956\" data-is-last-node=\"\" data-is-only-node=\"\">La invitaci\u00f3n est\u00e1 hecha.\u00a0 A<strong data-start=\"1763\" data-end=\"1836\">c\u00e9rcate a Milar Electrodom\u00e9sticos en la Alameda Camilo Sesto 43 (bajo)<\/strong>, realiza tu compra y no te quedes sin tus entradas para disfrutar de esta experiencia \u00fanica. \u00a1Nos vemos en el Bel\u00e9n Tirisiti!.<\/p>\n","protected":false},"excerpt":{"rendered":"<p>COPE ALCOY contin\u00faa celebrando su 20\u00ba aniversario y con motivo de la Navidad ha preparado una interesante actividad que permitir\u00e1&#8230;<\/p>\n","protected":false},"author":1,"featured_media":127377,"comment_status":"closed","ping_status":"closed","sticky":false,"template":"","format":"standard","meta":{"footnotes":""},"categories":[6909,97,75],"tags":[20302,1494,3225,7894,14897,20425],"class_list":["post-160979","post","type-post","status-publish","format-standard","has-post-thumbnail","hentry","category-actualidad","category-alcoy","category-noticias","tag-20-aniversario","tag-alcoy","tag-belen-del-tirisiti","tag-cope-alcoi","tag-milar-electrodomesticos","tag-representacion-especial"],"yoast_head":"<!-- This site is optimized with the Yoast SEO plugin v27.3 - https:\/\/yoast.com\/product\/yoast-seo-wordpress\/ -->\n<title>\u00a1Milar y COPE ALCOY te acercan hasta el Bel\u00e9n de Tirisiti! - COPE Alcoy<\/title>\n<meta name=\"description\" content=\"Milar y COPE ALCOY te acercan hasta el Bel\u00e9n de Tirisiti\" \/>\n<meta name=\"robots\" content=\"index, follow, max-snippet:-1, max-image-preview:large, max-video-preview:-1\" \/>\n<link rel=\"canonical\" href=\"https:\/\/www.copealcoy.es\/es\/milar-y-cope-alcoy-te-acercan-hasta-el-belen-de-tirisiti\/\" \/>\n<meta property=\"og:locale\" content=\"es_ES\" \/>\n<meta property=\"og:type\" content=\"article\" \/>\n<meta property=\"og:title\" content=\"\u00a1Milar y COPE ALCOY te acercan hasta el Bel\u00e9n de Tirisiti! - COPE Alcoy\" \/>\n<meta property=\"og:description\" content=\"Milar y COPE ALCOY te acercan hasta el Bel\u00e9n de Tirisiti\" \/>\n<meta property=\"og:url\" content=\"https:\/\/www.copealcoy.es\/es\/milar-y-cope-alcoy-te-acercan-hasta-el-belen-de-tirisiti\/\" \/>\n<meta property=\"og:site_name\" content=\"COPE Alcoy\" \/>\n<meta property=\"article:published_time\" content=\"2025-12-12T08:15:42+00:00\" \/>\n<meta property=\"article:modified_time\" content=\"2025-12-12T09:07:08+00:00\" \/>\n<meta property=\"og:image\" content=\"https:\/\/www.copealcoy.es\/wp-content\/uploads\/2023\/12\/tirisiti1_escenario.jpg\" \/>\n\t<meta property=\"og:image:width\" content=\"640\" \/>\n\t<meta property=\"og:image:height\" content=\"419\" \/>\n\t<meta property=\"og:image:type\" content=\"image\/jpeg\" \/>\n<meta name=\"author\" content=\"Cope Alcoy\" \/>\n<meta name=\"twitter:label1\" content=\"Escrito por\" \/>\n\t<meta name=\"twitter:data1\" content=\"Cope Alcoy\" \/>\n\t<meta name=\"twitter:label2\" content=\"Tiempo de lectura\" \/>\n\t<meta name=\"twitter:data2\" content=\"2 minutos\" \/>\n<script type=\"application\/ld+json\" class=\"yoast-schema-graph\">{\"@context\":\"https:\\\/\\\/schema.org\",\"@graph\":[{\"@type\":\"Article\",\"@id\":\"https:\\\/\\\/www.copealcoy.es\\\/es\\\/milar-y-cope-alcoy-te-acercan-hasta-el-belen-de-tirisiti\\\/#article\",\"isPartOf\":{\"@id\":\"https:\\\/\\\/www.copealcoy.es\\\/es\\\/milar-y-cope-alcoy-te-acercan-hasta-el-belen-de-tirisiti\\\/\"},\"author\":{\"name\":\"Cope Alcoy\",\"@id\":\"https:\\\/\\\/www.copealcoy.es\\\/es\\\/#\\\/schema\\\/person\\\/e777c87fa024e57d40170af9df39882c\"},\"headline\":\"\u00a1Milar y COPE ALCOY te acercan hasta el Bel\u00e9n de Tirisiti!\",\"datePublished\":\"2025-12-12T08:15:42+00:00\",\"dateModified\":\"2025-12-12T09:07:08+00:00\",\"mainEntityOfPage\":{\"@id\":\"https:\\\/\\\/www.copealcoy.es\\\/es\\\/milar-y-cope-alcoy-te-acercan-hasta-el-belen-de-tirisiti\\\/\"},\"wordCount\":325,\"image\":{\"@id\":\"https:\\\/\\\/www.copealcoy.es\\\/es\\\/milar-y-cope-alcoy-te-acercan-hasta-el-belen-de-tirisiti\\\/#primaryimage\"},\"thumbnailUrl\":\"https:\\\/\\\/www.copealcoy.es\\\/wp-content\\\/uploads\\\/2023\\\/12\\\/tirisiti1_escenario.jpg\",\"keywords\":[\"20 aniversario\",\"Alcoy\",\"Bel\u00e9n del Tirisiti\",\"Cope Alcoi\",\"Milar Electrodom\u00e9sticos\",\"representaci\u00f3n especial\"],\"articleSection\":[\"Actualidad\",\"Alcoy\",\"Noticias\"],\"inLanguage\":\"es\"},{\"@type\":\"WebPage\",\"@id\":\"https:\\\/\\\/www.copealcoy.es\\\/es\\\/milar-y-cope-alcoy-te-acercan-hasta-el-belen-de-tirisiti\\\/\",\"url\":\"https:\\\/\\\/www.copealcoy.es\\\/es\\\/milar-y-cope-alcoy-te-acercan-hasta-el-belen-de-tirisiti\\\/\",\"name\":\"\u00a1Milar y COPE ALCOY te acercan hasta el Bel\u00e9n de Tirisiti! - COPE Alcoy\",\"isPartOf\":{\"@id\":\"https:\\\/\\\/www.copealcoy.es\\\/es\\\/#website\"},\"primaryImageOfPage\":{\"@id\":\"https:\\\/\\\/www.copealcoy.es\\\/es\\\/milar-y-cope-alcoy-te-acercan-hasta-el-belen-de-tirisiti\\\/#primaryimage\"},\"image\":{\"@id\":\"https:\\\/\\\/www.copealcoy.es\\\/es\\\/milar-y-cope-alcoy-te-acercan-hasta-el-belen-de-tirisiti\\\/#primaryimage\"},\"thumbnailUrl\":\"https:\\\/\\\/www.copealcoy.es\\\/wp-content\\\/uploads\\\/2023\\\/12\\\/tirisiti1_escenario.jpg\",\"datePublished\":\"2025-12-12T08:15:42+00:00\",\"dateModified\":\"2025-12-12T09:07:08+00:00\",\"author\":{\"@id\":\"https:\\\/\\\/www.copealcoy.es\\\/es\\\/#\\\/schema\\\/person\\\/e777c87fa024e57d40170af9df39882c\"},\"description\":\"Milar y COPE ALCOY te acercan hasta el Bel\u00e9n de Tirisiti\",\"breadcrumb\":{\"@id\":\"https:\\\/\\\/www.copealcoy.es\\\/es\\\/milar-y-cope-alcoy-te-acercan-hasta-el-belen-de-tirisiti\\\/#breadcrumb\"},\"inLanguage\":\"es\",\"potentialAction\":[{\"@type\":\"ReadAction\",\"target\":[\"https:\\\/\\\/www.copealcoy.es\\\/es\\\/milar-y-cope-alcoy-te-acercan-hasta-el-belen-de-tirisiti\\\/\"]}]},{\"@type\":\"ImageObject\",\"inLanguage\":\"es\",\"@id\":\"https:\\\/\\\/www.copealcoy.es\\\/es\\\/milar-y-cope-alcoy-te-acercan-hasta-el-belen-de-tirisiti\\\/#primaryimage\",\"url\":\"https:\\\/\\\/www.copealcoy.es\\\/wp-content\\\/uploads\\\/2023\\\/12\\\/tirisiti1_escenario.jpg\",\"contentUrl\":\"https:\\\/\\\/www.copealcoy.es\\\/wp-content\\\/uploads\\\/2023\\\/12\\\/tirisiti1_escenario.jpg\",\"width\":640,\"height\":419},{\"@type\":\"BreadcrumbList\",\"@id\":\"https:\\\/\\\/www.copealcoy.es\\\/es\\\/milar-y-cope-alcoy-te-acercan-hasta-el-belen-de-tirisiti\\\/#breadcrumb\",\"itemListElement\":[{\"@type\":\"ListItem\",\"position\":1,\"name\":\"Portada\",\"item\":\"https:\\\/\\\/www.copealcoy.es\\\/es\\\/\"},{\"@type\":\"ListItem\",\"position\":2,\"name\":\"\u00a1Milar y COPE ALCOY te acercan hasta el Bel\u00e9n de Tirisiti!\"}]},{\"@type\":\"WebSite\",\"@id\":\"https:\\\/\\\/www.copealcoy.es\\\/es\\\/#website\",\"url\":\"https:\\\/\\\/www.copealcoy.es\\\/es\\\/\",\"name\":\"COPE Alcoy\",\"description\":\"Emisora COPE de radio local con emisi\u00f3n online. Pont de Sant Jordi 8-10 03803 Alcoy\",\"potentialAction\":[{\"@type\":\"SearchAction\",\"target\":{\"@type\":\"EntryPoint\",\"urlTemplate\":\"https:\\\/\\\/www.copealcoy.es\\\/es\\\/?s={search_term_string}\"},\"query-input\":{\"@type\":\"PropertyValueSpecification\",\"valueRequired\":true,\"valueName\":\"search_term_string\"}}],\"inLanguage\":\"es\"},{\"@type\":\"Person\",\"@id\":\"https:\\\/\\\/www.copealcoy.es\\\/es\\\/#\\\/schema\\\/person\\\/e777c87fa024e57d40170af9df39882c\",\"name\":\"Cope Alcoy\",\"image\":{\"@type\":\"ImageObject\",\"inLanguage\":\"es\",\"@id\":\"https:\\\/\\\/secure.gravatar.com\\\/avatar\\\/bb65d0283347e303893ba14f0692005417c1e0e690a325a4c5d8bb2b3943ee14?s=96&d=mm&r=g\",\"url\":\"https:\\\/\\\/secure.gravatar.com\\\/avatar\\\/bb65d0283347e303893ba14f0692005417c1e0e690a325a4c5d8bb2b3943ee14?s=96&d=mm&r=g\",\"contentUrl\":\"https:\\\/\\\/secure.gravatar.com\\\/avatar\\\/bb65d0283347e303893ba14f0692005417c1e0e690a325a4c5d8bb2b3943ee14?s=96&d=mm&r=g\",\"caption\":\"Cope Alcoy\"}}]}<\/script>\n<!-- \/ Yoast SEO plugin. -->","yoast_head_json":{"title":"\u00a1Milar y COPE ALCOY te acercan hasta el Bel\u00e9n de Tirisiti! - COPE Alcoy","description":"Milar y COPE ALCOY te acercan hasta el Bel\u00e9n de Tirisiti","robots":{"index":"index","follow":"follow","max-snippet":"max-snippet:-1","max-image-preview":"max-image-preview:large","max-video-preview":"max-video-preview:-1"},"canonical":"https:\/\/www.copealcoy.es\/es\/milar-y-cope-alcoy-te-acercan-hasta-el-belen-de-tirisiti\/","og_locale":"es_ES","og_type":"article","og_title":"\u00a1Milar y COPE ALCOY te acercan hasta el Bel\u00e9n de Tirisiti! - COPE Alcoy","og_description":"Milar y COPE ALCOY te acercan hasta el Bel\u00e9n de Tirisiti","og_url":"https:\/\/www.copealcoy.es\/es\/milar-y-cope-alcoy-te-acercan-hasta-el-belen-de-tirisiti\/","og_site_name":"COPE Alcoy","article_published_time":"2025-12-12T08:15:42+00:00","article_modified_time":"2025-12-12T09:07:08+00:00","og_image":[{"width":640,"height":419,"url":"https:\/\/www.copealcoy.es\/wp-content\/uploads\/2023\/12\/tirisiti1_escenario.jpg","type":"image\/jpeg"}],"author":"Cope Alcoy","twitter_misc":{"Escrito por":"Cope Alcoy","Tiempo de lectura":"2 minutos"},"schema":{"@context":"https:\/\/schema.org","@graph":[{"@type":"Article","@id":"https:\/\/www.copealcoy.es\/es\/milar-y-cope-alcoy-te-acercan-hasta-el-belen-de-tirisiti\/#article","isPartOf":{"@id":"https:\/\/www.copealcoy.es\/es\/milar-y-cope-alcoy-te-acercan-hasta-el-belen-de-tirisiti\/"},"author":{"name":"Cope Alcoy","@id":"https:\/\/www.copealcoy.es\/es\/#\/schema\/person\/e777c87fa024e57d40170af9df39882c"},"headline":"\u00a1Milar y COPE ALCOY te acercan hasta el Bel\u00e9n de Tirisiti!","datePublished":"2025-12-12T08:15:42+00:00","dateModified":"2025-12-12T09:07:08+00:00","mainEntityOfPage":{"@id":"https:\/\/www.copealcoy.es\/es\/milar-y-cope-alcoy-te-acercan-hasta-el-belen-de-tirisiti\/"},"wordCount":325,"image":{"@id":"https:\/\/www.copealcoy.es\/es\/milar-y-cope-alcoy-te-acercan-hasta-el-belen-de-tirisiti\/#primaryimage"},"thumbnailUrl":"https:\/\/www.copealcoy.es\/wp-content\/uploads\/2023\/12\/tirisiti1_escenario.jpg","keywords":["20 aniversario","Alcoy","Bel\u00e9n del Tirisiti","Cope Alcoi","Milar Electrodom\u00e9sticos","representaci\u00f3n especial"],"articleSection":["Actualidad","Alcoy","Noticias"],"inLanguage":"es"},{"@type":"WebPage","@id":"https:\/\/www.copealcoy.es\/es\/milar-y-cope-alcoy-te-acercan-hasta-el-belen-de-tirisiti\/","url":"https:\/\/www.copealcoy.es\/es\/milar-y-cope-alcoy-te-acercan-hasta-el-belen-de-tirisiti\/","name":"\u00a1Milar y COPE ALCOY te acercan hasta el Bel\u00e9n de Tirisiti! - COPE Alcoy","isPartOf":{"@id":"https:\/\/www.copealcoy.es\/es\/#website"},"primaryImageOfPage":{"@id":"https:\/\/www.copealcoy.es\/es\/milar-y-cope-alcoy-te-acercan-hasta-el-belen-de-tirisiti\/#primaryimage"},"image":{"@id":"https:\/\/www.copealcoy.es\/es\/milar-y-cope-alcoy-te-acercan-hasta-el-belen-de-tirisiti\/#primaryimage"},"thumbnailUrl":"https:\/\/www.copealcoy.es\/wp-content\/uploads\/2023\/12\/tirisiti1_escenario.jpg","datePublished":"2025-12-12T08:15:42+00:00","dateModified":"2025-12-12T09:07:08+00:00","author":{"@id":"https:\/\/www.copealcoy.es\/es\/#\/schema\/person\/e777c87fa024e57d40170af9df39882c"},"description":"Milar y COPE ALCOY te acercan hasta el Bel\u00e9n de Tirisiti","breadcrumb":{"@id":"https:\/\/www.copealcoy.es\/es\/milar-y-cope-alcoy-te-acercan-hasta-el-belen-de-tirisiti\/#breadcrumb"},"inLanguage":"es","potentialAction":[{"@type":"ReadAction","target":["https:\/\/www.copealcoy.es\/es\/milar-y-cope-alcoy-te-acercan-hasta-el-belen-de-tirisiti\/"]}]},{"@type":"ImageObject","inLanguage":"es","@id":"https:\/\/www.copealcoy.es\/es\/milar-y-cope-alcoy-te-acercan-hasta-el-belen-de-tirisiti\/#primaryimage","url":"https:\/\/www.copealcoy.es\/wp-content\/uploads\/2023\/12\/tirisiti1_escenario.jpg","contentUrl":"https:\/\/www.copealcoy.es\/wp-content\/uploads\/2023\/12\/tirisiti1_escenario.jpg","width":640,"height":419},{"@type":"BreadcrumbList","@id":"https:\/\/www.copealcoy.es\/es\/milar-y-cope-alcoy-te-acercan-hasta-el-belen-de-tirisiti\/#breadcrumb","itemListElement":[{"@type":"ListItem","position":1,"name":"Portada","item":"https:\/\/www.copealcoy.es\/es\/"},{"@type":"ListItem","position":2,"name":"\u00a1Milar y COPE ALCOY te acercan hasta el Bel\u00e9n de Tirisiti!"}]},{"@type":"WebSite","@id":"https:\/\/www.copealcoy.es\/es\/#website","url":"https:\/\/www.copealcoy.es\/es\/","name":"COPE Alcoy","description":"Emisora COPE de radio local con emisi\u00f3n online. Pont de Sant Jordi 8-10 03803 Alcoy","potentialAction":[{"@type":"SearchAction","target":{"@type":"EntryPoint","urlTemplate":"https:\/\/www.copealcoy.es\/es\/?s={search_term_string}"},"query-input":{"@type":"PropertyValueSpecification","valueRequired":true,"valueName":"search_term_string"}}],"inLanguage":"es"},{"@type":"Person","@id":"https:\/\/www.copealcoy.es\/es\/#\/schema\/person\/e777c87fa024e57d40170af9df39882c","name":"Cope Alcoy","image":{"@type":"ImageObject","inLanguage":"es","@id":"https:\/\/secure.gravatar.com\/avatar\/bb65d0283347e303893ba14f0692005417c1e0e690a325a4c5d8bb2b3943ee14?s=96&d=mm&r=g","url":"https:\/\/secure.gravatar.com\/avatar\/bb65d0283347e303893ba14f0692005417c1e0e690a325a4c5d8bb2b3943ee14?s=96&d=mm&r=g","contentUrl":"https:\/\/secure.gravatar.com\/avatar\/bb65d0283347e303893ba14f0692005417c1e0e690a325a4c5d8bb2b3943ee14?s=96&d=mm&r=g","caption":"Cope Alcoy"}}]}},"_links":{"self":[{"href":"https:\/\/www.copealcoy.es\/es\/wp-json\/wp\/v2\/posts\/160979","targetHints":{"allow":["GET"]}}],"collection":[{"href":"https:\/\/www.copealcoy.es\/es\/wp-json\/wp\/v2\/posts"}],"about":[{"href":"https:\/\/www.copealcoy.es\/es\/wp-json\/wp\/v2\/types\/post"}],"author":[{"embeddable":true,"href":"https:\/\/www.copealcoy.es\/es\/wp-json\/wp\/v2\/users\/1"}],"replies":[{"embeddable":true,"href":"https:\/\/www.copealcoy.es\/es\/wp-json\/wp\/v2\/comments?post=160979"}],"version-history":[{"count":2,"href":"https:\/\/www.copealcoy.es\/es\/wp-json\/wp\/v2\/posts\/160979\/revisions"}],"predecessor-version":[{"id":160981,"href":"https:\/\/www.copealcoy.es\/es\/wp-json\/wp\/v2\/posts\/160979\/revisions\/160981"}],"wp:featuredmedia":[{"embeddable":true,"href":"https:\/\/www.copealcoy.es\/es\/wp-json\/wp\/v2\/media\/127377"}],"wp:attachment":[{"href":"https:\/\/www.copealcoy.es\/es\/wp-json\/wp\/v2\/media?parent=160979"}],"wp:term":[{"taxonomy":"category","embeddable":true,"href":"https:\/\/www.copealcoy.es\/es\/wp-json\/wp\/v2\/categories?post=160979"},{"taxonomy":"post_tag","embeddable":true,"href":"https:\/\/www.copealcoy.es\/es\/wp-json\/wp\/v2\/tags?post=160979"}],"curies":[{"name":"wp","href":"https:\/\/api.w.org\/{rel}","templated":true}]}}