{"id":160966,"date":"2025-12-09T07:30:12","date_gmt":"2025-12-09T06:30:12","guid":{"rendered":"https:\/\/www.copealcoy.es\/?p=160966"},"modified":"2025-12-09T13:34:44","modified_gmt":"2025-12-09T12:34:44","slug":"informativo-matinal-martes-9-de-diciembre-2025-0750h","status":"publish","type":"post","link":"https:\/\/www.copealcoy.es\/es\/informativo-matinal-martes-9-de-diciembre-2025-0750h\/","title":{"rendered":"Informativo matinal martes 9 de diciembre 2025 (07:50h)"},"content":{"rendered":"<p><iframe loading=\"lazy\" title=\"Informativo Matinal Martes 9 De Diciembre 2025 (07:50h)\" width=\"100%\" height=\"120\" src=\"https:\/\/www.mixcloud.com\/widget\/iframe\/?feed=https%3A%2F%2Fwww.mixcloud.com%2FCOPEAlcoy%2Finformativo-matinal-martes-9-de-diciembre-2025-0750h%2F&amp;hide_cover=1\" frameborder=\"0\" allow=\"encrypted-media; fullscreen; autoplay; idle-detection; speaker-selection; web-share;\"><\/iframe><\/p>\n<p style=\"text-align: justify;\">Hoy martes os hemos contado que<strong> est\u00e1 en marcha la huelga de los trabajadores de La Alcoyana<\/strong> para exigir mejoras en el servicio de transporte, que conecta Alcoy con las poblaciones de la comarca o con Alicante, y tambi\u00e9n demandar cambios en sus condiciones laborales. Adem\u00e1s hemos recordado que <strong>Pau Sanch\u00eds es el nuevo presidente de Jovempa Alcoi\u00e0-Comtat<\/strong>.<\/p>\n<p style=\"text-align: justify;\" data-start=\"341\" data-end=\"675\"><strong data-start=\"341\" data-end=\"364\">Pau Sanchis Tarraz\u00f3<\/strong>\u00a0fue elegido nuevo presidente de la\u00a0<span style=\"color: #0000ff;\"><a style=\"color: #0000ff;\" href=\"https:\/\/www.jovempa.org\/alcoia-comtat-i-foia\/\" target=\"_blank\" rel=\"noopener\"><strong data-start=\"400\" data-end=\"496\">Asociaci\u00f3n de J\u00f3venes Empresarios de la Comarca Alcoi\u00e0-Comtat (Jovempa Alcoi\u00e0 Comtat i Foia)<\/strong><\/a><\/span>\u00a0para la candidatura\u00a0<strong data-start=\"517\" data-end=\"530\">2025-2027<\/strong>, en el transcurso de la asamblea general ordinaria y electoral que tuvo lugar el\u00a0<strong data-start=\"612\" data-end=\"638\">4 de diciembre de 2025<\/strong>\u00a0en el\u00a0<strong data-start=\"645\" data-end=\"674\">Restaurante La Hidro 1910<\/strong>.<\/p>\n<p style=\"text-align: justify;\" data-start=\"677\" data-end=\"1252\">Sanchis, fot\u00f3grafo profesional de vocaci\u00f3n, cuenta con m\u00e1s de\u00a0<strong data-start=\"739\" data-end=\"789\">cuatro a\u00f1os de trayectoria como miembro activo<\/strong>\u00a0de la\u00a0<strong data-start=\"796\" data-end=\"856\">Federaci\u00f3n Empresarial Joven de la Provincia de Alicante<\/strong>, adem\u00e1s de haber ejercido como\u00a0<strong data-start=\"888\" data-end=\"906\">vicepresidente<\/strong>\u00a0en la anterior junta directiva de Jovempa Alcoi\u00e0 Comtat i Foia. Graduado en\u00a0<strong data-start=\"983\" data-end=\"1031\">Administraci\u00f3n y Direcci\u00f3n de Empresas (ADE)<\/strong>\u00a0por la EPSA de Alcoy, inici\u00f3 su formaci\u00f3n en\u00a0<strong data-start=\"1077\" data-end=\"1114\">Comercio y Comercio Internacional<\/strong>\u00a0en el IES Cotes Baixes. Desde\u00a0<strong data-start=\"1145\" data-end=\"1153\">2017<\/strong>\u00a0es aut\u00f3nomo y, desde\u00a0<strong data-start=\"1175\" data-end=\"1183\">2022<\/strong>, dispone de\u00a0<strong data-start=\"1196\" data-end=\"1226\">estudio fotogr\u00e1fico propio<\/strong>\u00a0en la Zona Alta de Alcoy.<\/p>\n<p style=\"text-align: justify;\" data-start=\"1254\" data-end=\"1704\">Tras su nombramiento, Sanchis expres\u00f3 su agradecimiento a su antecesora,\u00a0<strong data-start=\"1327\" data-end=\"1346\">Laia Santamar\u00eda<\/strong>, por su labor al frente de la asociaci\u00f3n y por la confianza depositada en \u00e9l para liderar la pr\u00f3xima legislatura, que afronta \u201ccon gran entusiasmo\u201d. Durante su intervenci\u00f3n tambi\u00e9n avanz\u00f3 algunas de las\u00a0<strong data-start=\"1550\" data-end=\"1564\">propuestas<\/strong>\u00a0que pretende implantar con el objetivo de\u00a0<strong data-start=\"1607\" data-end=\"1634\">impulsar el crecimiento<\/strong>\u00a0de la entidad y fortalecer el tejido empresarial joven de la comarca.<\/p>\n<p style=\"text-align: justify;\" data-start=\"1706\" data-end=\"1852\">El nuevo presidente aprovech\u00f3 la ocasi\u00f3n para presentar a la\u00a0<strong data-start=\"1767\" data-end=\"1786\">junta directiva<\/strong>\u00a0que lo acompa\u00f1ar\u00e1 los pr\u00f3ximos a\u00f1os. El equipo queda formado por:\u00a0<strong data-start=\"1856\" data-end=\"1881\">Sergio Andr\u00e9s Marqu\u00e9s<\/strong>\u00a0(vicepresidente),\u00a0<strong data-start=\"1923\" data-end=\"1952\">Rafael Figuerola Miralles<\/strong>\u00a0(secretario) y\u00a0<strong data-start=\"2039\" data-end=\"2065\">Nerea Figueruelo L\u00f3pez<\/strong>\u00a0(tesorera). La jornada concluy\u00f3 con la tradicional\u00a0<strong data-start=\"2192\" data-end=\"2211\">Cena de Navidad<\/strong>\u00a0de la asociaci\u00f3n, celebrada tambi\u00e9n en el Restaurante La Hidro 1910.<\/p>\n","protected":false},"excerpt":{"rendered":"<p>Hoy martes os hemos contado que est\u00e1 en marcha la huelga de los trabajadores de La Alcoyana para exigir mejoras&#8230;<\/p>\n","protected":false},"author":1,"featured_media":147669,"comment_status":"closed","ping_status":"closed","sticky":false,"template":"","format":"standard","meta":{"footnotes":""},"categories":[6909,89,91,75],"tags":[],"class_list":["post-160966","post","type-post","status-publish","format-standard","has-post-thumbnail","hentry","category-actualidad","category-audiosdelosprogramas","category-informativos","category-noticias"],"yoast_head":"<!-- This site is optimized with the Yoast SEO plugin v27.3 - https:\/\/yoast.com\/product\/yoast-seo-wordpress\/ -->\n<title>Informativo matinal martes 9 de diciembre 2025 (07:50h) - COPE Alcoy<\/title>\n<meta name=\"robots\" content=\"index, follow, max-snippet:-1, max-image-preview:large, max-video-preview:-1\" \/>\n<link rel=\"canonical\" href=\"https:\/\/www.copealcoy.es\/es\/informativo-matinal-martes-9-de-diciembre-2025-0750h\/\" \/>\n<meta property=\"og:locale\" content=\"es_ES\" \/>\n<meta property=\"og:type\" content=\"article\" \/>\n<meta property=\"og:title\" content=\"Informativo matinal martes 9 de diciembre 2025 (07:50h) - COPE Alcoy\" \/>\n<meta property=\"og:description\" content=\"Hoy martes os hemos contado que est\u00e1 en marcha la huelga de los trabajadores de La Alcoyana para exigir mejoras...\" \/>\n<meta property=\"og:url\" content=\"https:\/\/www.copealcoy.es\/es\/informativo-matinal-martes-9-de-diciembre-2025-0750h\/\" \/>\n<meta property=\"og:site_name\" content=\"COPE Alcoy\" \/>\n<meta property=\"article:published_time\" content=\"2025-12-09T06:30:12+00:00\" \/>\n<meta property=\"article:modified_time\" content=\"2025-12-09T12:34:44+00:00\" \/>\n<meta property=\"og:image\" content=\"https:\/\/www.copealcoy.es\/wp-content\/uploads\/2025\/02\/Informativo-Matinal-Castellano.png\" \/>\n\t<meta property=\"og:image:width\" content=\"357\" \/>\n\t<meta property=\"og:image:height\" content=\"290\" \/>\n\t<meta property=\"og:image:type\" content=\"image\/png\" \/>\n<meta name=\"author\" content=\"Cope Alcoy\" \/>\n<meta name=\"twitter:label1\" content=\"Escrito por\" \/>\n\t<meta name=\"twitter:data1\" content=\"Cope Alcoy\" \/>\n\t<meta name=\"twitter:label2\" content=\"Tiempo de lectura\" \/>\n\t<meta name=\"twitter:data2\" content=\"2 minutos\" \/>\n<script type=\"application\/ld+json\" class=\"yoast-schema-graph\">{\"@context\":\"https:\\\/\\\/schema.org\",\"@graph\":[{\"@type\":\"Article\",\"@id\":\"https:\\\/\\\/www.copealcoy.es\\\/es\\\/informativo-matinal-martes-9-de-diciembre-2025-0750h\\\/#article\",\"isPartOf\":{\"@id\":\"https:\\\/\\\/www.copealcoy.es\\\/es\\\/informativo-matinal-martes-9-de-diciembre-2025-0750h\\\/\"},\"author\":{\"name\":\"Cope Alcoy\",\"@id\":\"https:\\\/\\\/www.copealcoy.es\\\/es\\\/#\\\/schema\\\/person\\\/e777c87fa024e57d40170af9df39882c\"},\"headline\":\"Informativo matinal martes 9 de diciembre 2025 (07:50h)\",\"datePublished\":\"2025-12-09T06:30:12+00:00\",\"dateModified\":\"2025-12-09T12:34:44+00:00\",\"mainEntityOfPage\":{\"@id\":\"https:\\\/\\\/www.copealcoy.es\\\/es\\\/informativo-matinal-martes-9-de-diciembre-2025-0750h\\\/\"},\"wordCount\":361,\"image\":{\"@id\":\"https:\\\/\\\/www.copealcoy.es\\\/es\\\/informativo-matinal-martes-9-de-diciembre-2025-0750h\\\/#primaryimage\"},\"thumbnailUrl\":\"https:\\\/\\\/www.copealcoy.es\\\/wp-content\\\/uploads\\\/2025\\\/02\\\/Informativo-Matinal-Castellano.png\",\"articleSection\":[\"Actualidad\",\"Audios de los programas\",\"Informativos\",\"Noticias\"],\"inLanguage\":\"es\"},{\"@type\":\"WebPage\",\"@id\":\"https:\\\/\\\/www.copealcoy.es\\\/es\\\/informativo-matinal-martes-9-de-diciembre-2025-0750h\\\/\",\"url\":\"https:\\\/\\\/www.copealcoy.es\\\/es\\\/informativo-matinal-martes-9-de-diciembre-2025-0750h\\\/\",\"name\":\"Informativo matinal martes 9 de diciembre 2025 (07:50h) - COPE Alcoy\",\"isPartOf\":{\"@id\":\"https:\\\/\\\/www.copealcoy.es\\\/es\\\/#website\"},\"primaryImageOfPage\":{\"@id\":\"https:\\\/\\\/www.copealcoy.es\\\/es\\\/informativo-matinal-martes-9-de-diciembre-2025-0750h\\\/#primaryimage\"},\"image\":{\"@id\":\"https:\\\/\\\/www.copealcoy.es\\\/es\\\/informativo-matinal-martes-9-de-diciembre-2025-0750h\\\/#primaryimage\"},\"thumbnailUrl\":\"https:\\\/\\\/www.copealcoy.es\\\/wp-content\\\/uploads\\\/2025\\\/02\\\/Informativo-Matinal-Castellano.png\",\"datePublished\":\"2025-12-09T06:30:12+00:00\",\"dateModified\":\"2025-12-09T12:34:44+00:00\",\"author\":{\"@id\":\"https:\\\/\\\/www.copealcoy.es\\\/es\\\/#\\\/schema\\\/person\\\/e777c87fa024e57d40170af9df39882c\"},\"breadcrumb\":{\"@id\":\"https:\\\/\\\/www.copealcoy.es\\\/es\\\/informativo-matinal-martes-9-de-diciembre-2025-0750h\\\/#breadcrumb\"},\"inLanguage\":\"es\",\"potentialAction\":[{\"@type\":\"ReadAction\",\"target\":[\"https:\\\/\\\/www.copealcoy.es\\\/es\\\/informativo-matinal-martes-9-de-diciembre-2025-0750h\\\/\"]}]},{\"@type\":\"ImageObject\",\"inLanguage\":\"es\",\"@id\":\"https:\\\/\\\/www.copealcoy.es\\\/es\\\/informativo-matinal-martes-9-de-diciembre-2025-0750h\\\/#primaryimage\",\"url\":\"https:\\\/\\\/www.copealcoy.es\\\/wp-content\\\/uploads\\\/2025\\\/02\\\/Informativo-Matinal-Castellano.png\",\"contentUrl\":\"https:\\\/\\\/www.copealcoy.es\\\/wp-content\\\/uploads\\\/2025\\\/02\\\/Informativo-Matinal-Castellano.png\",\"width\":357,\"height\":290},{\"@type\":\"BreadcrumbList\",\"@id\":\"https:\\\/\\\/www.copealcoy.es\\\/es\\\/informativo-matinal-martes-9-de-diciembre-2025-0750h\\\/#breadcrumb\",\"itemListElement\":[{\"@type\":\"ListItem\",\"position\":1,\"name\":\"Portada\",\"item\":\"https:\\\/\\\/www.copealcoy.es\\\/es\\\/\"},{\"@type\":\"ListItem\",\"position\":2,\"name\":\"Informativo matinal martes 9 de diciembre 2025 (07:50h)\"}]},{\"@type\":\"WebSite\",\"@id\":\"https:\\\/\\\/www.copealcoy.es\\\/es\\\/#website\",\"url\":\"https:\\\/\\\/www.copealcoy.es\\\/es\\\/\",\"name\":\"COPE Alcoy\",\"description\":\"Emisora COPE de radio local con emisi\u00f3n online. Pont de Sant Jordi 8-10 03803 Alcoy\",\"potentialAction\":[{\"@type\":\"SearchAction\",\"target\":{\"@type\":\"EntryPoint\",\"urlTemplate\":\"https:\\\/\\\/www.copealcoy.es\\\/es\\\/?s={search_term_string}\"},\"query-input\":{\"@type\":\"PropertyValueSpecification\",\"valueRequired\":true,\"valueName\":\"search_term_string\"}}],\"inLanguage\":\"es\"},{\"@type\":\"Person\",\"@id\":\"https:\\\/\\\/www.copealcoy.es\\\/es\\\/#\\\/schema\\\/person\\\/e777c87fa024e57d40170af9df39882c\",\"name\":\"Cope Alcoy\",\"image\":{\"@type\":\"ImageObject\",\"inLanguage\":\"es\",\"@id\":\"https:\\\/\\\/secure.gravatar.com\\\/avatar\\\/bb65d0283347e303893ba14f0692005417c1e0e690a325a4c5d8bb2b3943ee14?s=96&d=mm&r=g\",\"url\":\"https:\\\/\\\/secure.gravatar.com\\\/avatar\\\/bb65d0283347e303893ba14f0692005417c1e0e690a325a4c5d8bb2b3943ee14?s=96&d=mm&r=g\",\"contentUrl\":\"https:\\\/\\\/secure.gravatar.com\\\/avatar\\\/bb65d0283347e303893ba14f0692005417c1e0e690a325a4c5d8bb2b3943ee14?s=96&d=mm&r=g\",\"caption\":\"Cope Alcoy\"}}]}<\/script>\n<!-- \/ Yoast SEO plugin. -->","yoast_head_json":{"title":"Informativo matinal martes 9 de diciembre 2025 (07:50h) - COPE Alcoy","robots":{"index":"index","follow":"follow","max-snippet":"max-snippet:-1","max-image-preview":"max-image-preview:large","max-video-preview":"max-video-preview:-1"},"canonical":"https:\/\/www.copealcoy.es\/es\/informativo-matinal-martes-9-de-diciembre-2025-0750h\/","og_locale":"es_ES","og_type":"article","og_title":"Informativo matinal martes 9 de diciembre 2025 (07:50h) - COPE Alcoy","og_description":"Hoy martes os hemos contado que est\u00e1 en marcha la huelga de los trabajadores de La Alcoyana para exigir mejoras...","og_url":"https:\/\/www.copealcoy.es\/es\/informativo-matinal-martes-9-de-diciembre-2025-0750h\/","og_site_name":"COPE Alcoy","article_published_time":"2025-12-09T06:30:12+00:00","article_modified_time":"2025-12-09T12:34:44+00:00","og_image":[{"width":357,"height":290,"url":"https:\/\/www.copealcoy.es\/wp-content\/uploads\/2025\/02\/Informativo-Matinal-Castellano.png","type":"image\/png"}],"author":"Cope Alcoy","twitter_misc":{"Escrito por":"Cope Alcoy","Tiempo de lectura":"2 minutos"},"schema":{"@context":"https:\/\/schema.org","@graph":[{"@type":"Article","@id":"https:\/\/www.copealcoy.es\/es\/informativo-matinal-martes-9-de-diciembre-2025-0750h\/#article","isPartOf":{"@id":"https:\/\/www.copealcoy.es\/es\/informativo-matinal-martes-9-de-diciembre-2025-0750h\/"},"author":{"name":"Cope Alcoy","@id":"https:\/\/www.copealcoy.es\/es\/#\/schema\/person\/e777c87fa024e57d40170af9df39882c"},"headline":"Informativo matinal martes 9 de diciembre 2025 (07:50h)","datePublished":"2025-12-09T06:30:12+00:00","dateModified":"2025-12-09T12:34:44+00:00","mainEntityOfPage":{"@id":"https:\/\/www.copealcoy.es\/es\/informativo-matinal-martes-9-de-diciembre-2025-0750h\/"},"wordCount":361,"image":{"@id":"https:\/\/www.copealcoy.es\/es\/informativo-matinal-martes-9-de-diciembre-2025-0750h\/#primaryimage"},"thumbnailUrl":"https:\/\/www.copealcoy.es\/wp-content\/uploads\/2025\/02\/Informativo-Matinal-Castellano.png","articleSection":["Actualidad","Audios de los programas","Informativos","Noticias"],"inLanguage":"es"},{"@type":"WebPage","@id":"https:\/\/www.copealcoy.es\/es\/informativo-matinal-martes-9-de-diciembre-2025-0750h\/","url":"https:\/\/www.copealcoy.es\/es\/informativo-matinal-martes-9-de-diciembre-2025-0750h\/","name":"Informativo matinal martes 9 de diciembre 2025 (07:50h) - COPE Alcoy","isPartOf":{"@id":"https:\/\/www.copealcoy.es\/es\/#website"},"primaryImageOfPage":{"@id":"https:\/\/www.copealcoy.es\/es\/informativo-matinal-martes-9-de-diciembre-2025-0750h\/#primaryimage"},"image":{"@id":"https:\/\/www.copealcoy.es\/es\/informativo-matinal-martes-9-de-diciembre-2025-0750h\/#primaryimage"},"thumbnailUrl":"https:\/\/www.copealcoy.es\/wp-content\/uploads\/2025\/02\/Informativo-Matinal-Castellano.png","datePublished":"2025-12-09T06:30:12+00:00","dateModified":"2025-12-09T12:34:44+00:00","author":{"@id":"https:\/\/www.copealcoy.es\/es\/#\/schema\/person\/e777c87fa024e57d40170af9df39882c"},"breadcrumb":{"@id":"https:\/\/www.copealcoy.es\/es\/informativo-matinal-martes-9-de-diciembre-2025-0750h\/#breadcrumb"},"inLanguage":"es","potentialAction":[{"@type":"ReadAction","target":["https:\/\/www.copealcoy.es\/es\/informativo-matinal-martes-9-de-diciembre-2025-0750h\/"]}]},{"@type":"ImageObject","inLanguage":"es","@id":"https:\/\/www.copealcoy.es\/es\/informativo-matinal-martes-9-de-diciembre-2025-0750h\/#primaryimage","url":"https:\/\/www.copealcoy.es\/wp-content\/uploads\/2025\/02\/Informativo-Matinal-Castellano.png","contentUrl":"https:\/\/www.copealcoy.es\/wp-content\/uploads\/2025\/02\/Informativo-Matinal-Castellano.png","width":357,"height":290},{"@type":"BreadcrumbList","@id":"https:\/\/www.copealcoy.es\/es\/informativo-matinal-martes-9-de-diciembre-2025-0750h\/#breadcrumb","itemListElement":[{"@type":"ListItem","position":1,"name":"Portada","item":"https:\/\/www.copealcoy.es\/es\/"},{"@type":"ListItem","position":2,"name":"Informativo matinal martes 9 de diciembre 2025 (07:50h)"}]},{"@type":"WebSite","@id":"https:\/\/www.copealcoy.es\/es\/#website","url":"https:\/\/www.copealcoy.es\/es\/","name":"COPE Alcoy","description":"Emisora COPE de radio local con emisi\u00f3n online. Pont de Sant Jordi 8-10 03803 Alcoy","potentialAction":[{"@type":"SearchAction","target":{"@type":"EntryPoint","urlTemplate":"https:\/\/www.copealcoy.es\/es\/?s={search_term_string}"},"query-input":{"@type":"PropertyValueSpecification","valueRequired":true,"valueName":"search_term_string"}}],"inLanguage":"es"},{"@type":"Person","@id":"https:\/\/www.copealcoy.es\/es\/#\/schema\/person\/e777c87fa024e57d40170af9df39882c","name":"Cope Alcoy","image":{"@type":"ImageObject","inLanguage":"es","@id":"https:\/\/secure.gravatar.com\/avatar\/bb65d0283347e303893ba14f0692005417c1e0e690a325a4c5d8bb2b3943ee14?s=96&d=mm&r=g","url":"https:\/\/secure.gravatar.com\/avatar\/bb65d0283347e303893ba14f0692005417c1e0e690a325a4c5d8bb2b3943ee14?s=96&d=mm&r=g","contentUrl":"https:\/\/secure.gravatar.com\/avatar\/bb65d0283347e303893ba14f0692005417c1e0e690a325a4c5d8bb2b3943ee14?s=96&d=mm&r=g","caption":"Cope Alcoy"}}]}},"_links":{"self":[{"href":"https:\/\/www.copealcoy.es\/es\/wp-json\/wp\/v2\/posts\/160966","targetHints":{"allow":["GET"]}}],"collection":[{"href":"https:\/\/www.copealcoy.es\/es\/wp-json\/wp\/v2\/posts"}],"about":[{"href":"https:\/\/www.copealcoy.es\/es\/wp-json\/wp\/v2\/types\/post"}],"author":[{"embeddable":true,"href":"https:\/\/www.copealcoy.es\/es\/wp-json\/wp\/v2\/users\/1"}],"replies":[{"embeddable":true,"href":"https:\/\/www.copealcoy.es\/es\/wp-json\/wp\/v2\/comments?post=160966"}],"version-history":[{"count":1,"href":"https:\/\/www.copealcoy.es\/es\/wp-json\/wp\/v2\/posts\/160966\/revisions"}],"predecessor-version":[{"id":160967,"href":"https:\/\/www.copealcoy.es\/es\/wp-json\/wp\/v2\/posts\/160966\/revisions\/160967"}],"wp:featuredmedia":[{"embeddable":true,"href":"https:\/\/www.copealcoy.es\/es\/wp-json\/wp\/v2\/media\/147669"}],"wp:attachment":[{"href":"https:\/\/www.copealcoy.es\/es\/wp-json\/wp\/v2\/media?parent=160966"}],"wp:term":[{"taxonomy":"category","embeddable":true,"href":"https:\/\/www.copealcoy.es\/es\/wp-json\/wp\/v2\/categories?post=160966"},{"taxonomy":"post_tag","embeddable":true,"href":"https:\/\/www.copealcoy.es\/es\/wp-json\/wp\/v2\/tags?post=160966"}],"curies":[{"name":"wp","href":"https:\/\/api.w.org\/{rel}","templated":true}]}}