{"id":160957,"date":"2025-12-10T08:00:50","date_gmt":"2025-12-10T07:00:50","guid":{"rendered":"https:\/\/www.copealcoy.es\/?p=160957"},"modified":"2025-12-10T13:56:21","modified_gmt":"2025-12-10T12:56:21","slug":"pau-sanchis-tarrazo-nuevo-presidente-de-jovempa-alcoia-comtat-foia","status":"publish","type":"post","link":"https:\/\/www.copealcoy.es\/es\/pau-sanchis-tarrazo-nuevo-presidente-de-jovempa-alcoia-comtat-foia\/","title":{"rendered":"Pau Sanchis Tarraz\u00f3, nuevo presidente de Jovempa Alcoi\u00e0-Comtat-Foia"},"content":{"rendered":"<p style=\"text-align: justify;\" data-start=\"341\" data-end=\"675\"><strong data-start=\"341\" data-end=\"364\">Pau Sanchis Tarraz\u00f3<\/strong> fue elegido nuevo presidente de la <a href=\"https:\/\/www.jovempa.org\/alcoia-comtat-i-foia\/\" target=\"_blank\" rel=\"noopener\"><span style=\"color: #0000ff;\"><strong data-start=\"400\" data-end=\"496\">Asociaci\u00f3n de J\u00f3venes Empresarios de la Comarca Alcoi\u00e0-Comtat (Jovempa Alcoi\u00e0 Comtat i Foia)<\/strong><\/span><\/a> para la candidatura <strong data-start=\"517\" data-end=\"530\">2025-2027<\/strong>, en el transcurso de la asamblea general ordinaria y electoral que tuvo lugar el <strong data-start=\"612\" data-end=\"638\">4 de diciembre de 2025<\/strong> en el <strong data-start=\"645\" data-end=\"674\">Restaurante La Hidro 1910<\/strong>.<\/p>\n<p style=\"text-align: justify;\" data-start=\"677\" data-end=\"1252\">Sanchis, fot\u00f3grafo profesional de vocaci\u00f3n, cuenta con m\u00e1s de <strong data-start=\"739\" data-end=\"789\">cuatro a\u00f1os de trayectoria como miembro activo<\/strong> de la <strong data-start=\"796\" data-end=\"856\">Federaci\u00f3n Empresarial Joven de la Provincia de Alicante<\/strong>, adem\u00e1s de haber ejercido como <strong data-start=\"888\" data-end=\"906\">vicepresidente<\/strong> en la anterior junta directiva de Jovempa Alcoi\u00e0 Comtat i Foia. Graduado en <strong data-start=\"983\" data-end=\"1031\">Administraci\u00f3n y Direcci\u00f3n de Empresas (ADE)<\/strong> por la EPSA de Alcoy, inici\u00f3 su formaci\u00f3n en <strong data-start=\"1077\" data-end=\"1114\">Comercio y Comercio Internacional<\/strong> en el IES Cotes Baixes. Desde <strong data-start=\"1145\" data-end=\"1153\">2017<\/strong> es aut\u00f3nomo y, desde <strong data-start=\"1175\" data-end=\"1183\">2022<\/strong>, dispone de <strong data-start=\"1196\" data-end=\"1226\">estudio fotogr\u00e1fico propio<\/strong> en la Zona Alta de Alcoy.<\/p>\n<p style=\"text-align: justify;\" data-start=\"1254\" data-end=\"1704\">Tras su nombramiento, Sanchis expres\u00f3 su agradecimiento a su antecesora, <strong data-start=\"1327\" data-end=\"1346\">Laia Santamar\u00eda<\/strong>, por su labor al frente de la asociaci\u00f3n y por la confianza depositada en \u00e9l para liderar la pr\u00f3xima legislatura, que afronta \u201ccon gran entusiasmo\u201d. Durante su intervenci\u00f3n tambi\u00e9n avanz\u00f3 algunas de las <strong data-start=\"1550\" data-end=\"1564\">propuestas<\/strong> que pretende implantar con el objetivo de <strong data-start=\"1607\" data-end=\"1634\">impulsar el crecimiento<\/strong> de la entidad y fortalecer el tejido empresarial joven de la comarca.<\/p>\n<p style=\"text-align: justify;\" data-start=\"1706\" data-end=\"1852\">El nuevo presidente aprovech\u00f3 la ocasi\u00f3n para presentar a la <strong data-start=\"1767\" data-end=\"1786\">junta directiva<\/strong> que lo acompa\u00f1ar\u00e1 los pr\u00f3ximos a\u00f1os. El equipo queda formado por: <strong data-start=\"1856\" data-end=\"1881\">Sergio Andr\u00e9s Marqu\u00e9s<\/strong> (vicepresidente), <strong data-start=\"1923\" data-end=\"1952\">Rafael Figuerola Miralles<\/strong> (secretario) y <strong data-start=\"2039\" data-end=\"2065\">Nerea Figueruelo L\u00f3pez<\/strong> (tesorera). La jornada concluy\u00f3 con la tradicional <strong data-start=\"2192\" data-end=\"2211\">Cena de Navidad<\/strong> de la asociaci\u00f3n, celebrada tambi\u00e9n en el Restaurante La Hidro 1910.<\/p>\n","protected":false},"excerpt":{"rendered":"<p>Pau Sanchis Tarraz\u00f3 fue elegido nuevo presidente de la Asociaci\u00f3n de J\u00f3venes Empresarios de la Comarca Alcoi\u00e0-Comtat (Jovempa Alcoi\u00e0 Comtat&#8230;<\/p>\n","protected":false},"author":1,"featured_media":160958,"comment_status":"closed","ping_status":"closed","sticky":false,"template":"","format":"standard","meta":{"footnotes":""},"categories":[6909,98],"tags":[6957,787,12059,1089],"class_list":["post-160957","post","type-post","status-publish","format-standard","has-post-thumbnail","hentry","category-actualidad","category-comarcas","tag-alcoia-comtat-2","tag-jovempa","tag-pau-sanchis","tag-presidencia"],"yoast_head":"<!-- This site is optimized with the Yoast SEO plugin v27.3 - https:\/\/yoast.com\/product\/yoast-seo-wordpress\/ -->\n<title>Pau Sanchis Tarraz\u00f3, nuevo presidente de Jovempa Alcoi\u00e0-Comtat-Foia - COPE Alcoy<\/title>\n<meta name=\"description\" content=\"Pau Sanchis Tarraz\u00f3, nuevo presidente de Jovempa Alcoi\u00e0-Comtat-Foia\" \/>\n<meta name=\"robots\" content=\"index, follow, max-snippet:-1, max-image-preview:large, max-video-preview:-1\" \/>\n<link rel=\"canonical\" href=\"https:\/\/www.copealcoy.es\/es\/pau-sanchis-tarrazo-nuevo-presidente-de-jovempa-alcoia-comtat-foia\/\" \/>\n<meta property=\"og:locale\" content=\"es_ES\" \/>\n<meta property=\"og:type\" content=\"article\" \/>\n<meta property=\"og:title\" content=\"Pau Sanchis Tarraz\u00f3, nuevo presidente de Jovempa Alcoi\u00e0-Comtat-Foia - COPE Alcoy\" \/>\n<meta property=\"og:description\" content=\"Pau Sanchis Tarraz\u00f3, nuevo presidente de Jovempa Alcoi\u00e0-Comtat-Foia\" \/>\n<meta property=\"og:url\" content=\"https:\/\/www.copealcoy.es\/es\/pau-sanchis-tarrazo-nuevo-presidente-de-jovempa-alcoia-comtat-foia\/\" \/>\n<meta property=\"og:site_name\" content=\"COPE Alcoy\" \/>\n<meta property=\"article:published_time\" content=\"2025-12-10T07:00:50+00:00\" \/>\n<meta property=\"article:modified_time\" content=\"2025-12-10T12:56:21+00:00\" \/>\n<meta property=\"og:image\" content=\"https:\/\/www.copealcoy.es\/wp-content\/uploads\/2025\/12\/unnamed-3.jpg\" \/>\n\t<meta property=\"og:image:width\" content=\"977\" \/>\n\t<meta property=\"og:image:height\" content=\"488\" \/>\n\t<meta property=\"og:image:type\" content=\"image\/jpeg\" \/>\n<meta name=\"author\" content=\"Cope Alcoy\" \/>\n<meta name=\"twitter:label1\" content=\"Escrito por\" \/>\n\t<meta name=\"twitter:data1\" content=\"Cope Alcoy\" \/>\n\t<meta name=\"twitter:label2\" content=\"Tiempo de lectura\" \/>\n\t<meta name=\"twitter:data2\" content=\"2 minutos\" \/>\n<script type=\"application\/ld+json\" class=\"yoast-schema-graph\">{\"@context\":\"https:\\\/\\\/schema.org\",\"@graph\":[{\"@type\":\"Article\",\"@id\":\"https:\\\/\\\/www.copealcoy.es\\\/es\\\/pau-sanchis-tarrazo-nuevo-presidente-de-jovempa-alcoia-comtat-foia\\\/#article\",\"isPartOf\":{\"@id\":\"https:\\\/\\\/www.copealcoy.es\\\/es\\\/pau-sanchis-tarrazo-nuevo-presidente-de-jovempa-alcoia-comtat-foia\\\/\"},\"author\":{\"name\":\"Cope Alcoy\",\"@id\":\"https:\\\/\\\/www.copealcoy.es\\\/es\\\/#\\\/schema\\\/person\\\/e777c87fa024e57d40170af9df39882c\"},\"headline\":\"Pau Sanchis Tarraz\u00f3, nuevo presidente de Jovempa Alcoi\u00e0-Comtat-Foia\",\"datePublished\":\"2025-12-10T07:00:50+00:00\",\"dateModified\":\"2025-12-10T12:56:21+00:00\",\"mainEntityOfPage\":{\"@id\":\"https:\\\/\\\/www.copealcoy.es\\\/es\\\/pau-sanchis-tarrazo-nuevo-presidente-de-jovempa-alcoia-comtat-foia\\\/\"},\"wordCount\":293,\"image\":{\"@id\":\"https:\\\/\\\/www.copealcoy.es\\\/es\\\/pau-sanchis-tarrazo-nuevo-presidente-de-jovempa-alcoia-comtat-foia\\\/#primaryimage\"},\"thumbnailUrl\":\"https:\\\/\\\/www.copealcoy.es\\\/wp-content\\\/uploads\\\/2025\\\/12\\\/unnamed-3.jpg\",\"keywords\":[\"Alcoi\u00e0-Comtat\",\"Jovempa\",\"Pau Sanch\u00eds\",\"presidencia\"],\"articleSection\":[\"Actualidad\",\"Comarcas\"],\"inLanguage\":\"es\"},{\"@type\":\"WebPage\",\"@id\":\"https:\\\/\\\/www.copealcoy.es\\\/es\\\/pau-sanchis-tarrazo-nuevo-presidente-de-jovempa-alcoia-comtat-foia\\\/\",\"url\":\"https:\\\/\\\/www.copealcoy.es\\\/es\\\/pau-sanchis-tarrazo-nuevo-presidente-de-jovempa-alcoia-comtat-foia\\\/\",\"name\":\"Pau Sanchis Tarraz\u00f3, nuevo presidente de Jovempa Alcoi\u00e0-Comtat-Foia - COPE Alcoy\",\"isPartOf\":{\"@id\":\"https:\\\/\\\/www.copealcoy.es\\\/es\\\/#website\"},\"primaryImageOfPage\":{\"@id\":\"https:\\\/\\\/www.copealcoy.es\\\/es\\\/pau-sanchis-tarrazo-nuevo-presidente-de-jovempa-alcoia-comtat-foia\\\/#primaryimage\"},\"image\":{\"@id\":\"https:\\\/\\\/www.copealcoy.es\\\/es\\\/pau-sanchis-tarrazo-nuevo-presidente-de-jovempa-alcoia-comtat-foia\\\/#primaryimage\"},\"thumbnailUrl\":\"https:\\\/\\\/www.copealcoy.es\\\/wp-content\\\/uploads\\\/2025\\\/12\\\/unnamed-3.jpg\",\"datePublished\":\"2025-12-10T07:00:50+00:00\",\"dateModified\":\"2025-12-10T12:56:21+00:00\",\"author\":{\"@id\":\"https:\\\/\\\/www.copealcoy.es\\\/es\\\/#\\\/schema\\\/person\\\/e777c87fa024e57d40170af9df39882c\"},\"description\":\"Pau Sanchis Tarraz\u00f3, nuevo presidente de Jovempa Alcoi\u00e0-Comtat-Foia\",\"breadcrumb\":{\"@id\":\"https:\\\/\\\/www.copealcoy.es\\\/es\\\/pau-sanchis-tarrazo-nuevo-presidente-de-jovempa-alcoia-comtat-foia\\\/#breadcrumb\"},\"inLanguage\":\"es\",\"potentialAction\":[{\"@type\":\"ReadAction\",\"target\":[\"https:\\\/\\\/www.copealcoy.es\\\/es\\\/pau-sanchis-tarrazo-nuevo-presidente-de-jovempa-alcoia-comtat-foia\\\/\"]}]},{\"@type\":\"ImageObject\",\"inLanguage\":\"es\",\"@id\":\"https:\\\/\\\/www.copealcoy.es\\\/es\\\/pau-sanchis-tarrazo-nuevo-presidente-de-jovempa-alcoia-comtat-foia\\\/#primaryimage\",\"url\":\"https:\\\/\\\/www.copealcoy.es\\\/wp-content\\\/uploads\\\/2025\\\/12\\\/unnamed-3.jpg\",\"contentUrl\":\"https:\\\/\\\/www.copealcoy.es\\\/wp-content\\\/uploads\\\/2025\\\/12\\\/unnamed-3.jpg\",\"width\":977,\"height\":488},{\"@type\":\"BreadcrumbList\",\"@id\":\"https:\\\/\\\/www.copealcoy.es\\\/es\\\/pau-sanchis-tarrazo-nuevo-presidente-de-jovempa-alcoia-comtat-foia\\\/#breadcrumb\",\"itemListElement\":[{\"@type\":\"ListItem\",\"position\":1,\"name\":\"Portada\",\"item\":\"https:\\\/\\\/www.copealcoy.es\\\/es\\\/\"},{\"@type\":\"ListItem\",\"position\":2,\"name\":\"Pau Sanchis Tarraz\u00f3, nuevo presidente de Jovempa Alcoi\u00e0-Comtat-Foia\"}]},{\"@type\":\"WebSite\",\"@id\":\"https:\\\/\\\/www.copealcoy.es\\\/es\\\/#website\",\"url\":\"https:\\\/\\\/www.copealcoy.es\\\/es\\\/\",\"name\":\"COPE Alcoy\",\"description\":\"Emisora COPE de radio local con emisi\u00f3n online. Pont de Sant Jordi 8-10 03803 Alcoy\",\"potentialAction\":[{\"@type\":\"SearchAction\",\"target\":{\"@type\":\"EntryPoint\",\"urlTemplate\":\"https:\\\/\\\/www.copealcoy.es\\\/es\\\/?s={search_term_string}\"},\"query-input\":{\"@type\":\"PropertyValueSpecification\",\"valueRequired\":true,\"valueName\":\"search_term_string\"}}],\"inLanguage\":\"es\"},{\"@type\":\"Person\",\"@id\":\"https:\\\/\\\/www.copealcoy.es\\\/es\\\/#\\\/schema\\\/person\\\/e777c87fa024e57d40170af9df39882c\",\"name\":\"Cope Alcoy\",\"image\":{\"@type\":\"ImageObject\",\"inLanguage\":\"es\",\"@id\":\"https:\\\/\\\/secure.gravatar.com\\\/avatar\\\/bb65d0283347e303893ba14f0692005417c1e0e690a325a4c5d8bb2b3943ee14?s=96&d=mm&r=g\",\"url\":\"https:\\\/\\\/secure.gravatar.com\\\/avatar\\\/bb65d0283347e303893ba14f0692005417c1e0e690a325a4c5d8bb2b3943ee14?s=96&d=mm&r=g\",\"contentUrl\":\"https:\\\/\\\/secure.gravatar.com\\\/avatar\\\/bb65d0283347e303893ba14f0692005417c1e0e690a325a4c5d8bb2b3943ee14?s=96&d=mm&r=g\",\"caption\":\"Cope Alcoy\"}}]}<\/script>\n<!-- \/ Yoast SEO plugin. -->","yoast_head_json":{"title":"Pau Sanchis Tarraz\u00f3, nuevo presidente de Jovempa Alcoi\u00e0-Comtat-Foia - COPE Alcoy","description":"Pau Sanchis Tarraz\u00f3, nuevo presidente de Jovempa Alcoi\u00e0-Comtat-Foia","robots":{"index":"index","follow":"follow","max-snippet":"max-snippet:-1","max-image-preview":"max-image-preview:large","max-video-preview":"max-video-preview:-1"},"canonical":"https:\/\/www.copealcoy.es\/es\/pau-sanchis-tarrazo-nuevo-presidente-de-jovempa-alcoia-comtat-foia\/","og_locale":"es_ES","og_type":"article","og_title":"Pau Sanchis Tarraz\u00f3, nuevo presidente de Jovempa Alcoi\u00e0-Comtat-Foia - COPE Alcoy","og_description":"Pau Sanchis Tarraz\u00f3, nuevo presidente de Jovempa Alcoi\u00e0-Comtat-Foia","og_url":"https:\/\/www.copealcoy.es\/es\/pau-sanchis-tarrazo-nuevo-presidente-de-jovempa-alcoia-comtat-foia\/","og_site_name":"COPE Alcoy","article_published_time":"2025-12-10T07:00:50+00:00","article_modified_time":"2025-12-10T12:56:21+00:00","og_image":[{"width":977,"height":488,"url":"https:\/\/www.copealcoy.es\/wp-content\/uploads\/2025\/12\/unnamed-3.jpg","type":"image\/jpeg"}],"author":"Cope Alcoy","twitter_misc":{"Escrito por":"Cope Alcoy","Tiempo de lectura":"2 minutos"},"schema":{"@context":"https:\/\/schema.org","@graph":[{"@type":"Article","@id":"https:\/\/www.copealcoy.es\/es\/pau-sanchis-tarrazo-nuevo-presidente-de-jovempa-alcoia-comtat-foia\/#article","isPartOf":{"@id":"https:\/\/www.copealcoy.es\/es\/pau-sanchis-tarrazo-nuevo-presidente-de-jovempa-alcoia-comtat-foia\/"},"author":{"name":"Cope Alcoy","@id":"https:\/\/www.copealcoy.es\/es\/#\/schema\/person\/e777c87fa024e57d40170af9df39882c"},"headline":"Pau Sanchis Tarraz\u00f3, nuevo presidente de Jovempa Alcoi\u00e0-Comtat-Foia","datePublished":"2025-12-10T07:00:50+00:00","dateModified":"2025-12-10T12:56:21+00:00","mainEntityOfPage":{"@id":"https:\/\/www.copealcoy.es\/es\/pau-sanchis-tarrazo-nuevo-presidente-de-jovempa-alcoia-comtat-foia\/"},"wordCount":293,"image":{"@id":"https:\/\/www.copealcoy.es\/es\/pau-sanchis-tarrazo-nuevo-presidente-de-jovempa-alcoia-comtat-foia\/#primaryimage"},"thumbnailUrl":"https:\/\/www.copealcoy.es\/wp-content\/uploads\/2025\/12\/unnamed-3.jpg","keywords":["Alcoi\u00e0-Comtat","Jovempa","Pau Sanch\u00eds","presidencia"],"articleSection":["Actualidad","Comarcas"],"inLanguage":"es"},{"@type":"WebPage","@id":"https:\/\/www.copealcoy.es\/es\/pau-sanchis-tarrazo-nuevo-presidente-de-jovempa-alcoia-comtat-foia\/","url":"https:\/\/www.copealcoy.es\/es\/pau-sanchis-tarrazo-nuevo-presidente-de-jovempa-alcoia-comtat-foia\/","name":"Pau Sanchis Tarraz\u00f3, nuevo presidente de Jovempa Alcoi\u00e0-Comtat-Foia - COPE Alcoy","isPartOf":{"@id":"https:\/\/www.copealcoy.es\/es\/#website"},"primaryImageOfPage":{"@id":"https:\/\/www.copealcoy.es\/es\/pau-sanchis-tarrazo-nuevo-presidente-de-jovempa-alcoia-comtat-foia\/#primaryimage"},"image":{"@id":"https:\/\/www.copealcoy.es\/es\/pau-sanchis-tarrazo-nuevo-presidente-de-jovempa-alcoia-comtat-foia\/#primaryimage"},"thumbnailUrl":"https:\/\/www.copealcoy.es\/wp-content\/uploads\/2025\/12\/unnamed-3.jpg","datePublished":"2025-12-10T07:00:50+00:00","dateModified":"2025-12-10T12:56:21+00:00","author":{"@id":"https:\/\/www.copealcoy.es\/es\/#\/schema\/person\/e777c87fa024e57d40170af9df39882c"},"description":"Pau Sanchis Tarraz\u00f3, nuevo presidente de Jovempa Alcoi\u00e0-Comtat-Foia","breadcrumb":{"@id":"https:\/\/www.copealcoy.es\/es\/pau-sanchis-tarrazo-nuevo-presidente-de-jovempa-alcoia-comtat-foia\/#breadcrumb"},"inLanguage":"es","potentialAction":[{"@type":"ReadAction","target":["https:\/\/www.copealcoy.es\/es\/pau-sanchis-tarrazo-nuevo-presidente-de-jovempa-alcoia-comtat-foia\/"]}]},{"@type":"ImageObject","inLanguage":"es","@id":"https:\/\/www.copealcoy.es\/es\/pau-sanchis-tarrazo-nuevo-presidente-de-jovempa-alcoia-comtat-foia\/#primaryimage","url":"https:\/\/www.copealcoy.es\/wp-content\/uploads\/2025\/12\/unnamed-3.jpg","contentUrl":"https:\/\/www.copealcoy.es\/wp-content\/uploads\/2025\/12\/unnamed-3.jpg","width":977,"height":488},{"@type":"BreadcrumbList","@id":"https:\/\/www.copealcoy.es\/es\/pau-sanchis-tarrazo-nuevo-presidente-de-jovempa-alcoia-comtat-foia\/#breadcrumb","itemListElement":[{"@type":"ListItem","position":1,"name":"Portada","item":"https:\/\/www.copealcoy.es\/es\/"},{"@type":"ListItem","position":2,"name":"Pau Sanchis Tarraz\u00f3, nuevo presidente de Jovempa Alcoi\u00e0-Comtat-Foia"}]},{"@type":"WebSite","@id":"https:\/\/www.copealcoy.es\/es\/#website","url":"https:\/\/www.copealcoy.es\/es\/","name":"COPE Alcoy","description":"Emisora COPE de radio local con emisi\u00f3n online. Pont de Sant Jordi 8-10 03803 Alcoy","potentialAction":[{"@type":"SearchAction","target":{"@type":"EntryPoint","urlTemplate":"https:\/\/www.copealcoy.es\/es\/?s={search_term_string}"},"query-input":{"@type":"PropertyValueSpecification","valueRequired":true,"valueName":"search_term_string"}}],"inLanguage":"es"},{"@type":"Person","@id":"https:\/\/www.copealcoy.es\/es\/#\/schema\/person\/e777c87fa024e57d40170af9df39882c","name":"Cope Alcoy","image":{"@type":"ImageObject","inLanguage":"es","@id":"https:\/\/secure.gravatar.com\/avatar\/bb65d0283347e303893ba14f0692005417c1e0e690a325a4c5d8bb2b3943ee14?s=96&d=mm&r=g","url":"https:\/\/secure.gravatar.com\/avatar\/bb65d0283347e303893ba14f0692005417c1e0e690a325a4c5d8bb2b3943ee14?s=96&d=mm&r=g","contentUrl":"https:\/\/secure.gravatar.com\/avatar\/bb65d0283347e303893ba14f0692005417c1e0e690a325a4c5d8bb2b3943ee14?s=96&d=mm&r=g","caption":"Cope Alcoy"}}]}},"_links":{"self":[{"href":"https:\/\/www.copealcoy.es\/es\/wp-json\/wp\/v2\/posts\/160957","targetHints":{"allow":["GET"]}}],"collection":[{"href":"https:\/\/www.copealcoy.es\/es\/wp-json\/wp\/v2\/posts"}],"about":[{"href":"https:\/\/www.copealcoy.es\/es\/wp-json\/wp\/v2\/types\/post"}],"author":[{"embeddable":true,"href":"https:\/\/www.copealcoy.es\/es\/wp-json\/wp\/v2\/users\/1"}],"replies":[{"embeddable":true,"href":"https:\/\/www.copealcoy.es\/es\/wp-json\/wp\/v2\/comments?post=160957"}],"version-history":[{"count":1,"href":"https:\/\/www.copealcoy.es\/es\/wp-json\/wp\/v2\/posts\/160957\/revisions"}],"predecessor-version":[{"id":160960,"href":"https:\/\/www.copealcoy.es\/es\/wp-json\/wp\/v2\/posts\/160957\/revisions\/160960"}],"wp:featuredmedia":[{"embeddable":true,"href":"https:\/\/www.copealcoy.es\/es\/wp-json\/wp\/v2\/media\/160958"}],"wp:attachment":[{"href":"https:\/\/www.copealcoy.es\/es\/wp-json\/wp\/v2\/media?parent=160957"}],"wp:term":[{"taxonomy":"category","embeddable":true,"href":"https:\/\/www.copealcoy.es\/es\/wp-json\/wp\/v2\/categories?post=160957"},{"taxonomy":"post_tag","embeddable":true,"href":"https:\/\/www.copealcoy.es\/es\/wp-json\/wp\/v2\/tags?post=160957"}],"curies":[{"name":"wp","href":"https:\/\/api.w.org\/{rel}","templated":true}]}}