{"id":160925,"date":"2025-12-09T08:15:35","date_gmt":"2025-12-09T07:15:35","guid":{"rendered":"https:\/\/www.copealcoy.es\/?p=160925"},"modified":"2025-12-09T13:27:48","modified_gmt":"2025-12-09T12:27:48","slug":"la-colla-de-campaners-del-comtat-celebro-santa-barbara-en-muro","status":"publish","type":"post","link":"https:\/\/www.copealcoy.es\/es\/la-colla-de-campaners-del-comtat-celebro-santa-barbara-en-muro\/","title":{"rendered":"La Colla de Campaners del Comtat celebr\u00f3 Santa B\u00e1rbara en Muro"},"content":{"rendered":"<p style=\"text-align: justify;\" data-start=\"234\" data-end=\"536\">El pasado <strong data-start=\"244\" data-end=\"263\">30 de noviembre<\/strong>, y en la <strong>parroquia de San Juan Bautista de\u00a0Muro<\/strong>, se celebr\u00f3 la festividad de <strong data-start=\"323\" data-end=\"340\">Santa B\u00e1rbara<\/strong>, patrona de los campaneros. La <a href=\"https:\/\/www.facebook.com\/p\/Campaners-del-Comtat-100063521674111\/?locale=es_ES\" target=\"_blank\" rel=\"noopener\"><span style=\"color: #0000ff;\"><strong>Colla de Campaners del Comtat<\/strong><\/span><\/a>, como es habitual, prepar\u00f3 <strong>varias actividades<\/strong> con motivo de esta jornada y ofreci\u00f3 tambi\u00e9n la posibilidad de visitar el interior de la torre para que todos aquellos que lo desearan pudieran conocer de cerca todas las curiosidades que guarda la misma.<\/p>\n<p style=\"text-align: justify;\" data-start=\"538\" data-end=\"838\">Entre los actos organizados, destac\u00f3 una <strong data-start=\"587\" data-end=\"618\">jornada de puertas abiertas<\/strong> en el campanario desde las 10:00 de la ma\u00f1ana y hasta las 11:30 horas, para que los asistentes pudieran conocer de primera mano las <strong data-start=\"722\" data-end=\"734\">campanas del templo de Muro<\/strong> y su <strong data-start=\"740\" data-end=\"752\">historia.\u00a0<\/strong>Todo ello despu\u00e9s de que el d\u00eda arrancara con <strong>un volteo general de campanas,<\/strong> efectuado por los mismos integrantes de la Colla de Campaners del Comtat, y que sirvi\u00f3 para anunciar la fiesta de Santa B\u00e1rbara pero tambi\u00e9n para conmemorar \u00a0el <strong data-start=\"392\" data-end=\"414\">tercer aniversario<\/strong> de la declaraci\u00f3n del <strong data-start=\"437\" data-end=\"465\">toque manual de campanas<\/strong> como <strong data-start=\"471\" data-end=\"512\">patrimonio inmaterial de la humanidad<\/strong> por parte de la <strong data-start=\"520\" data-end=\"530\">UNESCO.<\/strong><\/p>\n<p style=\"text-align: justify;\" data-start=\"538\" data-end=\"838\">Por \u00faltimo, a mediod\u00eda, <strong>se ofici\u00f3 una misa solemne<\/strong> que cont\u00f3 con la participaci\u00f3n de algunos de los miembros de la asociaci\u00f3n en el acompa\u00f1amiento musical: <strong data-start=\"952\" data-end=\"968\">Joan Llorens<\/strong> en el <strong data-start=\"972\" data-end=\"982\">\u00f3rgano<\/strong>, <strong data-start=\"984\" data-end=\"999\">Josep Jord\u00e0<\/strong> en el <strong data-start=\"1003\" data-end=\"1011\">oboe<\/strong>, y <strong data-start=\"1015\" data-end=\"1031\">Marisa Bosch<\/strong> en el <strong data-start=\"1035\" data-end=\"1050\">violonchelo<\/strong>. La cl\u00e1sica foto de familia, ante la talla de Santa B\u00e1rbara situada en el altar mayor del templo, puso fin a la celebraci\u00f3n.<\/p>\n","protected":false},"excerpt":{"rendered":"<p>El pasado 30 de noviembre, y en la parroquia de San Juan Bautista de\u00a0Muro, se celebr\u00f3 la festividad de Santa&#8230;<\/p>\n","protected":false},"author":1,"featured_media":160926,"comment_status":"closed","ping_status":"closed","sticky":false,"template":"","format":"standard","meta":{"footnotes":""},"categories":[6909,98,75],"tags":[5945,11094,135,1655],"class_list":["post-160925","post","type-post","status-publish","format-standard","has-post-thumbnail","hentry","category-actualidad","category-comarcas","category-noticias","tag-celebracion","tag-colla-de-campaners-del-comtat","tag-muro","tag-santa-barbara"],"yoast_head":"<!-- This site is optimized with the Yoast SEO plugin v27.3 - https:\/\/yoast.com\/product\/yoast-seo-wordpress\/ -->\n<title>La Colla de Campaners del Comtat celebr\u00f3 Santa B\u00e1rbara en Muro - COPE Alcoy<\/title>\n<meta name=\"description\" content=\"La Colla de Campaners del Comtat celebr\u00f3 Santa B\u00e1rbara en Muro\" \/>\n<meta name=\"robots\" content=\"index, follow, max-snippet:-1, max-image-preview:large, max-video-preview:-1\" \/>\n<link rel=\"canonical\" href=\"https:\/\/www.copealcoy.es\/es\/la-colla-de-campaners-del-comtat-celebro-santa-barbara-en-muro\/\" \/>\n<meta property=\"og:locale\" content=\"es_ES\" \/>\n<meta property=\"og:type\" content=\"article\" \/>\n<meta property=\"og:title\" content=\"La Colla de Campaners del Comtat celebr\u00f3 Santa B\u00e1rbara en Muro - COPE Alcoy\" \/>\n<meta property=\"og:description\" content=\"La Colla de Campaners del Comtat celebr\u00f3 Santa B\u00e1rbara en Muro\" \/>\n<meta property=\"og:url\" content=\"https:\/\/www.copealcoy.es\/es\/la-colla-de-campaners-del-comtat-celebro-santa-barbara-en-muro\/\" \/>\n<meta property=\"og:site_name\" content=\"COPE Alcoy\" \/>\n<meta property=\"article:published_time\" content=\"2025-12-09T07:15:35+00:00\" \/>\n<meta property=\"article:modified_time\" content=\"2025-12-09T12:27:48+00:00\" \/>\n<meta property=\"og:image\" content=\"https:\/\/www.copealcoy.es\/wp-content\/uploads\/2025\/12\/593835346_1462495452544497_4200677792273578592_n.jpg\" \/>\n\t<meta property=\"og:image:width\" content=\"2048\" \/>\n\t<meta property=\"og:image:height\" content=\"1536\" \/>\n\t<meta property=\"og:image:type\" content=\"image\/jpeg\" \/>\n<meta name=\"author\" content=\"Cope Alcoy\" \/>\n<meta name=\"twitter:label1\" content=\"Escrito por\" \/>\n\t<meta name=\"twitter:data1\" content=\"Cope Alcoy\" \/>\n\t<meta name=\"twitter:label2\" content=\"Tiempo de lectura\" \/>\n\t<meta name=\"twitter:data2\" content=\"2 minutos\" \/>\n<script type=\"application\/ld+json\" class=\"yoast-schema-graph\">{\"@context\":\"https:\\\/\\\/schema.org\",\"@graph\":[{\"@type\":\"Article\",\"@id\":\"https:\\\/\\\/www.copealcoy.es\\\/es\\\/la-colla-de-campaners-del-comtat-celebro-santa-barbara-en-muro\\\/#article\",\"isPartOf\":{\"@id\":\"https:\\\/\\\/www.copealcoy.es\\\/es\\\/la-colla-de-campaners-del-comtat-celebro-santa-barbara-en-muro\\\/\"},\"author\":{\"name\":\"Cope Alcoy\",\"@id\":\"https:\\\/\\\/www.copealcoy.es\\\/es\\\/#\\\/schema\\\/person\\\/e777c87fa024e57d40170af9df39882c\"},\"headline\":\"La Colla de Campaners del Comtat celebr\u00f3 Santa B\u00e1rbara en Muro\",\"datePublished\":\"2025-12-09T07:15:35+00:00\",\"dateModified\":\"2025-12-09T12:27:48+00:00\",\"mainEntityOfPage\":{\"@id\":\"https:\\\/\\\/www.copealcoy.es\\\/es\\\/la-colla-de-campaners-del-comtat-celebro-santa-barbara-en-muro\\\/\"},\"wordCount\":266,\"image\":{\"@id\":\"https:\\\/\\\/www.copealcoy.es\\\/es\\\/la-colla-de-campaners-del-comtat-celebro-santa-barbara-en-muro\\\/#primaryimage\"},\"thumbnailUrl\":\"https:\\\/\\\/www.copealcoy.es\\\/wp-content\\\/uploads\\\/2025\\\/12\\\/593835346_1462495452544497_4200677792273578592_n.jpg\",\"keywords\":[\"celebraci\u00f3n\",\"Colla de Campaners del Comtat\",\"Muro\",\"Santa B\u00e1rbara\"],\"articleSection\":[\"Actualidad\",\"Comarcas\",\"Noticias\"],\"inLanguage\":\"es\"},{\"@type\":\"WebPage\",\"@id\":\"https:\\\/\\\/www.copealcoy.es\\\/es\\\/la-colla-de-campaners-del-comtat-celebro-santa-barbara-en-muro\\\/\",\"url\":\"https:\\\/\\\/www.copealcoy.es\\\/es\\\/la-colla-de-campaners-del-comtat-celebro-santa-barbara-en-muro\\\/\",\"name\":\"La Colla de Campaners del Comtat celebr\u00f3 Santa B\u00e1rbara en Muro - COPE Alcoy\",\"isPartOf\":{\"@id\":\"https:\\\/\\\/www.copealcoy.es\\\/es\\\/#website\"},\"primaryImageOfPage\":{\"@id\":\"https:\\\/\\\/www.copealcoy.es\\\/es\\\/la-colla-de-campaners-del-comtat-celebro-santa-barbara-en-muro\\\/#primaryimage\"},\"image\":{\"@id\":\"https:\\\/\\\/www.copealcoy.es\\\/es\\\/la-colla-de-campaners-del-comtat-celebro-santa-barbara-en-muro\\\/#primaryimage\"},\"thumbnailUrl\":\"https:\\\/\\\/www.copealcoy.es\\\/wp-content\\\/uploads\\\/2025\\\/12\\\/593835346_1462495452544497_4200677792273578592_n.jpg\",\"datePublished\":\"2025-12-09T07:15:35+00:00\",\"dateModified\":\"2025-12-09T12:27:48+00:00\",\"author\":{\"@id\":\"https:\\\/\\\/www.copealcoy.es\\\/es\\\/#\\\/schema\\\/person\\\/e777c87fa024e57d40170af9df39882c\"},\"description\":\"La Colla de Campaners del Comtat celebr\u00f3 Santa B\u00e1rbara en Muro\",\"breadcrumb\":{\"@id\":\"https:\\\/\\\/www.copealcoy.es\\\/es\\\/la-colla-de-campaners-del-comtat-celebro-santa-barbara-en-muro\\\/#breadcrumb\"},\"inLanguage\":\"es\",\"potentialAction\":[{\"@type\":\"ReadAction\",\"target\":[\"https:\\\/\\\/www.copealcoy.es\\\/es\\\/la-colla-de-campaners-del-comtat-celebro-santa-barbara-en-muro\\\/\"]}]},{\"@type\":\"ImageObject\",\"inLanguage\":\"es\",\"@id\":\"https:\\\/\\\/www.copealcoy.es\\\/es\\\/la-colla-de-campaners-del-comtat-celebro-santa-barbara-en-muro\\\/#primaryimage\",\"url\":\"https:\\\/\\\/www.copealcoy.es\\\/wp-content\\\/uploads\\\/2025\\\/12\\\/593835346_1462495452544497_4200677792273578592_n.jpg\",\"contentUrl\":\"https:\\\/\\\/www.copealcoy.es\\\/wp-content\\\/uploads\\\/2025\\\/12\\\/593835346_1462495452544497_4200677792273578592_n.jpg\",\"width\":2048,\"height\":1536},{\"@type\":\"BreadcrumbList\",\"@id\":\"https:\\\/\\\/www.copealcoy.es\\\/es\\\/la-colla-de-campaners-del-comtat-celebro-santa-barbara-en-muro\\\/#breadcrumb\",\"itemListElement\":[{\"@type\":\"ListItem\",\"position\":1,\"name\":\"Portada\",\"item\":\"https:\\\/\\\/www.copealcoy.es\\\/es\\\/\"},{\"@type\":\"ListItem\",\"position\":2,\"name\":\"La Colla de Campaners del Comtat celebr\u00f3 Santa B\u00e1rbara en Muro\"}]},{\"@type\":\"WebSite\",\"@id\":\"https:\\\/\\\/www.copealcoy.es\\\/es\\\/#website\",\"url\":\"https:\\\/\\\/www.copealcoy.es\\\/es\\\/\",\"name\":\"COPE Alcoy\",\"description\":\"Emisora COPE de radio local con emisi\u00f3n online. Pont de Sant Jordi 8-10 03803 Alcoy\",\"potentialAction\":[{\"@type\":\"SearchAction\",\"target\":{\"@type\":\"EntryPoint\",\"urlTemplate\":\"https:\\\/\\\/www.copealcoy.es\\\/es\\\/?s={search_term_string}\"},\"query-input\":{\"@type\":\"PropertyValueSpecification\",\"valueRequired\":true,\"valueName\":\"search_term_string\"}}],\"inLanguage\":\"es\"},{\"@type\":\"Person\",\"@id\":\"https:\\\/\\\/www.copealcoy.es\\\/es\\\/#\\\/schema\\\/person\\\/e777c87fa024e57d40170af9df39882c\",\"name\":\"Cope Alcoy\",\"image\":{\"@type\":\"ImageObject\",\"inLanguage\":\"es\",\"@id\":\"https:\\\/\\\/secure.gravatar.com\\\/avatar\\\/bb65d0283347e303893ba14f0692005417c1e0e690a325a4c5d8bb2b3943ee14?s=96&d=mm&r=g\",\"url\":\"https:\\\/\\\/secure.gravatar.com\\\/avatar\\\/bb65d0283347e303893ba14f0692005417c1e0e690a325a4c5d8bb2b3943ee14?s=96&d=mm&r=g\",\"contentUrl\":\"https:\\\/\\\/secure.gravatar.com\\\/avatar\\\/bb65d0283347e303893ba14f0692005417c1e0e690a325a4c5d8bb2b3943ee14?s=96&d=mm&r=g\",\"caption\":\"Cope Alcoy\"}}]}<\/script>\n<!-- \/ Yoast SEO plugin. -->","yoast_head_json":{"title":"La Colla de Campaners del Comtat celebr\u00f3 Santa B\u00e1rbara en Muro - COPE Alcoy","description":"La Colla de Campaners del Comtat celebr\u00f3 Santa B\u00e1rbara en Muro","robots":{"index":"index","follow":"follow","max-snippet":"max-snippet:-1","max-image-preview":"max-image-preview:large","max-video-preview":"max-video-preview:-1"},"canonical":"https:\/\/www.copealcoy.es\/es\/la-colla-de-campaners-del-comtat-celebro-santa-barbara-en-muro\/","og_locale":"es_ES","og_type":"article","og_title":"La Colla de Campaners del Comtat celebr\u00f3 Santa B\u00e1rbara en Muro - COPE Alcoy","og_description":"La Colla de Campaners del Comtat celebr\u00f3 Santa B\u00e1rbara en Muro","og_url":"https:\/\/www.copealcoy.es\/es\/la-colla-de-campaners-del-comtat-celebro-santa-barbara-en-muro\/","og_site_name":"COPE Alcoy","article_published_time":"2025-12-09T07:15:35+00:00","article_modified_time":"2025-12-09T12:27:48+00:00","og_image":[{"width":2048,"height":1536,"url":"https:\/\/www.copealcoy.es\/wp-content\/uploads\/2025\/12\/593835346_1462495452544497_4200677792273578592_n.jpg","type":"image\/jpeg"}],"author":"Cope Alcoy","twitter_misc":{"Escrito por":"Cope Alcoy","Tiempo de lectura":"2 minutos"},"schema":{"@context":"https:\/\/schema.org","@graph":[{"@type":"Article","@id":"https:\/\/www.copealcoy.es\/es\/la-colla-de-campaners-del-comtat-celebro-santa-barbara-en-muro\/#article","isPartOf":{"@id":"https:\/\/www.copealcoy.es\/es\/la-colla-de-campaners-del-comtat-celebro-santa-barbara-en-muro\/"},"author":{"name":"Cope Alcoy","@id":"https:\/\/www.copealcoy.es\/es\/#\/schema\/person\/e777c87fa024e57d40170af9df39882c"},"headline":"La Colla de Campaners del Comtat celebr\u00f3 Santa B\u00e1rbara en Muro","datePublished":"2025-12-09T07:15:35+00:00","dateModified":"2025-12-09T12:27:48+00:00","mainEntityOfPage":{"@id":"https:\/\/www.copealcoy.es\/es\/la-colla-de-campaners-del-comtat-celebro-santa-barbara-en-muro\/"},"wordCount":266,"image":{"@id":"https:\/\/www.copealcoy.es\/es\/la-colla-de-campaners-del-comtat-celebro-santa-barbara-en-muro\/#primaryimage"},"thumbnailUrl":"https:\/\/www.copealcoy.es\/wp-content\/uploads\/2025\/12\/593835346_1462495452544497_4200677792273578592_n.jpg","keywords":["celebraci\u00f3n","Colla de Campaners del Comtat","Muro","Santa B\u00e1rbara"],"articleSection":["Actualidad","Comarcas","Noticias"],"inLanguage":"es"},{"@type":"WebPage","@id":"https:\/\/www.copealcoy.es\/es\/la-colla-de-campaners-del-comtat-celebro-santa-barbara-en-muro\/","url":"https:\/\/www.copealcoy.es\/es\/la-colla-de-campaners-del-comtat-celebro-santa-barbara-en-muro\/","name":"La Colla de Campaners del Comtat celebr\u00f3 Santa B\u00e1rbara en Muro - COPE Alcoy","isPartOf":{"@id":"https:\/\/www.copealcoy.es\/es\/#website"},"primaryImageOfPage":{"@id":"https:\/\/www.copealcoy.es\/es\/la-colla-de-campaners-del-comtat-celebro-santa-barbara-en-muro\/#primaryimage"},"image":{"@id":"https:\/\/www.copealcoy.es\/es\/la-colla-de-campaners-del-comtat-celebro-santa-barbara-en-muro\/#primaryimage"},"thumbnailUrl":"https:\/\/www.copealcoy.es\/wp-content\/uploads\/2025\/12\/593835346_1462495452544497_4200677792273578592_n.jpg","datePublished":"2025-12-09T07:15:35+00:00","dateModified":"2025-12-09T12:27:48+00:00","author":{"@id":"https:\/\/www.copealcoy.es\/es\/#\/schema\/person\/e777c87fa024e57d40170af9df39882c"},"description":"La Colla de Campaners del Comtat celebr\u00f3 Santa B\u00e1rbara en Muro","breadcrumb":{"@id":"https:\/\/www.copealcoy.es\/es\/la-colla-de-campaners-del-comtat-celebro-santa-barbara-en-muro\/#breadcrumb"},"inLanguage":"es","potentialAction":[{"@type":"ReadAction","target":["https:\/\/www.copealcoy.es\/es\/la-colla-de-campaners-del-comtat-celebro-santa-barbara-en-muro\/"]}]},{"@type":"ImageObject","inLanguage":"es","@id":"https:\/\/www.copealcoy.es\/es\/la-colla-de-campaners-del-comtat-celebro-santa-barbara-en-muro\/#primaryimage","url":"https:\/\/www.copealcoy.es\/wp-content\/uploads\/2025\/12\/593835346_1462495452544497_4200677792273578592_n.jpg","contentUrl":"https:\/\/www.copealcoy.es\/wp-content\/uploads\/2025\/12\/593835346_1462495452544497_4200677792273578592_n.jpg","width":2048,"height":1536},{"@type":"BreadcrumbList","@id":"https:\/\/www.copealcoy.es\/es\/la-colla-de-campaners-del-comtat-celebro-santa-barbara-en-muro\/#breadcrumb","itemListElement":[{"@type":"ListItem","position":1,"name":"Portada","item":"https:\/\/www.copealcoy.es\/es\/"},{"@type":"ListItem","position":2,"name":"La Colla de Campaners del Comtat celebr\u00f3 Santa B\u00e1rbara en Muro"}]},{"@type":"WebSite","@id":"https:\/\/www.copealcoy.es\/es\/#website","url":"https:\/\/www.copealcoy.es\/es\/","name":"COPE Alcoy","description":"Emisora COPE de radio local con emisi\u00f3n online. Pont de Sant Jordi 8-10 03803 Alcoy","potentialAction":[{"@type":"SearchAction","target":{"@type":"EntryPoint","urlTemplate":"https:\/\/www.copealcoy.es\/es\/?s={search_term_string}"},"query-input":{"@type":"PropertyValueSpecification","valueRequired":true,"valueName":"search_term_string"}}],"inLanguage":"es"},{"@type":"Person","@id":"https:\/\/www.copealcoy.es\/es\/#\/schema\/person\/e777c87fa024e57d40170af9df39882c","name":"Cope Alcoy","image":{"@type":"ImageObject","inLanguage":"es","@id":"https:\/\/secure.gravatar.com\/avatar\/bb65d0283347e303893ba14f0692005417c1e0e690a325a4c5d8bb2b3943ee14?s=96&d=mm&r=g","url":"https:\/\/secure.gravatar.com\/avatar\/bb65d0283347e303893ba14f0692005417c1e0e690a325a4c5d8bb2b3943ee14?s=96&d=mm&r=g","contentUrl":"https:\/\/secure.gravatar.com\/avatar\/bb65d0283347e303893ba14f0692005417c1e0e690a325a4c5d8bb2b3943ee14?s=96&d=mm&r=g","caption":"Cope Alcoy"}}]}},"_links":{"self":[{"href":"https:\/\/www.copealcoy.es\/es\/wp-json\/wp\/v2\/posts\/160925","targetHints":{"allow":["GET"]}}],"collection":[{"href":"https:\/\/www.copealcoy.es\/es\/wp-json\/wp\/v2\/posts"}],"about":[{"href":"https:\/\/www.copealcoy.es\/es\/wp-json\/wp\/v2\/types\/post"}],"author":[{"embeddable":true,"href":"https:\/\/www.copealcoy.es\/es\/wp-json\/wp\/v2\/users\/1"}],"replies":[{"embeddable":true,"href":"https:\/\/www.copealcoy.es\/es\/wp-json\/wp\/v2\/comments?post=160925"}],"version-history":[{"count":1,"href":"https:\/\/www.copealcoy.es\/es\/wp-json\/wp\/v2\/posts\/160925\/revisions"}],"predecessor-version":[{"id":160928,"href":"https:\/\/www.copealcoy.es\/es\/wp-json\/wp\/v2\/posts\/160925\/revisions\/160928"}],"wp:featuredmedia":[{"embeddable":true,"href":"https:\/\/www.copealcoy.es\/es\/wp-json\/wp\/v2\/media\/160926"}],"wp:attachment":[{"href":"https:\/\/www.copealcoy.es\/es\/wp-json\/wp\/v2\/media?parent=160925"}],"wp:term":[{"taxonomy":"category","embeddable":true,"href":"https:\/\/www.copealcoy.es\/es\/wp-json\/wp\/v2\/categories?post=160925"},{"taxonomy":"post_tag","embeddable":true,"href":"https:\/\/www.copealcoy.es\/es\/wp-json\/wp\/v2\/tags?post=160925"}],"curies":[{"name":"wp","href":"https:\/\/api.w.org\/{rel}","templated":true}]}}