{"id":160884,"date":"2025-12-07T19:38:47","date_gmt":"2025-12-07T18:38:47","guid":{"rendered":"https:\/\/www.copealcoy.es\/?p=160884"},"modified":"2025-12-07T20:15:26","modified_gmt":"2025-12-07T19:15:26","slug":"alcoy-muestra-su-devocion-a-san-mauro-martir","status":"publish","type":"post","link":"https:\/\/www.copealcoy.es\/es\/alcoy-muestra-su-devocion-a-san-mauro-martir\/","title":{"rendered":"Alcoy muestra su devoci\u00f3n a San Mauro M\u00e1rtir"},"content":{"rendered":"<p class=\"isSelectedEnd\" style=\"text-align: justify;\">Alcoy ha vuelto a rendir homenaje un a\u00f1o m\u00e1s a <strong>San Mauro<\/strong>, coincidiendo con el <strong>405 aniversario de su proclamaci\u00f3n como patr\u00f3n de la ciudad<\/strong>, una elecci\u00f3n que tuvo lugar en 1620 tras los graves terremotos que sacudieron a nuestra ciudad a comienzos del mes de diciembre. Los actos centrales de esta conmemoraci\u00f3n se desarrollaron a lo largo de los \u00faltimos d\u00edas del mes de noviembre y contaron de nuevo con una destacada participaci\u00f3n.<\/p>\n<p class=\"isSelectedEnd\" style=\"text-align: justify;\">La programaci\u00f3n arranc\u00f3 el <strong>jueves 27<\/strong> con el inicio del <strong>Triduo<\/strong>, que se celebr\u00f3 cada tarde a partir de las 19:00 horas en la iglesia de San Mauro y San Francisco. La primera jornada destac\u00f3 por una <strong>vigilia de oraci\u00f3n con la exposici\u00f3n del Sant\u00edsimo Sacramento<\/strong>, a la que se sum\u00f3 la representaci\u00f3n del <strong>Auto Sacramental \u201cMauro, un sant per a Alcoi\u201d<\/strong>, a cargo del Grup Jove de Teatre San Mauro. El <strong>viernes 28<\/strong>, la eucarist\u00eda estuvo dedicada de manera especial a los <strong>j\u00f3venes de Alcoy<\/strong>, y durante la ceremonia se hizo entrega de la distinci\u00f3n de <strong>Asociado de Honor de la Asociaci\u00f3n de San Mauro M\u00e1rtir<\/strong> a los <strong>Juniors Flor de Neu<\/strong>. A continuaci\u00f3n, y por segundo a\u00f1o consecutivo, la imagen del patr\u00f3n volvi\u00f3 a recorrer las calles del centro en una <strong>procesi\u00f3n festiva<\/strong>, transitando por v\u00edas tan emblem\u00e1ticas como Sant Francesc, Sant Lloren\u00e7, Sant Nicolau y la Pla\u00e7a Ramon i Cajal. Las celebraciones continuaron el <strong>s\u00e1bado 29<\/strong> con una <strong>ruta hist\u00f3rica guiada por el historiador Gabriel Guillem<\/strong>, en la que se recorrieron los principales enclaves vinculados a los terremotos de 1620, contexto en el que San Mauro fue elegido protector de la ciudad. Por la tarde se puso el broche final al Triduo con la <strong>imposici\u00f3n de la medalla del Santo a los cargos festeros de las pr\u00f3ximas Fiestas de Moros y Cristianos<\/strong>. Seguidamente, se realiz\u00f3 la <strong>procesi\u00f3n claustral<\/strong> por el interior del templo, con el traslado del Sant\u00edsimo Sacramento al tronco del altar mayor, rememorando los gestos de los antepasados alcoyanos ante aquella situaci\u00f3n de dificultad. La jornada concluy\u00f3 con el <strong>canto del Himno de San Mauro<\/strong> y la <strong>veneraci\u00f3n de su reliquia<\/strong>.<\/p>\n<p style=\"text-align: justify;\">Las fiestas en honor al patr\u00f3n finalizaron el <strong>domingo 30 de noviembre<\/strong> con la <strong>misa mayor<\/strong>, celebrada a partir de las 12:30 horas, a la que asistieron las principales autoridades locales y representantes de entidades religiosas. Durante el acto, la presidenta de la <a href=\"https:\/\/www.facebook.com\/AsociacionDeSanMauroMartir\" target=\"_blank\" rel=\"noopener\"><span style=\"color: #0000ff;\"><strong>Asociaci\u00f3n de San Mauro<\/strong><\/span><\/a>, <strong>Ana Mar\u00eda Garc\u00eda<\/strong>, dio lectura al <strong>acta original de la proclamaci\u00f3n del santo como patr\u00f3n de Alcoy<\/strong>. Como cierre definitivo, el <strong>martes 3 de diciembre<\/strong> tuvo lugar una <strong>eucarist\u00eda de acci\u00f3n de gracias<\/strong> por las fiestas celebradas y en memoria de los asociados fallecidos, coincidiendo con la festividad lit\u00fargica de San Mauro.<\/p>\n<div id='gallery-1' class='gallery galleryid-160884 gallery-columns-1 gallery-size-full'><figure class='gallery-item'>\n\t\t\t<div class='gallery-icon landscape'>\n\t\t\t\t<a href='https:\/\/www.copealcoy.es\/es\/alcoy-muestra-su-devocion-a-san-mauro-martir\/screenshot-23\/'><img loading=\"lazy\" decoding=\"async\" width=\"1179\" height=\"1121\" src=\"https:\/\/www.copealcoy.es\/wp-content\/uploads\/2025\/12\/unnamed-1-7.jpg\" class=\"attachment-full size-full\" alt=\"\" srcset=\"https:\/\/www.copealcoy.es\/wp-content\/uploads\/2025\/12\/unnamed-1-7.jpg 1179w, https:\/\/www.copealcoy.es\/wp-content\/uploads\/2025\/12\/unnamed-1-7-768x730.jpg 768w\" sizes=\"auto, (max-width: 1179px) 100vw, 1179px\" \/><\/a>\n\t\t\t<\/div><\/figure><figure class='gallery-item'>\n\t\t\t<div class='gallery-icon landscape'>\n\t\t\t\t<a href='https:\/\/www.copealcoy.es\/es\/alcoy-muestra-su-devocion-a-san-mauro-martir\/fiesta-san-mauro-2025\/'><img loading=\"lazy\" decoding=\"async\" width=\"933\" height=\"700\" src=\"https:\/\/www.copealcoy.es\/wp-content\/uploads\/2025\/12\/0-2.jpg\" class=\"attachment-full size-full\" alt=\"\" srcset=\"https:\/\/www.copealcoy.es\/wp-content\/uploads\/2025\/12\/0-2.jpg 933w, https:\/\/www.copealcoy.es\/wp-content\/uploads\/2025\/12\/0-2-768x576.jpg 768w\" sizes=\"auto, (max-width: 933px) 100vw, 933px\" \/><\/a>\n\t\t\t<\/div><\/figure><figure class='gallery-item'>\n\t\t\t<div class='gallery-icon landscape'>\n\t\t\t\t<a href='https:\/\/www.copealcoy.es\/es\/alcoy-muestra-su-devocion-a-san-mauro-martir\/0-1-24\/'><img loading=\"lazy\" decoding=\"async\" width=\"933\" height=\"700\" src=\"https:\/\/www.copealcoy.es\/wp-content\/uploads\/2025\/12\/0-1-1.jpg\" class=\"attachment-full size-full\" alt=\"\" srcset=\"https:\/\/www.copealcoy.es\/wp-content\/uploads\/2025\/12\/0-1-1.jpg 933w, https:\/\/www.copealcoy.es\/wp-content\/uploads\/2025\/12\/0-1-1-768x576.jpg 768w\" sizes=\"auto, (max-width: 933px) 100vw, 933px\" \/><\/a>\n\t\t\t<\/div><\/figure><figure class='gallery-item'>\n\t\t\t<div class='gallery-icon landscape'>\n\t\t\t\t<a href='https:\/\/www.copealcoy.es\/es\/alcoy-muestra-su-devocion-a-san-mauro-martir\/0-3-14\/'><img loading=\"lazy\" decoding=\"async\" width=\"885\" height=\"700\" src=\"https:\/\/www.copealcoy.es\/wp-content\/uploads\/2025\/12\/0-3.jpg\" class=\"attachment-full size-full\" alt=\"\" srcset=\"https:\/\/www.copealcoy.es\/wp-content\/uploads\/2025\/12\/0-3.jpg 885w, https:\/\/www.copealcoy.es\/wp-content\/uploads\/2025\/12\/0-3-768x607.jpg 768w\" sizes=\"auto, (max-width: 885px) 100vw, 885px\" \/><\/a>\n\t\t\t<\/div><\/figure>\n\t\t<\/div>\n\n","protected":false},"excerpt":{"rendered":"<p>Alcoy ha vuelto a rendir homenaje un a\u00f1o m\u00e1s a San Mauro, coincidiendo con el 405 aniversario de su proclamaci\u00f3n&#8230;<\/p>\n","protected":false},"author":1,"featured_media":160887,"comment_status":"closed","ping_status":"closed","sticky":false,"template":"","format":"standard","meta":{"footnotes":""},"categories":[6909],"tags":[1494,9455,6997,126,7803],"class_list":["post-160884","post","type-post","status-publish","format-standard","has-post-thumbnail","hentry","category-actualidad","tag-alcoy","tag-asociacion-de-san-mauro","tag-festividad","tag-patron","tag-san-mauro-martir"],"yoast_head":"<!-- This site is optimized with the Yoast SEO plugin v27.3 - https:\/\/yoast.com\/product\/yoast-seo-wordpress\/ -->\n<title>Alcoy muestra su devoci\u00f3n a San Mauro M\u00e1rtir - COPE Alcoy<\/title>\n<meta name=\"description\" content=\"Alcoy muestra su devoci\u00f3n a San Mauro M\u00e1rtir\" \/>\n<meta name=\"robots\" content=\"index, follow, max-snippet:-1, max-image-preview:large, max-video-preview:-1\" \/>\n<link rel=\"canonical\" href=\"https:\/\/www.copealcoy.es\/es\/alcoy-muestra-su-devocion-a-san-mauro-martir\/\" \/>\n<meta property=\"og:locale\" content=\"es_ES\" \/>\n<meta property=\"og:type\" content=\"article\" \/>\n<meta property=\"og:title\" content=\"Alcoy muestra su devoci\u00f3n a San Mauro M\u00e1rtir - COPE Alcoy\" \/>\n<meta property=\"og:description\" content=\"Alcoy muestra su devoci\u00f3n a San Mauro M\u00e1rtir\" \/>\n<meta property=\"og:url\" content=\"https:\/\/www.copealcoy.es\/es\/alcoy-muestra-su-devocion-a-san-mauro-martir\/\" \/>\n<meta property=\"og:site_name\" content=\"COPE Alcoy\" \/>\n<meta property=\"article:published_time\" content=\"2025-12-07T18:38:47+00:00\" \/>\n<meta property=\"article:modified_time\" content=\"2025-12-07T19:15:26+00:00\" \/>\n<meta property=\"og:image\" content=\"https:\/\/www.copealcoy.es\/wp-content\/uploads\/2025\/12\/unnamed-1-6-scaled.jpg\" \/>\n\t<meta property=\"og:image:width\" content=\"2560\" \/>\n\t<meta property=\"og:image:height\" content=\"1599\" \/>\n\t<meta property=\"og:image:type\" content=\"image\/jpeg\" \/>\n<meta name=\"author\" content=\"Cope Alcoy\" \/>\n<meta name=\"twitter:label1\" content=\"Escrito por\" \/>\n\t<meta name=\"twitter:data1\" content=\"Cope Alcoy\" \/>\n\t<meta name=\"twitter:label2\" content=\"Tiempo de lectura\" \/>\n\t<meta name=\"twitter:data2\" content=\"3 minutos\" \/>\n<script type=\"application\/ld+json\" class=\"yoast-schema-graph\">{\"@context\":\"https:\\\/\\\/schema.org\",\"@graph\":[{\"@type\":\"Article\",\"@id\":\"https:\\\/\\\/www.copealcoy.es\\\/es\\\/alcoy-muestra-su-devocion-a-san-mauro-martir\\\/#article\",\"isPartOf\":{\"@id\":\"https:\\\/\\\/www.copealcoy.es\\\/es\\\/alcoy-muestra-su-devocion-a-san-mauro-martir\\\/\"},\"author\":{\"name\":\"Cope Alcoy\",\"@id\":\"https:\\\/\\\/www.copealcoy.es\\\/es\\\/#\\\/schema\\\/person\\\/e777c87fa024e57d40170af9df39882c\"},\"headline\":\"Alcoy muestra su devoci\u00f3n a San Mauro M\u00e1rtir\",\"datePublished\":\"2025-12-07T18:38:47+00:00\",\"dateModified\":\"2025-12-07T19:15:26+00:00\",\"mainEntityOfPage\":{\"@id\":\"https:\\\/\\\/www.copealcoy.es\\\/es\\\/alcoy-muestra-su-devocion-a-san-mauro-martir\\\/\"},\"wordCount\":496,\"image\":{\"@id\":\"https:\\\/\\\/www.copealcoy.es\\\/es\\\/alcoy-muestra-su-devocion-a-san-mauro-martir\\\/#primaryimage\"},\"thumbnailUrl\":\"https:\\\/\\\/www.copealcoy.es\\\/wp-content\\\/uploads\\\/2025\\\/12\\\/unnamed-1-6-scaled.jpg\",\"keywords\":[\"Alcoy\",\"Asociaci\u00f3n de San Mauro\",\"festividad\",\"patr\u00f3n\",\"San Mauro M\u00e1rtir\"],\"articleSection\":[\"Actualidad\"],\"inLanguage\":\"es\"},{\"@type\":\"WebPage\",\"@id\":\"https:\\\/\\\/www.copealcoy.es\\\/es\\\/alcoy-muestra-su-devocion-a-san-mauro-martir\\\/\",\"url\":\"https:\\\/\\\/www.copealcoy.es\\\/es\\\/alcoy-muestra-su-devocion-a-san-mauro-martir\\\/\",\"name\":\"Alcoy muestra su devoci\u00f3n a San Mauro M\u00e1rtir - COPE Alcoy\",\"isPartOf\":{\"@id\":\"https:\\\/\\\/www.copealcoy.es\\\/es\\\/#website\"},\"primaryImageOfPage\":{\"@id\":\"https:\\\/\\\/www.copealcoy.es\\\/es\\\/alcoy-muestra-su-devocion-a-san-mauro-martir\\\/#primaryimage\"},\"image\":{\"@id\":\"https:\\\/\\\/www.copealcoy.es\\\/es\\\/alcoy-muestra-su-devocion-a-san-mauro-martir\\\/#primaryimage\"},\"thumbnailUrl\":\"https:\\\/\\\/www.copealcoy.es\\\/wp-content\\\/uploads\\\/2025\\\/12\\\/unnamed-1-6-scaled.jpg\",\"datePublished\":\"2025-12-07T18:38:47+00:00\",\"dateModified\":\"2025-12-07T19:15:26+00:00\",\"author\":{\"@id\":\"https:\\\/\\\/www.copealcoy.es\\\/es\\\/#\\\/schema\\\/person\\\/e777c87fa024e57d40170af9df39882c\"},\"description\":\"Alcoy muestra su devoci\u00f3n a San Mauro M\u00e1rtir\",\"breadcrumb\":{\"@id\":\"https:\\\/\\\/www.copealcoy.es\\\/es\\\/alcoy-muestra-su-devocion-a-san-mauro-martir\\\/#breadcrumb\"},\"inLanguage\":\"es\",\"potentialAction\":[{\"@type\":\"ReadAction\",\"target\":[\"https:\\\/\\\/www.copealcoy.es\\\/es\\\/alcoy-muestra-su-devocion-a-san-mauro-martir\\\/\"]}]},{\"@type\":\"ImageObject\",\"inLanguage\":\"es\",\"@id\":\"https:\\\/\\\/www.copealcoy.es\\\/es\\\/alcoy-muestra-su-devocion-a-san-mauro-martir\\\/#primaryimage\",\"url\":\"https:\\\/\\\/www.copealcoy.es\\\/wp-content\\\/uploads\\\/2025\\\/12\\\/unnamed-1-6-scaled.jpg\",\"contentUrl\":\"https:\\\/\\\/www.copealcoy.es\\\/wp-content\\\/uploads\\\/2025\\\/12\\\/unnamed-1-6-scaled.jpg\",\"width\":2560,\"height\":1599},{\"@type\":\"BreadcrumbList\",\"@id\":\"https:\\\/\\\/www.copealcoy.es\\\/es\\\/alcoy-muestra-su-devocion-a-san-mauro-martir\\\/#breadcrumb\",\"itemListElement\":[{\"@type\":\"ListItem\",\"position\":1,\"name\":\"Portada\",\"item\":\"https:\\\/\\\/www.copealcoy.es\\\/es\\\/\"},{\"@type\":\"ListItem\",\"position\":2,\"name\":\"Alcoy muestra su devoci\u00f3n a San Mauro M\u00e1rtir\"}]},{\"@type\":\"WebSite\",\"@id\":\"https:\\\/\\\/www.copealcoy.es\\\/es\\\/#website\",\"url\":\"https:\\\/\\\/www.copealcoy.es\\\/es\\\/\",\"name\":\"COPE Alcoy\",\"description\":\"Emisora COPE de radio local con emisi\u00f3n online. Pont de Sant Jordi 8-10 03803 Alcoy\",\"potentialAction\":[{\"@type\":\"SearchAction\",\"target\":{\"@type\":\"EntryPoint\",\"urlTemplate\":\"https:\\\/\\\/www.copealcoy.es\\\/es\\\/?s={search_term_string}\"},\"query-input\":{\"@type\":\"PropertyValueSpecification\",\"valueRequired\":true,\"valueName\":\"search_term_string\"}}],\"inLanguage\":\"es\"},{\"@type\":\"Person\",\"@id\":\"https:\\\/\\\/www.copealcoy.es\\\/es\\\/#\\\/schema\\\/person\\\/e777c87fa024e57d40170af9df39882c\",\"name\":\"Cope Alcoy\",\"image\":{\"@type\":\"ImageObject\",\"inLanguage\":\"es\",\"@id\":\"https:\\\/\\\/secure.gravatar.com\\\/avatar\\\/bb65d0283347e303893ba14f0692005417c1e0e690a325a4c5d8bb2b3943ee14?s=96&d=mm&r=g\",\"url\":\"https:\\\/\\\/secure.gravatar.com\\\/avatar\\\/bb65d0283347e303893ba14f0692005417c1e0e690a325a4c5d8bb2b3943ee14?s=96&d=mm&r=g\",\"contentUrl\":\"https:\\\/\\\/secure.gravatar.com\\\/avatar\\\/bb65d0283347e303893ba14f0692005417c1e0e690a325a4c5d8bb2b3943ee14?s=96&d=mm&r=g\",\"caption\":\"Cope Alcoy\"}}]}<\/script>\n<!-- \/ Yoast SEO plugin. -->","yoast_head_json":{"title":"Alcoy muestra su devoci\u00f3n a San Mauro M\u00e1rtir - COPE Alcoy","description":"Alcoy muestra su devoci\u00f3n a San Mauro M\u00e1rtir","robots":{"index":"index","follow":"follow","max-snippet":"max-snippet:-1","max-image-preview":"max-image-preview:large","max-video-preview":"max-video-preview:-1"},"canonical":"https:\/\/www.copealcoy.es\/es\/alcoy-muestra-su-devocion-a-san-mauro-martir\/","og_locale":"es_ES","og_type":"article","og_title":"Alcoy muestra su devoci\u00f3n a San Mauro M\u00e1rtir - COPE Alcoy","og_description":"Alcoy muestra su devoci\u00f3n a San Mauro M\u00e1rtir","og_url":"https:\/\/www.copealcoy.es\/es\/alcoy-muestra-su-devocion-a-san-mauro-martir\/","og_site_name":"COPE Alcoy","article_published_time":"2025-12-07T18:38:47+00:00","article_modified_time":"2025-12-07T19:15:26+00:00","og_image":[{"width":2560,"height":1599,"url":"https:\/\/www.copealcoy.es\/wp-content\/uploads\/2025\/12\/unnamed-1-6-scaled.jpg","type":"image\/jpeg"}],"author":"Cope Alcoy","twitter_misc":{"Escrito por":"Cope Alcoy","Tiempo de lectura":"3 minutos"},"schema":{"@context":"https:\/\/schema.org","@graph":[{"@type":"Article","@id":"https:\/\/www.copealcoy.es\/es\/alcoy-muestra-su-devocion-a-san-mauro-martir\/#article","isPartOf":{"@id":"https:\/\/www.copealcoy.es\/es\/alcoy-muestra-su-devocion-a-san-mauro-martir\/"},"author":{"name":"Cope Alcoy","@id":"https:\/\/www.copealcoy.es\/es\/#\/schema\/person\/e777c87fa024e57d40170af9df39882c"},"headline":"Alcoy muestra su devoci\u00f3n a San Mauro M\u00e1rtir","datePublished":"2025-12-07T18:38:47+00:00","dateModified":"2025-12-07T19:15:26+00:00","mainEntityOfPage":{"@id":"https:\/\/www.copealcoy.es\/es\/alcoy-muestra-su-devocion-a-san-mauro-martir\/"},"wordCount":496,"image":{"@id":"https:\/\/www.copealcoy.es\/es\/alcoy-muestra-su-devocion-a-san-mauro-martir\/#primaryimage"},"thumbnailUrl":"https:\/\/www.copealcoy.es\/wp-content\/uploads\/2025\/12\/unnamed-1-6-scaled.jpg","keywords":["Alcoy","Asociaci\u00f3n de San Mauro","festividad","patr\u00f3n","San Mauro M\u00e1rtir"],"articleSection":["Actualidad"],"inLanguage":"es"},{"@type":"WebPage","@id":"https:\/\/www.copealcoy.es\/es\/alcoy-muestra-su-devocion-a-san-mauro-martir\/","url":"https:\/\/www.copealcoy.es\/es\/alcoy-muestra-su-devocion-a-san-mauro-martir\/","name":"Alcoy muestra su devoci\u00f3n a San Mauro M\u00e1rtir - COPE Alcoy","isPartOf":{"@id":"https:\/\/www.copealcoy.es\/es\/#website"},"primaryImageOfPage":{"@id":"https:\/\/www.copealcoy.es\/es\/alcoy-muestra-su-devocion-a-san-mauro-martir\/#primaryimage"},"image":{"@id":"https:\/\/www.copealcoy.es\/es\/alcoy-muestra-su-devocion-a-san-mauro-martir\/#primaryimage"},"thumbnailUrl":"https:\/\/www.copealcoy.es\/wp-content\/uploads\/2025\/12\/unnamed-1-6-scaled.jpg","datePublished":"2025-12-07T18:38:47+00:00","dateModified":"2025-12-07T19:15:26+00:00","author":{"@id":"https:\/\/www.copealcoy.es\/es\/#\/schema\/person\/e777c87fa024e57d40170af9df39882c"},"description":"Alcoy muestra su devoci\u00f3n a San Mauro M\u00e1rtir","breadcrumb":{"@id":"https:\/\/www.copealcoy.es\/es\/alcoy-muestra-su-devocion-a-san-mauro-martir\/#breadcrumb"},"inLanguage":"es","potentialAction":[{"@type":"ReadAction","target":["https:\/\/www.copealcoy.es\/es\/alcoy-muestra-su-devocion-a-san-mauro-martir\/"]}]},{"@type":"ImageObject","inLanguage":"es","@id":"https:\/\/www.copealcoy.es\/es\/alcoy-muestra-su-devocion-a-san-mauro-martir\/#primaryimage","url":"https:\/\/www.copealcoy.es\/wp-content\/uploads\/2025\/12\/unnamed-1-6-scaled.jpg","contentUrl":"https:\/\/www.copealcoy.es\/wp-content\/uploads\/2025\/12\/unnamed-1-6-scaled.jpg","width":2560,"height":1599},{"@type":"BreadcrumbList","@id":"https:\/\/www.copealcoy.es\/es\/alcoy-muestra-su-devocion-a-san-mauro-martir\/#breadcrumb","itemListElement":[{"@type":"ListItem","position":1,"name":"Portada","item":"https:\/\/www.copealcoy.es\/es\/"},{"@type":"ListItem","position":2,"name":"Alcoy muestra su devoci\u00f3n a San Mauro M\u00e1rtir"}]},{"@type":"WebSite","@id":"https:\/\/www.copealcoy.es\/es\/#website","url":"https:\/\/www.copealcoy.es\/es\/","name":"COPE Alcoy","description":"Emisora COPE de radio local con emisi\u00f3n online. Pont de Sant Jordi 8-10 03803 Alcoy","potentialAction":[{"@type":"SearchAction","target":{"@type":"EntryPoint","urlTemplate":"https:\/\/www.copealcoy.es\/es\/?s={search_term_string}"},"query-input":{"@type":"PropertyValueSpecification","valueRequired":true,"valueName":"search_term_string"}}],"inLanguage":"es"},{"@type":"Person","@id":"https:\/\/www.copealcoy.es\/es\/#\/schema\/person\/e777c87fa024e57d40170af9df39882c","name":"Cope Alcoy","image":{"@type":"ImageObject","inLanguage":"es","@id":"https:\/\/secure.gravatar.com\/avatar\/bb65d0283347e303893ba14f0692005417c1e0e690a325a4c5d8bb2b3943ee14?s=96&d=mm&r=g","url":"https:\/\/secure.gravatar.com\/avatar\/bb65d0283347e303893ba14f0692005417c1e0e690a325a4c5d8bb2b3943ee14?s=96&d=mm&r=g","contentUrl":"https:\/\/secure.gravatar.com\/avatar\/bb65d0283347e303893ba14f0692005417c1e0e690a325a4c5d8bb2b3943ee14?s=96&d=mm&r=g","caption":"Cope Alcoy"}}]}},"_links":{"self":[{"href":"https:\/\/www.copealcoy.es\/es\/wp-json\/wp\/v2\/posts\/160884","targetHints":{"allow":["GET"]}}],"collection":[{"href":"https:\/\/www.copealcoy.es\/es\/wp-json\/wp\/v2\/posts"}],"about":[{"href":"https:\/\/www.copealcoy.es\/es\/wp-json\/wp\/v2\/types\/post"}],"author":[{"embeddable":true,"href":"https:\/\/www.copealcoy.es\/es\/wp-json\/wp\/v2\/users\/1"}],"replies":[{"embeddable":true,"href":"https:\/\/www.copealcoy.es\/es\/wp-json\/wp\/v2\/comments?post=160884"}],"version-history":[{"count":3,"href":"https:\/\/www.copealcoy.es\/es\/wp-json\/wp\/v2\/posts\/160884\/revisions"}],"predecessor-version":[{"id":160901,"href":"https:\/\/www.copealcoy.es\/es\/wp-json\/wp\/v2\/posts\/160884\/revisions\/160901"}],"wp:featuredmedia":[{"embeddable":true,"href":"https:\/\/www.copealcoy.es\/es\/wp-json\/wp\/v2\/media\/160887"}],"wp:attachment":[{"href":"https:\/\/www.copealcoy.es\/es\/wp-json\/wp\/v2\/media?parent=160884"}],"wp:term":[{"taxonomy":"category","embeddable":true,"href":"https:\/\/www.copealcoy.es\/es\/wp-json\/wp\/v2\/categories?post=160884"},{"taxonomy":"post_tag","embeddable":true,"href":"https:\/\/www.copealcoy.es\/es\/wp-json\/wp\/v2\/tags?post=160884"}],"curies":[{"name":"wp","href":"https:\/\/api.w.org\/{rel}","templated":true}]}}