{"id":160836,"date":"2025-12-05T07:30:25","date_gmt":"2025-12-05T06:30:25","guid":{"rendered":"https:\/\/www.copealcoy.es\/?p=160836"},"modified":"2025-12-05T12:55:57","modified_gmt":"2025-12-05T11:55:57","slug":"informativo-matinal-viernes-5-de-diciembre-2025-0750h","status":"publish","type":"post","link":"https:\/\/www.copealcoy.es\/es\/informativo-matinal-viernes-5-de-diciembre-2025-0750h\/","title":{"rendered":"Informativo matinal viernes 5 de diciembre 2025 (07:50h)"},"content":{"rendered":"<p><iframe loading=\"lazy\" title=\"Informativo Matinal Viernes 5 De Diciembre 2025 (07:50h)\" width=\"100%\" height=\"120\" src=\"https:\/\/www.mixcloud.com\/widget\/iframe\/?feed=https%3A%2F%2Fwww.mixcloud.com%2FCOPEAlcoy%2Finformativo-matinal-viernes-5-de-diciembre-2025-0750h%2F&amp;hide_cover=1\" frameborder=\"0\" allow=\"encrypted-media; fullscreen; autoplay; idle-detection; speaker-selection; web-share;\"><\/iframe><\/p>\n<p style=\"text-align: justify;\">Hoy viernes <strong>os hemos contado que Alcoy contempla la plantaci\u00f3n de m\u00e1s de 30.000 \u00e1rboles y plantas aut\u00f3ctonas<\/strong> en el marco del proyecto AlcoiBioUp!. Tambi\u00e9n hemos destacado que <strong>nuestra ciudad contar\u00e1 con una nueva campana<\/strong> dedicada a los Reyes Magos que se ubicar\u00e1 en el campanario de la iglesia de Santa Maria.<\/p>\n<p style=\"text-align: justify;\">Alcoy se convertir\u00e1 a partir de esta Navidad en\u00a0<strong>la primera ciudad de Espa\u00f1a en contar con una campana dedicada a los Reyes Magos de Oriente<\/strong>. Esta\u00a0<strong>ser\u00e1 bendecida el s\u00e1bado 6 de diciembre<\/strong>, a partir de las 10:30h de la ma\u00f1ana, en el transcurso de\u00a0<strong>la misa que se celebrar\u00e1 en la iglesia de San Jorge<\/strong>\u00a0para conmemorar\u00a0<strong>la festividad de Santa B\u00e1rbara<\/strong>, patrona del gremio de campaneros.<\/p>\n<p style=\"text-align: justify;\">La nueva campana la ha impulsado\u00a0<span style=\"color: #000080;\"><span style=\"color: #0000ff;\"><a style=\"color: #0000ff;\" href=\"https:\/\/www.facebook.com\/campanersalcoi\/?locale=es_ES\" target=\"_blank\" rel=\"noopener\"><strong>la Colla de Campaners d\u2019Alcoi<\/strong><\/a><\/span>\u00a0<\/span>y\u00a0<strong>ha sido posible<\/strong>\u00a0gracias a la recaudaci\u00f3n conseguida con la venta del libro editado el pasado a\u00f1o por la entidad y que recopila el patrimonio campanero de nuestra ciudad. Tambi\u00e9n su coste se ha sufragado con los donativos que se hacen en las visitas guiadas al campanario de Santa Mar\u00eda, que organiza peri\u00f3dicamente la Colla, y la venta de loter\u00eda \u201c<em>ser\u00e1 el s\u00e9ptimo bronce de volteo con el que contar\u00e1 Santa Mar\u00eda, aunque este no se electrificar\u00e1, y tan solo se tocar\u00e1 manualmente. Ser\u00e1n los ni\u00f1os quienes se encarguen de hacerla sonar, especialmente en momentos como el anuncio de que Sus Majestades vienen de camino a la ciudad\u201d<\/em>, explicaba el presidente de la misma Colla;\u00a0<strong>Javier Monllor<\/strong>. La pieza tiene 46 kilos de peso sin contar el yugo, ha estado elaborada en la Fundici\u00f3n de Abel Portillo de Cantabria y\u00a0<strong>ha sido dise\u00f1ada por Juan Climent<\/strong>\u00a0\u201c<em>cuenta con dos relieves en los que est\u00e1n representados La Sagrada Familia, los pajes subiendo por las escaleras con paquetes, el \u2018Barranc del Cint\u2019 y los Reyes Magos en camino guiados por la estrella<\/em>\u201c, indica el creador.<\/p>\n<p style=\"text-align: justify;\">Una vez bendecida,\u00a0<strong>la campana ser\u00e1 expuesta en la Sala \u00c1gora<\/strong>\u00a0junto a la muestra de belenes que all\u00ed ha puesto en marcha la Asociaci\u00f3n Belenista de Santa Rosa. Posteriormente,<strong>\u00a0los d\u00edas 3 y 4 de enero<\/strong>, se sacar\u00e1 a la Plaza de Ram\u00f3n y Cajal para que pueda ser vista por alcoyanos y visitantes al mismo tiempo que se realizar\u00e1n talleres en los que se explicar\u00e1 su funcionamiento. Adem\u00e1s, los m\u00e1s peque\u00f1os la podr\u00e1n tocar para advertir de que Melchor, Gaspar y Baltasar estar\u00e1n a punto de llegar a Alcoy \u201c<em>la Colla de Campaners d\u2019Alcoi est\u00e1 haciendo un gran trabajo para recuperar los toques manuales de campanas, y salvaguardar nuestro patrimonio relacionado con las campanas, y les estamos muy agradecidos. Todas las actividades que realizan, y especialmente las propuestas pensadas para la Navidad, constituyen de nuevo un importante recurso tur\u00edstico<\/em>\u201c, concluyen las concejalas\u00a0<strong>Elisa Guillem<\/strong>\u00a0(Cultura) y\u00a0<strong>Lorena Zamorano<\/strong>\u00a0(Turismo). Esta nueva campana est\u00e1 dedicada a toda la ciudad de Alcoy y se ubicar\u00e1 en la torre de Santa Mar\u00eda a mediados de enero para que a partir de ahora sean los ni\u00f1os\u00a0<strong>quienes la toquen de forma manual<\/strong>, especialmente en los d\u00edas previos a la llegada de los Reyes Magos.<\/p>\n<p style=\"text-align: justify;\">Los actos previstos con motivo de la mencionada festividad de Santa B\u00e1rbara\u00a0<strong>incluyen<\/strong>\u00a0el domingo 7 y el lunes 8 visitas guiadas navide\u00f1as al campanario de Santa Mar\u00eda con muestra de toques tradicionales y sesi\u00f3n fotogr\u00e1fica de la iluminaci\u00f3n navide\u00f1a. Para participar hay que formalizar la inscripci\u00f3n v\u00eda whatsApp (659 22 84 38) y la actividad tiene un coste de 5 euros para los adultos y de 2 para los ni\u00f1os.<\/p>\n","protected":false},"excerpt":{"rendered":"<p>Hoy viernes os hemos contado que Alcoy contempla la plantaci\u00f3n de m\u00e1s de 30.000 \u00e1rboles y plantas aut\u00f3ctonas en el&#8230;<\/p>\n","protected":false},"author":1,"featured_media":147669,"comment_status":"closed","ping_status":"closed","sticky":false,"template":"","format":"standard","meta":{"footnotes":""},"categories":[6909,89,91,75],"tags":[],"class_list":["post-160836","post","type-post","status-publish","format-standard","has-post-thumbnail","hentry","category-actualidad","category-audiosdelosprogramas","category-informativos","category-noticias"],"yoast_head":"<!-- This site is optimized with the Yoast SEO plugin v27.3 - https:\/\/yoast.com\/product\/yoast-seo-wordpress\/ -->\n<title>Informativo matinal viernes 5 de diciembre 2025 (07:50h) - COPE Alcoy<\/title>\n<meta name=\"robots\" content=\"index, follow, max-snippet:-1, max-image-preview:large, max-video-preview:-1\" \/>\n<link rel=\"canonical\" href=\"https:\/\/www.copealcoy.es\/es\/informativo-matinal-viernes-5-de-diciembre-2025-0750h\/\" \/>\n<meta property=\"og:locale\" content=\"es_ES\" \/>\n<meta property=\"og:type\" content=\"article\" \/>\n<meta property=\"og:title\" content=\"Informativo matinal viernes 5 de diciembre 2025 (07:50h) - COPE Alcoy\" \/>\n<meta property=\"og:description\" content=\"Hoy viernes os hemos contado que Alcoy contempla la plantaci\u00f3n de m\u00e1s de 30.000 \u00e1rboles y plantas aut\u00f3ctonas en el...\" \/>\n<meta property=\"og:url\" content=\"https:\/\/www.copealcoy.es\/es\/informativo-matinal-viernes-5-de-diciembre-2025-0750h\/\" \/>\n<meta property=\"og:site_name\" content=\"COPE Alcoy\" \/>\n<meta property=\"article:published_time\" content=\"2025-12-05T06:30:25+00:00\" \/>\n<meta property=\"article:modified_time\" content=\"2025-12-05T11:55:57+00:00\" \/>\n<meta property=\"og:image\" content=\"https:\/\/www.copealcoy.es\/wp-content\/uploads\/2025\/02\/Informativo-Matinal-Castellano.png\" \/>\n\t<meta property=\"og:image:width\" content=\"357\" \/>\n\t<meta property=\"og:image:height\" content=\"290\" \/>\n\t<meta property=\"og:image:type\" content=\"image\/png\" \/>\n<meta name=\"author\" content=\"Cope Alcoy\" \/>\n<meta name=\"twitter:label1\" content=\"Escrito por\" \/>\n\t<meta name=\"twitter:data1\" content=\"Cope Alcoy\" \/>\n\t<meta name=\"twitter:label2\" content=\"Tiempo de lectura\" \/>\n\t<meta name=\"twitter:data2\" content=\"4 minutos\" \/>\n<script type=\"application\/ld+json\" class=\"yoast-schema-graph\">{\"@context\":\"https:\\\/\\\/schema.org\",\"@graph\":[{\"@type\":\"Article\",\"@id\":\"https:\\\/\\\/www.copealcoy.es\\\/es\\\/informativo-matinal-viernes-5-de-diciembre-2025-0750h\\\/#article\",\"isPartOf\":{\"@id\":\"https:\\\/\\\/www.copealcoy.es\\\/es\\\/informativo-matinal-viernes-5-de-diciembre-2025-0750h\\\/\"},\"author\":{\"name\":\"Cope Alcoy\",\"@id\":\"https:\\\/\\\/www.copealcoy.es\\\/es\\\/#\\\/schema\\\/person\\\/e777c87fa024e57d40170af9df39882c\"},\"headline\":\"Informativo matinal viernes 5 de diciembre 2025 (07:50h)\",\"datePublished\":\"2025-12-05T06:30:25+00:00\",\"dateModified\":\"2025-12-05T11:55:57+00:00\",\"mainEntityOfPage\":{\"@id\":\"https:\\\/\\\/www.copealcoy.es\\\/es\\\/informativo-matinal-viernes-5-de-diciembre-2025-0750h\\\/\"},\"wordCount\":637,\"image\":{\"@id\":\"https:\\\/\\\/www.copealcoy.es\\\/es\\\/informativo-matinal-viernes-5-de-diciembre-2025-0750h\\\/#primaryimage\"},\"thumbnailUrl\":\"https:\\\/\\\/www.copealcoy.es\\\/wp-content\\\/uploads\\\/2025\\\/02\\\/Informativo-Matinal-Castellano.png\",\"articleSection\":[\"Actualidad\",\"Audios de los programas\",\"Informativos\",\"Noticias\"],\"inLanguage\":\"es\"},{\"@type\":\"WebPage\",\"@id\":\"https:\\\/\\\/www.copealcoy.es\\\/es\\\/informativo-matinal-viernes-5-de-diciembre-2025-0750h\\\/\",\"url\":\"https:\\\/\\\/www.copealcoy.es\\\/es\\\/informativo-matinal-viernes-5-de-diciembre-2025-0750h\\\/\",\"name\":\"Informativo matinal viernes 5 de diciembre 2025 (07:50h) - COPE Alcoy\",\"isPartOf\":{\"@id\":\"https:\\\/\\\/www.copealcoy.es\\\/es\\\/#website\"},\"primaryImageOfPage\":{\"@id\":\"https:\\\/\\\/www.copealcoy.es\\\/es\\\/informativo-matinal-viernes-5-de-diciembre-2025-0750h\\\/#primaryimage\"},\"image\":{\"@id\":\"https:\\\/\\\/www.copealcoy.es\\\/es\\\/informativo-matinal-viernes-5-de-diciembre-2025-0750h\\\/#primaryimage\"},\"thumbnailUrl\":\"https:\\\/\\\/www.copealcoy.es\\\/wp-content\\\/uploads\\\/2025\\\/02\\\/Informativo-Matinal-Castellano.png\",\"datePublished\":\"2025-12-05T06:30:25+00:00\",\"dateModified\":\"2025-12-05T11:55:57+00:00\",\"author\":{\"@id\":\"https:\\\/\\\/www.copealcoy.es\\\/es\\\/#\\\/schema\\\/person\\\/e777c87fa024e57d40170af9df39882c\"},\"breadcrumb\":{\"@id\":\"https:\\\/\\\/www.copealcoy.es\\\/es\\\/informativo-matinal-viernes-5-de-diciembre-2025-0750h\\\/#breadcrumb\"},\"inLanguage\":\"es\",\"potentialAction\":[{\"@type\":\"ReadAction\",\"target\":[\"https:\\\/\\\/www.copealcoy.es\\\/es\\\/informativo-matinal-viernes-5-de-diciembre-2025-0750h\\\/\"]}]},{\"@type\":\"ImageObject\",\"inLanguage\":\"es\",\"@id\":\"https:\\\/\\\/www.copealcoy.es\\\/es\\\/informativo-matinal-viernes-5-de-diciembre-2025-0750h\\\/#primaryimage\",\"url\":\"https:\\\/\\\/www.copealcoy.es\\\/wp-content\\\/uploads\\\/2025\\\/02\\\/Informativo-Matinal-Castellano.png\",\"contentUrl\":\"https:\\\/\\\/www.copealcoy.es\\\/wp-content\\\/uploads\\\/2025\\\/02\\\/Informativo-Matinal-Castellano.png\",\"width\":357,\"height\":290},{\"@type\":\"BreadcrumbList\",\"@id\":\"https:\\\/\\\/www.copealcoy.es\\\/es\\\/informativo-matinal-viernes-5-de-diciembre-2025-0750h\\\/#breadcrumb\",\"itemListElement\":[{\"@type\":\"ListItem\",\"position\":1,\"name\":\"Portada\",\"item\":\"https:\\\/\\\/www.copealcoy.es\\\/es\\\/\"},{\"@type\":\"ListItem\",\"position\":2,\"name\":\"Informativo matinal viernes 5 de diciembre 2025 (07:50h)\"}]},{\"@type\":\"WebSite\",\"@id\":\"https:\\\/\\\/www.copealcoy.es\\\/es\\\/#website\",\"url\":\"https:\\\/\\\/www.copealcoy.es\\\/es\\\/\",\"name\":\"COPE Alcoy\",\"description\":\"Emisora COPE de radio local con emisi\u00f3n online. Pont de Sant Jordi 8-10 03803 Alcoy\",\"potentialAction\":[{\"@type\":\"SearchAction\",\"target\":{\"@type\":\"EntryPoint\",\"urlTemplate\":\"https:\\\/\\\/www.copealcoy.es\\\/es\\\/?s={search_term_string}\"},\"query-input\":{\"@type\":\"PropertyValueSpecification\",\"valueRequired\":true,\"valueName\":\"search_term_string\"}}],\"inLanguage\":\"es\"},{\"@type\":\"Person\",\"@id\":\"https:\\\/\\\/www.copealcoy.es\\\/es\\\/#\\\/schema\\\/person\\\/e777c87fa024e57d40170af9df39882c\",\"name\":\"Cope Alcoy\",\"image\":{\"@type\":\"ImageObject\",\"inLanguage\":\"es\",\"@id\":\"https:\\\/\\\/secure.gravatar.com\\\/avatar\\\/bb65d0283347e303893ba14f0692005417c1e0e690a325a4c5d8bb2b3943ee14?s=96&d=mm&r=g\",\"url\":\"https:\\\/\\\/secure.gravatar.com\\\/avatar\\\/bb65d0283347e303893ba14f0692005417c1e0e690a325a4c5d8bb2b3943ee14?s=96&d=mm&r=g\",\"contentUrl\":\"https:\\\/\\\/secure.gravatar.com\\\/avatar\\\/bb65d0283347e303893ba14f0692005417c1e0e690a325a4c5d8bb2b3943ee14?s=96&d=mm&r=g\",\"caption\":\"Cope Alcoy\"}}]}<\/script>\n<!-- \/ Yoast SEO plugin. -->","yoast_head_json":{"title":"Informativo matinal viernes 5 de diciembre 2025 (07:50h) - COPE Alcoy","robots":{"index":"index","follow":"follow","max-snippet":"max-snippet:-1","max-image-preview":"max-image-preview:large","max-video-preview":"max-video-preview:-1"},"canonical":"https:\/\/www.copealcoy.es\/es\/informativo-matinal-viernes-5-de-diciembre-2025-0750h\/","og_locale":"es_ES","og_type":"article","og_title":"Informativo matinal viernes 5 de diciembre 2025 (07:50h) - COPE Alcoy","og_description":"Hoy viernes os hemos contado que Alcoy contempla la plantaci\u00f3n de m\u00e1s de 30.000 \u00e1rboles y plantas aut\u00f3ctonas en el...","og_url":"https:\/\/www.copealcoy.es\/es\/informativo-matinal-viernes-5-de-diciembre-2025-0750h\/","og_site_name":"COPE Alcoy","article_published_time":"2025-12-05T06:30:25+00:00","article_modified_time":"2025-12-05T11:55:57+00:00","og_image":[{"width":357,"height":290,"url":"https:\/\/www.copealcoy.es\/wp-content\/uploads\/2025\/02\/Informativo-Matinal-Castellano.png","type":"image\/png"}],"author":"Cope Alcoy","twitter_misc":{"Escrito por":"Cope Alcoy","Tiempo de lectura":"4 minutos"},"schema":{"@context":"https:\/\/schema.org","@graph":[{"@type":"Article","@id":"https:\/\/www.copealcoy.es\/es\/informativo-matinal-viernes-5-de-diciembre-2025-0750h\/#article","isPartOf":{"@id":"https:\/\/www.copealcoy.es\/es\/informativo-matinal-viernes-5-de-diciembre-2025-0750h\/"},"author":{"name":"Cope Alcoy","@id":"https:\/\/www.copealcoy.es\/es\/#\/schema\/person\/e777c87fa024e57d40170af9df39882c"},"headline":"Informativo matinal viernes 5 de diciembre 2025 (07:50h)","datePublished":"2025-12-05T06:30:25+00:00","dateModified":"2025-12-05T11:55:57+00:00","mainEntityOfPage":{"@id":"https:\/\/www.copealcoy.es\/es\/informativo-matinal-viernes-5-de-diciembre-2025-0750h\/"},"wordCount":637,"image":{"@id":"https:\/\/www.copealcoy.es\/es\/informativo-matinal-viernes-5-de-diciembre-2025-0750h\/#primaryimage"},"thumbnailUrl":"https:\/\/www.copealcoy.es\/wp-content\/uploads\/2025\/02\/Informativo-Matinal-Castellano.png","articleSection":["Actualidad","Audios de los programas","Informativos","Noticias"],"inLanguage":"es"},{"@type":"WebPage","@id":"https:\/\/www.copealcoy.es\/es\/informativo-matinal-viernes-5-de-diciembre-2025-0750h\/","url":"https:\/\/www.copealcoy.es\/es\/informativo-matinal-viernes-5-de-diciembre-2025-0750h\/","name":"Informativo matinal viernes 5 de diciembre 2025 (07:50h) - COPE Alcoy","isPartOf":{"@id":"https:\/\/www.copealcoy.es\/es\/#website"},"primaryImageOfPage":{"@id":"https:\/\/www.copealcoy.es\/es\/informativo-matinal-viernes-5-de-diciembre-2025-0750h\/#primaryimage"},"image":{"@id":"https:\/\/www.copealcoy.es\/es\/informativo-matinal-viernes-5-de-diciembre-2025-0750h\/#primaryimage"},"thumbnailUrl":"https:\/\/www.copealcoy.es\/wp-content\/uploads\/2025\/02\/Informativo-Matinal-Castellano.png","datePublished":"2025-12-05T06:30:25+00:00","dateModified":"2025-12-05T11:55:57+00:00","author":{"@id":"https:\/\/www.copealcoy.es\/es\/#\/schema\/person\/e777c87fa024e57d40170af9df39882c"},"breadcrumb":{"@id":"https:\/\/www.copealcoy.es\/es\/informativo-matinal-viernes-5-de-diciembre-2025-0750h\/#breadcrumb"},"inLanguage":"es","potentialAction":[{"@type":"ReadAction","target":["https:\/\/www.copealcoy.es\/es\/informativo-matinal-viernes-5-de-diciembre-2025-0750h\/"]}]},{"@type":"ImageObject","inLanguage":"es","@id":"https:\/\/www.copealcoy.es\/es\/informativo-matinal-viernes-5-de-diciembre-2025-0750h\/#primaryimage","url":"https:\/\/www.copealcoy.es\/wp-content\/uploads\/2025\/02\/Informativo-Matinal-Castellano.png","contentUrl":"https:\/\/www.copealcoy.es\/wp-content\/uploads\/2025\/02\/Informativo-Matinal-Castellano.png","width":357,"height":290},{"@type":"BreadcrumbList","@id":"https:\/\/www.copealcoy.es\/es\/informativo-matinal-viernes-5-de-diciembre-2025-0750h\/#breadcrumb","itemListElement":[{"@type":"ListItem","position":1,"name":"Portada","item":"https:\/\/www.copealcoy.es\/es\/"},{"@type":"ListItem","position":2,"name":"Informativo matinal viernes 5 de diciembre 2025 (07:50h)"}]},{"@type":"WebSite","@id":"https:\/\/www.copealcoy.es\/es\/#website","url":"https:\/\/www.copealcoy.es\/es\/","name":"COPE Alcoy","description":"Emisora COPE de radio local con emisi\u00f3n online. Pont de Sant Jordi 8-10 03803 Alcoy","potentialAction":[{"@type":"SearchAction","target":{"@type":"EntryPoint","urlTemplate":"https:\/\/www.copealcoy.es\/es\/?s={search_term_string}"},"query-input":{"@type":"PropertyValueSpecification","valueRequired":true,"valueName":"search_term_string"}}],"inLanguage":"es"},{"@type":"Person","@id":"https:\/\/www.copealcoy.es\/es\/#\/schema\/person\/e777c87fa024e57d40170af9df39882c","name":"Cope Alcoy","image":{"@type":"ImageObject","inLanguage":"es","@id":"https:\/\/secure.gravatar.com\/avatar\/bb65d0283347e303893ba14f0692005417c1e0e690a325a4c5d8bb2b3943ee14?s=96&d=mm&r=g","url":"https:\/\/secure.gravatar.com\/avatar\/bb65d0283347e303893ba14f0692005417c1e0e690a325a4c5d8bb2b3943ee14?s=96&d=mm&r=g","contentUrl":"https:\/\/secure.gravatar.com\/avatar\/bb65d0283347e303893ba14f0692005417c1e0e690a325a4c5d8bb2b3943ee14?s=96&d=mm&r=g","caption":"Cope Alcoy"}}]}},"_links":{"self":[{"href":"https:\/\/www.copealcoy.es\/es\/wp-json\/wp\/v2\/posts\/160836","targetHints":{"allow":["GET"]}}],"collection":[{"href":"https:\/\/www.copealcoy.es\/es\/wp-json\/wp\/v2\/posts"}],"about":[{"href":"https:\/\/www.copealcoy.es\/es\/wp-json\/wp\/v2\/types\/post"}],"author":[{"embeddable":true,"href":"https:\/\/www.copealcoy.es\/es\/wp-json\/wp\/v2\/users\/1"}],"replies":[{"embeddable":true,"href":"https:\/\/www.copealcoy.es\/es\/wp-json\/wp\/v2\/comments?post=160836"}],"version-history":[{"count":2,"href":"https:\/\/www.copealcoy.es\/es\/wp-json\/wp\/v2\/posts\/160836\/revisions"}],"predecessor-version":[{"id":160839,"href":"https:\/\/www.copealcoy.es\/es\/wp-json\/wp\/v2\/posts\/160836\/revisions\/160839"}],"wp:featuredmedia":[{"embeddable":true,"href":"https:\/\/www.copealcoy.es\/es\/wp-json\/wp\/v2\/media\/147669"}],"wp:attachment":[{"href":"https:\/\/www.copealcoy.es\/es\/wp-json\/wp\/v2\/media?parent=160836"}],"wp:term":[{"taxonomy":"category","embeddable":true,"href":"https:\/\/www.copealcoy.es\/es\/wp-json\/wp\/v2\/categories?post=160836"},{"taxonomy":"post_tag","embeddable":true,"href":"https:\/\/www.copealcoy.es\/es\/wp-json\/wp\/v2\/tags?post=160836"}],"curies":[{"name":"wp","href":"https:\/\/api.w.org\/{rel}","templated":true}]}}