{"id":160827,"date":"2025-12-05T09:30:33","date_gmt":"2025-12-05T08:30:33","guid":{"rendered":"https:\/\/www.copealcoy.es\/?p=160827"},"modified":"2025-12-05T12:48:19","modified_gmt":"2025-12-05T11:48:19","slug":"llega-a-cocentaina-el-iii-trofeo-de-ciclocross-rafa-valls-fira-de-tots-sants","status":"publish","type":"post","link":"https:\/\/www.copealcoy.es\/es\/llega-a-cocentaina-el-iii-trofeo-de-ciclocross-rafa-valls-fira-de-tots-sants\/","title":{"rendered":"Llega a Cocentaina el III Trofeo de Ciclocross Rafa Valls \u2013 Fira de Tots Sants"},"content":{"rendered":"<p class=\"isSelectedEnd\"><strong>Cocentaina<\/strong> acoge este <strong>domingo 7 de diciembre<\/strong> el <a href=\"https:\/\/www.facebook.com\/p\/CC-Rafa-Valls-100036881246172\/\" target=\"_blank\" rel=\"noopener\"><span style=\"color: #0000ff;\"><strong>III Trofeo de Ciclocross Rafa Valls \u2013 Fira de Tots Sants<\/strong><\/span><\/a>, una <strong>prueba UCI C2<\/strong> que, adem\u00e1s, ser\u00e1 la <strong>\u00faltima cita de la Copa de Espa\u00f1a<\/strong>. Hasta la fecha, m\u00e1s de <strong>500 ciclistas<\/strong> ya han confirmado su participaci\u00f3n, lo que consolida esta prueba como una de las <strong>m\u00e1s destacadas del calendario nacional<\/strong>.<\/p>\n<p class=\"isSelectedEnd\" style=\"text-align: justify;\">As\u00ed lo ha explicado hoy en <strong>COPE ALCOY<\/strong> <strong>Andr\u00e9s Pascual<\/strong>, coordinador del <strong>Club Ciclista Rafa Valls<\/strong>, quien ha detallado que la competici\u00f3n se disputar\u00e1 en el <strong>circuito CX La V\u00eda partiendo desde el Polideportivo Municipal<\/strong>, un trazado de m\u00e1s de <strong>3.000 metros<\/strong> dise\u00f1ado para ofrecer un recorrido <b>que cumpla con los par\u00e1metros t\u00e9cnicos<\/b> pero tambi\u00e9n concebido para que los participantes disfruten de una gran prueba. Pascual insiste en\u00a0la importancia que supone para Cocentaina contar con una <strong>prueba de categor\u00eda UCI C2 <\/strong>y subraya que este a\u00f1o la cita <em>&#8220;cierra la Copa de Espa\u00f1a, lo que garantiza la presencia de los mejores especialistas del panorama nacional e internacional&#8221;,<\/em> indica.<\/p>\n<p class=\"isSelectedEnd\" style=\"text-align: justify;\">Entre los nombres propios que estar\u00e1n en la l\u00ednea de salida figura <strong>Felipe Orts<\/strong>, <strong>siete veces campe\u00f3n de la Copa de Espa\u00f1a<\/strong> y referente absoluto del ciclocross espa\u00f1ol, as\u00ed como la corredora valenciana <strong>Sof\u00eda Rodr\u00edguez<\/strong>, que llega como una de las <strong>grandes aspirantes al t\u00edtulo femenino<\/strong>. La prueba contar\u00e1 con <strong>todas las categor\u00edas<\/strong>, desde <strong>escuelas hasta m\u00e1ster<\/strong>, adem\u00e1s de las pruebas <strong>\u00e9lite, sub-23, j\u00faniors y cadetes<\/strong>. Adem\u00e1s, la participaci\u00f3n de deportistas procedentes de <strong>m\u00e1s de ocho pa\u00edses europeos<\/strong> refuerza el <strong>car\u00e1cter internacional<\/strong> del evento.<\/p>\n<p class=\"isSelectedEnd\" style=\"text-align: justify;\">Desde la organizaci\u00f3n se espera una <strong>jornada de m\u00e1ximo nivel deportivo<\/strong>, con un gran ambiente y una notable afluencia de aficionados. Con este <strong>III Trofeo de Ciclocross Rafa Valls, <\/strong>Cocentaina se\u00a0convertir\u00e1 este domingo a <strong>Cocentaina<\/strong> en el <strong>epicentro del ciclocross\u00a0<\/strong>en una prueba con proyecci\u00f3n internacional que lleva tambi\u00e9n el nombre de la Fira de Tots Sants fuera de estas fronteras.<\/p>\n<p>La <strong>entrevista<\/strong> la puedes escuchar a continuaci\u00f3n:<\/p>\n<audio class=\"wp-audio-shortcode\" id=\"audio-160827-1\" preload=\"none\" style=\"width: 100%;\" controls=\"controls\"><source type=\"audio\/mpeg\" src=\"https:\/\/www.copealcoy.es\/wp-content\/uploads\/2025\/12\/Entrevista-Andres-Pascual.mp3?_=1\" \/><a href=\"https:\/\/www.copealcoy.es\/wp-content\/uploads\/2025\/12\/Entrevista-Andres-Pascual.mp3\">https:\/\/www.copealcoy.es\/wp-content\/uploads\/2025\/12\/Entrevista-Andres-Pascual.mp3<\/a><\/audio>\n","protected":false},"excerpt":{"rendered":"<p>Cocentaina acoge este domingo 7 de diciembre el III Trofeo de Ciclocross Rafa Valls \u2013 Fira de Tots Sants, una&#8230;<\/p>\n","protected":false},"author":1,"featured_media":160828,"comment_status":"closed","ping_status":"closed","sticky":false,"template":"","format":"standard","meta":{"footnotes":""},"categories":[6909,98,75],"tags":[20412,132,966,635,20413],"class_list":["post-160827","post","type-post","status-publish","format-standard","has-post-thumbnail","hentry","category-actualidad","category-comarcas","category-noticias","tag-andres-pascual","tag-cocentaina","tag-competicion","tag-fira-de-tots-sants","tag-iii-trofeo-de-ciclocross-rafa-valls-fira-de-tots-sants"],"yoast_head":"<!-- This site is optimized with the Yoast SEO plugin v27.3 - https:\/\/yoast.com\/product\/yoast-seo-wordpress\/ -->\n<title>Llega a Cocentaina el III Trofeo de Ciclocross Rafa Valls \u2013 Fira de Tots Sants - COPE Alcoy<\/title>\n<meta name=\"description\" content=\"Llega a Cocentaina el III Trofeo de Ciclocross Rafa Valls \u2013 Fira de Tots Sants\" \/>\n<meta name=\"robots\" content=\"index, follow, max-snippet:-1, max-image-preview:large, max-video-preview:-1\" \/>\n<link rel=\"canonical\" href=\"https:\/\/www.copealcoy.es\/es\/llega-a-cocentaina-el-iii-trofeo-de-ciclocross-rafa-valls-fira-de-tots-sants\/\" \/>\n<meta property=\"og:locale\" content=\"es_ES\" \/>\n<meta property=\"og:type\" content=\"article\" \/>\n<meta property=\"og:title\" content=\"Llega a Cocentaina el III Trofeo de Ciclocross Rafa Valls \u2013 Fira de Tots Sants - COPE Alcoy\" \/>\n<meta property=\"og:description\" content=\"Llega a Cocentaina el III Trofeo de Ciclocross Rafa Valls \u2013 Fira de Tots Sants\" \/>\n<meta property=\"og:url\" content=\"https:\/\/www.copealcoy.es\/es\/llega-a-cocentaina-el-iii-trofeo-de-ciclocross-rafa-valls-fira-de-tots-sants\/\" \/>\n<meta property=\"og:site_name\" content=\"COPE Alcoy\" \/>\n<meta property=\"article:published_time\" content=\"2025-12-05T08:30:33+00:00\" \/>\n<meta property=\"article:modified_time\" content=\"2025-12-05T11:48:19+00:00\" \/>\n<meta property=\"og:image\" content=\"https:\/\/www.copealcoy.es\/wp-content\/uploads\/2025\/12\/unnamed-2-scaled.jpg\" \/>\n\t<meta property=\"og:image:width\" content=\"2560\" \/>\n\t<meta property=\"og:image:height\" content=\"1429\" \/>\n\t<meta property=\"og:image:type\" content=\"image\/jpeg\" \/>\n<meta name=\"author\" content=\"Cope Alcoy\" \/>\n<meta name=\"twitter:label1\" content=\"Escrito por\" \/>\n\t<meta name=\"twitter:data1\" content=\"Cope Alcoy\" \/>\n\t<meta name=\"twitter:label2\" content=\"Tiempo de lectura\" \/>\n\t<meta name=\"twitter:data2\" content=\"2 minutos\" \/>\n<script type=\"application\/ld+json\" class=\"yoast-schema-graph\">{\"@context\":\"https:\\\/\\\/schema.org\",\"@graph\":[{\"@type\":\"Article\",\"@id\":\"https:\\\/\\\/www.copealcoy.es\\\/es\\\/llega-a-cocentaina-el-iii-trofeo-de-ciclocross-rafa-valls-fira-de-tots-sants\\\/#article\",\"isPartOf\":{\"@id\":\"https:\\\/\\\/www.copealcoy.es\\\/es\\\/llega-a-cocentaina-el-iii-trofeo-de-ciclocross-rafa-valls-fira-de-tots-sants\\\/\"},\"author\":{\"name\":\"Cope Alcoy\",\"@id\":\"https:\\\/\\\/www.copealcoy.es\\\/es\\\/#\\\/schema\\\/person\\\/e777c87fa024e57d40170af9df39882c\"},\"headline\":\"Llega a Cocentaina el III Trofeo de Ciclocross Rafa Valls \u2013 Fira de Tots Sants\",\"datePublished\":\"2025-12-05T08:30:33+00:00\",\"dateModified\":\"2025-12-05T11:48:19+00:00\",\"mainEntityOfPage\":{\"@id\":\"https:\\\/\\\/www.copealcoy.es\\\/es\\\/llega-a-cocentaina-el-iii-trofeo-de-ciclocross-rafa-valls-fira-de-tots-sants\\\/\"},\"wordCount\":381,\"image\":{\"@id\":\"https:\\\/\\\/www.copealcoy.es\\\/es\\\/llega-a-cocentaina-el-iii-trofeo-de-ciclocross-rafa-valls-fira-de-tots-sants\\\/#primaryimage\"},\"thumbnailUrl\":\"https:\\\/\\\/www.copealcoy.es\\\/wp-content\\\/uploads\\\/2025\\\/12\\\/unnamed-2-scaled.jpg\",\"keywords\":[\"Andr\u00e9s Pascual\",\"Cocentaina\",\"Competici\u00f3n\",\"Fira de Tots Sants\",\"III Trofeo de Ciclocross Rafa Valls \u2013 Fira de Tots Sants\"],\"articleSection\":[\"Actualidad\",\"Comarcas\",\"Noticias\"],\"inLanguage\":\"es\"},{\"@type\":\"WebPage\",\"@id\":\"https:\\\/\\\/www.copealcoy.es\\\/es\\\/llega-a-cocentaina-el-iii-trofeo-de-ciclocross-rafa-valls-fira-de-tots-sants\\\/\",\"url\":\"https:\\\/\\\/www.copealcoy.es\\\/es\\\/llega-a-cocentaina-el-iii-trofeo-de-ciclocross-rafa-valls-fira-de-tots-sants\\\/\",\"name\":\"Llega a Cocentaina el III Trofeo de Ciclocross Rafa Valls \u2013 Fira de Tots Sants - COPE Alcoy\",\"isPartOf\":{\"@id\":\"https:\\\/\\\/www.copealcoy.es\\\/es\\\/#website\"},\"primaryImageOfPage\":{\"@id\":\"https:\\\/\\\/www.copealcoy.es\\\/es\\\/llega-a-cocentaina-el-iii-trofeo-de-ciclocross-rafa-valls-fira-de-tots-sants\\\/#primaryimage\"},\"image\":{\"@id\":\"https:\\\/\\\/www.copealcoy.es\\\/es\\\/llega-a-cocentaina-el-iii-trofeo-de-ciclocross-rafa-valls-fira-de-tots-sants\\\/#primaryimage\"},\"thumbnailUrl\":\"https:\\\/\\\/www.copealcoy.es\\\/wp-content\\\/uploads\\\/2025\\\/12\\\/unnamed-2-scaled.jpg\",\"datePublished\":\"2025-12-05T08:30:33+00:00\",\"dateModified\":\"2025-12-05T11:48:19+00:00\",\"author\":{\"@id\":\"https:\\\/\\\/www.copealcoy.es\\\/es\\\/#\\\/schema\\\/person\\\/e777c87fa024e57d40170af9df39882c\"},\"description\":\"Llega a Cocentaina el III Trofeo de Ciclocross Rafa Valls \u2013 Fira de Tots Sants\",\"breadcrumb\":{\"@id\":\"https:\\\/\\\/www.copealcoy.es\\\/es\\\/llega-a-cocentaina-el-iii-trofeo-de-ciclocross-rafa-valls-fira-de-tots-sants\\\/#breadcrumb\"},\"inLanguage\":\"es\",\"potentialAction\":[{\"@type\":\"ReadAction\",\"target\":[\"https:\\\/\\\/www.copealcoy.es\\\/es\\\/llega-a-cocentaina-el-iii-trofeo-de-ciclocross-rafa-valls-fira-de-tots-sants\\\/\"]}]},{\"@type\":\"ImageObject\",\"inLanguage\":\"es\",\"@id\":\"https:\\\/\\\/www.copealcoy.es\\\/es\\\/llega-a-cocentaina-el-iii-trofeo-de-ciclocross-rafa-valls-fira-de-tots-sants\\\/#primaryimage\",\"url\":\"https:\\\/\\\/www.copealcoy.es\\\/wp-content\\\/uploads\\\/2025\\\/12\\\/unnamed-2-scaled.jpg\",\"contentUrl\":\"https:\\\/\\\/www.copealcoy.es\\\/wp-content\\\/uploads\\\/2025\\\/12\\\/unnamed-2-scaled.jpg\",\"width\":2560,\"height\":1429},{\"@type\":\"BreadcrumbList\",\"@id\":\"https:\\\/\\\/www.copealcoy.es\\\/es\\\/llega-a-cocentaina-el-iii-trofeo-de-ciclocross-rafa-valls-fira-de-tots-sants\\\/#breadcrumb\",\"itemListElement\":[{\"@type\":\"ListItem\",\"position\":1,\"name\":\"Portada\",\"item\":\"https:\\\/\\\/www.copealcoy.es\\\/es\\\/\"},{\"@type\":\"ListItem\",\"position\":2,\"name\":\"Llega a Cocentaina el III Trofeo de Ciclocross Rafa Valls \u2013 Fira de Tots Sants\"}]},{\"@type\":\"WebSite\",\"@id\":\"https:\\\/\\\/www.copealcoy.es\\\/es\\\/#website\",\"url\":\"https:\\\/\\\/www.copealcoy.es\\\/es\\\/\",\"name\":\"COPE Alcoy\",\"description\":\"Emisora COPE de radio local con emisi\u00f3n online. Pont de Sant Jordi 8-10 03803 Alcoy\",\"potentialAction\":[{\"@type\":\"SearchAction\",\"target\":{\"@type\":\"EntryPoint\",\"urlTemplate\":\"https:\\\/\\\/www.copealcoy.es\\\/es\\\/?s={search_term_string}\"},\"query-input\":{\"@type\":\"PropertyValueSpecification\",\"valueRequired\":true,\"valueName\":\"search_term_string\"}}],\"inLanguage\":\"es\"},{\"@type\":\"Person\",\"@id\":\"https:\\\/\\\/www.copealcoy.es\\\/es\\\/#\\\/schema\\\/person\\\/e777c87fa024e57d40170af9df39882c\",\"name\":\"Cope Alcoy\",\"image\":{\"@type\":\"ImageObject\",\"inLanguage\":\"es\",\"@id\":\"https:\\\/\\\/secure.gravatar.com\\\/avatar\\\/bb65d0283347e303893ba14f0692005417c1e0e690a325a4c5d8bb2b3943ee14?s=96&d=mm&r=g\",\"url\":\"https:\\\/\\\/secure.gravatar.com\\\/avatar\\\/bb65d0283347e303893ba14f0692005417c1e0e690a325a4c5d8bb2b3943ee14?s=96&d=mm&r=g\",\"contentUrl\":\"https:\\\/\\\/secure.gravatar.com\\\/avatar\\\/bb65d0283347e303893ba14f0692005417c1e0e690a325a4c5d8bb2b3943ee14?s=96&d=mm&r=g\",\"caption\":\"Cope Alcoy\"}}]}<\/script>\n<!-- \/ Yoast SEO plugin. -->","yoast_head_json":{"title":"Llega a Cocentaina el III Trofeo de Ciclocross Rafa Valls \u2013 Fira de Tots Sants - COPE Alcoy","description":"Llega a Cocentaina el III Trofeo de Ciclocross Rafa Valls \u2013 Fira de Tots Sants","robots":{"index":"index","follow":"follow","max-snippet":"max-snippet:-1","max-image-preview":"max-image-preview:large","max-video-preview":"max-video-preview:-1"},"canonical":"https:\/\/www.copealcoy.es\/es\/llega-a-cocentaina-el-iii-trofeo-de-ciclocross-rafa-valls-fira-de-tots-sants\/","og_locale":"es_ES","og_type":"article","og_title":"Llega a Cocentaina el III Trofeo de Ciclocross Rafa Valls \u2013 Fira de Tots Sants - COPE Alcoy","og_description":"Llega a Cocentaina el III Trofeo de Ciclocross Rafa Valls \u2013 Fira de Tots Sants","og_url":"https:\/\/www.copealcoy.es\/es\/llega-a-cocentaina-el-iii-trofeo-de-ciclocross-rafa-valls-fira-de-tots-sants\/","og_site_name":"COPE Alcoy","article_published_time":"2025-12-05T08:30:33+00:00","article_modified_time":"2025-12-05T11:48:19+00:00","og_image":[{"width":2560,"height":1429,"url":"https:\/\/www.copealcoy.es\/wp-content\/uploads\/2025\/12\/unnamed-2-scaled.jpg","type":"image\/jpeg"}],"author":"Cope Alcoy","twitter_misc":{"Escrito por":"Cope Alcoy","Tiempo de lectura":"2 minutos"},"schema":{"@context":"https:\/\/schema.org","@graph":[{"@type":"Article","@id":"https:\/\/www.copealcoy.es\/es\/llega-a-cocentaina-el-iii-trofeo-de-ciclocross-rafa-valls-fira-de-tots-sants\/#article","isPartOf":{"@id":"https:\/\/www.copealcoy.es\/es\/llega-a-cocentaina-el-iii-trofeo-de-ciclocross-rafa-valls-fira-de-tots-sants\/"},"author":{"name":"Cope Alcoy","@id":"https:\/\/www.copealcoy.es\/es\/#\/schema\/person\/e777c87fa024e57d40170af9df39882c"},"headline":"Llega a Cocentaina el III Trofeo de Ciclocross Rafa Valls \u2013 Fira de Tots Sants","datePublished":"2025-12-05T08:30:33+00:00","dateModified":"2025-12-05T11:48:19+00:00","mainEntityOfPage":{"@id":"https:\/\/www.copealcoy.es\/es\/llega-a-cocentaina-el-iii-trofeo-de-ciclocross-rafa-valls-fira-de-tots-sants\/"},"wordCount":381,"image":{"@id":"https:\/\/www.copealcoy.es\/es\/llega-a-cocentaina-el-iii-trofeo-de-ciclocross-rafa-valls-fira-de-tots-sants\/#primaryimage"},"thumbnailUrl":"https:\/\/www.copealcoy.es\/wp-content\/uploads\/2025\/12\/unnamed-2-scaled.jpg","keywords":["Andr\u00e9s Pascual","Cocentaina","Competici\u00f3n","Fira de Tots Sants","III Trofeo de Ciclocross Rafa Valls \u2013 Fira de Tots Sants"],"articleSection":["Actualidad","Comarcas","Noticias"],"inLanguage":"es"},{"@type":"WebPage","@id":"https:\/\/www.copealcoy.es\/es\/llega-a-cocentaina-el-iii-trofeo-de-ciclocross-rafa-valls-fira-de-tots-sants\/","url":"https:\/\/www.copealcoy.es\/es\/llega-a-cocentaina-el-iii-trofeo-de-ciclocross-rafa-valls-fira-de-tots-sants\/","name":"Llega a Cocentaina el III Trofeo de Ciclocross Rafa Valls \u2013 Fira de Tots Sants - COPE Alcoy","isPartOf":{"@id":"https:\/\/www.copealcoy.es\/es\/#website"},"primaryImageOfPage":{"@id":"https:\/\/www.copealcoy.es\/es\/llega-a-cocentaina-el-iii-trofeo-de-ciclocross-rafa-valls-fira-de-tots-sants\/#primaryimage"},"image":{"@id":"https:\/\/www.copealcoy.es\/es\/llega-a-cocentaina-el-iii-trofeo-de-ciclocross-rafa-valls-fira-de-tots-sants\/#primaryimage"},"thumbnailUrl":"https:\/\/www.copealcoy.es\/wp-content\/uploads\/2025\/12\/unnamed-2-scaled.jpg","datePublished":"2025-12-05T08:30:33+00:00","dateModified":"2025-12-05T11:48:19+00:00","author":{"@id":"https:\/\/www.copealcoy.es\/es\/#\/schema\/person\/e777c87fa024e57d40170af9df39882c"},"description":"Llega a Cocentaina el III Trofeo de Ciclocross Rafa Valls \u2013 Fira de Tots Sants","breadcrumb":{"@id":"https:\/\/www.copealcoy.es\/es\/llega-a-cocentaina-el-iii-trofeo-de-ciclocross-rafa-valls-fira-de-tots-sants\/#breadcrumb"},"inLanguage":"es","potentialAction":[{"@type":"ReadAction","target":["https:\/\/www.copealcoy.es\/es\/llega-a-cocentaina-el-iii-trofeo-de-ciclocross-rafa-valls-fira-de-tots-sants\/"]}]},{"@type":"ImageObject","inLanguage":"es","@id":"https:\/\/www.copealcoy.es\/es\/llega-a-cocentaina-el-iii-trofeo-de-ciclocross-rafa-valls-fira-de-tots-sants\/#primaryimage","url":"https:\/\/www.copealcoy.es\/wp-content\/uploads\/2025\/12\/unnamed-2-scaled.jpg","contentUrl":"https:\/\/www.copealcoy.es\/wp-content\/uploads\/2025\/12\/unnamed-2-scaled.jpg","width":2560,"height":1429},{"@type":"BreadcrumbList","@id":"https:\/\/www.copealcoy.es\/es\/llega-a-cocentaina-el-iii-trofeo-de-ciclocross-rafa-valls-fira-de-tots-sants\/#breadcrumb","itemListElement":[{"@type":"ListItem","position":1,"name":"Portada","item":"https:\/\/www.copealcoy.es\/es\/"},{"@type":"ListItem","position":2,"name":"Llega a Cocentaina el III Trofeo de Ciclocross Rafa Valls \u2013 Fira de Tots Sants"}]},{"@type":"WebSite","@id":"https:\/\/www.copealcoy.es\/es\/#website","url":"https:\/\/www.copealcoy.es\/es\/","name":"COPE Alcoy","description":"Emisora COPE de radio local con emisi\u00f3n online. Pont de Sant Jordi 8-10 03803 Alcoy","potentialAction":[{"@type":"SearchAction","target":{"@type":"EntryPoint","urlTemplate":"https:\/\/www.copealcoy.es\/es\/?s={search_term_string}"},"query-input":{"@type":"PropertyValueSpecification","valueRequired":true,"valueName":"search_term_string"}}],"inLanguage":"es"},{"@type":"Person","@id":"https:\/\/www.copealcoy.es\/es\/#\/schema\/person\/e777c87fa024e57d40170af9df39882c","name":"Cope Alcoy","image":{"@type":"ImageObject","inLanguage":"es","@id":"https:\/\/secure.gravatar.com\/avatar\/bb65d0283347e303893ba14f0692005417c1e0e690a325a4c5d8bb2b3943ee14?s=96&d=mm&r=g","url":"https:\/\/secure.gravatar.com\/avatar\/bb65d0283347e303893ba14f0692005417c1e0e690a325a4c5d8bb2b3943ee14?s=96&d=mm&r=g","contentUrl":"https:\/\/secure.gravatar.com\/avatar\/bb65d0283347e303893ba14f0692005417c1e0e690a325a4c5d8bb2b3943ee14?s=96&d=mm&r=g","caption":"Cope Alcoy"}}]}},"_links":{"self":[{"href":"https:\/\/www.copealcoy.es\/es\/wp-json\/wp\/v2\/posts\/160827","targetHints":{"allow":["GET"]}}],"collection":[{"href":"https:\/\/www.copealcoy.es\/es\/wp-json\/wp\/v2\/posts"}],"about":[{"href":"https:\/\/www.copealcoy.es\/es\/wp-json\/wp\/v2\/types\/post"}],"author":[{"embeddable":true,"href":"https:\/\/www.copealcoy.es\/es\/wp-json\/wp\/v2\/users\/1"}],"replies":[{"embeddable":true,"href":"https:\/\/www.copealcoy.es\/es\/wp-json\/wp\/v2\/comments?post=160827"}],"version-history":[{"count":1,"href":"https:\/\/www.copealcoy.es\/es\/wp-json\/wp\/v2\/posts\/160827\/revisions"}],"predecessor-version":[{"id":160832,"href":"https:\/\/www.copealcoy.es\/es\/wp-json\/wp\/v2\/posts\/160827\/revisions\/160832"}],"wp:featuredmedia":[{"embeddable":true,"href":"https:\/\/www.copealcoy.es\/es\/wp-json\/wp\/v2\/media\/160828"}],"wp:attachment":[{"href":"https:\/\/www.copealcoy.es\/es\/wp-json\/wp\/v2\/media?parent=160827"}],"wp:term":[{"taxonomy":"category","embeddable":true,"href":"https:\/\/www.copealcoy.es\/es\/wp-json\/wp\/v2\/categories?post=160827"},{"taxonomy":"post_tag","embeddable":true,"href":"https:\/\/www.copealcoy.es\/es\/wp-json\/wp\/v2\/tags?post=160827"}],"curies":[{"name":"wp","href":"https:\/\/api.w.org\/{rel}","templated":true}]}}