{"id":160793,"date":"2025-12-04T07:30:44","date_gmt":"2025-12-04T06:30:44","guid":{"rendered":"https:\/\/www.copealcoy.es\/?p=160793"},"modified":"2025-12-04T17:32:38","modified_gmt":"2025-12-04T16:32:38","slug":"informativo-matinal-jueves-4-de-diciembre-2025-0750h","status":"publish","type":"post","link":"https:\/\/www.copealcoy.es\/es\/informativo-matinal-jueves-4-de-diciembre-2025-0750h\/","title":{"rendered":"Informativo matinal jueves 4 de diciembre 2025 (07:50h)"},"content":{"rendered":"<p><iframe loading=\"lazy\" title=\"Informativo Matinal Jueves 4 De Diciembre 2025 (07:50h)\" width=\"100%\" height=\"120\" src=\"https:\/\/www.mixcloud.com\/widget\/iframe\/?feed=https%3A%2F%2Fwww.mixcloud.com%2FCOPEAlcoy%2Finformativo-matinal-jueves-4-de-diciembre-2025-0750h%2F&amp;hide_cover=1\" frameborder=\"0\" allow=\"encrypted-media; fullscreen; autoplay; idle-detection; speaker-selection; web-share;\"><\/iframe><\/p>\n<p style=\"text-align: justify;\">Hoy jueves <strong>os hemos contado que la Pe\u00f1a Fontilles recordar\u00e1 este s\u00e1bado el 75 aniversario de la visita de la Festa al Sanatorio de la Vall de Laguar<\/strong> con diferentes actividades. Tambi\u00e9n hemos recordado que <strong>Alcoy gana poblaci\u00f3n<\/strong> tal y como confirman los \u00faltimos datos del Instituto Nacional de Estad\u00edstica.<\/p>\n<p style=\"text-align: justify;\" data-start=\"134\" data-end=\"374\">Alcoy alcanza su mayor\u00a0<strong data-start=\"157\" data-end=\"170\">poblaci\u00f3n<\/strong>\u00a0desde 2008, con\u00a0<strong data-start=\"187\" data-end=\"208\">61.613 habitantes<\/strong>\u00a0a 1 de enero de 2025, seg\u00fan el\u00a0<strong data-start=\"240\" data-end=\"247\">INE<\/strong>. Esto representa un\u00a0<strong data-start=\"268\" data-end=\"289\">aumento sostenido<\/strong>\u00a0respecto a a\u00f1os anteriores:\u00a0<strong data-start=\"318\" data-end=\"331\">1.241 m\u00e1s<\/strong>\u00a0que en 2024 y\u00a0<strong data-start=\"346\" data-end=\"359\">2.120 m\u00e1s<\/strong>\u00a0que en 2023 tal\u00a0 como destacan desde el\u00a0<a href=\"https:\/\/www.alcoi.org\/ca\/portal\/index.html\" target=\"_blank\" rel=\"noopener\"><span style=\"color: #0000ff;\"><strong>Ayuntamiento<\/strong><\/span>\u00a0<\/a>de la ciudad.\u00a0 El\u00a0<strong data-start=\"379\" data-end=\"406\">incremento de poblaci\u00f3n<\/strong>\u00a0viene acompa\u00f1ado de mejores\u00a0<strong data-start=\"435\" data-end=\"460\">indicadores laborales<\/strong>. En noviembre de 2025, el\u00a0<strong data-start=\"487\" data-end=\"495\">paro<\/strong>\u00a0se situ\u00f3 en\u00a0<strong data-start=\"508\" data-end=\"526\">4.371 personas<\/strong>, frente a 5.063 en 2008, y los\u00a0<strong data-start=\"558\" data-end=\"593\">afiliados a la Seguridad Social<\/strong>\u00a0aumentaron a\u00a0<strong data-start=\"607\" data-end=\"617\">17.605<\/strong>, 907 m\u00e1s que en aquel a\u00f1o.<\/p>\n<p style=\"text-align: justify;\" data-start=\"648\" data-end=\"1024\">El\u00a0<strong data-start=\"651\" data-end=\"666\">crecimiento<\/strong>\u00a0se explica principalmente por un\u00a0<strong data-start=\"700\" data-end=\"729\">saldo migratorio positivo<\/strong>\u00a0y la llegada de nuevos\u00a0<strong data-start=\"753\" data-end=\"767\">residentes<\/strong>\u00a0atra\u00eddos por la\u00a0<strong data-start=\"784\" data-end=\"803\">calidad de vida<\/strong>\u00a0y\u00a0<strong data-start=\"806\" data-end=\"833\">oportunidades laborales<\/strong>. Adem\u00e1s, Alcoy cuenta con unos\u00a0<strong data-start=\"865\" data-end=\"886\">2.000 estudiantes<\/strong>\u00a0no empadronados, muchos de los cuales se establecen tras finalizar sus estudios, impulsando\u00a0<strong data-start=\"979\" data-end=\"1021\">proyectos empresariales y tecnol\u00f3gicos\u00a0<\/strong><em data-start=\"1064\" data-end=\"1140\">\u201cla ciudad seguir\u00e1 desarrollando proyectos para consolidar esta tendencia.<\/em>\u00a0<em data-start=\"1157\" data-end=\"1317\">Alcoy es cada vez m\u00e1s atractiva para vivir y retener talento gracias a la calidad de vida, movilidad, entorno natural y oferta cultural, deportiva y de ocio\u201d,\u00a0<\/em>se\u00f1ala el alcalde;\u00a0<strong>Toni Franc\u00e9s<\/strong>.<\/p>\n<p style=\"text-align: justify;\" data-start=\"648\" data-end=\"1024\">En lo que se refiere al citado n\u00famero de habitantes,\u00a0<strong>habr\u00eda que remontarse al a\u00f1o 2008<\/strong>\u00a0para encontrar un dato superior al de este 2025. En aquel momento se registraron 61.698 residentes y, exceptuando aquel a\u00f1o, la cifra actual es la m\u00e1s alta de los \u00faltimos treinta a\u00f1os.<\/p>\n","protected":false},"excerpt":{"rendered":"<p>Hoy jueves os hemos contado que la Pe\u00f1a Fontilles recordar\u00e1 este s\u00e1bado el 75 aniversario de la visita de la&#8230;<\/p>\n","protected":false},"author":1,"featured_media":147669,"comment_status":"closed","ping_status":"closed","sticky":false,"template":"","format":"standard","meta":{"footnotes":""},"categories":[6909,89,91,75],"tags":[],"class_list":["post-160793","post","type-post","status-publish","format-standard","has-post-thumbnail","hentry","category-actualidad","category-audiosdelosprogramas","category-informativos","category-noticias"],"yoast_head":"<!-- This site is optimized with the Yoast SEO plugin v27.3 - https:\/\/yoast.com\/product\/yoast-seo-wordpress\/ -->\n<title>Informativo matinal jueves 4 de diciembre 2025 (07:50h) - COPE Alcoy<\/title>\n<meta name=\"robots\" content=\"index, follow, max-snippet:-1, max-image-preview:large, max-video-preview:-1\" \/>\n<link rel=\"canonical\" href=\"https:\/\/www.copealcoy.es\/es\/informativo-matinal-jueves-4-de-diciembre-2025-0750h\/\" \/>\n<meta property=\"og:locale\" content=\"es_ES\" \/>\n<meta property=\"og:type\" content=\"article\" \/>\n<meta property=\"og:title\" content=\"Informativo matinal jueves 4 de diciembre 2025 (07:50h) - COPE Alcoy\" \/>\n<meta property=\"og:description\" content=\"Hoy jueves os hemos contado que la Pe\u00f1a Fontilles recordar\u00e1 este s\u00e1bado el 75 aniversario de la visita de la...\" \/>\n<meta property=\"og:url\" content=\"https:\/\/www.copealcoy.es\/es\/informativo-matinal-jueves-4-de-diciembre-2025-0750h\/\" \/>\n<meta property=\"og:site_name\" content=\"COPE Alcoy\" \/>\n<meta property=\"article:published_time\" content=\"2025-12-04T06:30:44+00:00\" \/>\n<meta property=\"article:modified_time\" content=\"2025-12-04T16:32:38+00:00\" \/>\n<meta property=\"og:image\" content=\"https:\/\/www.copealcoy.es\/wp-content\/uploads\/2025\/02\/Informativo-Matinal-Castellano.png\" \/>\n\t<meta property=\"og:image:width\" content=\"357\" \/>\n\t<meta property=\"og:image:height\" content=\"290\" \/>\n\t<meta property=\"og:image:type\" content=\"image\/png\" \/>\n<meta name=\"author\" content=\"Cope Alcoy\" \/>\n<meta name=\"twitter:label1\" content=\"Escrito por\" \/>\n\t<meta name=\"twitter:data1\" content=\"Cope Alcoy\" \/>\n\t<meta name=\"twitter:label2\" content=\"Tiempo de lectura\" \/>\n\t<meta name=\"twitter:data2\" content=\"2 minutos\" \/>\n<script type=\"application\/ld+json\" class=\"yoast-schema-graph\">{\"@context\":\"https:\\\/\\\/schema.org\",\"@graph\":[{\"@type\":\"Article\",\"@id\":\"https:\\\/\\\/www.copealcoy.es\\\/es\\\/informativo-matinal-jueves-4-de-diciembre-2025-0750h\\\/#article\",\"isPartOf\":{\"@id\":\"https:\\\/\\\/www.copealcoy.es\\\/es\\\/informativo-matinal-jueves-4-de-diciembre-2025-0750h\\\/\"},\"author\":{\"name\":\"Cope Alcoy\",\"@id\":\"https:\\\/\\\/www.copealcoy.es\\\/es\\\/#\\\/schema\\\/person\\\/e777c87fa024e57d40170af9df39882c\"},\"headline\":\"Informativo matinal jueves 4 de diciembre 2025 (07:50h)\",\"datePublished\":\"2025-12-04T06:30:44+00:00\",\"dateModified\":\"2025-12-04T16:32:38+00:00\",\"mainEntityOfPage\":{\"@id\":\"https:\\\/\\\/www.copealcoy.es\\\/es\\\/informativo-matinal-jueves-4-de-diciembre-2025-0750h\\\/\"},\"wordCount\":300,\"image\":{\"@id\":\"https:\\\/\\\/www.copealcoy.es\\\/es\\\/informativo-matinal-jueves-4-de-diciembre-2025-0750h\\\/#primaryimage\"},\"thumbnailUrl\":\"https:\\\/\\\/www.copealcoy.es\\\/wp-content\\\/uploads\\\/2025\\\/02\\\/Informativo-Matinal-Castellano.png\",\"articleSection\":[\"Actualidad\",\"Audios de los programas\",\"Informativos\",\"Noticias\"],\"inLanguage\":\"es\"},{\"@type\":\"WebPage\",\"@id\":\"https:\\\/\\\/www.copealcoy.es\\\/es\\\/informativo-matinal-jueves-4-de-diciembre-2025-0750h\\\/\",\"url\":\"https:\\\/\\\/www.copealcoy.es\\\/es\\\/informativo-matinal-jueves-4-de-diciembre-2025-0750h\\\/\",\"name\":\"Informativo matinal jueves 4 de diciembre 2025 (07:50h) - COPE Alcoy\",\"isPartOf\":{\"@id\":\"https:\\\/\\\/www.copealcoy.es\\\/es\\\/#website\"},\"primaryImageOfPage\":{\"@id\":\"https:\\\/\\\/www.copealcoy.es\\\/es\\\/informativo-matinal-jueves-4-de-diciembre-2025-0750h\\\/#primaryimage\"},\"image\":{\"@id\":\"https:\\\/\\\/www.copealcoy.es\\\/es\\\/informativo-matinal-jueves-4-de-diciembre-2025-0750h\\\/#primaryimage\"},\"thumbnailUrl\":\"https:\\\/\\\/www.copealcoy.es\\\/wp-content\\\/uploads\\\/2025\\\/02\\\/Informativo-Matinal-Castellano.png\",\"datePublished\":\"2025-12-04T06:30:44+00:00\",\"dateModified\":\"2025-12-04T16:32:38+00:00\",\"author\":{\"@id\":\"https:\\\/\\\/www.copealcoy.es\\\/es\\\/#\\\/schema\\\/person\\\/e777c87fa024e57d40170af9df39882c\"},\"breadcrumb\":{\"@id\":\"https:\\\/\\\/www.copealcoy.es\\\/es\\\/informativo-matinal-jueves-4-de-diciembre-2025-0750h\\\/#breadcrumb\"},\"inLanguage\":\"es\",\"potentialAction\":[{\"@type\":\"ReadAction\",\"target\":[\"https:\\\/\\\/www.copealcoy.es\\\/es\\\/informativo-matinal-jueves-4-de-diciembre-2025-0750h\\\/\"]}]},{\"@type\":\"ImageObject\",\"inLanguage\":\"es\",\"@id\":\"https:\\\/\\\/www.copealcoy.es\\\/es\\\/informativo-matinal-jueves-4-de-diciembre-2025-0750h\\\/#primaryimage\",\"url\":\"https:\\\/\\\/www.copealcoy.es\\\/wp-content\\\/uploads\\\/2025\\\/02\\\/Informativo-Matinal-Castellano.png\",\"contentUrl\":\"https:\\\/\\\/www.copealcoy.es\\\/wp-content\\\/uploads\\\/2025\\\/02\\\/Informativo-Matinal-Castellano.png\",\"width\":357,\"height\":290},{\"@type\":\"BreadcrumbList\",\"@id\":\"https:\\\/\\\/www.copealcoy.es\\\/es\\\/informativo-matinal-jueves-4-de-diciembre-2025-0750h\\\/#breadcrumb\",\"itemListElement\":[{\"@type\":\"ListItem\",\"position\":1,\"name\":\"Portada\",\"item\":\"https:\\\/\\\/www.copealcoy.es\\\/es\\\/\"},{\"@type\":\"ListItem\",\"position\":2,\"name\":\"Informativo matinal jueves 4 de diciembre 2025 (07:50h)\"}]},{\"@type\":\"WebSite\",\"@id\":\"https:\\\/\\\/www.copealcoy.es\\\/es\\\/#website\",\"url\":\"https:\\\/\\\/www.copealcoy.es\\\/es\\\/\",\"name\":\"COPE Alcoy\",\"description\":\"Emisora COPE de radio local con emisi\u00f3n online. Pont de Sant Jordi 8-10 03803 Alcoy\",\"potentialAction\":[{\"@type\":\"SearchAction\",\"target\":{\"@type\":\"EntryPoint\",\"urlTemplate\":\"https:\\\/\\\/www.copealcoy.es\\\/es\\\/?s={search_term_string}\"},\"query-input\":{\"@type\":\"PropertyValueSpecification\",\"valueRequired\":true,\"valueName\":\"search_term_string\"}}],\"inLanguage\":\"es\"},{\"@type\":\"Person\",\"@id\":\"https:\\\/\\\/www.copealcoy.es\\\/es\\\/#\\\/schema\\\/person\\\/e777c87fa024e57d40170af9df39882c\",\"name\":\"Cope Alcoy\",\"image\":{\"@type\":\"ImageObject\",\"inLanguage\":\"es\",\"@id\":\"https:\\\/\\\/secure.gravatar.com\\\/avatar\\\/bb65d0283347e303893ba14f0692005417c1e0e690a325a4c5d8bb2b3943ee14?s=96&d=mm&r=g\",\"url\":\"https:\\\/\\\/secure.gravatar.com\\\/avatar\\\/bb65d0283347e303893ba14f0692005417c1e0e690a325a4c5d8bb2b3943ee14?s=96&d=mm&r=g\",\"contentUrl\":\"https:\\\/\\\/secure.gravatar.com\\\/avatar\\\/bb65d0283347e303893ba14f0692005417c1e0e690a325a4c5d8bb2b3943ee14?s=96&d=mm&r=g\",\"caption\":\"Cope Alcoy\"}}]}<\/script>\n<!-- \/ Yoast SEO plugin. -->","yoast_head_json":{"title":"Informativo matinal jueves 4 de diciembre 2025 (07:50h) - COPE Alcoy","robots":{"index":"index","follow":"follow","max-snippet":"max-snippet:-1","max-image-preview":"max-image-preview:large","max-video-preview":"max-video-preview:-1"},"canonical":"https:\/\/www.copealcoy.es\/es\/informativo-matinal-jueves-4-de-diciembre-2025-0750h\/","og_locale":"es_ES","og_type":"article","og_title":"Informativo matinal jueves 4 de diciembre 2025 (07:50h) - COPE Alcoy","og_description":"Hoy jueves os hemos contado que la Pe\u00f1a Fontilles recordar\u00e1 este s\u00e1bado el 75 aniversario de la visita de la...","og_url":"https:\/\/www.copealcoy.es\/es\/informativo-matinal-jueves-4-de-diciembre-2025-0750h\/","og_site_name":"COPE Alcoy","article_published_time":"2025-12-04T06:30:44+00:00","article_modified_time":"2025-12-04T16:32:38+00:00","og_image":[{"width":357,"height":290,"url":"https:\/\/www.copealcoy.es\/wp-content\/uploads\/2025\/02\/Informativo-Matinal-Castellano.png","type":"image\/png"}],"author":"Cope Alcoy","twitter_misc":{"Escrito por":"Cope Alcoy","Tiempo de lectura":"2 minutos"},"schema":{"@context":"https:\/\/schema.org","@graph":[{"@type":"Article","@id":"https:\/\/www.copealcoy.es\/es\/informativo-matinal-jueves-4-de-diciembre-2025-0750h\/#article","isPartOf":{"@id":"https:\/\/www.copealcoy.es\/es\/informativo-matinal-jueves-4-de-diciembre-2025-0750h\/"},"author":{"name":"Cope Alcoy","@id":"https:\/\/www.copealcoy.es\/es\/#\/schema\/person\/e777c87fa024e57d40170af9df39882c"},"headline":"Informativo matinal jueves 4 de diciembre 2025 (07:50h)","datePublished":"2025-12-04T06:30:44+00:00","dateModified":"2025-12-04T16:32:38+00:00","mainEntityOfPage":{"@id":"https:\/\/www.copealcoy.es\/es\/informativo-matinal-jueves-4-de-diciembre-2025-0750h\/"},"wordCount":300,"image":{"@id":"https:\/\/www.copealcoy.es\/es\/informativo-matinal-jueves-4-de-diciembre-2025-0750h\/#primaryimage"},"thumbnailUrl":"https:\/\/www.copealcoy.es\/wp-content\/uploads\/2025\/02\/Informativo-Matinal-Castellano.png","articleSection":["Actualidad","Audios de los programas","Informativos","Noticias"],"inLanguage":"es"},{"@type":"WebPage","@id":"https:\/\/www.copealcoy.es\/es\/informativo-matinal-jueves-4-de-diciembre-2025-0750h\/","url":"https:\/\/www.copealcoy.es\/es\/informativo-matinal-jueves-4-de-diciembre-2025-0750h\/","name":"Informativo matinal jueves 4 de diciembre 2025 (07:50h) - COPE Alcoy","isPartOf":{"@id":"https:\/\/www.copealcoy.es\/es\/#website"},"primaryImageOfPage":{"@id":"https:\/\/www.copealcoy.es\/es\/informativo-matinal-jueves-4-de-diciembre-2025-0750h\/#primaryimage"},"image":{"@id":"https:\/\/www.copealcoy.es\/es\/informativo-matinal-jueves-4-de-diciembre-2025-0750h\/#primaryimage"},"thumbnailUrl":"https:\/\/www.copealcoy.es\/wp-content\/uploads\/2025\/02\/Informativo-Matinal-Castellano.png","datePublished":"2025-12-04T06:30:44+00:00","dateModified":"2025-12-04T16:32:38+00:00","author":{"@id":"https:\/\/www.copealcoy.es\/es\/#\/schema\/person\/e777c87fa024e57d40170af9df39882c"},"breadcrumb":{"@id":"https:\/\/www.copealcoy.es\/es\/informativo-matinal-jueves-4-de-diciembre-2025-0750h\/#breadcrumb"},"inLanguage":"es","potentialAction":[{"@type":"ReadAction","target":["https:\/\/www.copealcoy.es\/es\/informativo-matinal-jueves-4-de-diciembre-2025-0750h\/"]}]},{"@type":"ImageObject","inLanguage":"es","@id":"https:\/\/www.copealcoy.es\/es\/informativo-matinal-jueves-4-de-diciembre-2025-0750h\/#primaryimage","url":"https:\/\/www.copealcoy.es\/wp-content\/uploads\/2025\/02\/Informativo-Matinal-Castellano.png","contentUrl":"https:\/\/www.copealcoy.es\/wp-content\/uploads\/2025\/02\/Informativo-Matinal-Castellano.png","width":357,"height":290},{"@type":"BreadcrumbList","@id":"https:\/\/www.copealcoy.es\/es\/informativo-matinal-jueves-4-de-diciembre-2025-0750h\/#breadcrumb","itemListElement":[{"@type":"ListItem","position":1,"name":"Portada","item":"https:\/\/www.copealcoy.es\/es\/"},{"@type":"ListItem","position":2,"name":"Informativo matinal jueves 4 de diciembre 2025 (07:50h)"}]},{"@type":"WebSite","@id":"https:\/\/www.copealcoy.es\/es\/#website","url":"https:\/\/www.copealcoy.es\/es\/","name":"COPE Alcoy","description":"Emisora COPE de radio local con emisi\u00f3n online. Pont de Sant Jordi 8-10 03803 Alcoy","potentialAction":[{"@type":"SearchAction","target":{"@type":"EntryPoint","urlTemplate":"https:\/\/www.copealcoy.es\/es\/?s={search_term_string}"},"query-input":{"@type":"PropertyValueSpecification","valueRequired":true,"valueName":"search_term_string"}}],"inLanguage":"es"},{"@type":"Person","@id":"https:\/\/www.copealcoy.es\/es\/#\/schema\/person\/e777c87fa024e57d40170af9df39882c","name":"Cope Alcoy","image":{"@type":"ImageObject","inLanguage":"es","@id":"https:\/\/secure.gravatar.com\/avatar\/bb65d0283347e303893ba14f0692005417c1e0e690a325a4c5d8bb2b3943ee14?s=96&d=mm&r=g","url":"https:\/\/secure.gravatar.com\/avatar\/bb65d0283347e303893ba14f0692005417c1e0e690a325a4c5d8bb2b3943ee14?s=96&d=mm&r=g","contentUrl":"https:\/\/secure.gravatar.com\/avatar\/bb65d0283347e303893ba14f0692005417c1e0e690a325a4c5d8bb2b3943ee14?s=96&d=mm&r=g","caption":"Cope Alcoy"}}]}},"_links":{"self":[{"href":"https:\/\/www.copealcoy.es\/es\/wp-json\/wp\/v2\/posts\/160793","targetHints":{"allow":["GET"]}}],"collection":[{"href":"https:\/\/www.copealcoy.es\/es\/wp-json\/wp\/v2\/posts"}],"about":[{"href":"https:\/\/www.copealcoy.es\/es\/wp-json\/wp\/v2\/types\/post"}],"author":[{"embeddable":true,"href":"https:\/\/www.copealcoy.es\/es\/wp-json\/wp\/v2\/users\/1"}],"replies":[{"embeddable":true,"href":"https:\/\/www.copealcoy.es\/es\/wp-json\/wp\/v2\/comments?post=160793"}],"version-history":[{"count":1,"href":"https:\/\/www.copealcoy.es\/es\/wp-json\/wp\/v2\/posts\/160793\/revisions"}],"predecessor-version":[{"id":160794,"href":"https:\/\/www.copealcoy.es\/es\/wp-json\/wp\/v2\/posts\/160793\/revisions\/160794"}],"wp:featuredmedia":[{"embeddable":true,"href":"https:\/\/www.copealcoy.es\/es\/wp-json\/wp\/v2\/media\/147669"}],"wp:attachment":[{"href":"https:\/\/www.copealcoy.es\/es\/wp-json\/wp\/v2\/media?parent=160793"}],"wp:term":[{"taxonomy":"category","embeddable":true,"href":"https:\/\/www.copealcoy.es\/es\/wp-json\/wp\/v2\/categories?post=160793"},{"taxonomy":"post_tag","embeddable":true,"href":"https:\/\/www.copealcoy.es\/es\/wp-json\/wp\/v2\/tags?post=160793"}],"curies":[{"name":"wp","href":"https:\/\/api.w.org\/{rel}","templated":true}]}}