{"id":160738,"date":"2025-12-03T15:18:22","date_gmt":"2025-12-03T14:18:22","guid":{"rendered":"https:\/\/www.copealcoy.es\/?p=160738"},"modified":"2025-12-03T15:18:22","modified_gmt":"2025-12-03T14:18:22","slug":"el-nuevo-president-de-la-generalitat-reestructura-su-ejecutivo-asi-queda-el-nuevo-consell","status":"publish","type":"post","link":"https:\/\/www.copealcoy.es\/es\/el-nuevo-president-de-la-generalitat-reestructura-su-ejecutivo-asi-queda-el-nuevo-consell\/","title":{"rendered":"El nuevo President de la Generalitat reestructura su ejecutivo. As\u00ed queda el nuevo Consell"},"content":{"rendered":"<p style=\"text-align: justify;\" data-start=\"316\" data-end=\"697\">El <strong data-start=\"319\" data-end=\"359\">Consell de la <a href=\"https:\/\/www.gva.es\/es\/inicio\/presentacion\" target=\"_blank\" rel=\"noopener\"><span style=\"color: #0000ff;\">Generalitat Valenciana<\/span><\/a><\/strong> ha anunciado una profunda <strong data-start=\"386\" data-end=\"419\">remodelaci\u00f3n de su estructura<\/strong> con el objetivo de reforzar \u00e1reas consideradas prioritarias como la <strong data-start=\"488\" data-end=\"500\">vivienda<\/strong>, la <strong data-start=\"505\" data-end=\"517\">juventud<\/strong>, el <strong data-start=\"522\" data-end=\"532\">empleo<\/strong> y la <strong data-start=\"538\" data-end=\"550\">igualdad<\/strong>. La principal novedad es la creaci\u00f3n de una <strong data-start=\"595\" data-end=\"622\">Vicepresidencia Primera<\/strong>, que asumir\u00e1 estas competencias y estar\u00e1 dirigida por <strong data-start=\"677\" data-end=\"696\">Susana Camarero<\/strong>.<\/p>\n<p style=\"text-align: justify;\" data-start=\"742\" data-end=\"997\"><strong><span style=\"color: #0000ff;\">Reforzar pol\u00edticas transversales <\/span><\/strong><\/p>\n<p style=\"text-align: justify;\" data-start=\"742\" data-end=\"997\">El Ejecutivo auton\u00f3mico subraya que la <strong data-start=\"781\" data-end=\"793\">vivienda<\/strong> y el <strong data-start=\"799\" data-end=\"809\">empleo<\/strong> son <strong data-start=\"814\" data-end=\"843\">\u201cpol\u00edticas transversales\u201d<\/strong> en la Comunitat. En este sentido, se ha decidido integrar estas \u00e1reas con las de <strong data-start=\"925\" data-end=\"937\">igualdad<\/strong>, con el fin de darles una mayor visibilidad y coordinaci\u00f3n. El presidente de la Generalitat, <strong data-start=\"1032\" data-end=\"1057\">Juanfran P\u00e9rez Llorca<\/strong>, ha destacado esta prioridad: <em data-start=\"1088\" data-end=\"1189\">\u201cLa vivienda y el empleo son pol\u00edticas transversales a toda la actividad pol\u00edtica de la Valenciana\u201d<\/em>.<\/p>\n<p style=\"text-align: justify;\" data-start=\"1250\" data-end=\"1569\"><strong><span style=\"color: #0000ff;\">Nuevas vicepresidencias y estructura de Presidencia <\/span><\/strong><\/p>\n<p style=\"text-align: justify;\" data-start=\"1250\" data-end=\"1569\">Adem\u00e1s, se ha creado una <strong data-start=\"1275\" data-end=\"1302\">Vicepresidencia Segunda<\/strong>, que ser\u00e1 a su vez la <strong data-start=\"1325\" data-end=\"1355\">conselleria de Presidencia<\/strong>, bajo la direcci\u00f3n de <strong data-start=\"1378\" data-end=\"1391\">Pepe D\u00edez<\/strong>, hasta ahora director general de <strong data-start=\"1425\" data-end=\"1451\">Proyectos Estrat\u00e9gicos<\/strong>. Este departamento gestionar\u00e1 tambi\u00e9n la <strong data-start=\"1493\" data-end=\"1517\">pol\u00edtica ling\u00fc\u00edstica<\/strong> y contar\u00e1 con D\u00edez como <strong data-start=\"1542\" data-end=\"1568\">secretario del Consell<\/strong>.<\/p>\n<p style=\"text-align: justify;\" data-start=\"1571\" data-end=\"1650\">Para reforzar esta \u00e1rea, se incorporan tres nuevos <strong data-start=\"1622\" data-end=\"1649\">secretarios auton\u00f3micos<\/strong>: <strong data-start=\"1654\" data-end=\"1671\">Enar Molinero<\/strong> para Presidencia, <strong data-start=\"1695\" data-end=\"1721\">Jacobo Navarro Peralta <\/strong>responsable de An\u00e1lisis, Estudios y Pol\u00edticas P\u00fablicas y <strong data-start=\"1783\" data-end=\"1808\">Vicente Ordaz Soriano<\/strong>, en el \u00e1rea de Comunicaci\u00f3n.<\/p>\n<p style=\"text-align: justify;\" data-start=\"1889\" data-end=\"2279\"><strong><span style=\"color: #0000ff;\">Recuperaci\u00f3n, territorio y \u00e1reas econ\u00f3micas<\/span><\/strong><\/p>\n<p style=\"text-align: justify;\" data-start=\"1889\" data-end=\"2279\">En <strong data-start=\"1892\" data-end=\"1941\">Medio Ambiente, Infraestructuras y Territorio<\/strong> continuar\u00e1 <strong data-start=\"1953\" data-end=\"1977\">Vicente Mart\u00ednez Mus<\/strong>, aunque se introduce la figura del <strong data-start=\"2013\" data-end=\"2049\">comisionado para la recuperaci\u00f3n<\/strong>, que ser\u00e1 <strong data-start=\"2060\" data-end=\"2075\">Ra\u00fal M\u00e9rida<\/strong>. Su funci\u00f3n ser\u00e1 garantizar <em data-start=\"2104\" data-end=\"2146\">\u201cun mando claro y una coordinaci\u00f3n real\u201d<\/em> con ayuntamientos, sectores afectados y el Gobierno de Espa\u00f1a. Este departamento tambi\u00e9n recuperar\u00e1 las competencias de <strong data-start=\"2267\" data-end=\"2278\">energ\u00eda<\/strong>.<\/p>\n<p style=\"text-align: justify;\" data-start=\"2281\" data-end=\"2482\">La <strong data-start=\"2284\" data-end=\"2346\">Conselleria de Econom\u00eda, Hacienda y Administraci\u00f3n P\u00fablica<\/strong> estar\u00e1 dirigida por <strong data-start=\"2367\" data-end=\"2396\">Jos\u00e9 Antonio Rovira Jover<\/strong> e integrar\u00e1 \u00e1reas como la <strong data-start=\"2423\" data-end=\"2456\">simplificaci\u00f3n administrativa<\/strong> y la <strong data-start=\"2462\" data-end=\"2481\">funci\u00f3n p\u00fablica<\/strong>.<\/p>\n<p style=\"text-align: justify;\" data-start=\"2484\" data-end=\"2613\">En <strong data-start=\"2487\" data-end=\"2498\">Sanidad<\/strong> y <strong data-start=\"2501\" data-end=\"2527\">Emergencias e Interior<\/strong> no habr\u00e1 cambios: seguir\u00e1n al frente <strong data-start=\"2565\" data-end=\"2583\">Marciano G\u00f3mez<\/strong> y <strong data-start=\"2586\" data-end=\"2612\">Juan Carlos Valderrama<\/strong>.<\/p>\n<p style=\"text-align: justify;\" data-start=\"2664\" data-end=\"2825\"><strong><span style=\"color: #0000ff;\">Pol\u00edticas sociales, educaci\u00f3n e industria <\/span><\/strong><\/p>\n<p style=\"text-align: justify;\" data-start=\"2664\" data-end=\"2825\">La <strong data-start=\"2667\" data-end=\"2724\">Conselleria de Servicios Sociales, Familia e Infancia<\/strong> estar\u00e1 dirigida por <strong data-start=\"2745\" data-end=\"2762\">Elena Albalat<\/strong>, hasta ahora secretaria auton\u00f3mica del sistema sociosanitario.<\/p>\n<p style=\"text-align: justify;\" data-start=\"2827\" data-end=\"2973\">En <strong data-start=\"2830\" data-end=\"2843\">Educaci\u00f3n<\/strong>, que mantiene <strong data-start=\"2858\" data-end=\"2869\">Cultura<\/strong> y <strong data-start=\"2872\" data-end=\"2889\">Universidades<\/strong>, asumir\u00e1 la responsabilidad <strong data-start=\"2918\" data-end=\"2950\">Mar\u00eda del Carmen Ortiz Ferre<\/strong>, inspectora educativa.<\/p>\n<p style=\"text-align: justify;\" data-start=\"2975\" data-end=\"3122\">Por su parte, <strong data-start=\"2989\" data-end=\"3010\">Miguel Barrachina<\/strong> continuar\u00e1 liderando <strong data-start=\"3032\" data-end=\"3072\">Agricultura, Agua, Ganader\u00eda y Pesca<\/strong>, y asumir\u00e1 tambi\u00e9n la <strong data-start=\"3095\" data-end=\"3121\">portavoc\u00eda del Consell<\/strong>.<\/p>\n<p style=\"text-align: justify;\" data-start=\"3124\" data-end=\"3338\">Finalmente, <strong data-start=\"3136\" data-end=\"3162\">Nuria Mart\u00ednez S\u00e1nchez<\/strong> dirigir\u00e1 <strong data-start=\"3172\" data-end=\"3184\">Justicia<\/strong>, que incorpora <strong data-start=\"3200\" data-end=\"3233\">Transparencia y Participaci\u00f3n<\/strong>, mientras que <strong data-start=\"3248\" data-end=\"3270\">Marian Cano Garc\u00eda<\/strong> seguir\u00e1 al frente de <strong data-start=\"3292\" data-end=\"3337\">Industria, Turismo, Innovaci\u00f3n y Comercio<\/strong>.<\/p>\n","protected":false},"excerpt":{"rendered":"<p>El Consell de la Generalitat Valenciana ha anunciado una profunda remodelaci\u00f3n de su estructura con el objetivo de reforzar \u00e1reas&#8230;<\/p>\n","protected":false},"author":1,"featured_media":160739,"comment_status":"closed","ping_status":"closed","sticky":false,"template":"","format":"standard","meta":{"footnotes":""},"categories":[6909,97,75,79],"tags":[479,994,20391,4719],"class_list":["post-160738","post","type-post","status-publish","format-standard","has-post-thumbnail","hentry","category-actualidad","category-alcoy","category-noticias","category-politicayeconomia","tag-consell","tag-generalitat-valenciana","tag-juanfran-perez-llorca","tag-remodelacion"],"yoast_head":"<!-- This site is optimized with the Yoast SEO plugin v27.3 - https:\/\/yoast.com\/product\/yoast-seo-wordpress\/ -->\n<title>El nuevo President de la Generalitat reestructura su ejecutivo. As\u00ed queda el nuevo Consell - COPE Alcoy<\/title>\n<meta name=\"description\" content=\"El nuevo President de la Generalitat reestructura su ejecutivo. As\u00ed queda el nuevo Consell\" \/>\n<meta name=\"robots\" content=\"index, follow, max-snippet:-1, max-image-preview:large, max-video-preview:-1\" \/>\n<link rel=\"canonical\" href=\"https:\/\/www.copealcoy.es\/es\/el-nuevo-president-de-la-generalitat-reestructura-su-ejecutivo-asi-queda-el-nuevo-consell\/\" \/>\n<meta property=\"og:locale\" content=\"es_ES\" \/>\n<meta property=\"og:type\" content=\"article\" \/>\n<meta property=\"og:title\" content=\"El nuevo President de la Generalitat reestructura su ejecutivo. As\u00ed queda el nuevo Consell - COPE Alcoy\" \/>\n<meta property=\"og:description\" content=\"El nuevo President de la Generalitat reestructura su ejecutivo. As\u00ed queda el nuevo Consell\" \/>\n<meta property=\"og:url\" content=\"https:\/\/www.copealcoy.es\/es\/el-nuevo-president-de-la-generalitat-reestructura-su-ejecutivo-asi-queda-el-nuevo-consell\/\" \/>\n<meta property=\"og:site_name\" content=\"COPE Alcoy\" \/>\n<meta property=\"article:published_time\" content=\"2025-12-03T14:18:22+00:00\" \/>\n<meta property=\"og:image\" content=\"https:\/\/www.copealcoy.es\/wp-content\/uploads\/2025\/12\/Captura-de-Pantalla-2025-12-03-a-las-13.38.41.png\" \/>\n\t<meta property=\"og:image:width\" content=\"723\" \/>\n\t<meta property=\"og:image:height\" content=\"358\" \/>\n\t<meta property=\"og:image:type\" content=\"image\/png\" \/>\n<meta name=\"author\" content=\"Cope Alcoy\" \/>\n<meta name=\"twitter:label1\" content=\"Escrito por\" \/>\n\t<meta name=\"twitter:data1\" content=\"Cope Alcoy\" \/>\n\t<meta name=\"twitter:label2\" content=\"Tiempo de lectura\" \/>\n\t<meta name=\"twitter:data2\" content=\"3 minutos\" \/>\n<script type=\"application\/ld+json\" class=\"yoast-schema-graph\">{\"@context\":\"https:\\\/\\\/schema.org\",\"@graph\":[{\"@type\":\"Article\",\"@id\":\"https:\\\/\\\/www.copealcoy.es\\\/es\\\/el-nuevo-president-de-la-generalitat-reestructura-su-ejecutivo-asi-queda-el-nuevo-consell\\\/#article\",\"isPartOf\":{\"@id\":\"https:\\\/\\\/www.copealcoy.es\\\/es\\\/el-nuevo-president-de-la-generalitat-reestructura-su-ejecutivo-asi-queda-el-nuevo-consell\\\/\"},\"author\":{\"name\":\"Cope Alcoy\",\"@id\":\"https:\\\/\\\/www.copealcoy.es\\\/es\\\/#\\\/schema\\\/person\\\/e777c87fa024e57d40170af9df39882c\"},\"headline\":\"El nuevo President de la Generalitat reestructura su ejecutivo. As\u00ed queda el nuevo Consell\",\"datePublished\":\"2025-12-03T14:18:22+00:00\",\"mainEntityOfPage\":{\"@id\":\"https:\\\/\\\/www.copealcoy.es\\\/es\\\/el-nuevo-president-de-la-generalitat-reestructura-su-ejecutivo-asi-queda-el-nuevo-consell\\\/\"},\"wordCount\":460,\"image\":{\"@id\":\"https:\\\/\\\/www.copealcoy.es\\\/es\\\/el-nuevo-president-de-la-generalitat-reestructura-su-ejecutivo-asi-queda-el-nuevo-consell\\\/#primaryimage\"},\"thumbnailUrl\":\"https:\\\/\\\/www.copealcoy.es\\\/wp-content\\\/uploads\\\/2025\\\/12\\\/Captura-de-Pantalla-2025-12-03-a-las-13.38.41.png\",\"keywords\":[\"Consell\",\"Generalitat Valenciana\",\"Juanfran P\u00e9rez Llorca\",\"remodelaci\u00f3n\"],\"articleSection\":[\"Actualidad\",\"Alcoy\",\"Noticias\",\"Pol\u00edtica y Econom\u00eda\"],\"inLanguage\":\"es\"},{\"@type\":\"WebPage\",\"@id\":\"https:\\\/\\\/www.copealcoy.es\\\/es\\\/el-nuevo-president-de-la-generalitat-reestructura-su-ejecutivo-asi-queda-el-nuevo-consell\\\/\",\"url\":\"https:\\\/\\\/www.copealcoy.es\\\/es\\\/el-nuevo-president-de-la-generalitat-reestructura-su-ejecutivo-asi-queda-el-nuevo-consell\\\/\",\"name\":\"El nuevo President de la Generalitat reestructura su ejecutivo. As\u00ed queda el nuevo Consell - COPE Alcoy\",\"isPartOf\":{\"@id\":\"https:\\\/\\\/www.copealcoy.es\\\/es\\\/#website\"},\"primaryImageOfPage\":{\"@id\":\"https:\\\/\\\/www.copealcoy.es\\\/es\\\/el-nuevo-president-de-la-generalitat-reestructura-su-ejecutivo-asi-queda-el-nuevo-consell\\\/#primaryimage\"},\"image\":{\"@id\":\"https:\\\/\\\/www.copealcoy.es\\\/es\\\/el-nuevo-president-de-la-generalitat-reestructura-su-ejecutivo-asi-queda-el-nuevo-consell\\\/#primaryimage\"},\"thumbnailUrl\":\"https:\\\/\\\/www.copealcoy.es\\\/wp-content\\\/uploads\\\/2025\\\/12\\\/Captura-de-Pantalla-2025-12-03-a-las-13.38.41.png\",\"datePublished\":\"2025-12-03T14:18:22+00:00\",\"author\":{\"@id\":\"https:\\\/\\\/www.copealcoy.es\\\/es\\\/#\\\/schema\\\/person\\\/e777c87fa024e57d40170af9df39882c\"},\"description\":\"El nuevo President de la Generalitat reestructura su ejecutivo. As\u00ed queda el nuevo Consell\",\"breadcrumb\":{\"@id\":\"https:\\\/\\\/www.copealcoy.es\\\/es\\\/el-nuevo-president-de-la-generalitat-reestructura-su-ejecutivo-asi-queda-el-nuevo-consell\\\/#breadcrumb\"},\"inLanguage\":\"es\",\"potentialAction\":[{\"@type\":\"ReadAction\",\"target\":[\"https:\\\/\\\/www.copealcoy.es\\\/es\\\/el-nuevo-president-de-la-generalitat-reestructura-su-ejecutivo-asi-queda-el-nuevo-consell\\\/\"]}]},{\"@type\":\"ImageObject\",\"inLanguage\":\"es\",\"@id\":\"https:\\\/\\\/www.copealcoy.es\\\/es\\\/el-nuevo-president-de-la-generalitat-reestructura-su-ejecutivo-asi-queda-el-nuevo-consell\\\/#primaryimage\",\"url\":\"https:\\\/\\\/www.copealcoy.es\\\/wp-content\\\/uploads\\\/2025\\\/12\\\/Captura-de-Pantalla-2025-12-03-a-las-13.38.41.png\",\"contentUrl\":\"https:\\\/\\\/www.copealcoy.es\\\/wp-content\\\/uploads\\\/2025\\\/12\\\/Captura-de-Pantalla-2025-12-03-a-las-13.38.41.png\",\"width\":723,\"height\":358},{\"@type\":\"BreadcrumbList\",\"@id\":\"https:\\\/\\\/www.copealcoy.es\\\/es\\\/el-nuevo-president-de-la-generalitat-reestructura-su-ejecutivo-asi-queda-el-nuevo-consell\\\/#breadcrumb\",\"itemListElement\":[{\"@type\":\"ListItem\",\"position\":1,\"name\":\"Portada\",\"item\":\"https:\\\/\\\/www.copealcoy.es\\\/es\\\/\"},{\"@type\":\"ListItem\",\"position\":2,\"name\":\"El nuevo President de la Generalitat reestructura su ejecutivo. As\u00ed queda el nuevo Consell\"}]},{\"@type\":\"WebSite\",\"@id\":\"https:\\\/\\\/www.copealcoy.es\\\/es\\\/#website\",\"url\":\"https:\\\/\\\/www.copealcoy.es\\\/es\\\/\",\"name\":\"COPE Alcoy\",\"description\":\"Emisora COPE de radio local con emisi\u00f3n online. Pont de Sant Jordi 8-10 03803 Alcoy\",\"potentialAction\":[{\"@type\":\"SearchAction\",\"target\":{\"@type\":\"EntryPoint\",\"urlTemplate\":\"https:\\\/\\\/www.copealcoy.es\\\/es\\\/?s={search_term_string}\"},\"query-input\":{\"@type\":\"PropertyValueSpecification\",\"valueRequired\":true,\"valueName\":\"search_term_string\"}}],\"inLanguage\":\"es\"},{\"@type\":\"Person\",\"@id\":\"https:\\\/\\\/www.copealcoy.es\\\/es\\\/#\\\/schema\\\/person\\\/e777c87fa024e57d40170af9df39882c\",\"name\":\"Cope Alcoy\",\"image\":{\"@type\":\"ImageObject\",\"inLanguage\":\"es\",\"@id\":\"https:\\\/\\\/secure.gravatar.com\\\/avatar\\\/bb65d0283347e303893ba14f0692005417c1e0e690a325a4c5d8bb2b3943ee14?s=96&d=mm&r=g\",\"url\":\"https:\\\/\\\/secure.gravatar.com\\\/avatar\\\/bb65d0283347e303893ba14f0692005417c1e0e690a325a4c5d8bb2b3943ee14?s=96&d=mm&r=g\",\"contentUrl\":\"https:\\\/\\\/secure.gravatar.com\\\/avatar\\\/bb65d0283347e303893ba14f0692005417c1e0e690a325a4c5d8bb2b3943ee14?s=96&d=mm&r=g\",\"caption\":\"Cope Alcoy\"}}]}<\/script>\n<!-- \/ Yoast SEO plugin. -->","yoast_head_json":{"title":"El nuevo President de la Generalitat reestructura su ejecutivo. As\u00ed queda el nuevo Consell - COPE Alcoy","description":"El nuevo President de la Generalitat reestructura su ejecutivo. As\u00ed queda el nuevo Consell","robots":{"index":"index","follow":"follow","max-snippet":"max-snippet:-1","max-image-preview":"max-image-preview:large","max-video-preview":"max-video-preview:-1"},"canonical":"https:\/\/www.copealcoy.es\/es\/el-nuevo-president-de-la-generalitat-reestructura-su-ejecutivo-asi-queda-el-nuevo-consell\/","og_locale":"es_ES","og_type":"article","og_title":"El nuevo President de la Generalitat reestructura su ejecutivo. As\u00ed queda el nuevo Consell - COPE Alcoy","og_description":"El nuevo President de la Generalitat reestructura su ejecutivo. As\u00ed queda el nuevo Consell","og_url":"https:\/\/www.copealcoy.es\/es\/el-nuevo-president-de-la-generalitat-reestructura-su-ejecutivo-asi-queda-el-nuevo-consell\/","og_site_name":"COPE Alcoy","article_published_time":"2025-12-03T14:18:22+00:00","og_image":[{"width":723,"height":358,"url":"https:\/\/www.copealcoy.es\/wp-content\/uploads\/2025\/12\/Captura-de-Pantalla-2025-12-03-a-las-13.38.41.png","type":"image\/png"}],"author":"Cope Alcoy","twitter_misc":{"Escrito por":"Cope Alcoy","Tiempo de lectura":"3 minutos"},"schema":{"@context":"https:\/\/schema.org","@graph":[{"@type":"Article","@id":"https:\/\/www.copealcoy.es\/es\/el-nuevo-president-de-la-generalitat-reestructura-su-ejecutivo-asi-queda-el-nuevo-consell\/#article","isPartOf":{"@id":"https:\/\/www.copealcoy.es\/es\/el-nuevo-president-de-la-generalitat-reestructura-su-ejecutivo-asi-queda-el-nuevo-consell\/"},"author":{"name":"Cope Alcoy","@id":"https:\/\/www.copealcoy.es\/es\/#\/schema\/person\/e777c87fa024e57d40170af9df39882c"},"headline":"El nuevo President de la Generalitat reestructura su ejecutivo. As\u00ed queda el nuevo Consell","datePublished":"2025-12-03T14:18:22+00:00","mainEntityOfPage":{"@id":"https:\/\/www.copealcoy.es\/es\/el-nuevo-president-de-la-generalitat-reestructura-su-ejecutivo-asi-queda-el-nuevo-consell\/"},"wordCount":460,"image":{"@id":"https:\/\/www.copealcoy.es\/es\/el-nuevo-president-de-la-generalitat-reestructura-su-ejecutivo-asi-queda-el-nuevo-consell\/#primaryimage"},"thumbnailUrl":"https:\/\/www.copealcoy.es\/wp-content\/uploads\/2025\/12\/Captura-de-Pantalla-2025-12-03-a-las-13.38.41.png","keywords":["Consell","Generalitat Valenciana","Juanfran P\u00e9rez Llorca","remodelaci\u00f3n"],"articleSection":["Actualidad","Alcoy","Noticias","Pol\u00edtica y Econom\u00eda"],"inLanguage":"es"},{"@type":"WebPage","@id":"https:\/\/www.copealcoy.es\/es\/el-nuevo-president-de-la-generalitat-reestructura-su-ejecutivo-asi-queda-el-nuevo-consell\/","url":"https:\/\/www.copealcoy.es\/es\/el-nuevo-president-de-la-generalitat-reestructura-su-ejecutivo-asi-queda-el-nuevo-consell\/","name":"El nuevo President de la Generalitat reestructura su ejecutivo. As\u00ed queda el nuevo Consell - COPE Alcoy","isPartOf":{"@id":"https:\/\/www.copealcoy.es\/es\/#website"},"primaryImageOfPage":{"@id":"https:\/\/www.copealcoy.es\/es\/el-nuevo-president-de-la-generalitat-reestructura-su-ejecutivo-asi-queda-el-nuevo-consell\/#primaryimage"},"image":{"@id":"https:\/\/www.copealcoy.es\/es\/el-nuevo-president-de-la-generalitat-reestructura-su-ejecutivo-asi-queda-el-nuevo-consell\/#primaryimage"},"thumbnailUrl":"https:\/\/www.copealcoy.es\/wp-content\/uploads\/2025\/12\/Captura-de-Pantalla-2025-12-03-a-las-13.38.41.png","datePublished":"2025-12-03T14:18:22+00:00","author":{"@id":"https:\/\/www.copealcoy.es\/es\/#\/schema\/person\/e777c87fa024e57d40170af9df39882c"},"description":"El nuevo President de la Generalitat reestructura su ejecutivo. As\u00ed queda el nuevo Consell","breadcrumb":{"@id":"https:\/\/www.copealcoy.es\/es\/el-nuevo-president-de-la-generalitat-reestructura-su-ejecutivo-asi-queda-el-nuevo-consell\/#breadcrumb"},"inLanguage":"es","potentialAction":[{"@type":"ReadAction","target":["https:\/\/www.copealcoy.es\/es\/el-nuevo-president-de-la-generalitat-reestructura-su-ejecutivo-asi-queda-el-nuevo-consell\/"]}]},{"@type":"ImageObject","inLanguage":"es","@id":"https:\/\/www.copealcoy.es\/es\/el-nuevo-president-de-la-generalitat-reestructura-su-ejecutivo-asi-queda-el-nuevo-consell\/#primaryimage","url":"https:\/\/www.copealcoy.es\/wp-content\/uploads\/2025\/12\/Captura-de-Pantalla-2025-12-03-a-las-13.38.41.png","contentUrl":"https:\/\/www.copealcoy.es\/wp-content\/uploads\/2025\/12\/Captura-de-Pantalla-2025-12-03-a-las-13.38.41.png","width":723,"height":358},{"@type":"BreadcrumbList","@id":"https:\/\/www.copealcoy.es\/es\/el-nuevo-president-de-la-generalitat-reestructura-su-ejecutivo-asi-queda-el-nuevo-consell\/#breadcrumb","itemListElement":[{"@type":"ListItem","position":1,"name":"Portada","item":"https:\/\/www.copealcoy.es\/es\/"},{"@type":"ListItem","position":2,"name":"El nuevo President de la Generalitat reestructura su ejecutivo. As\u00ed queda el nuevo Consell"}]},{"@type":"WebSite","@id":"https:\/\/www.copealcoy.es\/es\/#website","url":"https:\/\/www.copealcoy.es\/es\/","name":"COPE Alcoy","description":"Emisora COPE de radio local con emisi\u00f3n online. Pont de Sant Jordi 8-10 03803 Alcoy","potentialAction":[{"@type":"SearchAction","target":{"@type":"EntryPoint","urlTemplate":"https:\/\/www.copealcoy.es\/es\/?s={search_term_string}"},"query-input":{"@type":"PropertyValueSpecification","valueRequired":true,"valueName":"search_term_string"}}],"inLanguage":"es"},{"@type":"Person","@id":"https:\/\/www.copealcoy.es\/es\/#\/schema\/person\/e777c87fa024e57d40170af9df39882c","name":"Cope Alcoy","image":{"@type":"ImageObject","inLanguage":"es","@id":"https:\/\/secure.gravatar.com\/avatar\/bb65d0283347e303893ba14f0692005417c1e0e690a325a4c5d8bb2b3943ee14?s=96&d=mm&r=g","url":"https:\/\/secure.gravatar.com\/avatar\/bb65d0283347e303893ba14f0692005417c1e0e690a325a4c5d8bb2b3943ee14?s=96&d=mm&r=g","contentUrl":"https:\/\/secure.gravatar.com\/avatar\/bb65d0283347e303893ba14f0692005417c1e0e690a325a4c5d8bb2b3943ee14?s=96&d=mm&r=g","caption":"Cope Alcoy"}}]}},"_links":{"self":[{"href":"https:\/\/www.copealcoy.es\/es\/wp-json\/wp\/v2\/posts\/160738","targetHints":{"allow":["GET"]}}],"collection":[{"href":"https:\/\/www.copealcoy.es\/es\/wp-json\/wp\/v2\/posts"}],"about":[{"href":"https:\/\/www.copealcoy.es\/es\/wp-json\/wp\/v2\/types\/post"}],"author":[{"embeddable":true,"href":"https:\/\/www.copealcoy.es\/es\/wp-json\/wp\/v2\/users\/1"}],"replies":[{"embeddable":true,"href":"https:\/\/www.copealcoy.es\/es\/wp-json\/wp\/v2\/comments?post=160738"}],"version-history":[{"count":1,"href":"https:\/\/www.copealcoy.es\/es\/wp-json\/wp\/v2\/posts\/160738\/revisions"}],"predecessor-version":[{"id":160741,"href":"https:\/\/www.copealcoy.es\/es\/wp-json\/wp\/v2\/posts\/160738\/revisions\/160741"}],"wp:featuredmedia":[{"embeddable":true,"href":"https:\/\/www.copealcoy.es\/es\/wp-json\/wp\/v2\/media\/160739"}],"wp:attachment":[{"href":"https:\/\/www.copealcoy.es\/es\/wp-json\/wp\/v2\/media?parent=160738"}],"wp:term":[{"taxonomy":"category","embeddable":true,"href":"https:\/\/www.copealcoy.es\/es\/wp-json\/wp\/v2\/categories?post=160738"},{"taxonomy":"post_tag","embeddable":true,"href":"https:\/\/www.copealcoy.es\/es\/wp-json\/wp\/v2\/tags?post=160738"}],"curies":[{"name":"wp","href":"https:\/\/api.w.org\/{rel}","templated":true}]}}