{"id":160731,"date":"2025-12-04T09:00:22","date_gmt":"2025-12-04T08:00:22","guid":{"rendered":"https:\/\/www.copealcoy.es\/?p=160731"},"modified":"2025-12-04T15:47:20","modified_gmt":"2025-12-04T14:47:20","slug":"cocentaina-mantiene-su-apuesta-por-la-mejora-de-los-caminos-de-su-termino-municipal","status":"publish","type":"post","link":"https:\/\/www.copealcoy.es\/es\/cocentaina-mantiene-su-apuesta-por-la-mejora-de-los-caminos-de-su-termino-municipal\/","title":{"rendered":"Cocentaina mantiene su apuesta por la mejora de los caminos de su t\u00e9rmino municipal"},"content":{"rendered":"<p style=\"text-align: justify;\" data-start=\"298\" data-end=\"642\">El <a href=\"https:\/\/www.cocentaina.es\/\" target=\"_blank\" rel=\"noopener\"><span style=\"color: #0000ff;\"><strong>Ayuntamiento de Cocentaina<\/strong><\/span><\/a> sigue adelante con su plan de mantenimiento y mejora del entorno rural. En esta ocasi\u00f3n, se han ejecutado trabajos de conservaci\u00f3n y reparaci\u00f3n en los caminos de <strong data-start=\"490\" data-end=\"501\">Penella<\/strong> y <strong data-start=\"504\" data-end=\"516\">Terratge<\/strong>, donde se ha colocado un nuevo firme asf\u00e1ltico con el objetivo de garantizar un acceso m\u00e1s c\u00f3modo y seguro para las pedan\u00edas.<\/p>\n<p style=\"text-align: justify;\" data-start=\"644\" data-end=\"960\">El alcalde de Cocentaina y edil de Obras, <strong data-start=\"686\" data-end=\"701\">Rub\u00e9n Mu\u00f1oz<\/strong>, destaca la importancia de estas actuaciones y se\u00f1ala que e<em data-start=\"750\" data-end=\"960\">n esta <\/em>ocasi\u00f3n se ha realizado una inversi\u00f3n de 36.000 euros <em data-start=\"1059\" data-end=\"1424\">\u201chemos actuado en la zona que da acceso a la pedan\u00eda de Penella y tambi\u00e9n a la del Terratge. Esta actuaci\u00f3n forma parte de este plan continuo que tiene como objetivo garantizar unas v\u00edas de acceso seguras y eficientes tanto para nuestros agricultores como para todos los vecinos y vecinas que utilizan estas infraestructuras como parte de su actividad cotidiana&#8221;, <\/em>afirma. Con esta nueva inversi\u00f3n, el Ayuntamiento mantiene la apuesta por mejorar la extensa red de caminos rurales con los que cuenta el t\u00e9rmino municipal de la Villa Condal; unas infraestructuras que registran a diario un importante uso \u00a0&#8220;d<em data-start=\"1878\" data-end=\"2199\">esde el Ayuntamiento de Cocentaina queremos reiterar que nuestra prioridad es continuar invirtiendo de manera planificada y responsable en aquellos espacios que vertebran nuestro territorio y que son imprescindibles para garantizar un municipio bien comunicado, seguro y preparado para afrontar los retos del futuro&#8221;, <\/em>concluye Mu\u00f1oz.<\/p>\n<p style=\"text-align: justify;\" data-start=\"644\" data-end=\"960\">Con este proyecto se superan ya los <strong data-start=\"1482\" data-end=\"1499\">100.000 euros<\/strong> destinados durante la legislatura a la reparaci\u00f3n de caminos\u00a0 rurales. La cuant\u00eda econ\u00f3mica, tal y como recuerda el gobierno local contestano, engloba tambi\u00e9n la modernizaci\u00f3n de otras infraestructuras b\u00e1sicas del municipio.<\/p>\n","protected":false},"excerpt":{"rendered":"<p>El Ayuntamiento de Cocentaina sigue adelante con su plan de mantenimiento y mejora del entorno rural. En esta ocasi\u00f3n, se&#8230;<\/p>\n","protected":false},"author":1,"featured_media":160732,"comment_status":"closed","ping_status":"closed","sticky":false,"template":"","format":"standard","meta":{"footnotes":""},"categories":[6909,98,75],"tags":[518,132,164,222,13227],"class_list":["post-160731","post","type-post","status-publish","format-standard","has-post-thumbnail","hentry","category-actualidad","category-comarcas","category-noticias","tag-caminos-rurales","tag-cocentaina","tag-mejoras","tag-reparacion","tag-ruben-munoz"],"yoast_head":"<!-- This site is optimized with the Yoast SEO plugin v27.3 - https:\/\/yoast.com\/product\/yoast-seo-wordpress\/ -->\n<title>Cocentaina mantiene su apuesta por la mejora de los caminos de su t\u00e9rmino municipal - COPE Alcoy<\/title>\n<meta name=\"description\" content=\"Cocentaina mantiene su apuesta por la mejora de los caminos de su t\u00e9rmino municipal\" \/>\n<meta name=\"robots\" content=\"index, follow, max-snippet:-1, max-image-preview:large, max-video-preview:-1\" \/>\n<link rel=\"canonical\" href=\"https:\/\/www.copealcoy.es\/es\/cocentaina-mantiene-su-apuesta-por-la-mejora-de-los-caminos-de-su-termino-municipal\/\" \/>\n<meta property=\"og:locale\" content=\"es_ES\" \/>\n<meta property=\"og:type\" content=\"article\" \/>\n<meta property=\"og:title\" content=\"Cocentaina mantiene su apuesta por la mejora de los caminos de su t\u00e9rmino municipal - COPE Alcoy\" \/>\n<meta property=\"og:description\" content=\"Cocentaina mantiene su apuesta por la mejora de los caminos de su t\u00e9rmino municipal\" \/>\n<meta property=\"og:url\" content=\"https:\/\/www.copealcoy.es\/es\/cocentaina-mantiene-su-apuesta-por-la-mejora-de-los-caminos-de-su-termino-municipal\/\" \/>\n<meta property=\"og:site_name\" content=\"COPE Alcoy\" \/>\n<meta property=\"article:published_time\" content=\"2025-12-04T08:00:22+00:00\" \/>\n<meta property=\"article:modified_time\" content=\"2025-12-04T14:47:20+00:00\" \/>\n<meta property=\"og:image\" content=\"https:\/\/www.copealcoy.es\/wp-content\/uploads\/2025\/12\/WhatsApp-Image-2025-12-03-at-9.35.36-AM-3.jpeg\" \/>\n\t<meta property=\"og:image:width\" content=\"1200\" \/>\n\t<meta property=\"og:image:height\" content=\"683\" \/>\n\t<meta property=\"og:image:type\" content=\"image\/jpeg\" \/>\n<meta name=\"author\" content=\"Cope Alcoy\" \/>\n<meta name=\"twitter:label1\" content=\"Escrito por\" \/>\n\t<meta name=\"twitter:data1\" content=\"Cope Alcoy\" \/>\n\t<meta name=\"twitter:label2\" content=\"Tiempo de lectura\" \/>\n\t<meta name=\"twitter:data2\" content=\"2 minutos\" \/>\n<script type=\"application\/ld+json\" class=\"yoast-schema-graph\">{\"@context\":\"https:\\\/\\\/schema.org\",\"@graph\":[{\"@type\":\"Article\",\"@id\":\"https:\\\/\\\/www.copealcoy.es\\\/es\\\/cocentaina-mantiene-su-apuesta-por-la-mejora-de-los-caminos-de-su-termino-municipal\\\/#article\",\"isPartOf\":{\"@id\":\"https:\\\/\\\/www.copealcoy.es\\\/es\\\/cocentaina-mantiene-su-apuesta-por-la-mejora-de-los-caminos-de-su-termino-municipal\\\/\"},\"author\":{\"name\":\"Cope Alcoy\",\"@id\":\"https:\\\/\\\/www.copealcoy.es\\\/es\\\/#\\\/schema\\\/person\\\/e777c87fa024e57d40170af9df39882c\"},\"headline\":\"Cocentaina mantiene su apuesta por la mejora de los caminos de su t\u00e9rmino municipal\",\"datePublished\":\"2025-12-04T08:00:22+00:00\",\"dateModified\":\"2025-12-04T14:47:20+00:00\",\"mainEntityOfPage\":{\"@id\":\"https:\\\/\\\/www.copealcoy.es\\\/es\\\/cocentaina-mantiene-su-apuesta-por-la-mejora-de-los-caminos-de-su-termino-municipal\\\/\"},\"wordCount\":308,\"image\":{\"@id\":\"https:\\\/\\\/www.copealcoy.es\\\/es\\\/cocentaina-mantiene-su-apuesta-por-la-mejora-de-los-caminos-de-su-termino-municipal\\\/#primaryimage\"},\"thumbnailUrl\":\"https:\\\/\\\/www.copealcoy.es\\\/wp-content\\\/uploads\\\/2025\\\/12\\\/WhatsApp-Image-2025-12-03-at-9.35.36-AM-3.jpeg\",\"keywords\":[\"Caminos Rurales\",\"Cocentaina\",\"Mejoras\",\"Reparaci\u00f3n\",\"Rub\u00e9n Mu\u00f1oz\"],\"articleSection\":[\"Actualidad\",\"Comarcas\",\"Noticias\"],\"inLanguage\":\"es\"},{\"@type\":\"WebPage\",\"@id\":\"https:\\\/\\\/www.copealcoy.es\\\/es\\\/cocentaina-mantiene-su-apuesta-por-la-mejora-de-los-caminos-de-su-termino-municipal\\\/\",\"url\":\"https:\\\/\\\/www.copealcoy.es\\\/es\\\/cocentaina-mantiene-su-apuesta-por-la-mejora-de-los-caminos-de-su-termino-municipal\\\/\",\"name\":\"Cocentaina mantiene su apuesta por la mejora de los caminos de su t\u00e9rmino municipal - COPE Alcoy\",\"isPartOf\":{\"@id\":\"https:\\\/\\\/www.copealcoy.es\\\/es\\\/#website\"},\"primaryImageOfPage\":{\"@id\":\"https:\\\/\\\/www.copealcoy.es\\\/es\\\/cocentaina-mantiene-su-apuesta-por-la-mejora-de-los-caminos-de-su-termino-municipal\\\/#primaryimage\"},\"image\":{\"@id\":\"https:\\\/\\\/www.copealcoy.es\\\/es\\\/cocentaina-mantiene-su-apuesta-por-la-mejora-de-los-caminos-de-su-termino-municipal\\\/#primaryimage\"},\"thumbnailUrl\":\"https:\\\/\\\/www.copealcoy.es\\\/wp-content\\\/uploads\\\/2025\\\/12\\\/WhatsApp-Image-2025-12-03-at-9.35.36-AM-3.jpeg\",\"datePublished\":\"2025-12-04T08:00:22+00:00\",\"dateModified\":\"2025-12-04T14:47:20+00:00\",\"author\":{\"@id\":\"https:\\\/\\\/www.copealcoy.es\\\/es\\\/#\\\/schema\\\/person\\\/e777c87fa024e57d40170af9df39882c\"},\"description\":\"Cocentaina mantiene su apuesta por la mejora de los caminos de su t\u00e9rmino municipal\",\"breadcrumb\":{\"@id\":\"https:\\\/\\\/www.copealcoy.es\\\/es\\\/cocentaina-mantiene-su-apuesta-por-la-mejora-de-los-caminos-de-su-termino-municipal\\\/#breadcrumb\"},\"inLanguage\":\"es\",\"potentialAction\":[{\"@type\":\"ReadAction\",\"target\":[\"https:\\\/\\\/www.copealcoy.es\\\/es\\\/cocentaina-mantiene-su-apuesta-por-la-mejora-de-los-caminos-de-su-termino-municipal\\\/\"]}]},{\"@type\":\"ImageObject\",\"inLanguage\":\"es\",\"@id\":\"https:\\\/\\\/www.copealcoy.es\\\/es\\\/cocentaina-mantiene-su-apuesta-por-la-mejora-de-los-caminos-de-su-termino-municipal\\\/#primaryimage\",\"url\":\"https:\\\/\\\/www.copealcoy.es\\\/wp-content\\\/uploads\\\/2025\\\/12\\\/WhatsApp-Image-2025-12-03-at-9.35.36-AM-3.jpeg\",\"contentUrl\":\"https:\\\/\\\/www.copealcoy.es\\\/wp-content\\\/uploads\\\/2025\\\/12\\\/WhatsApp-Image-2025-12-03-at-9.35.36-AM-3.jpeg\",\"width\":1200,\"height\":683},{\"@type\":\"BreadcrumbList\",\"@id\":\"https:\\\/\\\/www.copealcoy.es\\\/es\\\/cocentaina-mantiene-su-apuesta-por-la-mejora-de-los-caminos-de-su-termino-municipal\\\/#breadcrumb\",\"itemListElement\":[{\"@type\":\"ListItem\",\"position\":1,\"name\":\"Portada\",\"item\":\"https:\\\/\\\/www.copealcoy.es\\\/es\\\/\"},{\"@type\":\"ListItem\",\"position\":2,\"name\":\"Cocentaina mantiene su apuesta por la mejora de los caminos de su t\u00e9rmino municipal\"}]},{\"@type\":\"WebSite\",\"@id\":\"https:\\\/\\\/www.copealcoy.es\\\/es\\\/#website\",\"url\":\"https:\\\/\\\/www.copealcoy.es\\\/es\\\/\",\"name\":\"COPE Alcoy\",\"description\":\"Emisora COPE de radio local con emisi\u00f3n online. Pont de Sant Jordi 8-10 03803 Alcoy\",\"potentialAction\":[{\"@type\":\"SearchAction\",\"target\":{\"@type\":\"EntryPoint\",\"urlTemplate\":\"https:\\\/\\\/www.copealcoy.es\\\/es\\\/?s={search_term_string}\"},\"query-input\":{\"@type\":\"PropertyValueSpecification\",\"valueRequired\":true,\"valueName\":\"search_term_string\"}}],\"inLanguage\":\"es\"},{\"@type\":\"Person\",\"@id\":\"https:\\\/\\\/www.copealcoy.es\\\/es\\\/#\\\/schema\\\/person\\\/e777c87fa024e57d40170af9df39882c\",\"name\":\"Cope Alcoy\",\"image\":{\"@type\":\"ImageObject\",\"inLanguage\":\"es\",\"@id\":\"https:\\\/\\\/secure.gravatar.com\\\/avatar\\\/bb65d0283347e303893ba14f0692005417c1e0e690a325a4c5d8bb2b3943ee14?s=96&d=mm&r=g\",\"url\":\"https:\\\/\\\/secure.gravatar.com\\\/avatar\\\/bb65d0283347e303893ba14f0692005417c1e0e690a325a4c5d8bb2b3943ee14?s=96&d=mm&r=g\",\"contentUrl\":\"https:\\\/\\\/secure.gravatar.com\\\/avatar\\\/bb65d0283347e303893ba14f0692005417c1e0e690a325a4c5d8bb2b3943ee14?s=96&d=mm&r=g\",\"caption\":\"Cope Alcoy\"}}]}<\/script>\n<!-- \/ Yoast SEO plugin. -->","yoast_head_json":{"title":"Cocentaina mantiene su apuesta por la mejora de los caminos de su t\u00e9rmino municipal - COPE Alcoy","description":"Cocentaina mantiene su apuesta por la mejora de los caminos de su t\u00e9rmino municipal","robots":{"index":"index","follow":"follow","max-snippet":"max-snippet:-1","max-image-preview":"max-image-preview:large","max-video-preview":"max-video-preview:-1"},"canonical":"https:\/\/www.copealcoy.es\/es\/cocentaina-mantiene-su-apuesta-por-la-mejora-de-los-caminos-de-su-termino-municipal\/","og_locale":"es_ES","og_type":"article","og_title":"Cocentaina mantiene su apuesta por la mejora de los caminos de su t\u00e9rmino municipal - COPE Alcoy","og_description":"Cocentaina mantiene su apuesta por la mejora de los caminos de su t\u00e9rmino municipal","og_url":"https:\/\/www.copealcoy.es\/es\/cocentaina-mantiene-su-apuesta-por-la-mejora-de-los-caminos-de-su-termino-municipal\/","og_site_name":"COPE Alcoy","article_published_time":"2025-12-04T08:00:22+00:00","article_modified_time":"2025-12-04T14:47:20+00:00","og_image":[{"width":1200,"height":683,"url":"https:\/\/www.copealcoy.es\/wp-content\/uploads\/2025\/12\/WhatsApp-Image-2025-12-03-at-9.35.36-AM-3.jpeg","type":"image\/jpeg"}],"author":"Cope Alcoy","twitter_misc":{"Escrito por":"Cope Alcoy","Tiempo de lectura":"2 minutos"},"schema":{"@context":"https:\/\/schema.org","@graph":[{"@type":"Article","@id":"https:\/\/www.copealcoy.es\/es\/cocentaina-mantiene-su-apuesta-por-la-mejora-de-los-caminos-de-su-termino-municipal\/#article","isPartOf":{"@id":"https:\/\/www.copealcoy.es\/es\/cocentaina-mantiene-su-apuesta-por-la-mejora-de-los-caminos-de-su-termino-municipal\/"},"author":{"name":"Cope Alcoy","@id":"https:\/\/www.copealcoy.es\/es\/#\/schema\/person\/e777c87fa024e57d40170af9df39882c"},"headline":"Cocentaina mantiene su apuesta por la mejora de los caminos de su t\u00e9rmino municipal","datePublished":"2025-12-04T08:00:22+00:00","dateModified":"2025-12-04T14:47:20+00:00","mainEntityOfPage":{"@id":"https:\/\/www.copealcoy.es\/es\/cocentaina-mantiene-su-apuesta-por-la-mejora-de-los-caminos-de-su-termino-municipal\/"},"wordCount":308,"image":{"@id":"https:\/\/www.copealcoy.es\/es\/cocentaina-mantiene-su-apuesta-por-la-mejora-de-los-caminos-de-su-termino-municipal\/#primaryimage"},"thumbnailUrl":"https:\/\/www.copealcoy.es\/wp-content\/uploads\/2025\/12\/WhatsApp-Image-2025-12-03-at-9.35.36-AM-3.jpeg","keywords":["Caminos Rurales","Cocentaina","Mejoras","Reparaci\u00f3n","Rub\u00e9n Mu\u00f1oz"],"articleSection":["Actualidad","Comarcas","Noticias"],"inLanguage":"es"},{"@type":"WebPage","@id":"https:\/\/www.copealcoy.es\/es\/cocentaina-mantiene-su-apuesta-por-la-mejora-de-los-caminos-de-su-termino-municipal\/","url":"https:\/\/www.copealcoy.es\/es\/cocentaina-mantiene-su-apuesta-por-la-mejora-de-los-caminos-de-su-termino-municipal\/","name":"Cocentaina mantiene su apuesta por la mejora de los caminos de su t\u00e9rmino municipal - COPE Alcoy","isPartOf":{"@id":"https:\/\/www.copealcoy.es\/es\/#website"},"primaryImageOfPage":{"@id":"https:\/\/www.copealcoy.es\/es\/cocentaina-mantiene-su-apuesta-por-la-mejora-de-los-caminos-de-su-termino-municipal\/#primaryimage"},"image":{"@id":"https:\/\/www.copealcoy.es\/es\/cocentaina-mantiene-su-apuesta-por-la-mejora-de-los-caminos-de-su-termino-municipal\/#primaryimage"},"thumbnailUrl":"https:\/\/www.copealcoy.es\/wp-content\/uploads\/2025\/12\/WhatsApp-Image-2025-12-03-at-9.35.36-AM-3.jpeg","datePublished":"2025-12-04T08:00:22+00:00","dateModified":"2025-12-04T14:47:20+00:00","author":{"@id":"https:\/\/www.copealcoy.es\/es\/#\/schema\/person\/e777c87fa024e57d40170af9df39882c"},"description":"Cocentaina mantiene su apuesta por la mejora de los caminos de su t\u00e9rmino municipal","breadcrumb":{"@id":"https:\/\/www.copealcoy.es\/es\/cocentaina-mantiene-su-apuesta-por-la-mejora-de-los-caminos-de-su-termino-municipal\/#breadcrumb"},"inLanguage":"es","potentialAction":[{"@type":"ReadAction","target":["https:\/\/www.copealcoy.es\/es\/cocentaina-mantiene-su-apuesta-por-la-mejora-de-los-caminos-de-su-termino-municipal\/"]}]},{"@type":"ImageObject","inLanguage":"es","@id":"https:\/\/www.copealcoy.es\/es\/cocentaina-mantiene-su-apuesta-por-la-mejora-de-los-caminos-de-su-termino-municipal\/#primaryimage","url":"https:\/\/www.copealcoy.es\/wp-content\/uploads\/2025\/12\/WhatsApp-Image-2025-12-03-at-9.35.36-AM-3.jpeg","contentUrl":"https:\/\/www.copealcoy.es\/wp-content\/uploads\/2025\/12\/WhatsApp-Image-2025-12-03-at-9.35.36-AM-3.jpeg","width":1200,"height":683},{"@type":"BreadcrumbList","@id":"https:\/\/www.copealcoy.es\/es\/cocentaina-mantiene-su-apuesta-por-la-mejora-de-los-caminos-de-su-termino-municipal\/#breadcrumb","itemListElement":[{"@type":"ListItem","position":1,"name":"Portada","item":"https:\/\/www.copealcoy.es\/es\/"},{"@type":"ListItem","position":2,"name":"Cocentaina mantiene su apuesta por la mejora de los caminos de su t\u00e9rmino municipal"}]},{"@type":"WebSite","@id":"https:\/\/www.copealcoy.es\/es\/#website","url":"https:\/\/www.copealcoy.es\/es\/","name":"COPE Alcoy","description":"Emisora COPE de radio local con emisi\u00f3n online. Pont de Sant Jordi 8-10 03803 Alcoy","potentialAction":[{"@type":"SearchAction","target":{"@type":"EntryPoint","urlTemplate":"https:\/\/www.copealcoy.es\/es\/?s={search_term_string}"},"query-input":{"@type":"PropertyValueSpecification","valueRequired":true,"valueName":"search_term_string"}}],"inLanguage":"es"},{"@type":"Person","@id":"https:\/\/www.copealcoy.es\/es\/#\/schema\/person\/e777c87fa024e57d40170af9df39882c","name":"Cope Alcoy","image":{"@type":"ImageObject","inLanguage":"es","@id":"https:\/\/secure.gravatar.com\/avatar\/bb65d0283347e303893ba14f0692005417c1e0e690a325a4c5d8bb2b3943ee14?s=96&d=mm&r=g","url":"https:\/\/secure.gravatar.com\/avatar\/bb65d0283347e303893ba14f0692005417c1e0e690a325a4c5d8bb2b3943ee14?s=96&d=mm&r=g","contentUrl":"https:\/\/secure.gravatar.com\/avatar\/bb65d0283347e303893ba14f0692005417c1e0e690a325a4c5d8bb2b3943ee14?s=96&d=mm&r=g","caption":"Cope Alcoy"}}]}},"_links":{"self":[{"href":"https:\/\/www.copealcoy.es\/es\/wp-json\/wp\/v2\/posts\/160731","targetHints":{"allow":["GET"]}}],"collection":[{"href":"https:\/\/www.copealcoy.es\/es\/wp-json\/wp\/v2\/posts"}],"about":[{"href":"https:\/\/www.copealcoy.es\/es\/wp-json\/wp\/v2\/types\/post"}],"author":[{"embeddable":true,"href":"https:\/\/www.copealcoy.es\/es\/wp-json\/wp\/v2\/users\/1"}],"replies":[{"embeddable":true,"href":"https:\/\/www.copealcoy.es\/es\/wp-json\/wp\/v2\/comments?post=160731"}],"version-history":[{"count":1,"href":"https:\/\/www.copealcoy.es\/es\/wp-json\/wp\/v2\/posts\/160731\/revisions"}],"predecessor-version":[{"id":160734,"href":"https:\/\/www.copealcoy.es\/es\/wp-json\/wp\/v2\/posts\/160731\/revisions\/160734"}],"wp:featuredmedia":[{"embeddable":true,"href":"https:\/\/www.copealcoy.es\/es\/wp-json\/wp\/v2\/media\/160732"}],"wp:attachment":[{"href":"https:\/\/www.copealcoy.es\/es\/wp-json\/wp\/v2\/media?parent=160731"}],"wp:term":[{"taxonomy":"category","embeddable":true,"href":"https:\/\/www.copealcoy.es\/es\/wp-json\/wp\/v2\/categories?post=160731"},{"taxonomy":"post_tag","embeddable":true,"href":"https:\/\/www.copealcoy.es\/es\/wp-json\/wp\/v2\/tags?post=160731"}],"curies":[{"name":"wp","href":"https:\/\/api.w.org\/{rel}","templated":true}]}}