{"id":16071,"date":"2015-09-29T15:02:20","date_gmt":"2015-09-29T15:02:20","guid":{"rendered":"http:\/\/copealcoi.es\/new\/?p=16071"},"modified":"2015-09-29T15:02:20","modified_gmt":"2015-09-29T15:02:20","slug":"alcoy-se-acogera-a-un-plan-para-la-rehabilitacion-de-espacios-comunes","status":"publish","type":"post","link":"https:\/\/www.copealcoy.es\/es\/alcoy-se-acogera-a-un-plan-para-la-rehabilitacion-de-espacios-comunes\/","title":{"rendered":"Alcoy se acoger\u00e1 a un Plan para la rehabilitaci\u00f3n de espacios comunes"},"content":{"rendered":"<p style=\"text-align: justify;\">Alcoy busca adherirse a un proyecto que impulsa el Ministerio de Fomento para, \u00a0a trav\u00e9s de la Conseller\u00eda de Infraestructuras, poder llevar a cabo la rehabilitaci\u00f3n de varios espacios comunes de la ciudad. Lo ha avanzado este martes en Cope Alcoy el edil de Urbanismo, Manolo Gomicia, que ha explicado que este plan cuenta con un presupuesto de catorce millones de euros &#8220;ahora mismo los t\u00e9cnicos municipales est\u00e1n ultimando toda la documentaci\u00f3n para que nos podamos acoger puesto que la presentaci\u00f3n de solicitudes termina este viernes dos de octubre&#8221;, ha indicado.<\/p>\n<p style=\"text-align: justify;\">El concejal ha detallado tambi\u00e9n que a esta iniciativa podr\u00e1n optar hasta el a\u00f1o 2017 particulares y Comunidades de Propietarios\u00a0del Centro, Santa Rosa \u00a0y Ensanche con ayudas que pueden ir desde los 11.000 euros por actuaci\u00f3n hasta alcanzar los 33.000 euros en el caso de que haya que demoler un inmueble para construir uno nuevo. Manolo Gomicia ha reiterado que el proyecto busca recuperar aquellas zonas degradadas de la ciudad &#8220;es una idea buen\u00edsima para rehabilitar espacios que ya no est\u00e1n en \u00f3ptimas condiciones, es cierto que en el Centro se han hecho algunas medidas pero por ejemplo en el Ensanche se han detectado zonas que precisan de una profunda actuaci\u00f3n&#8221;, apunta. Finalmente Gomicia se ha mostrado confiado en que el Ayuntamiento pueda adherirse a la iniciativa a la que tambi\u00e9n quieren entrar otras ocho ciudades valencianas &#8220;vamos a ver si somos capaces de llegar a la presentaci\u00f3n del proyecto y sobre todo conseguir que nos lo aprueben&#8221;, concluye.<\/p>\n<p style=\"text-align: justify;\">\n<p style=\"text-align: justify;\">\n","protected":false},"excerpt":{"rendered":"<p>Alcoy busca adherirse a un proyecto que impulsa el Ministerio de Fomento para, \u00a0a trav\u00e9s de la Conseller\u00eda de Infraestructuras,&#8230;<\/p>\n","protected":false},"author":1,"featured_media":12151,"comment_status":"open","ping_status":"open","sticky":false,"template":"","format":"standard","meta":{"footnotes":""},"categories":[97,75,125],"tags":[1494,295,547,258,821],"class_list":["post-16071","post","type-post","status-publish","format-standard","has-post-thumbnail","hentry","category-alcoy","category-noticias","category-portada","tag-alcoy","tag-centro","tag-ensanche","tag-rehabilitacion","tag-santa-rosa"],"yoast_head":"<!-- This site is optimized with the Yoast SEO plugin v27.3 - https:\/\/yoast.com\/product\/yoast-seo-wordpress\/ -->\n<title>Alcoy se acoger\u00e1 a un Plan para la rehabilitaci\u00f3n de espacios comunes - COPE Alcoy<\/title>\n<meta name=\"robots\" content=\"index, follow, max-snippet:-1, max-image-preview:large, max-video-preview:-1\" \/>\n<link rel=\"canonical\" href=\"https:\/\/www.copealcoy.es\/es\/alcoy-se-acogera-a-un-plan-para-la-rehabilitacion-de-espacios-comunes\/\" \/>\n<meta property=\"og:locale\" content=\"es_ES\" \/>\n<meta property=\"og:type\" content=\"article\" \/>\n<meta property=\"og:title\" content=\"Alcoy se acoger\u00e1 a un Plan para la rehabilitaci\u00f3n de espacios comunes - COPE Alcoy\" \/>\n<meta property=\"og:description\" content=\"Alcoy busca adherirse a un proyecto que impulsa el Ministerio de Fomento para, \u00a0a trav\u00e9s de la Conseller\u00eda de Infraestructuras,...\" \/>\n<meta property=\"og:url\" content=\"https:\/\/www.copealcoy.es\/es\/alcoy-se-acogera-a-un-plan-para-la-rehabilitacion-de-espacios-comunes\/\" \/>\n<meta property=\"og:site_name\" content=\"COPE Alcoy\" \/>\n<meta property=\"article:published_time\" content=\"2015-09-29T15:02:20+00:00\" \/>\n<meta property=\"og:image\" content=\"https:\/\/www.copealcoy.es\/wp-content\/uploads\/2015\/04\/image70-660x330.jpg\" \/>\n\t<meta property=\"og:image:width\" content=\"660\" \/>\n\t<meta property=\"og:image:height\" content=\"330\" \/>\n\t<meta property=\"og:image:type\" content=\"image\/jpeg\" \/>\n<meta name=\"author\" content=\"Cope Alcoy\" \/>\n<meta name=\"twitter:label1\" content=\"Escrito por\" \/>\n\t<meta name=\"twitter:data1\" content=\"Cope Alcoy\" \/>\n\t<meta name=\"twitter:label2\" content=\"Tiempo de lectura\" \/>\n\t<meta name=\"twitter:data2\" content=\"1 minuto\" \/>\n<script type=\"application\/ld+json\" class=\"yoast-schema-graph\">{\"@context\":\"https:\\\/\\\/schema.org\",\"@graph\":[{\"@type\":\"Article\",\"@id\":\"https:\\\/\\\/www.copealcoy.es\\\/es\\\/alcoy-se-acogera-a-un-plan-para-la-rehabilitacion-de-espacios-comunes\\\/#article\",\"isPartOf\":{\"@id\":\"https:\\\/\\\/www.copealcoy.es\\\/es\\\/alcoy-se-acogera-a-un-plan-para-la-rehabilitacion-de-espacios-comunes\\\/\"},\"author\":{\"name\":\"Cope Alcoy\",\"@id\":\"https:\\\/\\\/www.copealcoy.es\\\/es\\\/#\\\/schema\\\/person\\\/e777c87fa024e57d40170af9df39882c\"},\"headline\":\"Alcoy se acoger\u00e1 a un Plan para la rehabilitaci\u00f3n de espacios comunes\",\"datePublished\":\"2015-09-29T15:02:20+00:00\",\"mainEntityOfPage\":{\"@id\":\"https:\\\/\\\/www.copealcoy.es\\\/es\\\/alcoy-se-acogera-a-un-plan-para-la-rehabilitacion-de-espacios-comunes\\\/\"},\"wordCount\":277,\"commentCount\":0,\"image\":{\"@id\":\"https:\\\/\\\/www.copealcoy.es\\\/es\\\/alcoy-se-acogera-a-un-plan-para-la-rehabilitacion-de-espacios-comunes\\\/#primaryimage\"},\"thumbnailUrl\":\"https:\\\/\\\/www.copealcoy.es\\\/wp-content\\\/uploads\\\/2015\\\/04\\\/image70-660x330.jpg\",\"keywords\":[\"Alcoy\",\"Centro\",\"Ensanche\",\"Rehabilitaci\u00f3n\",\"Santa Rosa\"],\"articleSection\":[\"Alcoy\",\"Noticias\",\"Portada\"],\"inLanguage\":\"es\"},{\"@type\":\"WebPage\",\"@id\":\"https:\\\/\\\/www.copealcoy.es\\\/es\\\/alcoy-se-acogera-a-un-plan-para-la-rehabilitacion-de-espacios-comunes\\\/\",\"url\":\"https:\\\/\\\/www.copealcoy.es\\\/es\\\/alcoy-se-acogera-a-un-plan-para-la-rehabilitacion-de-espacios-comunes\\\/\",\"name\":\"Alcoy se acoger\u00e1 a un Plan para la rehabilitaci\u00f3n de espacios comunes - COPE Alcoy\",\"isPartOf\":{\"@id\":\"https:\\\/\\\/www.copealcoy.es\\\/es\\\/#website\"},\"primaryImageOfPage\":{\"@id\":\"https:\\\/\\\/www.copealcoy.es\\\/es\\\/alcoy-se-acogera-a-un-plan-para-la-rehabilitacion-de-espacios-comunes\\\/#primaryimage\"},\"image\":{\"@id\":\"https:\\\/\\\/www.copealcoy.es\\\/es\\\/alcoy-se-acogera-a-un-plan-para-la-rehabilitacion-de-espacios-comunes\\\/#primaryimage\"},\"thumbnailUrl\":\"https:\\\/\\\/www.copealcoy.es\\\/wp-content\\\/uploads\\\/2015\\\/04\\\/image70-660x330.jpg\",\"datePublished\":\"2015-09-29T15:02:20+00:00\",\"author\":{\"@id\":\"https:\\\/\\\/www.copealcoy.es\\\/es\\\/#\\\/schema\\\/person\\\/e777c87fa024e57d40170af9df39882c\"},\"breadcrumb\":{\"@id\":\"https:\\\/\\\/www.copealcoy.es\\\/es\\\/alcoy-se-acogera-a-un-plan-para-la-rehabilitacion-de-espacios-comunes\\\/#breadcrumb\"},\"inLanguage\":\"es\",\"potentialAction\":[{\"@type\":\"ReadAction\",\"target\":[\"https:\\\/\\\/www.copealcoy.es\\\/es\\\/alcoy-se-acogera-a-un-plan-para-la-rehabilitacion-de-espacios-comunes\\\/\"]}]},{\"@type\":\"ImageObject\",\"inLanguage\":\"es\",\"@id\":\"https:\\\/\\\/www.copealcoy.es\\\/es\\\/alcoy-se-acogera-a-un-plan-para-la-rehabilitacion-de-espacios-comunes\\\/#primaryimage\",\"url\":\"https:\\\/\\\/www.copealcoy.es\\\/wp-content\\\/uploads\\\/2015\\\/04\\\/image70-660x330.jpg\",\"contentUrl\":\"https:\\\/\\\/www.copealcoy.es\\\/wp-content\\\/uploads\\\/2015\\\/04\\\/image70-660x330.jpg\",\"width\":660,\"height\":330,\"caption\":\"La calle Entenza es una de las arter\u00edas principales del barrio del Ensanche\"},{\"@type\":\"BreadcrumbList\",\"@id\":\"https:\\\/\\\/www.copealcoy.es\\\/es\\\/alcoy-se-acogera-a-un-plan-para-la-rehabilitacion-de-espacios-comunes\\\/#breadcrumb\",\"itemListElement\":[{\"@type\":\"ListItem\",\"position\":1,\"name\":\"Portada\",\"item\":\"https:\\\/\\\/www.copealcoy.es\\\/es\\\/\"},{\"@type\":\"ListItem\",\"position\":2,\"name\":\"Alcoy se acoger\u00e1 a un Plan para la rehabilitaci\u00f3n de espacios comunes\"}]},{\"@type\":\"WebSite\",\"@id\":\"https:\\\/\\\/www.copealcoy.es\\\/es\\\/#website\",\"url\":\"https:\\\/\\\/www.copealcoy.es\\\/es\\\/\",\"name\":\"COPE Alcoy\",\"description\":\"Emisora COPE de radio local con emisi\u00f3n online. Pont de Sant Jordi 8-10 03803 Alcoy\",\"potentialAction\":[{\"@type\":\"SearchAction\",\"target\":{\"@type\":\"EntryPoint\",\"urlTemplate\":\"https:\\\/\\\/www.copealcoy.es\\\/es\\\/?s={search_term_string}\"},\"query-input\":{\"@type\":\"PropertyValueSpecification\",\"valueRequired\":true,\"valueName\":\"search_term_string\"}}],\"inLanguage\":\"es\"},{\"@type\":\"Person\",\"@id\":\"https:\\\/\\\/www.copealcoy.es\\\/es\\\/#\\\/schema\\\/person\\\/e777c87fa024e57d40170af9df39882c\",\"name\":\"Cope Alcoy\",\"image\":{\"@type\":\"ImageObject\",\"inLanguage\":\"es\",\"@id\":\"https:\\\/\\\/secure.gravatar.com\\\/avatar\\\/bb65d0283347e303893ba14f0692005417c1e0e690a325a4c5d8bb2b3943ee14?s=96&d=mm&r=g\",\"url\":\"https:\\\/\\\/secure.gravatar.com\\\/avatar\\\/bb65d0283347e303893ba14f0692005417c1e0e690a325a4c5d8bb2b3943ee14?s=96&d=mm&r=g\",\"contentUrl\":\"https:\\\/\\\/secure.gravatar.com\\\/avatar\\\/bb65d0283347e303893ba14f0692005417c1e0e690a325a4c5d8bb2b3943ee14?s=96&d=mm&r=g\",\"caption\":\"Cope Alcoy\"}}]}<\/script>\n<!-- \/ Yoast SEO plugin. -->","yoast_head_json":{"title":"Alcoy se acoger\u00e1 a un Plan para la rehabilitaci\u00f3n de espacios comunes - COPE Alcoy","robots":{"index":"index","follow":"follow","max-snippet":"max-snippet:-1","max-image-preview":"max-image-preview:large","max-video-preview":"max-video-preview:-1"},"canonical":"https:\/\/www.copealcoy.es\/es\/alcoy-se-acogera-a-un-plan-para-la-rehabilitacion-de-espacios-comunes\/","og_locale":"es_ES","og_type":"article","og_title":"Alcoy se acoger\u00e1 a un Plan para la rehabilitaci\u00f3n de espacios comunes - COPE Alcoy","og_description":"Alcoy busca adherirse a un proyecto que impulsa el Ministerio de Fomento para, \u00a0a trav\u00e9s de la Conseller\u00eda de Infraestructuras,...","og_url":"https:\/\/www.copealcoy.es\/es\/alcoy-se-acogera-a-un-plan-para-la-rehabilitacion-de-espacios-comunes\/","og_site_name":"COPE Alcoy","article_published_time":"2015-09-29T15:02:20+00:00","og_image":[{"width":660,"height":330,"url":"https:\/\/www.copealcoy.es\/wp-content\/uploads\/2015\/04\/image70-660x330.jpg","type":"image\/jpeg"}],"author":"Cope Alcoy","twitter_misc":{"Escrito por":"Cope Alcoy","Tiempo de lectura":"1 minuto"},"schema":{"@context":"https:\/\/schema.org","@graph":[{"@type":"Article","@id":"https:\/\/www.copealcoy.es\/es\/alcoy-se-acogera-a-un-plan-para-la-rehabilitacion-de-espacios-comunes\/#article","isPartOf":{"@id":"https:\/\/www.copealcoy.es\/es\/alcoy-se-acogera-a-un-plan-para-la-rehabilitacion-de-espacios-comunes\/"},"author":{"name":"Cope Alcoy","@id":"https:\/\/www.copealcoy.es\/es\/#\/schema\/person\/e777c87fa024e57d40170af9df39882c"},"headline":"Alcoy se acoger\u00e1 a un Plan para la rehabilitaci\u00f3n de espacios comunes","datePublished":"2015-09-29T15:02:20+00:00","mainEntityOfPage":{"@id":"https:\/\/www.copealcoy.es\/es\/alcoy-se-acogera-a-un-plan-para-la-rehabilitacion-de-espacios-comunes\/"},"wordCount":277,"commentCount":0,"image":{"@id":"https:\/\/www.copealcoy.es\/es\/alcoy-se-acogera-a-un-plan-para-la-rehabilitacion-de-espacios-comunes\/#primaryimage"},"thumbnailUrl":"https:\/\/www.copealcoy.es\/wp-content\/uploads\/2015\/04\/image70-660x330.jpg","keywords":["Alcoy","Centro","Ensanche","Rehabilitaci\u00f3n","Santa Rosa"],"articleSection":["Alcoy","Noticias","Portada"],"inLanguage":"es"},{"@type":"WebPage","@id":"https:\/\/www.copealcoy.es\/es\/alcoy-se-acogera-a-un-plan-para-la-rehabilitacion-de-espacios-comunes\/","url":"https:\/\/www.copealcoy.es\/es\/alcoy-se-acogera-a-un-plan-para-la-rehabilitacion-de-espacios-comunes\/","name":"Alcoy se acoger\u00e1 a un Plan para la rehabilitaci\u00f3n de espacios comunes - COPE Alcoy","isPartOf":{"@id":"https:\/\/www.copealcoy.es\/es\/#website"},"primaryImageOfPage":{"@id":"https:\/\/www.copealcoy.es\/es\/alcoy-se-acogera-a-un-plan-para-la-rehabilitacion-de-espacios-comunes\/#primaryimage"},"image":{"@id":"https:\/\/www.copealcoy.es\/es\/alcoy-se-acogera-a-un-plan-para-la-rehabilitacion-de-espacios-comunes\/#primaryimage"},"thumbnailUrl":"https:\/\/www.copealcoy.es\/wp-content\/uploads\/2015\/04\/image70-660x330.jpg","datePublished":"2015-09-29T15:02:20+00:00","author":{"@id":"https:\/\/www.copealcoy.es\/es\/#\/schema\/person\/e777c87fa024e57d40170af9df39882c"},"breadcrumb":{"@id":"https:\/\/www.copealcoy.es\/es\/alcoy-se-acogera-a-un-plan-para-la-rehabilitacion-de-espacios-comunes\/#breadcrumb"},"inLanguage":"es","potentialAction":[{"@type":"ReadAction","target":["https:\/\/www.copealcoy.es\/es\/alcoy-se-acogera-a-un-plan-para-la-rehabilitacion-de-espacios-comunes\/"]}]},{"@type":"ImageObject","inLanguage":"es","@id":"https:\/\/www.copealcoy.es\/es\/alcoy-se-acogera-a-un-plan-para-la-rehabilitacion-de-espacios-comunes\/#primaryimage","url":"https:\/\/www.copealcoy.es\/wp-content\/uploads\/2015\/04\/image70-660x330.jpg","contentUrl":"https:\/\/www.copealcoy.es\/wp-content\/uploads\/2015\/04\/image70-660x330.jpg","width":660,"height":330,"caption":"La calle Entenza es una de las arter\u00edas principales del barrio del Ensanche"},{"@type":"BreadcrumbList","@id":"https:\/\/www.copealcoy.es\/es\/alcoy-se-acogera-a-un-plan-para-la-rehabilitacion-de-espacios-comunes\/#breadcrumb","itemListElement":[{"@type":"ListItem","position":1,"name":"Portada","item":"https:\/\/www.copealcoy.es\/es\/"},{"@type":"ListItem","position":2,"name":"Alcoy se acoger\u00e1 a un Plan para la rehabilitaci\u00f3n de espacios comunes"}]},{"@type":"WebSite","@id":"https:\/\/www.copealcoy.es\/es\/#website","url":"https:\/\/www.copealcoy.es\/es\/","name":"COPE Alcoy","description":"Emisora COPE de radio local con emisi\u00f3n online. Pont de Sant Jordi 8-10 03803 Alcoy","potentialAction":[{"@type":"SearchAction","target":{"@type":"EntryPoint","urlTemplate":"https:\/\/www.copealcoy.es\/es\/?s={search_term_string}"},"query-input":{"@type":"PropertyValueSpecification","valueRequired":true,"valueName":"search_term_string"}}],"inLanguage":"es"},{"@type":"Person","@id":"https:\/\/www.copealcoy.es\/es\/#\/schema\/person\/e777c87fa024e57d40170af9df39882c","name":"Cope Alcoy","image":{"@type":"ImageObject","inLanguage":"es","@id":"https:\/\/secure.gravatar.com\/avatar\/bb65d0283347e303893ba14f0692005417c1e0e690a325a4c5d8bb2b3943ee14?s=96&d=mm&r=g","url":"https:\/\/secure.gravatar.com\/avatar\/bb65d0283347e303893ba14f0692005417c1e0e690a325a4c5d8bb2b3943ee14?s=96&d=mm&r=g","contentUrl":"https:\/\/secure.gravatar.com\/avatar\/bb65d0283347e303893ba14f0692005417c1e0e690a325a4c5d8bb2b3943ee14?s=96&d=mm&r=g","caption":"Cope Alcoy"}}]}},"_links":{"self":[{"href":"https:\/\/www.copealcoy.es\/es\/wp-json\/wp\/v2\/posts\/16071","targetHints":{"allow":["GET"]}}],"collection":[{"href":"https:\/\/www.copealcoy.es\/es\/wp-json\/wp\/v2\/posts"}],"about":[{"href":"https:\/\/www.copealcoy.es\/es\/wp-json\/wp\/v2\/types\/post"}],"author":[{"embeddable":true,"href":"https:\/\/www.copealcoy.es\/es\/wp-json\/wp\/v2\/users\/1"}],"replies":[{"embeddable":true,"href":"https:\/\/www.copealcoy.es\/es\/wp-json\/wp\/v2\/comments?post=16071"}],"version-history":[{"count":0,"href":"https:\/\/www.copealcoy.es\/es\/wp-json\/wp\/v2\/posts\/16071\/revisions"}],"wp:featuredmedia":[{"embeddable":true,"href":"https:\/\/www.copealcoy.es\/es\/wp-json\/wp\/v2\/media\/12151"}],"wp:attachment":[{"href":"https:\/\/www.copealcoy.es\/es\/wp-json\/wp\/v2\/media?parent=16071"}],"wp:term":[{"taxonomy":"category","embeddable":true,"href":"https:\/\/www.copealcoy.es\/es\/wp-json\/wp\/v2\/categories?post=16071"},{"taxonomy":"post_tag","embeddable":true,"href":"https:\/\/www.copealcoy.es\/es\/wp-json\/wp\/v2\/tags?post=16071"}],"curies":[{"name":"wp","href":"https:\/\/api.w.org\/{rel}","templated":true}]}}