{"id":16057,"date":"2015-09-29T06:52:54","date_gmt":"2015-09-29T06:52:54","guid":{"rendered":"http:\/\/copealcoi.es\/new\/?p=16057"},"modified":"2015-09-29T06:52:54","modified_gmt":"2015-09-29T06:52:54","slug":"frances-declara-como-imputado-por-la-demanda-del-sipol","status":"publish","type":"post","link":"https:\/\/www.copealcoy.es\/es\/frances-declara-como-imputado-por-la-demanda-del-sipol\/","title":{"rendered":"Franc\u00e9s declara como imputado por la demanda del SIPOL"},"content":{"rendered":"<p class=\"p\" style=\"text-align: justify;\">El alcalde de Alcoy, \u00a0Antonio Franc\u00e9s, declara este martes\u00a0como imputado en un juzgado de la ciudad a ra\u00edz de una demanda administrativa presentada por el Sindicato de Polic\u00edas Locales de la Comunitat (SIPOL) por la tramitaci\u00f3n de varios expedientes disciplinarios.\u00a0Franc\u00e9s ha sido citado en el juzgado de Instrucci\u00f3n n\u00famero 4 a las 9.15 horas en una jornada en la que tambi\u00e9n han sido llamados a declarar la concejala de Personal, Lorena Zamorano, y el t\u00e9cnico antiguo jefe de Personal Luis Molina.\u00a0Por su parte, Natxo G\u00f3mez, que en su momento era edil\u00a0de Seguridad, deber\u00e1 declarar un d\u00eda despu\u00e9s.<\/p>\n<p class=\"p\" style=\"text-align: justify;\">Recordar que la demanda del SIPOL fue interpuesta el pasado mes marzo debido a que, seg\u00fan argumentan, algunos expedientes disciplinarios de la polic\u00eda local se hab\u00edan tramitado y otros no de forma consciente. La denuncia se dio a conocer el pasado mes de junio una vez pasaron las elecciones municipales de este 2015.<\/p>\n<p class=\"p\" style=\"text-align: justify;\">El primer edil manifest\u00f3 el pasado 1 de septiembre en La Ma\u00f1ana de Cope Alcoy que &#8220;es una procedimiento abierto previo a la declaraci\u00f3n de las partes y a que el juez estudie las alegaciones&#8221; y a\u00f1adi\u00f3 &#8220;estamos convencidos que\u00a0la jueza proceder\u00e1 a archivar la denuncia\u00a0una vez que cuente con toda la documentaci\u00f3n que hemos presentado&#8221;, concluy\u00f3.<\/p>\n","protected":false},"excerpt":{"rendered":"<p>El alcalde de Alcoy, \u00a0Antonio Franc\u00e9s, declara este martes\u00a0como imputado en un juzgado de la ciudad a ra\u00edz de una&#8230;<\/p>\n","protected":false},"author":1,"featured_media":13833,"comment_status":"open","ping_status":"open","sticky":false,"template":"","format":"standard","meta":{"footnotes":""},"categories":[97,75,125],"tags":[1494,245,1458],"class_list":["post-16057","post","type-post","status-publish","format-standard","has-post-thumbnail","hentry","category-alcoy","category-noticias","category-portada","tag-alcoy","tag-juzgados","tag-sipol"],"yoast_head":"<!-- This site is optimized with the Yoast SEO plugin v27.3 - https:\/\/yoast.com\/product\/yoast-seo-wordpress\/ -->\n<title>Franc\u00e9s declara como imputado por la demanda del SIPOL - COPE Alcoy<\/title>\n<meta name=\"robots\" content=\"index, follow, max-snippet:-1, max-image-preview:large, max-video-preview:-1\" \/>\n<link rel=\"canonical\" href=\"https:\/\/www.copealcoy.es\/es\/frances-declara-como-imputado-por-la-demanda-del-sipol\/\" \/>\n<meta property=\"og:locale\" content=\"es_ES\" \/>\n<meta property=\"og:type\" content=\"article\" \/>\n<meta property=\"og:title\" content=\"Franc\u00e9s declara como imputado por la demanda del SIPOL - COPE Alcoy\" \/>\n<meta property=\"og:description\" content=\"El alcalde de Alcoy, \u00a0Antonio Franc\u00e9s, declara este martes\u00a0como imputado en un juzgado de la ciudad a ra\u00edz de una...\" \/>\n<meta property=\"og:url\" content=\"https:\/\/www.copealcoy.es\/es\/frances-declara-como-imputado-por-la-demanda-del-sipol\/\" \/>\n<meta property=\"og:site_name\" content=\"COPE Alcoy\" \/>\n<meta property=\"article:published_time\" content=\"2015-09-29T06:52:54+00:00\" \/>\n<meta property=\"og:image\" content=\"https:\/\/www.copealcoy.es\/wp-content\/uploads\/2015\/06\/IMG-20150609-WA0003.jpg\" \/>\n\t<meta property=\"og:image:width\" content=\"1280\" \/>\n\t<meta property=\"og:image:height\" content=\"719\" \/>\n\t<meta property=\"og:image:type\" content=\"image\/jpeg\" \/>\n<meta name=\"author\" content=\"Cope Alcoy\" \/>\n<meta name=\"twitter:label1\" content=\"Escrito por\" \/>\n\t<meta name=\"twitter:data1\" content=\"Cope Alcoy\" \/>\n\t<meta name=\"twitter:label2\" content=\"Tiempo de lectura\" \/>\n\t<meta name=\"twitter:data2\" content=\"1 minuto\" \/>\n<script type=\"application\/ld+json\" class=\"yoast-schema-graph\">{\"@context\":\"https:\\\/\\\/schema.org\",\"@graph\":[{\"@type\":\"Article\",\"@id\":\"https:\\\/\\\/www.copealcoy.es\\\/es\\\/frances-declara-como-imputado-por-la-demanda-del-sipol\\\/#article\",\"isPartOf\":{\"@id\":\"https:\\\/\\\/www.copealcoy.es\\\/es\\\/frances-declara-como-imputado-por-la-demanda-del-sipol\\\/\"},\"author\":{\"name\":\"Cope Alcoy\",\"@id\":\"https:\\\/\\\/www.copealcoy.es\\\/es\\\/#\\\/schema\\\/person\\\/e777c87fa024e57d40170af9df39882c\"},\"headline\":\"Franc\u00e9s declara como imputado por la demanda del SIPOL\",\"datePublished\":\"2015-09-29T06:52:54+00:00\",\"mainEntityOfPage\":{\"@id\":\"https:\\\/\\\/www.copealcoy.es\\\/es\\\/frances-declara-como-imputado-por-la-demanda-del-sipol\\\/\"},\"wordCount\":238,\"commentCount\":0,\"image\":{\"@id\":\"https:\\\/\\\/www.copealcoy.es\\\/es\\\/frances-declara-como-imputado-por-la-demanda-del-sipol\\\/#primaryimage\"},\"thumbnailUrl\":\"https:\\\/\\\/www.copealcoy.es\\\/wp-content\\\/uploads\\\/2015\\\/06\\\/IMG-20150609-WA0003.jpg\",\"keywords\":[\"Alcoy\",\"Juzgados\",\"SIPOL\"],\"articleSection\":[\"Alcoy\",\"Noticias\",\"Portada\"],\"inLanguage\":\"es\"},{\"@type\":\"WebPage\",\"@id\":\"https:\\\/\\\/www.copealcoy.es\\\/es\\\/frances-declara-como-imputado-por-la-demanda-del-sipol\\\/\",\"url\":\"https:\\\/\\\/www.copealcoy.es\\\/es\\\/frances-declara-como-imputado-por-la-demanda-del-sipol\\\/\",\"name\":\"Franc\u00e9s declara como imputado por la demanda del SIPOL - COPE Alcoy\",\"isPartOf\":{\"@id\":\"https:\\\/\\\/www.copealcoy.es\\\/es\\\/#website\"},\"primaryImageOfPage\":{\"@id\":\"https:\\\/\\\/www.copealcoy.es\\\/es\\\/frances-declara-como-imputado-por-la-demanda-del-sipol\\\/#primaryimage\"},\"image\":{\"@id\":\"https:\\\/\\\/www.copealcoy.es\\\/es\\\/frances-declara-como-imputado-por-la-demanda-del-sipol\\\/#primaryimage\"},\"thumbnailUrl\":\"https:\\\/\\\/www.copealcoy.es\\\/wp-content\\\/uploads\\\/2015\\\/06\\\/IMG-20150609-WA0003.jpg\",\"datePublished\":\"2015-09-29T06:52:54+00:00\",\"author\":{\"@id\":\"https:\\\/\\\/www.copealcoy.es\\\/es\\\/#\\\/schema\\\/person\\\/e777c87fa024e57d40170af9df39882c\"},\"breadcrumb\":{\"@id\":\"https:\\\/\\\/www.copealcoy.es\\\/es\\\/frances-declara-como-imputado-por-la-demanda-del-sipol\\\/#breadcrumb\"},\"inLanguage\":\"es\",\"potentialAction\":[{\"@type\":\"ReadAction\",\"target\":[\"https:\\\/\\\/www.copealcoy.es\\\/es\\\/frances-declara-como-imputado-por-la-demanda-del-sipol\\\/\"]}]},{\"@type\":\"ImageObject\",\"inLanguage\":\"es\",\"@id\":\"https:\\\/\\\/www.copealcoy.es\\\/es\\\/frances-declara-como-imputado-por-la-demanda-del-sipol\\\/#primaryimage\",\"url\":\"https:\\\/\\\/www.copealcoy.es\\\/wp-content\\\/uploads\\\/2015\\\/06\\\/IMG-20150609-WA0003.jpg\",\"contentUrl\":\"https:\\\/\\\/www.copealcoy.es\\\/wp-content\\\/uploads\\\/2015\\\/06\\\/IMG-20150609-WA0003.jpg\",\"width\":1280,\"height\":719,\"caption\":\"Franc\u00e9s explicando la denuncia el pasado mes de junio\"},{\"@type\":\"BreadcrumbList\",\"@id\":\"https:\\\/\\\/www.copealcoy.es\\\/es\\\/frances-declara-como-imputado-por-la-demanda-del-sipol\\\/#breadcrumb\",\"itemListElement\":[{\"@type\":\"ListItem\",\"position\":1,\"name\":\"Portada\",\"item\":\"https:\\\/\\\/www.copealcoy.es\\\/es\\\/\"},{\"@type\":\"ListItem\",\"position\":2,\"name\":\"Franc\u00e9s declara como imputado por la demanda del SIPOL\"}]},{\"@type\":\"WebSite\",\"@id\":\"https:\\\/\\\/www.copealcoy.es\\\/es\\\/#website\",\"url\":\"https:\\\/\\\/www.copealcoy.es\\\/es\\\/\",\"name\":\"COPE Alcoy\",\"description\":\"Emisora COPE de radio local con emisi\u00f3n online. Pont de Sant Jordi 8-10 03803 Alcoy\",\"potentialAction\":[{\"@type\":\"SearchAction\",\"target\":{\"@type\":\"EntryPoint\",\"urlTemplate\":\"https:\\\/\\\/www.copealcoy.es\\\/es\\\/?s={search_term_string}\"},\"query-input\":{\"@type\":\"PropertyValueSpecification\",\"valueRequired\":true,\"valueName\":\"search_term_string\"}}],\"inLanguage\":\"es\"},{\"@type\":\"Person\",\"@id\":\"https:\\\/\\\/www.copealcoy.es\\\/es\\\/#\\\/schema\\\/person\\\/e777c87fa024e57d40170af9df39882c\",\"name\":\"Cope Alcoy\",\"image\":{\"@type\":\"ImageObject\",\"inLanguage\":\"es\",\"@id\":\"https:\\\/\\\/secure.gravatar.com\\\/avatar\\\/bb65d0283347e303893ba14f0692005417c1e0e690a325a4c5d8bb2b3943ee14?s=96&d=mm&r=g\",\"url\":\"https:\\\/\\\/secure.gravatar.com\\\/avatar\\\/bb65d0283347e303893ba14f0692005417c1e0e690a325a4c5d8bb2b3943ee14?s=96&d=mm&r=g\",\"contentUrl\":\"https:\\\/\\\/secure.gravatar.com\\\/avatar\\\/bb65d0283347e303893ba14f0692005417c1e0e690a325a4c5d8bb2b3943ee14?s=96&d=mm&r=g\",\"caption\":\"Cope Alcoy\"}}]}<\/script>\n<!-- \/ Yoast SEO plugin. -->","yoast_head_json":{"title":"Franc\u00e9s declara como imputado por la demanda del SIPOL - COPE Alcoy","robots":{"index":"index","follow":"follow","max-snippet":"max-snippet:-1","max-image-preview":"max-image-preview:large","max-video-preview":"max-video-preview:-1"},"canonical":"https:\/\/www.copealcoy.es\/es\/frances-declara-como-imputado-por-la-demanda-del-sipol\/","og_locale":"es_ES","og_type":"article","og_title":"Franc\u00e9s declara como imputado por la demanda del SIPOL - COPE Alcoy","og_description":"El alcalde de Alcoy, \u00a0Antonio Franc\u00e9s, declara este martes\u00a0como imputado en un juzgado de la ciudad a ra\u00edz de una...","og_url":"https:\/\/www.copealcoy.es\/es\/frances-declara-como-imputado-por-la-demanda-del-sipol\/","og_site_name":"COPE Alcoy","article_published_time":"2015-09-29T06:52:54+00:00","og_image":[{"width":1280,"height":719,"url":"https:\/\/www.copealcoy.es\/wp-content\/uploads\/2015\/06\/IMG-20150609-WA0003.jpg","type":"image\/jpeg"}],"author":"Cope Alcoy","twitter_misc":{"Escrito por":"Cope Alcoy","Tiempo de lectura":"1 minuto"},"schema":{"@context":"https:\/\/schema.org","@graph":[{"@type":"Article","@id":"https:\/\/www.copealcoy.es\/es\/frances-declara-como-imputado-por-la-demanda-del-sipol\/#article","isPartOf":{"@id":"https:\/\/www.copealcoy.es\/es\/frances-declara-como-imputado-por-la-demanda-del-sipol\/"},"author":{"name":"Cope Alcoy","@id":"https:\/\/www.copealcoy.es\/es\/#\/schema\/person\/e777c87fa024e57d40170af9df39882c"},"headline":"Franc\u00e9s declara como imputado por la demanda del SIPOL","datePublished":"2015-09-29T06:52:54+00:00","mainEntityOfPage":{"@id":"https:\/\/www.copealcoy.es\/es\/frances-declara-como-imputado-por-la-demanda-del-sipol\/"},"wordCount":238,"commentCount":0,"image":{"@id":"https:\/\/www.copealcoy.es\/es\/frances-declara-como-imputado-por-la-demanda-del-sipol\/#primaryimage"},"thumbnailUrl":"https:\/\/www.copealcoy.es\/wp-content\/uploads\/2015\/06\/IMG-20150609-WA0003.jpg","keywords":["Alcoy","Juzgados","SIPOL"],"articleSection":["Alcoy","Noticias","Portada"],"inLanguage":"es"},{"@type":"WebPage","@id":"https:\/\/www.copealcoy.es\/es\/frances-declara-como-imputado-por-la-demanda-del-sipol\/","url":"https:\/\/www.copealcoy.es\/es\/frances-declara-como-imputado-por-la-demanda-del-sipol\/","name":"Franc\u00e9s declara como imputado por la demanda del SIPOL - COPE Alcoy","isPartOf":{"@id":"https:\/\/www.copealcoy.es\/es\/#website"},"primaryImageOfPage":{"@id":"https:\/\/www.copealcoy.es\/es\/frances-declara-como-imputado-por-la-demanda-del-sipol\/#primaryimage"},"image":{"@id":"https:\/\/www.copealcoy.es\/es\/frances-declara-como-imputado-por-la-demanda-del-sipol\/#primaryimage"},"thumbnailUrl":"https:\/\/www.copealcoy.es\/wp-content\/uploads\/2015\/06\/IMG-20150609-WA0003.jpg","datePublished":"2015-09-29T06:52:54+00:00","author":{"@id":"https:\/\/www.copealcoy.es\/es\/#\/schema\/person\/e777c87fa024e57d40170af9df39882c"},"breadcrumb":{"@id":"https:\/\/www.copealcoy.es\/es\/frances-declara-como-imputado-por-la-demanda-del-sipol\/#breadcrumb"},"inLanguage":"es","potentialAction":[{"@type":"ReadAction","target":["https:\/\/www.copealcoy.es\/es\/frances-declara-como-imputado-por-la-demanda-del-sipol\/"]}]},{"@type":"ImageObject","inLanguage":"es","@id":"https:\/\/www.copealcoy.es\/es\/frances-declara-como-imputado-por-la-demanda-del-sipol\/#primaryimage","url":"https:\/\/www.copealcoy.es\/wp-content\/uploads\/2015\/06\/IMG-20150609-WA0003.jpg","contentUrl":"https:\/\/www.copealcoy.es\/wp-content\/uploads\/2015\/06\/IMG-20150609-WA0003.jpg","width":1280,"height":719,"caption":"Franc\u00e9s explicando la denuncia el pasado mes de junio"},{"@type":"BreadcrumbList","@id":"https:\/\/www.copealcoy.es\/es\/frances-declara-como-imputado-por-la-demanda-del-sipol\/#breadcrumb","itemListElement":[{"@type":"ListItem","position":1,"name":"Portada","item":"https:\/\/www.copealcoy.es\/es\/"},{"@type":"ListItem","position":2,"name":"Franc\u00e9s declara como imputado por la demanda del SIPOL"}]},{"@type":"WebSite","@id":"https:\/\/www.copealcoy.es\/es\/#website","url":"https:\/\/www.copealcoy.es\/es\/","name":"COPE Alcoy","description":"Emisora COPE de radio local con emisi\u00f3n online. Pont de Sant Jordi 8-10 03803 Alcoy","potentialAction":[{"@type":"SearchAction","target":{"@type":"EntryPoint","urlTemplate":"https:\/\/www.copealcoy.es\/es\/?s={search_term_string}"},"query-input":{"@type":"PropertyValueSpecification","valueRequired":true,"valueName":"search_term_string"}}],"inLanguage":"es"},{"@type":"Person","@id":"https:\/\/www.copealcoy.es\/es\/#\/schema\/person\/e777c87fa024e57d40170af9df39882c","name":"Cope Alcoy","image":{"@type":"ImageObject","inLanguage":"es","@id":"https:\/\/secure.gravatar.com\/avatar\/bb65d0283347e303893ba14f0692005417c1e0e690a325a4c5d8bb2b3943ee14?s=96&d=mm&r=g","url":"https:\/\/secure.gravatar.com\/avatar\/bb65d0283347e303893ba14f0692005417c1e0e690a325a4c5d8bb2b3943ee14?s=96&d=mm&r=g","contentUrl":"https:\/\/secure.gravatar.com\/avatar\/bb65d0283347e303893ba14f0692005417c1e0e690a325a4c5d8bb2b3943ee14?s=96&d=mm&r=g","caption":"Cope Alcoy"}}]}},"_links":{"self":[{"href":"https:\/\/www.copealcoy.es\/es\/wp-json\/wp\/v2\/posts\/16057","targetHints":{"allow":["GET"]}}],"collection":[{"href":"https:\/\/www.copealcoy.es\/es\/wp-json\/wp\/v2\/posts"}],"about":[{"href":"https:\/\/www.copealcoy.es\/es\/wp-json\/wp\/v2\/types\/post"}],"author":[{"embeddable":true,"href":"https:\/\/www.copealcoy.es\/es\/wp-json\/wp\/v2\/users\/1"}],"replies":[{"embeddable":true,"href":"https:\/\/www.copealcoy.es\/es\/wp-json\/wp\/v2\/comments?post=16057"}],"version-history":[{"count":0,"href":"https:\/\/www.copealcoy.es\/es\/wp-json\/wp\/v2\/posts\/16057\/revisions"}],"wp:featuredmedia":[{"embeddable":true,"href":"https:\/\/www.copealcoy.es\/es\/wp-json\/wp\/v2\/media\/13833"}],"wp:attachment":[{"href":"https:\/\/www.copealcoy.es\/es\/wp-json\/wp\/v2\/media?parent=16057"}],"wp:term":[{"taxonomy":"category","embeddable":true,"href":"https:\/\/www.copealcoy.es\/es\/wp-json\/wp\/v2\/categories?post=16057"},{"taxonomy":"post_tag","embeddable":true,"href":"https:\/\/www.copealcoy.es\/es\/wp-json\/wp\/v2\/tags?post=16057"}],"curies":[{"name":"wp","href":"https:\/\/api.w.org\/{rel}","templated":true}]}}