{"id":160550,"date":"2025-11-27T19:50:39","date_gmt":"2025-11-27T18:50:39","guid":{"rendered":"https:\/\/www.copealcoy.es\/?p=160550"},"modified":"2025-11-27T19:50:39","modified_gmt":"2025-11-27T18:50:39","slug":"ultiman-los-preparativos-para-la-visita-al-campamento-real-de-alcoy","status":"publish","type":"post","link":"https:\/\/www.copealcoy.es\/es\/ultiman-los-preparativos-para-la-visita-al-campamento-real-de-alcoy\/","title":{"rendered":"Ultiman los preparativos para la visita al Campamento Real de Alcoy"},"content":{"rendered":"<p style=\"text-align: justify;\" data-start=\"221\" data-end=\"759\">El <a href=\"https:\/\/www.alcoi.org\/ca\/portal\/index.html\" target=\"_blank\" rel=\"noopener\"><span style=\"color: #0000ff;\"><strong>Ayuntamiento de Alcoy<\/strong><\/span><\/a> y la <a href=\"https:\/\/www.facebook.com\/acsamarita\/?locale=es_ES\" target=\"_blank\" rel=\"noopener\"><span style=\"color: #0000ff;\"><strong>Asociaci\u00f3n Cultural Samarita<\/strong><\/span><\/a> han dado a conocer esta semana todos los detalles de la visita al <strong data-start=\"351\" data-end=\"370\">Campamento Real de Sus Majestades de Oriente<\/strong>, uno de los actos m\u00e1s esperados de la Navidad alcoyana. El encuentro ha servido tambi\u00e9n para hacer balance del nuevo sistema de inscripciones, dise\u00f1ado para garantizar un acceso m\u00e1s justo y equilibrado al recinto del <strong data-start=\"603\" data-end=\"617\">Preventorio<\/strong>, el lugar donde los magos pasan la noche antes de desfilar en la tarde del cinco de enero por las calles de la ciudad durante la centenaria Cabalgata.<\/p>\n<p style=\"text-align: justify;\" data-start=\"761\" data-end=\"1336\">El concejal de Fiestas, <strong data-start=\"785\" data-end=\"803\">Jordi Mart\u00ednez<\/strong>, ha agradecido p\u00fablicamente el trabajo de la entidad organizadora y se ha referido a que esta visita al Campamento Real se ha consolidado en Alcoy, pero tambi\u00e9n fuera de las fronteras locales, debido a que cada a\u00f1o atrae a m\u00e1s visitantes &#8220;<em>quiero dar las gracias a la Asociaci\u00f3n Cultural Samarita por todo el trabajo por nuestra ciudad, por nuestras tradiciones y nuestra cultura&#8221;<\/em>, ha expresado. Tambi\u00e9n ha avanzado una novedad <strong>relacionada con las cartas XXL<\/strong>, que se entregan a la burrita el 4 de enero, y que pueden optar a premio en el concurso que convoca la misma Asociaci\u00f3n Cultural Samarita &#8220;<em>se ha creado una carroza en la que se podr\u00e1n depositar, con mayor seguridad, y esta tambi\u00e9n cerrar\u00e1 el desfile de la Cabalgata entre los \u00faltimos m\u00fasicos y el contingente de reparto de regalos<\/em>&#8220;, concluye.<\/p>\n<p style=\"text-align: justify;\" data-start=\"1338\" data-end=\"1874\">Seg\u00fan ha explicado la organizaci\u00f3n, el <strong data-start=\"1377\" data-end=\"1396\">Campamento Real<\/strong> abrir\u00e1 sus puertas el <strong data-start=\"1419\" data-end=\"1433\">5 de enero<\/strong>, de <strong data-start=\"1438\" data-end=\"1454\">8 a 14 horas<\/strong>, ofreciendo a los visitantes la posibilidad de conocer la zona del escriba real, los espacios donde se preparan los paquetes y disfrutar de animaci\u00f3n exterior. En total, se han habilitado <strong data-start=\"1643\" data-end=\"1661\">6.000 entradas<\/strong>, de las cuales <strong data-start=\"1677\" data-end=\"1686\">4.400<\/strong> (2.200 a pie y 2.200 en autob\u00fas) se han destinado al sorteo p\u00fablico. El resto se reserva para patrocinadores, protocolo y socios de la asociaci\u00f3n. El precio por entrada es de <strong data-start=\"1862\" data-end=\"1873\">6 euros<\/strong>. El presidente de la Asociaci\u00f3n Cultural Samarita, <strong data-start=\"1926\" data-end=\"1943\">David Ponsoda<\/strong>, ha detallado los motivos del nuevo procedimiento de inscripci\u00f3n, implantado para mejorar la fiabilidad del proceso \u201c<em>el a\u00f1o pasado en esta fecha ya hab\u00eda 20.000 peticiones, pero eran datos irreales; hab\u00eda familias que se apuntaron hasta 40 veces. Para evitar esta saturaci\u00f3n, este a\u00f1o se ha introducido un <strong data-start=\"2260\" data-end=\"2289\">donativo previo de 1 euro<\/strong> en el momento de la inscripci\u00f3n para participar en el sorteo. La medida ha permitido depurar los datos y obtener una demanda m\u00e1s real: hasta ahora se han registrado <strong data-start=\"2455\" data-end=\"2475\">5.344 peticiones<\/strong> (1.749 a pie y 3.595 en autob\u00fas). En caso de resultar agraciado en el sorteo, el resto del importe a abonar ser\u00e1 de 5 euros ya que el euro solidario ya habr\u00e1 sido entregado<\/em>&#8220;, afirma.<\/p>\n<p style=\"text-align: justify;\" data-start=\"2602\" data-end=\"2973\">El plazo de inscripci\u00f3n finaliza el <strong data-start=\"2638\" data-end=\"2657\">30 de noviembre<\/strong>, y la recaudaci\u00f3n \u00edntegra del euro de donativo se destinar\u00e1 al <strong data-start=\"2721\" data-end=\"2774\">Centro de Educaci\u00f3n Especial P\u00fablico Tom\u00e0s Ll\u00e0cer<\/strong>. El sorteo tendr\u00e1 lugar el <strong data-start=\"2802\" data-end=\"2820\">2 de diciembre<\/strong>, y las personas afortunadas podr\u00e1n descargar su entrada hasta el <strong data-start=\"2886\" data-end=\"2905\">15 de diciembre<\/strong>. A partir del d\u00eda 16, las entradas no descargadas perder\u00e1n validez.<\/p>\n","protected":false},"excerpt":{"rendered":"<p>El Ayuntamiento de Alcoy y la Asociaci\u00f3n Cultural Samarita han dado a conocer esta semana todos los detalles de la&#8230;<\/p>\n","protected":false},"author":1,"featured_media":160551,"comment_status":"closed","ping_status":"closed","sticky":false,"template":"","format":"standard","meta":{"footnotes":""},"categories":[6909,97,78,75],"tags":[1494,1709,488,20392,1154],"class_list":["post-160550","post","type-post","status-publish","format-standard","has-post-thumbnail","hentry","category-actualidad","category-alcoy","category-fiestaycultura","category-noticias","tag-alcoy","tag-campamento-real","tag-reyes-magos","tag-sorteo-entradas","tag-visita"],"yoast_head":"<!-- This site is optimized with the Yoast SEO plugin v27.3 - https:\/\/yoast.com\/product\/yoast-seo-wordpress\/ -->\n<title>Ultiman los preparativos para la visita al Campamento Real de Alcoy - COPE Alcoy<\/title>\n<meta name=\"description\" content=\"Ultiman los preparativos para la visita al Campamento Real de Alcoy\" \/>\n<meta name=\"robots\" content=\"index, follow, max-snippet:-1, max-image-preview:large, max-video-preview:-1\" \/>\n<link rel=\"canonical\" href=\"https:\/\/www.copealcoy.es\/es\/ultiman-los-preparativos-para-la-visita-al-campamento-real-de-alcoy\/\" \/>\n<meta property=\"og:locale\" content=\"es_ES\" \/>\n<meta property=\"og:type\" content=\"article\" \/>\n<meta property=\"og:title\" content=\"Ultiman los preparativos para la visita al Campamento Real de Alcoy - COPE Alcoy\" \/>\n<meta property=\"og:description\" content=\"Ultiman los preparativos para la visita al Campamento Real de Alcoy\" \/>\n<meta property=\"og:url\" content=\"https:\/\/www.copealcoy.es\/es\/ultiman-los-preparativos-para-la-visita-al-campamento-real-de-alcoy\/\" \/>\n<meta property=\"og:site_name\" content=\"COPE Alcoy\" \/>\n<meta property=\"article:published_time\" content=\"2025-11-27T18:50:39+00:00\" \/>\n<meta property=\"og:image\" content=\"https:\/\/www.copealcoy.es\/wp-content\/uploads\/2025\/11\/Alcoy_Campamento_Real_rueda_prensa_Jordi_Martinez-y-David-Ponsoda.jpg_1911524487.jpg\" \/>\n\t<meta property=\"og:image:width\" content=\"625\" \/>\n\t<meta property=\"og:image:height\" content=\"410\" \/>\n\t<meta property=\"og:image:type\" content=\"image\/jpeg\" \/>\n<meta name=\"author\" content=\"Cope Alcoy\" \/>\n<meta name=\"twitter:label1\" content=\"Escrito por\" \/>\n\t<meta name=\"twitter:data1\" content=\"Cope Alcoy\" \/>\n\t<meta name=\"twitter:label2\" content=\"Tiempo de lectura\" \/>\n\t<meta name=\"twitter:data2\" content=\"3 minutos\" \/>\n<script type=\"application\/ld+json\" class=\"yoast-schema-graph\">{\"@context\":\"https:\\\/\\\/schema.org\",\"@graph\":[{\"@type\":\"Article\",\"@id\":\"https:\\\/\\\/www.copealcoy.es\\\/es\\\/ultiman-los-preparativos-para-la-visita-al-campamento-real-de-alcoy\\\/#article\",\"isPartOf\":{\"@id\":\"https:\\\/\\\/www.copealcoy.es\\\/es\\\/ultiman-los-preparativos-para-la-visita-al-campamento-real-de-alcoy\\\/\"},\"author\":{\"name\":\"Cope Alcoy\",\"@id\":\"https:\\\/\\\/www.copealcoy.es\\\/es\\\/#\\\/schema\\\/person\\\/e777c87fa024e57d40170af9df39882c\"},\"headline\":\"Ultiman los preparativos para la visita al Campamento Real de Alcoy\",\"datePublished\":\"2025-11-27T18:50:39+00:00\",\"mainEntityOfPage\":{\"@id\":\"https:\\\/\\\/www.copealcoy.es\\\/es\\\/ultiman-los-preparativos-para-la-visita-al-campamento-real-de-alcoy\\\/\"},\"wordCount\":543,\"image\":{\"@id\":\"https:\\\/\\\/www.copealcoy.es\\\/es\\\/ultiman-los-preparativos-para-la-visita-al-campamento-real-de-alcoy\\\/#primaryimage\"},\"thumbnailUrl\":\"https:\\\/\\\/www.copealcoy.es\\\/wp-content\\\/uploads\\\/2025\\\/11\\\/Alcoy_Campamento_Real_rueda_prensa_Jordi_Martinez-y-David-Ponsoda.jpg_1911524487.jpg\",\"keywords\":[\"Alcoy\",\"Campamento Real\",\"Reyes Magos\",\"sorteo entradas\",\"Visita\"],\"articleSection\":[\"Actualidad\",\"Alcoy\",\"Fiesta y Cultura\",\"Noticias\"],\"inLanguage\":\"es\"},{\"@type\":\"WebPage\",\"@id\":\"https:\\\/\\\/www.copealcoy.es\\\/es\\\/ultiman-los-preparativos-para-la-visita-al-campamento-real-de-alcoy\\\/\",\"url\":\"https:\\\/\\\/www.copealcoy.es\\\/es\\\/ultiman-los-preparativos-para-la-visita-al-campamento-real-de-alcoy\\\/\",\"name\":\"Ultiman los preparativos para la visita al Campamento Real de Alcoy - COPE Alcoy\",\"isPartOf\":{\"@id\":\"https:\\\/\\\/www.copealcoy.es\\\/es\\\/#website\"},\"primaryImageOfPage\":{\"@id\":\"https:\\\/\\\/www.copealcoy.es\\\/es\\\/ultiman-los-preparativos-para-la-visita-al-campamento-real-de-alcoy\\\/#primaryimage\"},\"image\":{\"@id\":\"https:\\\/\\\/www.copealcoy.es\\\/es\\\/ultiman-los-preparativos-para-la-visita-al-campamento-real-de-alcoy\\\/#primaryimage\"},\"thumbnailUrl\":\"https:\\\/\\\/www.copealcoy.es\\\/wp-content\\\/uploads\\\/2025\\\/11\\\/Alcoy_Campamento_Real_rueda_prensa_Jordi_Martinez-y-David-Ponsoda.jpg_1911524487.jpg\",\"datePublished\":\"2025-11-27T18:50:39+00:00\",\"author\":{\"@id\":\"https:\\\/\\\/www.copealcoy.es\\\/es\\\/#\\\/schema\\\/person\\\/e777c87fa024e57d40170af9df39882c\"},\"description\":\"Ultiman los preparativos para la visita al Campamento Real de Alcoy\",\"breadcrumb\":{\"@id\":\"https:\\\/\\\/www.copealcoy.es\\\/es\\\/ultiman-los-preparativos-para-la-visita-al-campamento-real-de-alcoy\\\/#breadcrumb\"},\"inLanguage\":\"es\",\"potentialAction\":[{\"@type\":\"ReadAction\",\"target\":[\"https:\\\/\\\/www.copealcoy.es\\\/es\\\/ultiman-los-preparativos-para-la-visita-al-campamento-real-de-alcoy\\\/\"]}]},{\"@type\":\"ImageObject\",\"inLanguage\":\"es\",\"@id\":\"https:\\\/\\\/www.copealcoy.es\\\/es\\\/ultiman-los-preparativos-para-la-visita-al-campamento-real-de-alcoy\\\/#primaryimage\",\"url\":\"https:\\\/\\\/www.copealcoy.es\\\/wp-content\\\/uploads\\\/2025\\\/11\\\/Alcoy_Campamento_Real_rueda_prensa_Jordi_Martinez-y-David-Ponsoda.jpg_1911524487.jpg\",\"contentUrl\":\"https:\\\/\\\/www.copealcoy.es\\\/wp-content\\\/uploads\\\/2025\\\/11\\\/Alcoy_Campamento_Real_rueda_prensa_Jordi_Martinez-y-David-Ponsoda.jpg_1911524487.jpg\",\"width\":625,\"height\":410},{\"@type\":\"BreadcrumbList\",\"@id\":\"https:\\\/\\\/www.copealcoy.es\\\/es\\\/ultiman-los-preparativos-para-la-visita-al-campamento-real-de-alcoy\\\/#breadcrumb\",\"itemListElement\":[{\"@type\":\"ListItem\",\"position\":1,\"name\":\"Portada\",\"item\":\"https:\\\/\\\/www.copealcoy.es\\\/es\\\/\"},{\"@type\":\"ListItem\",\"position\":2,\"name\":\"Ultiman los preparativos para la visita al Campamento Real de Alcoy\"}]},{\"@type\":\"WebSite\",\"@id\":\"https:\\\/\\\/www.copealcoy.es\\\/es\\\/#website\",\"url\":\"https:\\\/\\\/www.copealcoy.es\\\/es\\\/\",\"name\":\"COPE Alcoy\",\"description\":\"Emisora COPE de radio local con emisi\u00f3n online. Pont de Sant Jordi 8-10 03803 Alcoy\",\"potentialAction\":[{\"@type\":\"SearchAction\",\"target\":{\"@type\":\"EntryPoint\",\"urlTemplate\":\"https:\\\/\\\/www.copealcoy.es\\\/es\\\/?s={search_term_string}\"},\"query-input\":{\"@type\":\"PropertyValueSpecification\",\"valueRequired\":true,\"valueName\":\"search_term_string\"}}],\"inLanguage\":\"es\"},{\"@type\":\"Person\",\"@id\":\"https:\\\/\\\/www.copealcoy.es\\\/es\\\/#\\\/schema\\\/person\\\/e777c87fa024e57d40170af9df39882c\",\"name\":\"Cope Alcoy\",\"image\":{\"@type\":\"ImageObject\",\"inLanguage\":\"es\",\"@id\":\"https:\\\/\\\/secure.gravatar.com\\\/avatar\\\/bb65d0283347e303893ba14f0692005417c1e0e690a325a4c5d8bb2b3943ee14?s=96&d=mm&r=g\",\"url\":\"https:\\\/\\\/secure.gravatar.com\\\/avatar\\\/bb65d0283347e303893ba14f0692005417c1e0e690a325a4c5d8bb2b3943ee14?s=96&d=mm&r=g\",\"contentUrl\":\"https:\\\/\\\/secure.gravatar.com\\\/avatar\\\/bb65d0283347e303893ba14f0692005417c1e0e690a325a4c5d8bb2b3943ee14?s=96&d=mm&r=g\",\"caption\":\"Cope Alcoy\"}}]}<\/script>\n<!-- \/ Yoast SEO plugin. -->","yoast_head_json":{"title":"Ultiman los preparativos para la visita al Campamento Real de Alcoy - COPE Alcoy","description":"Ultiman los preparativos para la visita al Campamento Real de Alcoy","robots":{"index":"index","follow":"follow","max-snippet":"max-snippet:-1","max-image-preview":"max-image-preview:large","max-video-preview":"max-video-preview:-1"},"canonical":"https:\/\/www.copealcoy.es\/es\/ultiman-los-preparativos-para-la-visita-al-campamento-real-de-alcoy\/","og_locale":"es_ES","og_type":"article","og_title":"Ultiman los preparativos para la visita al Campamento Real de Alcoy - COPE Alcoy","og_description":"Ultiman los preparativos para la visita al Campamento Real de Alcoy","og_url":"https:\/\/www.copealcoy.es\/es\/ultiman-los-preparativos-para-la-visita-al-campamento-real-de-alcoy\/","og_site_name":"COPE Alcoy","article_published_time":"2025-11-27T18:50:39+00:00","og_image":[{"width":625,"height":410,"url":"https:\/\/www.copealcoy.es\/wp-content\/uploads\/2025\/11\/Alcoy_Campamento_Real_rueda_prensa_Jordi_Martinez-y-David-Ponsoda.jpg_1911524487.jpg","type":"image\/jpeg"}],"author":"Cope Alcoy","twitter_misc":{"Escrito por":"Cope Alcoy","Tiempo de lectura":"3 minutos"},"schema":{"@context":"https:\/\/schema.org","@graph":[{"@type":"Article","@id":"https:\/\/www.copealcoy.es\/es\/ultiman-los-preparativos-para-la-visita-al-campamento-real-de-alcoy\/#article","isPartOf":{"@id":"https:\/\/www.copealcoy.es\/es\/ultiman-los-preparativos-para-la-visita-al-campamento-real-de-alcoy\/"},"author":{"name":"Cope Alcoy","@id":"https:\/\/www.copealcoy.es\/es\/#\/schema\/person\/e777c87fa024e57d40170af9df39882c"},"headline":"Ultiman los preparativos para la visita al Campamento Real de Alcoy","datePublished":"2025-11-27T18:50:39+00:00","mainEntityOfPage":{"@id":"https:\/\/www.copealcoy.es\/es\/ultiman-los-preparativos-para-la-visita-al-campamento-real-de-alcoy\/"},"wordCount":543,"image":{"@id":"https:\/\/www.copealcoy.es\/es\/ultiman-los-preparativos-para-la-visita-al-campamento-real-de-alcoy\/#primaryimage"},"thumbnailUrl":"https:\/\/www.copealcoy.es\/wp-content\/uploads\/2025\/11\/Alcoy_Campamento_Real_rueda_prensa_Jordi_Martinez-y-David-Ponsoda.jpg_1911524487.jpg","keywords":["Alcoy","Campamento Real","Reyes Magos","sorteo entradas","Visita"],"articleSection":["Actualidad","Alcoy","Fiesta y Cultura","Noticias"],"inLanguage":"es"},{"@type":"WebPage","@id":"https:\/\/www.copealcoy.es\/es\/ultiman-los-preparativos-para-la-visita-al-campamento-real-de-alcoy\/","url":"https:\/\/www.copealcoy.es\/es\/ultiman-los-preparativos-para-la-visita-al-campamento-real-de-alcoy\/","name":"Ultiman los preparativos para la visita al Campamento Real de Alcoy - COPE Alcoy","isPartOf":{"@id":"https:\/\/www.copealcoy.es\/es\/#website"},"primaryImageOfPage":{"@id":"https:\/\/www.copealcoy.es\/es\/ultiman-los-preparativos-para-la-visita-al-campamento-real-de-alcoy\/#primaryimage"},"image":{"@id":"https:\/\/www.copealcoy.es\/es\/ultiman-los-preparativos-para-la-visita-al-campamento-real-de-alcoy\/#primaryimage"},"thumbnailUrl":"https:\/\/www.copealcoy.es\/wp-content\/uploads\/2025\/11\/Alcoy_Campamento_Real_rueda_prensa_Jordi_Martinez-y-David-Ponsoda.jpg_1911524487.jpg","datePublished":"2025-11-27T18:50:39+00:00","author":{"@id":"https:\/\/www.copealcoy.es\/es\/#\/schema\/person\/e777c87fa024e57d40170af9df39882c"},"description":"Ultiman los preparativos para la visita al Campamento Real de Alcoy","breadcrumb":{"@id":"https:\/\/www.copealcoy.es\/es\/ultiman-los-preparativos-para-la-visita-al-campamento-real-de-alcoy\/#breadcrumb"},"inLanguage":"es","potentialAction":[{"@type":"ReadAction","target":["https:\/\/www.copealcoy.es\/es\/ultiman-los-preparativos-para-la-visita-al-campamento-real-de-alcoy\/"]}]},{"@type":"ImageObject","inLanguage":"es","@id":"https:\/\/www.copealcoy.es\/es\/ultiman-los-preparativos-para-la-visita-al-campamento-real-de-alcoy\/#primaryimage","url":"https:\/\/www.copealcoy.es\/wp-content\/uploads\/2025\/11\/Alcoy_Campamento_Real_rueda_prensa_Jordi_Martinez-y-David-Ponsoda.jpg_1911524487.jpg","contentUrl":"https:\/\/www.copealcoy.es\/wp-content\/uploads\/2025\/11\/Alcoy_Campamento_Real_rueda_prensa_Jordi_Martinez-y-David-Ponsoda.jpg_1911524487.jpg","width":625,"height":410},{"@type":"BreadcrumbList","@id":"https:\/\/www.copealcoy.es\/es\/ultiman-los-preparativos-para-la-visita-al-campamento-real-de-alcoy\/#breadcrumb","itemListElement":[{"@type":"ListItem","position":1,"name":"Portada","item":"https:\/\/www.copealcoy.es\/es\/"},{"@type":"ListItem","position":2,"name":"Ultiman los preparativos para la visita al Campamento Real de Alcoy"}]},{"@type":"WebSite","@id":"https:\/\/www.copealcoy.es\/es\/#website","url":"https:\/\/www.copealcoy.es\/es\/","name":"COPE Alcoy","description":"Emisora COPE de radio local con emisi\u00f3n online. Pont de Sant Jordi 8-10 03803 Alcoy","potentialAction":[{"@type":"SearchAction","target":{"@type":"EntryPoint","urlTemplate":"https:\/\/www.copealcoy.es\/es\/?s={search_term_string}"},"query-input":{"@type":"PropertyValueSpecification","valueRequired":true,"valueName":"search_term_string"}}],"inLanguage":"es"},{"@type":"Person","@id":"https:\/\/www.copealcoy.es\/es\/#\/schema\/person\/e777c87fa024e57d40170af9df39882c","name":"Cope Alcoy","image":{"@type":"ImageObject","inLanguage":"es","@id":"https:\/\/secure.gravatar.com\/avatar\/bb65d0283347e303893ba14f0692005417c1e0e690a325a4c5d8bb2b3943ee14?s=96&d=mm&r=g","url":"https:\/\/secure.gravatar.com\/avatar\/bb65d0283347e303893ba14f0692005417c1e0e690a325a4c5d8bb2b3943ee14?s=96&d=mm&r=g","contentUrl":"https:\/\/secure.gravatar.com\/avatar\/bb65d0283347e303893ba14f0692005417c1e0e690a325a4c5d8bb2b3943ee14?s=96&d=mm&r=g","caption":"Cope Alcoy"}}]}},"_links":{"self":[{"href":"https:\/\/www.copealcoy.es\/es\/wp-json\/wp\/v2\/posts\/160550","targetHints":{"allow":["GET"]}}],"collection":[{"href":"https:\/\/www.copealcoy.es\/es\/wp-json\/wp\/v2\/posts"}],"about":[{"href":"https:\/\/www.copealcoy.es\/es\/wp-json\/wp\/v2\/types\/post"}],"author":[{"embeddable":true,"href":"https:\/\/www.copealcoy.es\/es\/wp-json\/wp\/v2\/users\/1"}],"replies":[{"embeddable":true,"href":"https:\/\/www.copealcoy.es\/es\/wp-json\/wp\/v2\/comments?post=160550"}],"version-history":[{"count":1,"href":"https:\/\/www.copealcoy.es\/es\/wp-json\/wp\/v2\/posts\/160550\/revisions"}],"predecessor-version":[{"id":160553,"href":"https:\/\/www.copealcoy.es\/es\/wp-json\/wp\/v2\/posts\/160550\/revisions\/160553"}],"wp:featuredmedia":[{"embeddable":true,"href":"https:\/\/www.copealcoy.es\/es\/wp-json\/wp\/v2\/media\/160551"}],"wp:attachment":[{"href":"https:\/\/www.copealcoy.es\/es\/wp-json\/wp\/v2\/media?parent=160550"}],"wp:term":[{"taxonomy":"category","embeddable":true,"href":"https:\/\/www.copealcoy.es\/es\/wp-json\/wp\/v2\/categories?post=160550"},{"taxonomy":"post_tag","embeddable":true,"href":"https:\/\/www.copealcoy.es\/es\/wp-json\/wp\/v2\/tags?post=160550"}],"curies":[{"name":"wp","href":"https:\/\/api.w.org\/{rel}","templated":true}]}}