{"id":160483,"date":"2025-11-26T16:43:36","date_gmt":"2025-11-26T15:43:36","guid":{"rendered":"https:\/\/www.copealcoy.es\/?p=160483"},"modified":"2025-11-26T16:43:36","modified_gmt":"2025-11-26T15:43:36","slug":"el-mercat-de-nadal-de-alcoy-volvera-a-la-glorieta-en-dos-fines-de-semana-consecutivos","status":"publish","type":"post","link":"https:\/\/www.copealcoy.es\/es\/el-mercat-de-nadal-de-alcoy-volvera-a-la-glorieta-en-dos-fines-de-semana-consecutivos\/","title":{"rendered":"El &#8216;Mercat de Nadal&#8217; de Alcoy volver\u00e1 a La Glorieta en dos fines de semana consecutivos"},"content":{"rendered":"<p style=\"text-align: justify;\">Alcoy dar\u00e1 la bienvenida a la Navidad este pr\u00f3ximo viernes con <strong>el encendido de la iluminaci\u00f3n especial a partir de las 19:00h<\/strong>. Tambi\u00e9n a esa hora <strong>se descubrir\u00e1 el cartel anunciador de la Cabalgata de los Reyes Magos<\/strong> en la fachada del Ayuntamiento, una obra que en esta ocasi\u00f3n es de Ester Hern\u00e1ndez despu\u00e9s de que ganara el concurso que para tal efecto convoc\u00f3 el consistorio de nuestra ciudad.<\/p>\n<p style=\"text-align: justify;\">Unos d\u00edas m\u00e1s tarde, el viernes 5 de diciembre, <strong>abrir\u00e1 sus puertas el &#8216;Mercat de Nadal&#8217; en La Glorieta<\/strong> que en este 2025 alcanza la edici\u00f3n n\u00famero XX. Tal y como sucedi\u00f3 el pasado a\u00f1o, podremos disfrutar de su oferta en dos fines de semana consecutivos debido a la gran acogida que tuvo en la \u00faltima Navidad esta ampliaci\u00f3n &#8220;<em>la primera entrega siempre es de car\u00e1cter m\u00e1s local y la segunda, que ya est\u00e1 m\u00e1s cerca de los d\u00edas centrales de las Fiestas, atrae siempre a numerosos visitantes de poblaciones cercanas o comarcas vecinas<\/em>&#8220;, explicaba hoy en la presentaci\u00f3n de esta cita <strong>Diego Ortiz<\/strong>, al frente del departamento de comercio del Ayuntamiento de Alcoy. Cabe destacar que durante los dos fines de semana <strong>encontraremos<\/strong> cuarenta puestos de venta en La Glorieta con productos de decoraci\u00f3n navide\u00f1a, art\u00edculos de diversa \u00edndole para regalar, gastronom\u00eda, artesan\u00eda e incluso prendas que son siempre muy buscadas como los cl\u00e1sicos calcetines con elementos identificativos del &#8216;Nadal Alcoi\u00e0&#8217; &#8220;<em>tendremos como novedad dos &#8216;Food Trucks&#8217;, en la Plaza Ram\u00f3n i Cajal, con las que queremos impulsar la oferta de alimentaci\u00f3n que presenta la Feria e incluso evaluar como puede funcionar la incorporaci\u00f3n de esta plaza al mercado para que pueda albergar oferta l\u00fadica en pr\u00f3ximas ediciones del mercado<\/em>&#8220;, indic\u00f3 el vicealcalde de Alcoy y edil de Comercio; <strong>\u00c0lex Cerradelo<\/strong>.<\/p>\n<p style=\"text-align: justify;\">El &#8216;Mercat de Nadal&#8217; <strong>contar\u00e1<\/strong> en su <a href=\"https:\/\/www.alcoi.org\/es\/areas\/comercio\/eventos\/evento_0013.html\" target=\"_blank\" rel=\"noopener\"><span style=\"color: #0000ff;\"><strong>programaci\u00f3n<\/strong><\/span><\/a> con actividades para los m\u00e1s peque\u00f1os, actuaciones musicales, exhibiciones de danza, bailes tradicionales o paseos en burrita y en dromedario. El 6 de diciembre se complementar\u00e1 con una edici\u00f3n navide\u00f1a de la MADA, Mostra d&#8217;Art d&#8217;Alcoi, y en ambos fines de semana funcionar\u00e1 con el siguiente horario: viernes de 17 a 20:30 horas, s\u00e1bados y domingos\u00a0 de 11 a 14:30 horas por la ma\u00f1ana\u00a0 y de 17 a 20:30 horas en las tardes.<\/p>\n","protected":false},"excerpt":{"rendered":"<p>Alcoy dar\u00e1 la bienvenida a la Navidad este pr\u00f3ximo viernes con el encendido de la iluminaci\u00f3n especial a partir de&#8230;<\/p>\n","protected":false},"author":1,"featured_media":160484,"comment_status":"closed","ping_status":"closed","sticky":false,"template":"","format":"standard","meta":{"footnotes":""},"categories":[6909,97,78,75],"tags":[1494,19060,3882,4970],"class_list":["post-160483","post","type-post","status-publish","format-standard","has-post-thumbnail","hentry","category-actualidad","category-alcoy","category-fiestaycultura","category-noticias","tag-alcoy","tag-edicion-2025","tag-la-glorieta","tag-mercat-de-nadal"],"yoast_head":"<!-- This site is optimized with the Yoast SEO plugin v27.3 - https:\/\/yoast.com\/product\/yoast-seo-wordpress\/ -->\n<title>El &#039;Mercat de Nadal&#039; de Alcoy volver\u00e1 a La Glorieta en dos fines de semana consecutivos - COPE Alcoy<\/title>\n<meta name=\"description\" content=\"El &#039;Mercat de Nadal&#039; de Alcoy volver\u00e1 a La Glorieta en dos fines de semana consecutivos\" \/>\n<meta name=\"robots\" content=\"index, follow, max-snippet:-1, max-image-preview:large, max-video-preview:-1\" \/>\n<link rel=\"canonical\" href=\"https:\/\/www.copealcoy.es\/es\/el-mercat-de-nadal-de-alcoy-volvera-a-la-glorieta-en-dos-fines-de-semana-consecutivos\/\" \/>\n<meta property=\"og:locale\" content=\"es_ES\" \/>\n<meta property=\"og:type\" content=\"article\" \/>\n<meta property=\"og:title\" content=\"El &#039;Mercat de Nadal&#039; de Alcoy volver\u00e1 a La Glorieta en dos fines de semana consecutivos - COPE Alcoy\" \/>\n<meta property=\"og:description\" content=\"El &#039;Mercat de Nadal&#039; de Alcoy volver\u00e1 a La Glorieta en dos fines de semana consecutivos\" \/>\n<meta property=\"og:url\" content=\"https:\/\/www.copealcoy.es\/es\/el-mercat-de-nadal-de-alcoy-volvera-a-la-glorieta-en-dos-fines-de-semana-consecutivos\/\" \/>\n<meta property=\"og:site_name\" content=\"COPE Alcoy\" \/>\n<meta property=\"article:published_time\" content=\"2025-11-26T15:43:36+00:00\" \/>\n<meta property=\"og:image\" content=\"https:\/\/www.copealcoy.es\/wp-content\/uploads\/2025\/11\/unnamed-3-1-scaled.jpg\" \/>\n\t<meta property=\"og:image:width\" content=\"2560\" \/>\n\t<meta property=\"og:image:height\" content=\"1579\" \/>\n\t<meta property=\"og:image:type\" content=\"image\/jpeg\" \/>\n<meta name=\"author\" content=\"Cope Alcoy\" \/>\n<meta name=\"twitter:label1\" content=\"Escrito por\" \/>\n\t<meta name=\"twitter:data1\" content=\"Cope Alcoy\" \/>\n\t<meta name=\"twitter:label2\" content=\"Tiempo de lectura\" \/>\n\t<meta name=\"twitter:data2\" content=\"3 minutos\" \/>\n<script type=\"application\/ld+json\" class=\"yoast-schema-graph\">{\"@context\":\"https:\\\/\\\/schema.org\",\"@graph\":[{\"@type\":\"Article\",\"@id\":\"https:\\\/\\\/www.copealcoy.es\\\/es\\\/el-mercat-de-nadal-de-alcoy-volvera-a-la-glorieta-en-dos-fines-de-semana-consecutivos\\\/#article\",\"isPartOf\":{\"@id\":\"https:\\\/\\\/www.copealcoy.es\\\/es\\\/el-mercat-de-nadal-de-alcoy-volvera-a-la-glorieta-en-dos-fines-de-semana-consecutivos\\\/\"},\"author\":{\"name\":\"Cope Alcoy\",\"@id\":\"https:\\\/\\\/www.copealcoy.es\\\/es\\\/#\\\/schema\\\/person\\\/e777c87fa024e57d40170af9df39882c\"},\"headline\":\"El &#8216;Mercat de Nadal&#8217; de Alcoy volver\u00e1 a La Glorieta en dos fines de semana consecutivos\",\"datePublished\":\"2025-11-26T15:43:36+00:00\",\"mainEntityOfPage\":{\"@id\":\"https:\\\/\\\/www.copealcoy.es\\\/es\\\/el-mercat-de-nadal-de-alcoy-volvera-a-la-glorieta-en-dos-fines-de-semana-consecutivos\\\/\"},\"wordCount\":416,\"image\":{\"@id\":\"https:\\\/\\\/www.copealcoy.es\\\/es\\\/el-mercat-de-nadal-de-alcoy-volvera-a-la-glorieta-en-dos-fines-de-semana-consecutivos\\\/#primaryimage\"},\"thumbnailUrl\":\"https:\\\/\\\/www.copealcoy.es\\\/wp-content\\\/uploads\\\/2025\\\/11\\\/unnamed-3-1-scaled.jpg\",\"keywords\":[\"Alcoy\",\"edici\u00f3n 2025\",\"La Glorieta\",\"Mercat de Nadal\"],\"articleSection\":[\"Actualidad\",\"Alcoy\",\"Fiesta y Cultura\",\"Noticias\"],\"inLanguage\":\"es\"},{\"@type\":\"WebPage\",\"@id\":\"https:\\\/\\\/www.copealcoy.es\\\/es\\\/el-mercat-de-nadal-de-alcoy-volvera-a-la-glorieta-en-dos-fines-de-semana-consecutivos\\\/\",\"url\":\"https:\\\/\\\/www.copealcoy.es\\\/es\\\/el-mercat-de-nadal-de-alcoy-volvera-a-la-glorieta-en-dos-fines-de-semana-consecutivos\\\/\",\"name\":\"El 'Mercat de Nadal' de Alcoy volver\u00e1 a La Glorieta en dos fines de semana consecutivos - COPE Alcoy\",\"isPartOf\":{\"@id\":\"https:\\\/\\\/www.copealcoy.es\\\/es\\\/#website\"},\"primaryImageOfPage\":{\"@id\":\"https:\\\/\\\/www.copealcoy.es\\\/es\\\/el-mercat-de-nadal-de-alcoy-volvera-a-la-glorieta-en-dos-fines-de-semana-consecutivos\\\/#primaryimage\"},\"image\":{\"@id\":\"https:\\\/\\\/www.copealcoy.es\\\/es\\\/el-mercat-de-nadal-de-alcoy-volvera-a-la-glorieta-en-dos-fines-de-semana-consecutivos\\\/#primaryimage\"},\"thumbnailUrl\":\"https:\\\/\\\/www.copealcoy.es\\\/wp-content\\\/uploads\\\/2025\\\/11\\\/unnamed-3-1-scaled.jpg\",\"datePublished\":\"2025-11-26T15:43:36+00:00\",\"author\":{\"@id\":\"https:\\\/\\\/www.copealcoy.es\\\/es\\\/#\\\/schema\\\/person\\\/e777c87fa024e57d40170af9df39882c\"},\"description\":\"El 'Mercat de Nadal' de Alcoy volver\u00e1 a La Glorieta en dos fines de semana consecutivos\",\"breadcrumb\":{\"@id\":\"https:\\\/\\\/www.copealcoy.es\\\/es\\\/el-mercat-de-nadal-de-alcoy-volvera-a-la-glorieta-en-dos-fines-de-semana-consecutivos\\\/#breadcrumb\"},\"inLanguage\":\"es\",\"potentialAction\":[{\"@type\":\"ReadAction\",\"target\":[\"https:\\\/\\\/www.copealcoy.es\\\/es\\\/el-mercat-de-nadal-de-alcoy-volvera-a-la-glorieta-en-dos-fines-de-semana-consecutivos\\\/\"]}]},{\"@type\":\"ImageObject\",\"inLanguage\":\"es\",\"@id\":\"https:\\\/\\\/www.copealcoy.es\\\/es\\\/el-mercat-de-nadal-de-alcoy-volvera-a-la-glorieta-en-dos-fines-de-semana-consecutivos\\\/#primaryimage\",\"url\":\"https:\\\/\\\/www.copealcoy.es\\\/wp-content\\\/uploads\\\/2025\\\/11\\\/unnamed-3-1-scaled.jpg\",\"contentUrl\":\"https:\\\/\\\/www.copealcoy.es\\\/wp-content\\\/uploads\\\/2025\\\/11\\\/unnamed-3-1-scaled.jpg\",\"width\":2560,\"height\":1579},{\"@type\":\"BreadcrumbList\",\"@id\":\"https:\\\/\\\/www.copealcoy.es\\\/es\\\/el-mercat-de-nadal-de-alcoy-volvera-a-la-glorieta-en-dos-fines-de-semana-consecutivos\\\/#breadcrumb\",\"itemListElement\":[{\"@type\":\"ListItem\",\"position\":1,\"name\":\"Portada\",\"item\":\"https:\\\/\\\/www.copealcoy.es\\\/es\\\/\"},{\"@type\":\"ListItem\",\"position\":2,\"name\":\"El &#8216;Mercat de Nadal&#8217; de Alcoy volver\u00e1 a La Glorieta en dos fines de semana consecutivos\"}]},{\"@type\":\"WebSite\",\"@id\":\"https:\\\/\\\/www.copealcoy.es\\\/es\\\/#website\",\"url\":\"https:\\\/\\\/www.copealcoy.es\\\/es\\\/\",\"name\":\"COPE Alcoy\",\"description\":\"Emisora COPE de radio local con emisi\u00f3n online. Pont de Sant Jordi 8-10 03803 Alcoy\",\"potentialAction\":[{\"@type\":\"SearchAction\",\"target\":{\"@type\":\"EntryPoint\",\"urlTemplate\":\"https:\\\/\\\/www.copealcoy.es\\\/es\\\/?s={search_term_string}\"},\"query-input\":{\"@type\":\"PropertyValueSpecification\",\"valueRequired\":true,\"valueName\":\"search_term_string\"}}],\"inLanguage\":\"es\"},{\"@type\":\"Person\",\"@id\":\"https:\\\/\\\/www.copealcoy.es\\\/es\\\/#\\\/schema\\\/person\\\/e777c87fa024e57d40170af9df39882c\",\"name\":\"Cope Alcoy\",\"image\":{\"@type\":\"ImageObject\",\"inLanguage\":\"es\",\"@id\":\"https:\\\/\\\/secure.gravatar.com\\\/avatar\\\/bb65d0283347e303893ba14f0692005417c1e0e690a325a4c5d8bb2b3943ee14?s=96&d=mm&r=g\",\"url\":\"https:\\\/\\\/secure.gravatar.com\\\/avatar\\\/bb65d0283347e303893ba14f0692005417c1e0e690a325a4c5d8bb2b3943ee14?s=96&d=mm&r=g\",\"contentUrl\":\"https:\\\/\\\/secure.gravatar.com\\\/avatar\\\/bb65d0283347e303893ba14f0692005417c1e0e690a325a4c5d8bb2b3943ee14?s=96&d=mm&r=g\",\"caption\":\"Cope Alcoy\"}}]}<\/script>\n<!-- \/ Yoast SEO plugin. -->","yoast_head_json":{"title":"El 'Mercat de Nadal' de Alcoy volver\u00e1 a La Glorieta en dos fines de semana consecutivos - COPE Alcoy","description":"El 'Mercat de Nadal' de Alcoy volver\u00e1 a La Glorieta en dos fines de semana consecutivos","robots":{"index":"index","follow":"follow","max-snippet":"max-snippet:-1","max-image-preview":"max-image-preview:large","max-video-preview":"max-video-preview:-1"},"canonical":"https:\/\/www.copealcoy.es\/es\/el-mercat-de-nadal-de-alcoy-volvera-a-la-glorieta-en-dos-fines-de-semana-consecutivos\/","og_locale":"es_ES","og_type":"article","og_title":"El 'Mercat de Nadal' de Alcoy volver\u00e1 a La Glorieta en dos fines de semana consecutivos - COPE Alcoy","og_description":"El 'Mercat de Nadal' de Alcoy volver\u00e1 a La Glorieta en dos fines de semana consecutivos","og_url":"https:\/\/www.copealcoy.es\/es\/el-mercat-de-nadal-de-alcoy-volvera-a-la-glorieta-en-dos-fines-de-semana-consecutivos\/","og_site_name":"COPE Alcoy","article_published_time":"2025-11-26T15:43:36+00:00","og_image":[{"width":2560,"height":1579,"url":"https:\/\/www.copealcoy.es\/wp-content\/uploads\/2025\/11\/unnamed-3-1-scaled.jpg","type":"image\/jpeg"}],"author":"Cope Alcoy","twitter_misc":{"Escrito por":"Cope Alcoy","Tiempo de lectura":"3 minutos"},"schema":{"@context":"https:\/\/schema.org","@graph":[{"@type":"Article","@id":"https:\/\/www.copealcoy.es\/es\/el-mercat-de-nadal-de-alcoy-volvera-a-la-glorieta-en-dos-fines-de-semana-consecutivos\/#article","isPartOf":{"@id":"https:\/\/www.copealcoy.es\/es\/el-mercat-de-nadal-de-alcoy-volvera-a-la-glorieta-en-dos-fines-de-semana-consecutivos\/"},"author":{"name":"Cope Alcoy","@id":"https:\/\/www.copealcoy.es\/es\/#\/schema\/person\/e777c87fa024e57d40170af9df39882c"},"headline":"El &#8216;Mercat de Nadal&#8217; de Alcoy volver\u00e1 a La Glorieta en dos fines de semana consecutivos","datePublished":"2025-11-26T15:43:36+00:00","mainEntityOfPage":{"@id":"https:\/\/www.copealcoy.es\/es\/el-mercat-de-nadal-de-alcoy-volvera-a-la-glorieta-en-dos-fines-de-semana-consecutivos\/"},"wordCount":416,"image":{"@id":"https:\/\/www.copealcoy.es\/es\/el-mercat-de-nadal-de-alcoy-volvera-a-la-glorieta-en-dos-fines-de-semana-consecutivos\/#primaryimage"},"thumbnailUrl":"https:\/\/www.copealcoy.es\/wp-content\/uploads\/2025\/11\/unnamed-3-1-scaled.jpg","keywords":["Alcoy","edici\u00f3n 2025","La Glorieta","Mercat de Nadal"],"articleSection":["Actualidad","Alcoy","Fiesta y Cultura","Noticias"],"inLanguage":"es"},{"@type":"WebPage","@id":"https:\/\/www.copealcoy.es\/es\/el-mercat-de-nadal-de-alcoy-volvera-a-la-glorieta-en-dos-fines-de-semana-consecutivos\/","url":"https:\/\/www.copealcoy.es\/es\/el-mercat-de-nadal-de-alcoy-volvera-a-la-glorieta-en-dos-fines-de-semana-consecutivos\/","name":"El 'Mercat de Nadal' de Alcoy volver\u00e1 a La Glorieta en dos fines de semana consecutivos - COPE Alcoy","isPartOf":{"@id":"https:\/\/www.copealcoy.es\/es\/#website"},"primaryImageOfPage":{"@id":"https:\/\/www.copealcoy.es\/es\/el-mercat-de-nadal-de-alcoy-volvera-a-la-glorieta-en-dos-fines-de-semana-consecutivos\/#primaryimage"},"image":{"@id":"https:\/\/www.copealcoy.es\/es\/el-mercat-de-nadal-de-alcoy-volvera-a-la-glorieta-en-dos-fines-de-semana-consecutivos\/#primaryimage"},"thumbnailUrl":"https:\/\/www.copealcoy.es\/wp-content\/uploads\/2025\/11\/unnamed-3-1-scaled.jpg","datePublished":"2025-11-26T15:43:36+00:00","author":{"@id":"https:\/\/www.copealcoy.es\/es\/#\/schema\/person\/e777c87fa024e57d40170af9df39882c"},"description":"El 'Mercat de Nadal' de Alcoy volver\u00e1 a La Glorieta en dos fines de semana consecutivos","breadcrumb":{"@id":"https:\/\/www.copealcoy.es\/es\/el-mercat-de-nadal-de-alcoy-volvera-a-la-glorieta-en-dos-fines-de-semana-consecutivos\/#breadcrumb"},"inLanguage":"es","potentialAction":[{"@type":"ReadAction","target":["https:\/\/www.copealcoy.es\/es\/el-mercat-de-nadal-de-alcoy-volvera-a-la-glorieta-en-dos-fines-de-semana-consecutivos\/"]}]},{"@type":"ImageObject","inLanguage":"es","@id":"https:\/\/www.copealcoy.es\/es\/el-mercat-de-nadal-de-alcoy-volvera-a-la-glorieta-en-dos-fines-de-semana-consecutivos\/#primaryimage","url":"https:\/\/www.copealcoy.es\/wp-content\/uploads\/2025\/11\/unnamed-3-1-scaled.jpg","contentUrl":"https:\/\/www.copealcoy.es\/wp-content\/uploads\/2025\/11\/unnamed-3-1-scaled.jpg","width":2560,"height":1579},{"@type":"BreadcrumbList","@id":"https:\/\/www.copealcoy.es\/es\/el-mercat-de-nadal-de-alcoy-volvera-a-la-glorieta-en-dos-fines-de-semana-consecutivos\/#breadcrumb","itemListElement":[{"@type":"ListItem","position":1,"name":"Portada","item":"https:\/\/www.copealcoy.es\/es\/"},{"@type":"ListItem","position":2,"name":"El &#8216;Mercat de Nadal&#8217; de Alcoy volver\u00e1 a La Glorieta en dos fines de semana consecutivos"}]},{"@type":"WebSite","@id":"https:\/\/www.copealcoy.es\/es\/#website","url":"https:\/\/www.copealcoy.es\/es\/","name":"COPE Alcoy","description":"Emisora COPE de radio local con emisi\u00f3n online. Pont de Sant Jordi 8-10 03803 Alcoy","potentialAction":[{"@type":"SearchAction","target":{"@type":"EntryPoint","urlTemplate":"https:\/\/www.copealcoy.es\/es\/?s={search_term_string}"},"query-input":{"@type":"PropertyValueSpecification","valueRequired":true,"valueName":"search_term_string"}}],"inLanguage":"es"},{"@type":"Person","@id":"https:\/\/www.copealcoy.es\/es\/#\/schema\/person\/e777c87fa024e57d40170af9df39882c","name":"Cope Alcoy","image":{"@type":"ImageObject","inLanguage":"es","@id":"https:\/\/secure.gravatar.com\/avatar\/bb65d0283347e303893ba14f0692005417c1e0e690a325a4c5d8bb2b3943ee14?s=96&d=mm&r=g","url":"https:\/\/secure.gravatar.com\/avatar\/bb65d0283347e303893ba14f0692005417c1e0e690a325a4c5d8bb2b3943ee14?s=96&d=mm&r=g","contentUrl":"https:\/\/secure.gravatar.com\/avatar\/bb65d0283347e303893ba14f0692005417c1e0e690a325a4c5d8bb2b3943ee14?s=96&d=mm&r=g","caption":"Cope Alcoy"}}]}},"_links":{"self":[{"href":"https:\/\/www.copealcoy.es\/es\/wp-json\/wp\/v2\/posts\/160483","targetHints":{"allow":["GET"]}}],"collection":[{"href":"https:\/\/www.copealcoy.es\/es\/wp-json\/wp\/v2\/posts"}],"about":[{"href":"https:\/\/www.copealcoy.es\/es\/wp-json\/wp\/v2\/types\/post"}],"author":[{"embeddable":true,"href":"https:\/\/www.copealcoy.es\/es\/wp-json\/wp\/v2\/users\/1"}],"replies":[{"embeddable":true,"href":"https:\/\/www.copealcoy.es\/es\/wp-json\/wp\/v2\/comments?post=160483"}],"version-history":[{"count":1,"href":"https:\/\/www.copealcoy.es\/es\/wp-json\/wp\/v2\/posts\/160483\/revisions"}],"predecessor-version":[{"id":160486,"href":"https:\/\/www.copealcoy.es\/es\/wp-json\/wp\/v2\/posts\/160483\/revisions\/160486"}],"wp:featuredmedia":[{"embeddable":true,"href":"https:\/\/www.copealcoy.es\/es\/wp-json\/wp\/v2\/media\/160484"}],"wp:attachment":[{"href":"https:\/\/www.copealcoy.es\/es\/wp-json\/wp\/v2\/media?parent=160483"}],"wp:term":[{"taxonomy":"category","embeddable":true,"href":"https:\/\/www.copealcoy.es\/es\/wp-json\/wp\/v2\/categories?post=160483"},{"taxonomy":"post_tag","embeddable":true,"href":"https:\/\/www.copealcoy.es\/es\/wp-json\/wp\/v2\/tags?post=160483"}],"curies":[{"name":"wp","href":"https:\/\/api.w.org\/{rel}","templated":true}]}}