{"id":160440,"date":"2025-11-25T07:30:58","date_gmt":"2025-11-25T06:30:58","guid":{"rendered":"https:\/\/www.copealcoy.es\/?p=160440"},"modified":"2025-11-25T20:40:51","modified_gmt":"2025-11-25T19:40:51","slug":"informativo-matinal-martes-25-de-noviembre-2025-0750h","status":"publish","type":"post","link":"https:\/\/www.copealcoy.es\/es\/informativo-matinal-martes-25-de-noviembre-2025-0750h\/","title":{"rendered":"Informativo matinal martes 25 de noviembre 2025 (07:50h)"},"content":{"rendered":"<p><iframe loading=\"lazy\" title=\"Informativo Matinal Martes 25 De Noviembre 2025 (07:50h)\" width=\"100%\" height=\"120\" src=\"https:\/\/www.mixcloud.com\/widget\/iframe\/?feed=https%3A%2F%2Fwww.mixcloud.com%2FCOPEAlcoy%2Finformativo-matinal-martes-25-de-noviembre-2025-0750h%2F&amp;hide_cover=1\" frameborder=\"0\" allow=\"encrypted-media; fullscreen; autoplay; idle-detection; speaker-selection; web-share;\"><\/iframe><\/p>\n<p style=\"text-align: justify;\">Hoy martes hemos destacado que <strong>Alcoy refuerza el mantenimiento de la ciudad con un contrato de 1,4 millones de euros<\/strong>. Tambi\u00e9n hemos comentado que el alcalde de l&#8217;Alqueria d&#8217;Asnar, <strong>C\u00e9sar Palmer<\/strong>, aclara que <strong>no est\u00e1 detr\u00e1s de la desaparici\u00f3n del dinero procedente de la recaudaci\u00f3n de la piscina municipal de la localidad<\/strong>.<\/p>\n<p style=\"text-align: justify;\" data-start=\"214\" data-end=\"694\">El\u00a0<span style=\"color: #0000ff;\"><a style=\"color: #0000ff;\" href=\"https:\/\/www.alcoi.org\/ca\/portal\/index.html\" target=\"_blank\" rel=\"noopener\"><strong data-start=\"250\" data-end=\"275\">Ayuntamiento de Alcoy<\/strong><\/a>\u00a0<\/span>ha dado un paso hacia adelante en la mejora del\u00a0<strong data-start=\"318\" data-end=\"336\">espacio urbano<\/strong>\u00a0de la ciudad con la adjudicaci\u00f3n del nuevo contrato para el\u00a0<b>mantenimiento del entorno urbano<\/b>, una cuesti\u00f3n muy demandada desde \u00e1mbitos como las asociaciones de vecinos.\u00a0La actuaci\u00f3n, adjudicada a una\u00a0<strong data-start=\"543\" data-end=\"579\">Uni\u00f3n Temporal de Empresas (UTE)<\/strong>, supone una inversi\u00f3n global superior a los\u00a0<strong data-start=\"624\" data-end=\"649\">1,4 millones de euros<\/strong>\u00a0repartidos durante los pr\u00f3ximos tres a\u00f1os.<\/p>\n<p style=\"text-align: justify;\" data-start=\"696\" data-end=\"991\">Esta adjudicaci\u00f3n marca un punto de inflexi\u00f3n en la pol\u00edtica de\u00a0<strong data-start=\"760\" data-end=\"789\">conservaci\u00f3n de la ciudad<\/strong>, afirman desde el gobierno local,\u00a0 ya que permitir\u00e1\u00a0<strong data-start=\"808\" data-end=\"843\">triplicar el personal operativo<\/strong>\u00a0destinado a estas tareas respecto a periodos anteriores. El contrato, seg\u00fan la informaci\u00f3n facilitada, incluye tanto\u00a0<strong data-start=\"1019\" data-end=\"1043\">servicios ordinarios<\/strong>\u00a0\u2014como la reparaci\u00f3n rutinaria de aceras y calles o la supervisi\u00f3n peri\u00f3dica del mobiliario urbano\u2014 como\u00a0<strong data-start=\"1148\" data-end=\"1182\">intervenciones extraordinarias<\/strong>, que abarcan actuaciones de emergencia por fen\u00f3menos meteorol\u00f3gicos, vandalismo o uso intensivo de los espacios p\u00fablicos durante eventos.<\/p>\n<p style=\"text-align: justify;\" data-start=\"1324\" data-end=\"1643\">El equipo destinado al servicio estar\u00e1 formado por un\u00a0<strong data-start=\"1378\" data-end=\"1421\">encargado, tres oficiales y tres peones<\/strong>, con alta cualificaci\u00f3n t\u00e9cnica y capacidad de\u00a0<strong data-start=\"1469\" data-end=\"1492\">respuesta inmediata<\/strong>\u00a0ante cualquier incidencia que afecte al estado de la v\u00eda p\u00fablica, con el objetivo de mantener una\u00a0<strong data-start=\"1591\" data-end=\"1629\">ciudad cuidada, accesible y segura<\/strong>\u00a0para todos\u00a0<em data-start=\"2745\" data-end=\"3067\">\u201cel mantenimiento urbano no es solo tapar un agujero o cambiar un banco; es cuidar el espacio donde convivimos. Hemos escuchado a las asociaciones de vecinos, que son quienes mejor conocen la realidad de cada barrio, y hemos respondido con hechos: triplicando el personal y dotando al servicio de m\u00e1s recursos que nunca\u201d,\u00a0<\/em>se\u00f1ala el edil de Obras y Servicios;\u00a0<strong>Jordi Mart\u00ednez<\/strong>. Este \u00faltimo a\u00f1ade tambi\u00e9n que con este nuevo contrato para los pr\u00f3ximos tres a\u00f1os \u201cse garantiza<em data-start=\"3092\" data-end=\"3465\">\u00a0una gesti\u00f3n m\u00e1s \u00e1gil, sostenible y cercana. Queremos que la ciudadan\u00eda note la diferencia, con calles m\u00e1s seguras y una atenci\u00f3n m\u00e1s r\u00e1pida a sus necesidades. Esta es nuestra forma de entender el servicio p\u00fablico: eficiencia en la gesti\u00f3n y compromiso con la calidad de vida de los alcoyanos y alcoyanas\u201d,\u00a0<\/em>concluye.<\/p>\n<p style=\"text-align: justify;\" data-start=\"1716\" data-end=\"2182\">La adjudicaci\u00f3n incluye innovaciones significativas que optimizar\u00e1n el servicio sin generar gastos adicionales para las arcas municipales, insisten desde el ejecutivo. Entre las novedades destaca la incorporaci\u00f3n de una\u00a0<strong data-start=\"1901\" data-end=\"1955\">furgoneta el\u00e9ctrica homologada y de cero emisiones<\/strong>, destinada a tareas de inspecci\u00f3n y supervisi\u00f3n. Este veh\u00edculo permitir\u00e1 detectar incidencias con mayor rapidez y planificar las intervenciones de manera m\u00e1s eficiente, reduciendo los tiempos de espera para las reparaciones. Adem\u00e1s, la empresa adjudicataria destinar\u00e1 una partida anual de\u00a0<strong data-start=\"2248\" data-end=\"2279\">20.000 euros (IVA excluido)<\/strong>\u00a0para la adquisici\u00f3n de\u00a0<strong data-start=\"2303\" data-end=\"2330\">nuevo mobiliario urbano<\/strong>, renovando progresivamente bancos, papeleras y otros elementos del entorno urbano.<\/p>\n","protected":false},"excerpt":{"rendered":"<p>Hoy martes hemos destacado que Alcoy refuerza el mantenimiento de la ciudad con un contrato de 1,4 millones de euros&#8230;.<\/p>\n","protected":false},"author":1,"featured_media":147669,"comment_status":"closed","ping_status":"closed","sticky":false,"template":"","format":"standard","meta":{"footnotes":""},"categories":[6909,89,91,75],"tags":[],"class_list":["post-160440","post","type-post","status-publish","format-standard","has-post-thumbnail","hentry","category-actualidad","category-audiosdelosprogramas","category-informativos","category-noticias"],"yoast_head":"<!-- This site is optimized with the Yoast SEO plugin v27.3 - https:\/\/yoast.com\/product\/yoast-seo-wordpress\/ -->\n<title>Informativo matinal martes 25 de noviembre 2025 (07:50h) - COPE Alcoy<\/title>\n<meta name=\"robots\" content=\"index, follow, max-snippet:-1, max-image-preview:large, max-video-preview:-1\" \/>\n<link rel=\"canonical\" href=\"https:\/\/www.copealcoy.es\/es\/informativo-matinal-martes-25-de-noviembre-2025-0750h\/\" \/>\n<meta property=\"og:locale\" content=\"es_ES\" \/>\n<meta property=\"og:type\" content=\"article\" \/>\n<meta property=\"og:title\" content=\"Informativo matinal martes 25 de noviembre 2025 (07:50h) - COPE Alcoy\" \/>\n<meta property=\"og:description\" content=\"Hoy martes hemos destacado que Alcoy refuerza el mantenimiento de la ciudad con un contrato de 1,4 millones de euros....\" \/>\n<meta property=\"og:url\" content=\"https:\/\/www.copealcoy.es\/es\/informativo-matinal-martes-25-de-noviembre-2025-0750h\/\" \/>\n<meta property=\"og:site_name\" content=\"COPE Alcoy\" \/>\n<meta property=\"article:published_time\" content=\"2025-11-25T06:30:58+00:00\" \/>\n<meta property=\"article:modified_time\" content=\"2025-11-25T19:40:51+00:00\" \/>\n<meta property=\"og:image\" content=\"https:\/\/www.copealcoy.es\/wp-content\/uploads\/2025\/02\/Informativo-Matinal-Castellano.png\" \/>\n\t<meta property=\"og:image:width\" content=\"357\" \/>\n\t<meta property=\"og:image:height\" content=\"290\" \/>\n\t<meta property=\"og:image:type\" content=\"image\/png\" \/>\n<meta name=\"author\" content=\"Cope Alcoy\" \/>\n<meta name=\"twitter:label1\" content=\"Escrito por\" \/>\n\t<meta name=\"twitter:data1\" content=\"Cope Alcoy\" \/>\n\t<meta name=\"twitter:label2\" content=\"Tiempo de lectura\" \/>\n\t<meta name=\"twitter:data2\" content=\"3 minutos\" \/>\n<script type=\"application\/ld+json\" class=\"yoast-schema-graph\">{\"@context\":\"https:\\\/\\\/schema.org\",\"@graph\":[{\"@type\":\"Article\",\"@id\":\"https:\\\/\\\/www.copealcoy.es\\\/es\\\/informativo-matinal-martes-25-de-noviembre-2025-0750h\\\/#article\",\"isPartOf\":{\"@id\":\"https:\\\/\\\/www.copealcoy.es\\\/es\\\/informativo-matinal-martes-25-de-noviembre-2025-0750h\\\/\"},\"author\":{\"name\":\"Cope Alcoy\",\"@id\":\"https:\\\/\\\/www.copealcoy.es\\\/es\\\/#\\\/schema\\\/person\\\/e777c87fa024e57d40170af9df39882c\"},\"headline\":\"Informativo matinal martes 25 de noviembre 2025 (07:50h)\",\"datePublished\":\"2025-11-25T06:30:58+00:00\",\"dateModified\":\"2025-11-25T19:40:51+00:00\",\"mainEntityOfPage\":{\"@id\":\"https:\\\/\\\/www.copealcoy.es\\\/es\\\/informativo-matinal-martes-25-de-noviembre-2025-0750h\\\/\"},\"wordCount\":545,\"image\":{\"@id\":\"https:\\\/\\\/www.copealcoy.es\\\/es\\\/informativo-matinal-martes-25-de-noviembre-2025-0750h\\\/#primaryimage\"},\"thumbnailUrl\":\"https:\\\/\\\/www.copealcoy.es\\\/wp-content\\\/uploads\\\/2025\\\/02\\\/Informativo-Matinal-Castellano.png\",\"articleSection\":[\"Actualidad\",\"Audios de los programas\",\"Informativos\",\"Noticias\"],\"inLanguage\":\"es\"},{\"@type\":\"WebPage\",\"@id\":\"https:\\\/\\\/www.copealcoy.es\\\/es\\\/informativo-matinal-martes-25-de-noviembre-2025-0750h\\\/\",\"url\":\"https:\\\/\\\/www.copealcoy.es\\\/es\\\/informativo-matinal-martes-25-de-noviembre-2025-0750h\\\/\",\"name\":\"Informativo matinal martes 25 de noviembre 2025 (07:50h) - COPE Alcoy\",\"isPartOf\":{\"@id\":\"https:\\\/\\\/www.copealcoy.es\\\/es\\\/#website\"},\"primaryImageOfPage\":{\"@id\":\"https:\\\/\\\/www.copealcoy.es\\\/es\\\/informativo-matinal-martes-25-de-noviembre-2025-0750h\\\/#primaryimage\"},\"image\":{\"@id\":\"https:\\\/\\\/www.copealcoy.es\\\/es\\\/informativo-matinal-martes-25-de-noviembre-2025-0750h\\\/#primaryimage\"},\"thumbnailUrl\":\"https:\\\/\\\/www.copealcoy.es\\\/wp-content\\\/uploads\\\/2025\\\/02\\\/Informativo-Matinal-Castellano.png\",\"datePublished\":\"2025-11-25T06:30:58+00:00\",\"dateModified\":\"2025-11-25T19:40:51+00:00\",\"author\":{\"@id\":\"https:\\\/\\\/www.copealcoy.es\\\/es\\\/#\\\/schema\\\/person\\\/e777c87fa024e57d40170af9df39882c\"},\"breadcrumb\":{\"@id\":\"https:\\\/\\\/www.copealcoy.es\\\/es\\\/informativo-matinal-martes-25-de-noviembre-2025-0750h\\\/#breadcrumb\"},\"inLanguage\":\"es\",\"potentialAction\":[{\"@type\":\"ReadAction\",\"target\":[\"https:\\\/\\\/www.copealcoy.es\\\/es\\\/informativo-matinal-martes-25-de-noviembre-2025-0750h\\\/\"]}]},{\"@type\":\"ImageObject\",\"inLanguage\":\"es\",\"@id\":\"https:\\\/\\\/www.copealcoy.es\\\/es\\\/informativo-matinal-martes-25-de-noviembre-2025-0750h\\\/#primaryimage\",\"url\":\"https:\\\/\\\/www.copealcoy.es\\\/wp-content\\\/uploads\\\/2025\\\/02\\\/Informativo-Matinal-Castellano.png\",\"contentUrl\":\"https:\\\/\\\/www.copealcoy.es\\\/wp-content\\\/uploads\\\/2025\\\/02\\\/Informativo-Matinal-Castellano.png\",\"width\":357,\"height\":290},{\"@type\":\"BreadcrumbList\",\"@id\":\"https:\\\/\\\/www.copealcoy.es\\\/es\\\/informativo-matinal-martes-25-de-noviembre-2025-0750h\\\/#breadcrumb\",\"itemListElement\":[{\"@type\":\"ListItem\",\"position\":1,\"name\":\"Portada\",\"item\":\"https:\\\/\\\/www.copealcoy.es\\\/es\\\/\"},{\"@type\":\"ListItem\",\"position\":2,\"name\":\"Informativo matinal martes 25 de noviembre 2025 (07:50h)\"}]},{\"@type\":\"WebSite\",\"@id\":\"https:\\\/\\\/www.copealcoy.es\\\/es\\\/#website\",\"url\":\"https:\\\/\\\/www.copealcoy.es\\\/es\\\/\",\"name\":\"COPE Alcoy\",\"description\":\"Emisora COPE de radio local con emisi\u00f3n online. Pont de Sant Jordi 8-10 03803 Alcoy\",\"potentialAction\":[{\"@type\":\"SearchAction\",\"target\":{\"@type\":\"EntryPoint\",\"urlTemplate\":\"https:\\\/\\\/www.copealcoy.es\\\/es\\\/?s={search_term_string}\"},\"query-input\":{\"@type\":\"PropertyValueSpecification\",\"valueRequired\":true,\"valueName\":\"search_term_string\"}}],\"inLanguage\":\"es\"},{\"@type\":\"Person\",\"@id\":\"https:\\\/\\\/www.copealcoy.es\\\/es\\\/#\\\/schema\\\/person\\\/e777c87fa024e57d40170af9df39882c\",\"name\":\"Cope Alcoy\",\"image\":{\"@type\":\"ImageObject\",\"inLanguage\":\"es\",\"@id\":\"https:\\\/\\\/secure.gravatar.com\\\/avatar\\\/bb65d0283347e303893ba14f0692005417c1e0e690a325a4c5d8bb2b3943ee14?s=96&d=mm&r=g\",\"url\":\"https:\\\/\\\/secure.gravatar.com\\\/avatar\\\/bb65d0283347e303893ba14f0692005417c1e0e690a325a4c5d8bb2b3943ee14?s=96&d=mm&r=g\",\"contentUrl\":\"https:\\\/\\\/secure.gravatar.com\\\/avatar\\\/bb65d0283347e303893ba14f0692005417c1e0e690a325a4c5d8bb2b3943ee14?s=96&d=mm&r=g\",\"caption\":\"Cope Alcoy\"}}]}<\/script>\n<!-- \/ Yoast SEO plugin. -->","yoast_head_json":{"title":"Informativo matinal martes 25 de noviembre 2025 (07:50h) - COPE Alcoy","robots":{"index":"index","follow":"follow","max-snippet":"max-snippet:-1","max-image-preview":"max-image-preview:large","max-video-preview":"max-video-preview:-1"},"canonical":"https:\/\/www.copealcoy.es\/es\/informativo-matinal-martes-25-de-noviembre-2025-0750h\/","og_locale":"es_ES","og_type":"article","og_title":"Informativo matinal martes 25 de noviembre 2025 (07:50h) - COPE Alcoy","og_description":"Hoy martes hemos destacado que Alcoy refuerza el mantenimiento de la ciudad con un contrato de 1,4 millones de euros....","og_url":"https:\/\/www.copealcoy.es\/es\/informativo-matinal-martes-25-de-noviembre-2025-0750h\/","og_site_name":"COPE Alcoy","article_published_time":"2025-11-25T06:30:58+00:00","article_modified_time":"2025-11-25T19:40:51+00:00","og_image":[{"width":357,"height":290,"url":"https:\/\/www.copealcoy.es\/wp-content\/uploads\/2025\/02\/Informativo-Matinal-Castellano.png","type":"image\/png"}],"author":"Cope Alcoy","twitter_misc":{"Escrito por":"Cope Alcoy","Tiempo de lectura":"3 minutos"},"schema":{"@context":"https:\/\/schema.org","@graph":[{"@type":"Article","@id":"https:\/\/www.copealcoy.es\/es\/informativo-matinal-martes-25-de-noviembre-2025-0750h\/#article","isPartOf":{"@id":"https:\/\/www.copealcoy.es\/es\/informativo-matinal-martes-25-de-noviembre-2025-0750h\/"},"author":{"name":"Cope Alcoy","@id":"https:\/\/www.copealcoy.es\/es\/#\/schema\/person\/e777c87fa024e57d40170af9df39882c"},"headline":"Informativo matinal martes 25 de noviembre 2025 (07:50h)","datePublished":"2025-11-25T06:30:58+00:00","dateModified":"2025-11-25T19:40:51+00:00","mainEntityOfPage":{"@id":"https:\/\/www.copealcoy.es\/es\/informativo-matinal-martes-25-de-noviembre-2025-0750h\/"},"wordCount":545,"image":{"@id":"https:\/\/www.copealcoy.es\/es\/informativo-matinal-martes-25-de-noviembre-2025-0750h\/#primaryimage"},"thumbnailUrl":"https:\/\/www.copealcoy.es\/wp-content\/uploads\/2025\/02\/Informativo-Matinal-Castellano.png","articleSection":["Actualidad","Audios de los programas","Informativos","Noticias"],"inLanguage":"es"},{"@type":"WebPage","@id":"https:\/\/www.copealcoy.es\/es\/informativo-matinal-martes-25-de-noviembre-2025-0750h\/","url":"https:\/\/www.copealcoy.es\/es\/informativo-matinal-martes-25-de-noviembre-2025-0750h\/","name":"Informativo matinal martes 25 de noviembre 2025 (07:50h) - COPE Alcoy","isPartOf":{"@id":"https:\/\/www.copealcoy.es\/es\/#website"},"primaryImageOfPage":{"@id":"https:\/\/www.copealcoy.es\/es\/informativo-matinal-martes-25-de-noviembre-2025-0750h\/#primaryimage"},"image":{"@id":"https:\/\/www.copealcoy.es\/es\/informativo-matinal-martes-25-de-noviembre-2025-0750h\/#primaryimage"},"thumbnailUrl":"https:\/\/www.copealcoy.es\/wp-content\/uploads\/2025\/02\/Informativo-Matinal-Castellano.png","datePublished":"2025-11-25T06:30:58+00:00","dateModified":"2025-11-25T19:40:51+00:00","author":{"@id":"https:\/\/www.copealcoy.es\/es\/#\/schema\/person\/e777c87fa024e57d40170af9df39882c"},"breadcrumb":{"@id":"https:\/\/www.copealcoy.es\/es\/informativo-matinal-martes-25-de-noviembre-2025-0750h\/#breadcrumb"},"inLanguage":"es","potentialAction":[{"@type":"ReadAction","target":["https:\/\/www.copealcoy.es\/es\/informativo-matinal-martes-25-de-noviembre-2025-0750h\/"]}]},{"@type":"ImageObject","inLanguage":"es","@id":"https:\/\/www.copealcoy.es\/es\/informativo-matinal-martes-25-de-noviembre-2025-0750h\/#primaryimage","url":"https:\/\/www.copealcoy.es\/wp-content\/uploads\/2025\/02\/Informativo-Matinal-Castellano.png","contentUrl":"https:\/\/www.copealcoy.es\/wp-content\/uploads\/2025\/02\/Informativo-Matinal-Castellano.png","width":357,"height":290},{"@type":"BreadcrumbList","@id":"https:\/\/www.copealcoy.es\/es\/informativo-matinal-martes-25-de-noviembre-2025-0750h\/#breadcrumb","itemListElement":[{"@type":"ListItem","position":1,"name":"Portada","item":"https:\/\/www.copealcoy.es\/es\/"},{"@type":"ListItem","position":2,"name":"Informativo matinal martes 25 de noviembre 2025 (07:50h)"}]},{"@type":"WebSite","@id":"https:\/\/www.copealcoy.es\/es\/#website","url":"https:\/\/www.copealcoy.es\/es\/","name":"COPE Alcoy","description":"Emisora COPE de radio local con emisi\u00f3n online. Pont de Sant Jordi 8-10 03803 Alcoy","potentialAction":[{"@type":"SearchAction","target":{"@type":"EntryPoint","urlTemplate":"https:\/\/www.copealcoy.es\/es\/?s={search_term_string}"},"query-input":{"@type":"PropertyValueSpecification","valueRequired":true,"valueName":"search_term_string"}}],"inLanguage":"es"},{"@type":"Person","@id":"https:\/\/www.copealcoy.es\/es\/#\/schema\/person\/e777c87fa024e57d40170af9df39882c","name":"Cope Alcoy","image":{"@type":"ImageObject","inLanguage":"es","@id":"https:\/\/secure.gravatar.com\/avatar\/bb65d0283347e303893ba14f0692005417c1e0e690a325a4c5d8bb2b3943ee14?s=96&d=mm&r=g","url":"https:\/\/secure.gravatar.com\/avatar\/bb65d0283347e303893ba14f0692005417c1e0e690a325a4c5d8bb2b3943ee14?s=96&d=mm&r=g","contentUrl":"https:\/\/secure.gravatar.com\/avatar\/bb65d0283347e303893ba14f0692005417c1e0e690a325a4c5d8bb2b3943ee14?s=96&d=mm&r=g","caption":"Cope Alcoy"}}]}},"_links":{"self":[{"href":"https:\/\/www.copealcoy.es\/es\/wp-json\/wp\/v2\/posts\/160440","targetHints":{"allow":["GET"]}}],"collection":[{"href":"https:\/\/www.copealcoy.es\/es\/wp-json\/wp\/v2\/posts"}],"about":[{"href":"https:\/\/www.copealcoy.es\/es\/wp-json\/wp\/v2\/types\/post"}],"author":[{"embeddable":true,"href":"https:\/\/www.copealcoy.es\/es\/wp-json\/wp\/v2\/users\/1"}],"replies":[{"embeddable":true,"href":"https:\/\/www.copealcoy.es\/es\/wp-json\/wp\/v2\/comments?post=160440"}],"version-history":[{"count":1,"href":"https:\/\/www.copealcoy.es\/es\/wp-json\/wp\/v2\/posts\/160440\/revisions"}],"predecessor-version":[{"id":160441,"href":"https:\/\/www.copealcoy.es\/es\/wp-json\/wp\/v2\/posts\/160440\/revisions\/160441"}],"wp:featuredmedia":[{"embeddable":true,"href":"https:\/\/www.copealcoy.es\/es\/wp-json\/wp\/v2\/media\/147669"}],"wp:attachment":[{"href":"https:\/\/www.copealcoy.es\/es\/wp-json\/wp\/v2\/media?parent=160440"}],"wp:term":[{"taxonomy":"category","embeddable":true,"href":"https:\/\/www.copealcoy.es\/es\/wp-json\/wp\/v2\/categories?post=160440"},{"taxonomy":"post_tag","embeddable":true,"href":"https:\/\/www.copealcoy.es\/es\/wp-json\/wp\/v2\/tags?post=160440"}],"curies":[{"name":"wp","href":"https:\/\/api.w.org\/{rel}","templated":true}]}}