{"id":160412,"date":"2025-11-25T20:20:48","date_gmt":"2025-11-25T19:20:48","guid":{"rendered":"https:\/\/www.copealcoy.es\/?p=160412"},"modified":"2025-11-25T20:35:13","modified_gmt":"2025-11-25T19:35:13","slug":"alcoy-y-el-conjunto-de-la-comarca-alzan-la-voz-contra-la-violencia-hacia-las-mujeres","status":"publish","type":"post","link":"https:\/\/www.copealcoy.es\/es\/alcoy-y-el-conjunto-de-la-comarca-alzan-la-voz-contra-la-violencia-hacia-las-mujeres\/","title":{"rendered":"Alcoy y el conjunto de la comarca alzan la voz contra la violencia hacia las mujeres"},"content":{"rendered":"<p style=\"text-align: justify;\">Como en cada 25 de noviembre se conmemora el <strong>D\u00eda Internacional para la Eliminaci\u00f3n de la Violencia contra las Mujeres<\/strong>, una jornada que <strong>se ha recordado tambi\u00e9n en Alcoy y nuestras comarcas<\/strong> con diferentes actos reivindicativos. La mayor parte de ellos han tenido lugar esta ma\u00f1ana, aunque la programaci\u00f3n del 25N lleva d\u00edas teniendo lugar en varias poblaciones de L&#8217;Alcoi\u00e0 y El Comtat con diversas iniciativas de car\u00e1cter social, cultural y participativo.<\/p>\n<p><span style=\"color: #0000ff;\"><strong>Alcoy centra en a violencia vicaria la reivindicaci\u00f3n por el 25N<\/strong><\/span><\/p>\n<p style=\"text-align: justify;\">En el caso de <strong>Alcoy<\/strong>, el acto central de este 25N ha tenido lugar en la Pla\u00e7a de Dins a partir de las 12 del mediod\u00eda, con la organizaci\u00f3n de ACOVIFA, y la colaboraci\u00f3n del Ayuntamiento. All\u00ed se ha le\u00eddo el manifiesto a cargo del escritor, fil\u00f3sofo y agente de igualdad, <strong>Agust\u00ed Zaragoz\u00e0<\/strong>:<\/p>\n<audio class=\"wp-audio-shortcode\" id=\"audio-160412-1\" preload=\"none\" style=\"width: 100%;\" controls=\"controls\"><source type=\"audio\/mpeg\" src=\"https:\/\/www.copealcoy.es\/wp-content\/uploads\/2025\/11\/Manifest-25N-2025.mp3?_=1\" \/><a href=\"https:\/\/www.copealcoy.es\/wp-content\/uploads\/2025\/11\/Manifest-25N-2025.mp3\">https:\/\/www.copealcoy.es\/wp-content\/uploads\/2025\/11\/Manifest-25N-2025.mp3<\/a><\/audio>\n<p>&nbsp;<\/p>\n<p style=\"text-align: justify;\">Tras ello, <strong>se ha dado lectura a los nombres de las 38 mujeres<\/strong> que hasta la fecha, con datos del Gobierno Central, han sido asesinadas en nuestro pa\u00eds, al igual que <strong>se han destacado los cinco peque\u00f1os que tambi\u00e9n durante este 2025 fueron v\u00edctimas de la violencia vicaria<\/strong>. Seguidamente, y con la participaci\u00f3n de personas de todas las edades, <strong>se ha efectuado una <em>performance\u00a0<\/em><\/strong>en la que un maniqu\u00ed recreaba a una mujer asesinada que volv\u00eda a la vida despu\u00e9s de colocar sobre ella frases y carteles en los que se pod\u00edan leer\u00a0 frases alusivas al fin de una lacra social que sesga tantas vidas como la violencia machista. Tambi\u00e9n se ha guardado un minuto de silencio en recuerdo de las v\u00edctimas pero tambi\u00e9n en se\u00f1al de apoyo a sus familiares y allegados.<\/p>\n<p style=\"text-align: justify;\">Finalizado el acto, COPE ALCOY hablaba con <strong>Agust\u00ed Zaragoz\u00e0<\/strong>, el presidente de ACOVIFA (<strong>Gabriel Aura<\/strong>) y el edil de igualdad del <a href=\"https:\/\/www.alcoi.org\/ca\/portal\/index.html\" target=\"_blank\" rel=\"noopener\"><span style=\"color: #0000ff;\"><strong>Ayuntamiento de Alcoy<\/strong> <\/span><\/a>(<strong>\u00c0lex Cerradelo<\/strong>):<\/p>\n<audio class=\"wp-audio-shortcode\" id=\"audio-160412-2\" preload=\"none\" style=\"width: 100%;\" controls=\"controls\"><source type=\"audio\/mpeg\" src=\"https:\/\/www.copealcoy.es\/wp-content\/uploads\/2025\/11\/Tall-Agusti-Zaragoza-25N.mp3?_=2\" \/><a href=\"https:\/\/www.copealcoy.es\/wp-content\/uploads\/2025\/11\/Tall-Agusti-Zaragoza-25N.mp3\">https:\/\/www.copealcoy.es\/wp-content\/uploads\/2025\/11\/Tall-Agusti-Zaragoza-25N.mp3<\/a><\/audio>\n<p>&nbsp;<\/p>\n<audio class=\"wp-audio-shortcode\" id=\"audio-160412-3\" preload=\"none\" style=\"width: 100%;\" controls=\"controls\"><source type=\"audio\/mpeg\" src=\"https:\/\/www.copealcoy.es\/wp-content\/uploads\/2025\/11\/Tall-Gabriel-Aura-25N.mp3?_=3\" \/><a href=\"https:\/\/www.copealcoy.es\/wp-content\/uploads\/2025\/11\/Tall-Gabriel-Aura-25N.mp3\">https:\/\/www.copealcoy.es\/wp-content\/uploads\/2025\/11\/Tall-Gabriel-Aura-25N.mp3<\/a><\/audio>\n<p>&nbsp;<\/p>\n<audio class=\"wp-audio-shortcode\" id=\"audio-160412-4\" preload=\"none\" style=\"width: 100%;\" controls=\"controls\"><source type=\"audio\/mpeg\" src=\"https:\/\/www.copealcoy.es\/wp-content\/uploads\/2025\/11\/Tall-Alex-Cerradelo-25N.mp3?_=4\" \/><a href=\"https:\/\/www.copealcoy.es\/wp-content\/uploads\/2025\/11\/Tall-Alex-Cerradelo-25N.mp3\">https:\/\/www.copealcoy.es\/wp-content\/uploads\/2025\/11\/Tall-Alex-Cerradelo-25N.mp3<\/a><\/audio>\n<p>&nbsp;<\/p>\n<p><span style=\"color: #0000ff;\"><strong>Actos reivindicativos tambi\u00e9n en la comarca<\/strong><\/span><\/p>\n<p style=\"text-align: justify;\">Las propuestas reivindicativas en torno al <strong>D\u00eda Internacional para la Eliminaci\u00f3n de la Violencia contra las Mujeres\u00a0<\/strong>se repiten tambi\u00e9n hoy en toda la comarca. En <strong>Cocentaina<\/strong> ha sido a mediod\u00eda, en la Pla\u00e7a de a Vila, cuando se ha le\u00eddo el manifiesto contando con la participaci\u00f3n de APSA y alumnado de secundaria del Colegio San Francisco de As\u00eds, mientras que estudiantes del IES Pare Arques han realizado una <em>performance<\/em>. En <strong>Muro<\/strong> se leer\u00e1 el manifiesto esta tarde a las 18:30h, en la Placeta Molina frente al Ayuntamiento, y los actos se repiten en municipios como Ibi, Castalla, Onil o Banyeres de Mariola.<\/p>\n<div id='gallery-1' class='gallery galleryid-160412 gallery-columns-2 gallery-size-large'><figure class='gallery-item'>\n\t\t\t<div class='gallery-icon landscape'>\n\t\t\t\t<a href='https:\/\/www.copealcoy.es\/es\/alcoy-y-el-conjunto-de-la-comarca-alzan-la-voz-contra-la-violencia-hacia-las-mujeres\/587493924_18385310917180515_8171730151639285260_n-2\/'><img loading=\"lazy\" decoding=\"async\" width=\"980\" height=\"588\" src=\"https:\/\/www.copealcoy.es\/wp-content\/uploads\/2025\/11\/587493924_18385310917180515_8171730151639285260_n-2-980x588.jpg\" class=\"attachment-large size-large\" alt=\"\" \/><\/a>\n\t\t\t<\/div><\/figure><figure class='gallery-item'>\n\t\t\t<div class='gallery-icon landscape'>\n\t\t\t\t<a href='https:\/\/www.copealcoy.es\/es\/alcoy-y-el-conjunto-de-la-comarca-alzan-la-voz-contra-la-violencia-hacia-las-mujeres\/588792780_1286931366812172_2576891515954874424_n\/'><img loading=\"lazy\" decoding=\"async\" width=\"980\" height=\"588\" src=\"https:\/\/www.copealcoy.es\/wp-content\/uploads\/2025\/11\/588792780_1286931366812172_2576891515954874424_n-980x588.jpg\" class=\"attachment-large size-large\" alt=\"\" \/><\/a>\n\t\t\t<\/div><\/figure><figure class='gallery-item'>\n\t\t\t<div class='gallery-icon landscape'>\n\t\t\t\t<a href='https:\/\/www.copealcoy.es\/es\/alcoy-y-el-conjunto-de-la-comarca-alzan-la-voz-contra-la-violencia-hacia-las-mujeres\/588322208_1369640215193343_2210672415558778663_n\/'><img loading=\"lazy\" decoding=\"async\" width=\"980\" height=\"588\" src=\"https:\/\/www.copealcoy.es\/wp-content\/uploads\/2025\/11\/588322208_1369640215193343_2210672415558778663_n-980x588.jpg\" class=\"attachment-large size-large\" alt=\"\" \/><\/a>\n\t\t\t<\/div><\/figure><figure class='gallery-item'>\n\t\t\t<div class='gallery-icon landscape'>\n\t\t\t\t<a href='https:\/\/www.copealcoy.es\/es\/alcoy-y-el-conjunto-de-la-comarca-alzan-la-voz-contra-la-violencia-hacia-las-mujeres\/586875914_1320841893416539_4229136732864355926_n\/'><img loading=\"lazy\" decoding=\"async\" width=\"980\" height=\"588\" src=\"https:\/\/www.copealcoy.es\/wp-content\/uploads\/2025\/11\/586875914_1320841893416539_4229136732864355926_n-980x588.jpg\" class=\"attachment-large size-large\" alt=\"\" \/><\/a>\n\t\t\t<\/div><\/figure>\n\t\t<\/div>\n\n","protected":false},"excerpt":{"rendered":"<p>Como en cada 25 de noviembre se conmemora el D\u00eda Internacional para la Eliminaci\u00f3n de la Violencia contra las Mujeres,&#8230;<\/p>\n","protected":false},"author":1,"featured_media":160422,"comment_status":"closed","ping_status":"closed","sticky":false,"template":"","format":"standard","meta":{"footnotes":""},"categories":[6909,97,75,125],"tags":[9459,482,1494,237,6636,20372],"class_list":["post-160412","post","type-post","status-publish","format-standard","has-post-thumbnail","hentry","category-actualidad","category-alcoy","category-noticias","category-portada","tag-25n","tag-alcoia","tag-alcoy","tag-comtat","tag-conmemoracion","tag-dia-internacional-para-la-eliminacion-de-la-violencia-contra-la-mujer"],"yoast_head":"<!-- This site is optimized with the Yoast SEO plugin v27.3 - https:\/\/yoast.com\/product\/yoast-seo-wordpress\/ -->\n<title>Alcoy y el conjunto de la comarca alzan la voz contra la violencia hacia las mujeres - COPE Alcoy<\/title>\n<meta name=\"robots\" content=\"index, follow, max-snippet:-1, max-image-preview:large, max-video-preview:-1\" \/>\n<link rel=\"canonical\" href=\"https:\/\/www.copealcoy.es\/es\/alcoy-y-el-conjunto-de-la-comarca-alzan-la-voz-contra-la-violencia-hacia-las-mujeres\/\" \/>\n<meta property=\"og:locale\" content=\"es_ES\" \/>\n<meta property=\"og:type\" content=\"article\" \/>\n<meta property=\"og:title\" content=\"Alcoy y el conjunto de la comarca alzan la voz contra la violencia hacia las mujeres - COPE Alcoy\" \/>\n<meta property=\"og:description\" content=\"Como en cada 25 de noviembre se conmemora el D\u00eda Internacional para la Eliminaci\u00f3n de la Violencia contra las Mujeres,...\" \/>\n<meta property=\"og:url\" content=\"https:\/\/www.copealcoy.es\/es\/alcoy-y-el-conjunto-de-la-comarca-alzan-la-voz-contra-la-violencia-hacia-las-mujeres\/\" \/>\n<meta property=\"og:site_name\" content=\"COPE Alcoy\" \/>\n<meta property=\"article:published_time\" content=\"2025-11-25T19:20:48+00:00\" \/>\n<meta property=\"article:modified_time\" content=\"2025-11-25T19:35:13+00:00\" \/>\n<meta property=\"og:image\" content=\"https:\/\/www.copealcoy.es\/wp-content\/uploads\/2025\/11\/unnamed-1-23-scaled-e1764098526347.jpg\" \/>\n\t<meta property=\"og:image:width\" content=\"2560\" \/>\n\t<meta property=\"og:image:height\" content=\"1270\" \/>\n\t<meta property=\"og:image:type\" content=\"image\/jpeg\" \/>\n<meta name=\"author\" content=\"Cope Alcoy\" \/>\n<meta name=\"twitter:label1\" content=\"Escrito por\" \/>\n\t<meta name=\"twitter:data1\" content=\"Cope Alcoy\" \/>\n\t<meta name=\"twitter:label2\" content=\"Tiempo de lectura\" \/>\n\t<meta name=\"twitter:data2\" content=\"3 minutos\" \/>\n<script type=\"application\/ld+json\" class=\"yoast-schema-graph\">{\"@context\":\"https:\\\/\\\/schema.org\",\"@graph\":[{\"@type\":\"Article\",\"@id\":\"https:\\\/\\\/www.copealcoy.es\\\/es\\\/alcoy-y-el-conjunto-de-la-comarca-alzan-la-voz-contra-la-violencia-hacia-las-mujeres\\\/#article\",\"isPartOf\":{\"@id\":\"https:\\\/\\\/www.copealcoy.es\\\/es\\\/alcoy-y-el-conjunto-de-la-comarca-alzan-la-voz-contra-la-violencia-hacia-las-mujeres\\\/\"},\"author\":{\"name\":\"Cope Alcoy\",\"@id\":\"https:\\\/\\\/www.copealcoy.es\\\/es\\\/#\\\/schema\\\/person\\\/e777c87fa024e57d40170af9df39882c\"},\"headline\":\"Alcoy y el conjunto de la comarca alzan la voz contra la violencia hacia las mujeres\",\"datePublished\":\"2025-11-25T19:20:48+00:00\",\"dateModified\":\"2025-11-25T19:35:13+00:00\",\"mainEntityOfPage\":{\"@id\":\"https:\\\/\\\/www.copealcoy.es\\\/es\\\/alcoy-y-el-conjunto-de-la-comarca-alzan-la-voz-contra-la-violencia-hacia-las-mujeres\\\/\"},\"wordCount\":509,\"image\":{\"@id\":\"https:\\\/\\\/www.copealcoy.es\\\/es\\\/alcoy-y-el-conjunto-de-la-comarca-alzan-la-voz-contra-la-violencia-hacia-las-mujeres\\\/#primaryimage\"},\"thumbnailUrl\":\"https:\\\/\\\/www.copealcoy.es\\\/wp-content\\\/uploads\\\/2025\\\/11\\\/unnamed-1-23-scaled-e1764098526347.jpg\",\"keywords\":[\"25N\",\"Alcoi\u00e0\",\"Alcoy\",\"Comtat\",\"conmemoraci\u00f3n\",\"D\u00eda Internacional para la Eliminaci\u00f3n de la Violencia contra la Mujer\"],\"articleSection\":[\"Actualidad\",\"Alcoy\",\"Noticias\",\"Portada\"],\"inLanguage\":\"es\"},{\"@type\":\"WebPage\",\"@id\":\"https:\\\/\\\/www.copealcoy.es\\\/es\\\/alcoy-y-el-conjunto-de-la-comarca-alzan-la-voz-contra-la-violencia-hacia-las-mujeres\\\/\",\"url\":\"https:\\\/\\\/www.copealcoy.es\\\/es\\\/alcoy-y-el-conjunto-de-la-comarca-alzan-la-voz-contra-la-violencia-hacia-las-mujeres\\\/\",\"name\":\"Alcoy y el conjunto de la comarca alzan la voz contra la violencia hacia las mujeres - COPE Alcoy\",\"isPartOf\":{\"@id\":\"https:\\\/\\\/www.copealcoy.es\\\/es\\\/#website\"},\"primaryImageOfPage\":{\"@id\":\"https:\\\/\\\/www.copealcoy.es\\\/es\\\/alcoy-y-el-conjunto-de-la-comarca-alzan-la-voz-contra-la-violencia-hacia-las-mujeres\\\/#primaryimage\"},\"image\":{\"@id\":\"https:\\\/\\\/www.copealcoy.es\\\/es\\\/alcoy-y-el-conjunto-de-la-comarca-alzan-la-voz-contra-la-violencia-hacia-las-mujeres\\\/#primaryimage\"},\"thumbnailUrl\":\"https:\\\/\\\/www.copealcoy.es\\\/wp-content\\\/uploads\\\/2025\\\/11\\\/unnamed-1-23-scaled-e1764098526347.jpg\",\"datePublished\":\"2025-11-25T19:20:48+00:00\",\"dateModified\":\"2025-11-25T19:35:13+00:00\",\"author\":{\"@id\":\"https:\\\/\\\/www.copealcoy.es\\\/es\\\/#\\\/schema\\\/person\\\/e777c87fa024e57d40170af9df39882c\"},\"breadcrumb\":{\"@id\":\"https:\\\/\\\/www.copealcoy.es\\\/es\\\/alcoy-y-el-conjunto-de-la-comarca-alzan-la-voz-contra-la-violencia-hacia-las-mujeres\\\/#breadcrumb\"},\"inLanguage\":\"es\",\"potentialAction\":[{\"@type\":\"ReadAction\",\"target\":[\"https:\\\/\\\/www.copealcoy.es\\\/es\\\/alcoy-y-el-conjunto-de-la-comarca-alzan-la-voz-contra-la-violencia-hacia-las-mujeres\\\/\"]}]},{\"@type\":\"ImageObject\",\"inLanguage\":\"es\",\"@id\":\"https:\\\/\\\/www.copealcoy.es\\\/es\\\/alcoy-y-el-conjunto-de-la-comarca-alzan-la-voz-contra-la-violencia-hacia-las-mujeres\\\/#primaryimage\",\"url\":\"https:\\\/\\\/www.copealcoy.es\\\/wp-content\\\/uploads\\\/2025\\\/11\\\/unnamed-1-23-scaled-e1764098526347.jpg\",\"contentUrl\":\"https:\\\/\\\/www.copealcoy.es\\\/wp-content\\\/uploads\\\/2025\\\/11\\\/unnamed-1-23-scaled-e1764098526347.jpg\",\"width\":2560,\"height\":1270},{\"@type\":\"BreadcrumbList\",\"@id\":\"https:\\\/\\\/www.copealcoy.es\\\/es\\\/alcoy-y-el-conjunto-de-la-comarca-alzan-la-voz-contra-la-violencia-hacia-las-mujeres\\\/#breadcrumb\",\"itemListElement\":[{\"@type\":\"ListItem\",\"position\":1,\"name\":\"Portada\",\"item\":\"https:\\\/\\\/www.copealcoy.es\\\/es\\\/\"},{\"@type\":\"ListItem\",\"position\":2,\"name\":\"Alcoy y el conjunto de la comarca alzan la voz contra la violencia hacia las mujeres\"}]},{\"@type\":\"WebSite\",\"@id\":\"https:\\\/\\\/www.copealcoy.es\\\/es\\\/#website\",\"url\":\"https:\\\/\\\/www.copealcoy.es\\\/es\\\/\",\"name\":\"COPE Alcoy\",\"description\":\"Emisora COPE de radio local con emisi\u00f3n online. Pont de Sant Jordi 8-10 03803 Alcoy\",\"potentialAction\":[{\"@type\":\"SearchAction\",\"target\":{\"@type\":\"EntryPoint\",\"urlTemplate\":\"https:\\\/\\\/www.copealcoy.es\\\/es\\\/?s={search_term_string}\"},\"query-input\":{\"@type\":\"PropertyValueSpecification\",\"valueRequired\":true,\"valueName\":\"search_term_string\"}}],\"inLanguage\":\"es\"},{\"@type\":\"Person\",\"@id\":\"https:\\\/\\\/www.copealcoy.es\\\/es\\\/#\\\/schema\\\/person\\\/e777c87fa024e57d40170af9df39882c\",\"name\":\"Cope Alcoy\",\"image\":{\"@type\":\"ImageObject\",\"inLanguage\":\"es\",\"@id\":\"https:\\\/\\\/secure.gravatar.com\\\/avatar\\\/bb65d0283347e303893ba14f0692005417c1e0e690a325a4c5d8bb2b3943ee14?s=96&d=mm&r=g\",\"url\":\"https:\\\/\\\/secure.gravatar.com\\\/avatar\\\/bb65d0283347e303893ba14f0692005417c1e0e690a325a4c5d8bb2b3943ee14?s=96&d=mm&r=g\",\"contentUrl\":\"https:\\\/\\\/secure.gravatar.com\\\/avatar\\\/bb65d0283347e303893ba14f0692005417c1e0e690a325a4c5d8bb2b3943ee14?s=96&d=mm&r=g\",\"caption\":\"Cope Alcoy\"}}]}<\/script>\n<!-- \/ Yoast SEO plugin. -->","yoast_head_json":{"title":"Alcoy y el conjunto de la comarca alzan la voz contra la violencia hacia las mujeres - COPE Alcoy","robots":{"index":"index","follow":"follow","max-snippet":"max-snippet:-1","max-image-preview":"max-image-preview:large","max-video-preview":"max-video-preview:-1"},"canonical":"https:\/\/www.copealcoy.es\/es\/alcoy-y-el-conjunto-de-la-comarca-alzan-la-voz-contra-la-violencia-hacia-las-mujeres\/","og_locale":"es_ES","og_type":"article","og_title":"Alcoy y el conjunto de la comarca alzan la voz contra la violencia hacia las mujeres - COPE Alcoy","og_description":"Como en cada 25 de noviembre se conmemora el D\u00eda Internacional para la Eliminaci\u00f3n de la Violencia contra las Mujeres,...","og_url":"https:\/\/www.copealcoy.es\/es\/alcoy-y-el-conjunto-de-la-comarca-alzan-la-voz-contra-la-violencia-hacia-las-mujeres\/","og_site_name":"COPE Alcoy","article_published_time":"2025-11-25T19:20:48+00:00","article_modified_time":"2025-11-25T19:35:13+00:00","og_image":[{"width":2560,"height":1270,"url":"https:\/\/www.copealcoy.es\/wp-content\/uploads\/2025\/11\/unnamed-1-23-scaled-e1764098526347.jpg","type":"image\/jpeg"}],"author":"Cope Alcoy","twitter_misc":{"Escrito por":"Cope Alcoy","Tiempo de lectura":"3 minutos"},"schema":{"@context":"https:\/\/schema.org","@graph":[{"@type":"Article","@id":"https:\/\/www.copealcoy.es\/es\/alcoy-y-el-conjunto-de-la-comarca-alzan-la-voz-contra-la-violencia-hacia-las-mujeres\/#article","isPartOf":{"@id":"https:\/\/www.copealcoy.es\/es\/alcoy-y-el-conjunto-de-la-comarca-alzan-la-voz-contra-la-violencia-hacia-las-mujeres\/"},"author":{"name":"Cope Alcoy","@id":"https:\/\/www.copealcoy.es\/es\/#\/schema\/person\/e777c87fa024e57d40170af9df39882c"},"headline":"Alcoy y el conjunto de la comarca alzan la voz contra la violencia hacia las mujeres","datePublished":"2025-11-25T19:20:48+00:00","dateModified":"2025-11-25T19:35:13+00:00","mainEntityOfPage":{"@id":"https:\/\/www.copealcoy.es\/es\/alcoy-y-el-conjunto-de-la-comarca-alzan-la-voz-contra-la-violencia-hacia-las-mujeres\/"},"wordCount":509,"image":{"@id":"https:\/\/www.copealcoy.es\/es\/alcoy-y-el-conjunto-de-la-comarca-alzan-la-voz-contra-la-violencia-hacia-las-mujeres\/#primaryimage"},"thumbnailUrl":"https:\/\/www.copealcoy.es\/wp-content\/uploads\/2025\/11\/unnamed-1-23-scaled-e1764098526347.jpg","keywords":["25N","Alcoi\u00e0","Alcoy","Comtat","conmemoraci\u00f3n","D\u00eda Internacional para la Eliminaci\u00f3n de la Violencia contra la Mujer"],"articleSection":["Actualidad","Alcoy","Noticias","Portada"],"inLanguage":"es"},{"@type":"WebPage","@id":"https:\/\/www.copealcoy.es\/es\/alcoy-y-el-conjunto-de-la-comarca-alzan-la-voz-contra-la-violencia-hacia-las-mujeres\/","url":"https:\/\/www.copealcoy.es\/es\/alcoy-y-el-conjunto-de-la-comarca-alzan-la-voz-contra-la-violencia-hacia-las-mujeres\/","name":"Alcoy y el conjunto de la comarca alzan la voz contra la violencia hacia las mujeres - COPE Alcoy","isPartOf":{"@id":"https:\/\/www.copealcoy.es\/es\/#website"},"primaryImageOfPage":{"@id":"https:\/\/www.copealcoy.es\/es\/alcoy-y-el-conjunto-de-la-comarca-alzan-la-voz-contra-la-violencia-hacia-las-mujeres\/#primaryimage"},"image":{"@id":"https:\/\/www.copealcoy.es\/es\/alcoy-y-el-conjunto-de-la-comarca-alzan-la-voz-contra-la-violencia-hacia-las-mujeres\/#primaryimage"},"thumbnailUrl":"https:\/\/www.copealcoy.es\/wp-content\/uploads\/2025\/11\/unnamed-1-23-scaled-e1764098526347.jpg","datePublished":"2025-11-25T19:20:48+00:00","dateModified":"2025-11-25T19:35:13+00:00","author":{"@id":"https:\/\/www.copealcoy.es\/es\/#\/schema\/person\/e777c87fa024e57d40170af9df39882c"},"breadcrumb":{"@id":"https:\/\/www.copealcoy.es\/es\/alcoy-y-el-conjunto-de-la-comarca-alzan-la-voz-contra-la-violencia-hacia-las-mujeres\/#breadcrumb"},"inLanguage":"es","potentialAction":[{"@type":"ReadAction","target":["https:\/\/www.copealcoy.es\/es\/alcoy-y-el-conjunto-de-la-comarca-alzan-la-voz-contra-la-violencia-hacia-las-mujeres\/"]}]},{"@type":"ImageObject","inLanguage":"es","@id":"https:\/\/www.copealcoy.es\/es\/alcoy-y-el-conjunto-de-la-comarca-alzan-la-voz-contra-la-violencia-hacia-las-mujeres\/#primaryimage","url":"https:\/\/www.copealcoy.es\/wp-content\/uploads\/2025\/11\/unnamed-1-23-scaled-e1764098526347.jpg","contentUrl":"https:\/\/www.copealcoy.es\/wp-content\/uploads\/2025\/11\/unnamed-1-23-scaled-e1764098526347.jpg","width":2560,"height":1270},{"@type":"BreadcrumbList","@id":"https:\/\/www.copealcoy.es\/es\/alcoy-y-el-conjunto-de-la-comarca-alzan-la-voz-contra-la-violencia-hacia-las-mujeres\/#breadcrumb","itemListElement":[{"@type":"ListItem","position":1,"name":"Portada","item":"https:\/\/www.copealcoy.es\/es\/"},{"@type":"ListItem","position":2,"name":"Alcoy y el conjunto de la comarca alzan la voz contra la violencia hacia las mujeres"}]},{"@type":"WebSite","@id":"https:\/\/www.copealcoy.es\/es\/#website","url":"https:\/\/www.copealcoy.es\/es\/","name":"COPE Alcoy","description":"Emisora COPE de radio local con emisi\u00f3n online. Pont de Sant Jordi 8-10 03803 Alcoy","potentialAction":[{"@type":"SearchAction","target":{"@type":"EntryPoint","urlTemplate":"https:\/\/www.copealcoy.es\/es\/?s={search_term_string}"},"query-input":{"@type":"PropertyValueSpecification","valueRequired":true,"valueName":"search_term_string"}}],"inLanguage":"es"},{"@type":"Person","@id":"https:\/\/www.copealcoy.es\/es\/#\/schema\/person\/e777c87fa024e57d40170af9df39882c","name":"Cope Alcoy","image":{"@type":"ImageObject","inLanguage":"es","@id":"https:\/\/secure.gravatar.com\/avatar\/bb65d0283347e303893ba14f0692005417c1e0e690a325a4c5d8bb2b3943ee14?s=96&d=mm&r=g","url":"https:\/\/secure.gravatar.com\/avatar\/bb65d0283347e303893ba14f0692005417c1e0e690a325a4c5d8bb2b3943ee14?s=96&d=mm&r=g","contentUrl":"https:\/\/secure.gravatar.com\/avatar\/bb65d0283347e303893ba14f0692005417c1e0e690a325a4c5d8bb2b3943ee14?s=96&d=mm&r=g","caption":"Cope Alcoy"}}]}},"_links":{"self":[{"href":"https:\/\/www.copealcoy.es\/es\/wp-json\/wp\/v2\/posts\/160412","targetHints":{"allow":["GET"]}}],"collection":[{"href":"https:\/\/www.copealcoy.es\/es\/wp-json\/wp\/v2\/posts"}],"about":[{"href":"https:\/\/www.copealcoy.es\/es\/wp-json\/wp\/v2\/types\/post"}],"author":[{"embeddable":true,"href":"https:\/\/www.copealcoy.es\/es\/wp-json\/wp\/v2\/users\/1"}],"replies":[{"embeddable":true,"href":"https:\/\/www.copealcoy.es\/es\/wp-json\/wp\/v2\/comments?post=160412"}],"version-history":[{"count":3,"href":"https:\/\/www.copealcoy.es\/es\/wp-json\/wp\/v2\/posts\/160412\/revisions"}],"predecessor-version":[{"id":160437,"href":"https:\/\/www.copealcoy.es\/es\/wp-json\/wp\/v2\/posts\/160412\/revisions\/160437"}],"wp:featuredmedia":[{"embeddable":true,"href":"https:\/\/www.copealcoy.es\/es\/wp-json\/wp\/v2\/media\/160422"}],"wp:attachment":[{"href":"https:\/\/www.copealcoy.es\/es\/wp-json\/wp\/v2\/media?parent=160412"}],"wp:term":[{"taxonomy":"category","embeddable":true,"href":"https:\/\/www.copealcoy.es\/es\/wp-json\/wp\/v2\/categories?post=160412"},{"taxonomy":"post_tag","embeddable":true,"href":"https:\/\/www.copealcoy.es\/es\/wp-json\/wp\/v2\/tags?post=160412"}],"curies":[{"name":"wp","href":"https:\/\/api.w.org\/{rel}","templated":true}]}}