{"id":160252,"date":"2025-11-20T19:44:40","date_gmt":"2025-11-20T18:44:40","guid":{"rendered":"https:\/\/www.copealcoy.es\/?p=160252"},"modified":"2025-11-20T19:51:26","modified_gmt":"2025-11-20T18:51:26","slug":"50-anos-de-la-muerte-de-franco-y-del-inicio-de-la-transicion-a-la-democracia-asi-se-vivio-en-alcoy","status":"publish","type":"post","link":"https:\/\/www.copealcoy.es\/es\/50-anos-de-la-muerte-de-franco-y-del-inicio-de-la-transicion-a-la-democracia-asi-se-vivio-en-alcoy\/","title":{"rendered":"50 a\u00f1os de la muerte de Franco y del inicio de la transici\u00f3n a la Democracia. As\u00ed se vivi\u00f3 en Alcoy"},"content":{"rendered":"<p style=\"text-align: justify;\">Este jueves 20 de noviembre <strong>se han cumplido 50 a\u00f1os del <a href=\"https:\/\/www.cope.es\/actualidad\/linea-editorial\/noticias\/20n-lecciones-historia-20251120_3255894.html\" target=\"_blank\" rel=\"noopener\"><span style=\"color: #0000ff;\">20 de noviembre de 1975<\/span><\/a><\/strong>, fecha que <strong>marc\u00f3 un antes y un despu\u00e9s en Espa\u00f1a<\/strong> debido al fallecimiento del dictador Franco. Con su muerte <strong>terminaban casi cuatro d\u00e9cadas de r\u00e9gimen dictatorial en nuestro pa\u00eds<\/strong>, despu\u00e9s de la Guerra Civil, y con la proclamaci\u00f3n del Rey Juan Carlos I como Jefe del Estado el d\u00eda 22 del mismo mes se iniciaba un tiempo nuevo que culminar\u00eda el 6 de diciembre de 1978. Ese d\u00eda <strong>era aprobada en refer\u00e9ndum la actual Constituci\u00f3n Espa\u00f1ola<\/strong> y Espa\u00f1a comenzaba ya a caminar en Democracia.<\/p>\n<p style=\"text-align: justify;\">La noticia del fallecimiento del caudillo<strong> se conoci\u00f3 en Alcoy pasadas las cinco de la ma\u00f1ana<\/strong>, a trav\u00e9s de las ondas de Radio Nacional, y dos d\u00edas despu\u00e9s el Peri\u00f3dico Ciudad se hac\u00eda eco de ello recordando que desde la capital de l&#8217;Alcoi\u00e0 se hab\u00edan mandado diferentes telegramas de condolencia a la Presidencia del Gobierno, el Consejo del Reino y la Casa Civil del Pr\u00edncipe de Espa\u00f1a. En la Casa de Andaluc\u00eda, seg\u00fan el mismo diario, se instal\u00f3 un pliego de firmas y se suspendieron las diversas actividades deportivas o culturales previstas debido a <strong>la declaraci\u00f3n de luto nacional<\/strong>. El s\u00e1bado 22, mientras en Madrid se celebraba la proclamaci\u00f3n del Rey Juan Carlos I, se oficiaba un funeral en memoria de Franco &#8220;<em>hab\u00eda mucha incertidumbre porque nadie aventuraba que pod\u00eda venir a partir de ese momento<\/em>&#8220;, recordaba hoy en COPE ALCOY el historiador Pedro Juan Parra.<\/p>\n<p style=\"text-align: justify;\"><a href=\"https:\/\/www.copealcoy.es\/wp-content\/uploads\/2025\/11\/unnamed-2-2.jpg\"><img loading=\"lazy\" decoding=\"async\" class=\"wp-image-160270 aligncenter\" src=\"https:\/\/www.copealcoy.es\/wp-content\/uploads\/2025\/11\/unnamed-2-2.jpg\" alt=\"\" width=\"630\" height=\"1120\" \/><\/a><\/p>\n<p style=\"text-align: justify;\">En los primeros a\u00f1os de la transici\u00f3n, y mientras Espa\u00f1a avanzaba hac\u00eda una reforma pol\u00edtica en la que iba a primar el consenso y la reconciliaci\u00f3n, <strong>tambi\u00e9n se daban pasos en Alcoy para que permitieron el acercamiento entre las diferentes sensibilidades pol\u00edticas<\/strong>. Todo ello en un escenario que <strong>no dej\u00f3 de estar exento de episodios significativos e incluso complicados<\/strong> &#8220;<em>destaca por ejemplo la huelga del textil del 76, en la que hubo cargas en la Plaza de Espa\u00f1a, o la movilizaci\u00f3n que cada vez iba cobrando fuerza en el movimiento vecinal<\/em>&#8220;, recuerda Parra.<\/p>\n<p style=\"text-align: justify;\">Lo que vino despu\u00e9s <strong>forma ya parte de la historia de la ciudad<\/strong>. Primeras Elecciones Municipales de la Democracia en 1979, que se saldaron con un triunfo ajustado del Partido Socialista con 11 concejales frente a los 10 que sac\u00f3 la UCD. El hecho de que el Partido Comunista obtuviera 4 propici\u00f3 un gobierno de izquierdas aunque Jos\u00e9 Sanus, investido alcalde el 19 de abril, dio delegaciones a todos los concejales dando as\u00ed luz verde al primer gobierno local de concentraci\u00f3n de la nueva etapa democr\u00e1tica. Cincuenta a\u00f1os de evoluci\u00f3n y cambios pol\u00edticos, pero tambi\u00e9n de hechos significativos en uno de los periodos hist\u00f3ricos de m\u00e1s estabilidad en Espa\u00f1a. Y casi medio siglo despu\u00e9s, el 14 de abril de 2023, el Pleno del Ayuntamiento daba un paso hacia adelante clave: respaldar la retirada de todos los honores que Alcoy dio a Franco en los a\u00f1os de la dictadura.<\/p>\n<p>Aqu\u00ed <strong>puedes escuchar<\/strong> la entrevista con Pedro Juan Parra:<\/p>\n<p><iframe loading=\"lazy\" title=\"&#039;Mediod\u00eda Cope&#039; Alcoy Jueves 20 De Noviembre 2025 (13:50h)\" width=\"100%\" height=\"120\" src=\"https:\/\/www.mixcloud.com\/widget\/iframe\/?feed=https%3A%2F%2Fwww.mixcloud.com%2FCOPEAlcoy%2Fmediod%25C3%25ADa-cope-alcoy-jueves-20-de-noviembre-2025-1350h%2F&amp;hide_cover=1\" frameborder=\"0\" allow=\"encrypted-media; fullscreen; autoplay; idle-detection; speaker-selection; web-share;\"><\/iframe><\/p>\n<p>&nbsp;<\/p>\n","protected":false},"excerpt":{"rendered":"<p>Este jueves 20 de noviembre se han cumplido 50 a\u00f1os del 20 de noviembre de 1975, fecha que marc\u00f3 un&#8230;<\/p>\n","protected":false},"author":1,"featured_media":113928,"comment_status":"closed","ping_status":"closed","sticky":false,"template":"","format":"standard","meta":{"footnotes":""},"categories":[6909],"tags":[8525,1494,20347,20348,20349],"class_list":["post-160252","post","type-post","status-publish","format-standard","has-post-thumbnail","hentry","category-actualidad","tag-50-anos","tag-alcoy","tag-fallecimiento-franco","tag-inicio-transicion","tag-pedro-juan-parra"],"yoast_head":"<!-- This site is optimized with the Yoast SEO plugin v27.3 - https:\/\/yoast.com\/product\/yoast-seo-wordpress\/ -->\n<title>50 a\u00f1os de la muerte de Franco y del inicio de la transici\u00f3n a la Democracia. As\u00ed se vivi\u00f3 en Alcoy - COPE Alcoy<\/title>\n<meta name=\"description\" content=\"50 a\u00f1os de la muerte de Franco y del inicio de la transici\u00f3n a la Democracia. As\u00ed se vivi\u00f3 en Alcoy\" \/>\n<meta name=\"robots\" content=\"index, follow, max-snippet:-1, max-image-preview:large, max-video-preview:-1\" \/>\n<link rel=\"canonical\" href=\"https:\/\/www.copealcoy.es\/es\/50-anos-de-la-muerte-de-franco-y-del-inicio-de-la-transicion-a-la-democracia-asi-se-vivio-en-alcoy\/\" \/>\n<meta property=\"og:locale\" content=\"es_ES\" \/>\n<meta property=\"og:type\" content=\"article\" \/>\n<meta property=\"og:title\" content=\"50 a\u00f1os de la muerte de Franco y del inicio de la transici\u00f3n a la Democracia. As\u00ed se vivi\u00f3 en Alcoy - COPE Alcoy\" \/>\n<meta property=\"og:description\" content=\"50 a\u00f1os de la muerte de Franco y del inicio de la transici\u00f3n a la Democracia. As\u00ed se vivi\u00f3 en Alcoy\" \/>\n<meta property=\"og:url\" content=\"https:\/\/www.copealcoy.es\/es\/50-anos-de-la-muerte-de-franco-y-del-inicio-de-la-transicion-a-la-democracia-asi-se-vivio-en-alcoy\/\" \/>\n<meta property=\"og:site_name\" content=\"COPE Alcoy\" \/>\n<meta property=\"article:published_time\" content=\"2025-11-20T18:44:40+00:00\" \/>\n<meta property=\"article:modified_time\" content=\"2025-11-20T18:51:26+00:00\" \/>\n<meta property=\"og:image\" content=\"https:\/\/www.copealcoy.es\/wp-content\/uploads\/2023\/04\/756184608_232411004_1706x960.webp\" \/>\n\t<meta property=\"og:image:width\" content=\"1706\" \/>\n\t<meta property=\"og:image:height\" content=\"960\" \/>\n\t<meta property=\"og:image:type\" content=\"image\/webp\" \/>\n<meta name=\"author\" content=\"Cope Alcoy\" \/>\n<meta name=\"twitter:label1\" content=\"Escrito por\" \/>\n\t<meta name=\"twitter:data1\" content=\"Cope Alcoy\" \/>\n\t<meta name=\"twitter:label2\" content=\"Tiempo de lectura\" \/>\n\t<meta name=\"twitter:data2\" content=\"4 minutos\" \/>\n<script type=\"application\/ld+json\" class=\"yoast-schema-graph\">{\"@context\":\"https:\\\/\\\/schema.org\",\"@graph\":[{\"@type\":\"Article\",\"@id\":\"https:\\\/\\\/www.copealcoy.es\\\/es\\\/50-anos-de-la-muerte-de-franco-y-del-inicio-de-la-transicion-a-la-democracia-asi-se-vivio-en-alcoy\\\/#article\",\"isPartOf\":{\"@id\":\"https:\\\/\\\/www.copealcoy.es\\\/es\\\/50-anos-de-la-muerte-de-franco-y-del-inicio-de-la-transicion-a-la-democracia-asi-se-vivio-en-alcoy\\\/\"},\"author\":{\"name\":\"Cope Alcoy\",\"@id\":\"https:\\\/\\\/www.copealcoy.es\\\/es\\\/#\\\/schema\\\/person\\\/e777c87fa024e57d40170af9df39882c\"},\"headline\":\"50 a\u00f1os de la muerte de Franco y del inicio de la transici\u00f3n a la Democracia. As\u00ed se vivi\u00f3 en Alcoy\",\"datePublished\":\"2025-11-20T18:44:40+00:00\",\"dateModified\":\"2025-11-20T18:51:26+00:00\",\"mainEntityOfPage\":{\"@id\":\"https:\\\/\\\/www.copealcoy.es\\\/es\\\/50-anos-de-la-muerte-de-franco-y-del-inicio-de-la-transicion-a-la-democracia-asi-se-vivio-en-alcoy\\\/\"},\"wordCount\":568,\"image\":{\"@id\":\"https:\\\/\\\/www.copealcoy.es\\\/es\\\/50-anos-de-la-muerte-de-franco-y-del-inicio-de-la-transicion-a-la-democracia-asi-se-vivio-en-alcoy\\\/#primaryimage\"},\"thumbnailUrl\":\"https:\\\/\\\/www.copealcoy.es\\\/wp-content\\\/uploads\\\/2023\\\/04\\\/756184608_232411004_1706x960.webp\",\"keywords\":[\"50 a\u00f1os\",\"Alcoy\",\"fallecimiento Franco\",\"inicio transici\u00f3n\",\"Pedro Juan Parra\"],\"articleSection\":[\"Actualidad\"],\"inLanguage\":\"es\"},{\"@type\":\"WebPage\",\"@id\":\"https:\\\/\\\/www.copealcoy.es\\\/es\\\/50-anos-de-la-muerte-de-franco-y-del-inicio-de-la-transicion-a-la-democracia-asi-se-vivio-en-alcoy\\\/\",\"url\":\"https:\\\/\\\/www.copealcoy.es\\\/es\\\/50-anos-de-la-muerte-de-franco-y-del-inicio-de-la-transicion-a-la-democracia-asi-se-vivio-en-alcoy\\\/\",\"name\":\"50 a\u00f1os de la muerte de Franco y del inicio de la transici\u00f3n a la Democracia. As\u00ed se vivi\u00f3 en Alcoy - COPE Alcoy\",\"isPartOf\":{\"@id\":\"https:\\\/\\\/www.copealcoy.es\\\/es\\\/#website\"},\"primaryImageOfPage\":{\"@id\":\"https:\\\/\\\/www.copealcoy.es\\\/es\\\/50-anos-de-la-muerte-de-franco-y-del-inicio-de-la-transicion-a-la-democracia-asi-se-vivio-en-alcoy\\\/#primaryimage\"},\"image\":{\"@id\":\"https:\\\/\\\/www.copealcoy.es\\\/es\\\/50-anos-de-la-muerte-de-franco-y-del-inicio-de-la-transicion-a-la-democracia-asi-se-vivio-en-alcoy\\\/#primaryimage\"},\"thumbnailUrl\":\"https:\\\/\\\/www.copealcoy.es\\\/wp-content\\\/uploads\\\/2023\\\/04\\\/756184608_232411004_1706x960.webp\",\"datePublished\":\"2025-11-20T18:44:40+00:00\",\"dateModified\":\"2025-11-20T18:51:26+00:00\",\"author\":{\"@id\":\"https:\\\/\\\/www.copealcoy.es\\\/es\\\/#\\\/schema\\\/person\\\/e777c87fa024e57d40170af9df39882c\"},\"description\":\"50 a\u00f1os de la muerte de Franco y del inicio de la transici\u00f3n a la Democracia. As\u00ed se vivi\u00f3 en Alcoy\",\"breadcrumb\":{\"@id\":\"https:\\\/\\\/www.copealcoy.es\\\/es\\\/50-anos-de-la-muerte-de-franco-y-del-inicio-de-la-transicion-a-la-democracia-asi-se-vivio-en-alcoy\\\/#breadcrumb\"},\"inLanguage\":\"es\",\"potentialAction\":[{\"@type\":\"ReadAction\",\"target\":[\"https:\\\/\\\/www.copealcoy.es\\\/es\\\/50-anos-de-la-muerte-de-franco-y-del-inicio-de-la-transicion-a-la-democracia-asi-se-vivio-en-alcoy\\\/\"]}]},{\"@type\":\"ImageObject\",\"inLanguage\":\"es\",\"@id\":\"https:\\\/\\\/www.copealcoy.es\\\/es\\\/50-anos-de-la-muerte-de-franco-y-del-inicio-de-la-transicion-a-la-democracia-asi-se-vivio-en-alcoy\\\/#primaryimage\",\"url\":\"https:\\\/\\\/www.copealcoy.es\\\/wp-content\\\/uploads\\\/2023\\\/04\\\/756184608_232411004_1706x960.webp\",\"contentUrl\":\"https:\\\/\\\/www.copealcoy.es\\\/wp-content\\\/uploads\\\/2023\\\/04\\\/756184608_232411004_1706x960.webp\",\"width\":1706,\"height\":960},{\"@type\":\"BreadcrumbList\",\"@id\":\"https:\\\/\\\/www.copealcoy.es\\\/es\\\/50-anos-de-la-muerte-de-franco-y-del-inicio-de-la-transicion-a-la-democracia-asi-se-vivio-en-alcoy\\\/#breadcrumb\",\"itemListElement\":[{\"@type\":\"ListItem\",\"position\":1,\"name\":\"Portada\",\"item\":\"https:\\\/\\\/www.copealcoy.es\\\/es\\\/\"},{\"@type\":\"ListItem\",\"position\":2,\"name\":\"50 a\u00f1os de la muerte de Franco y del inicio de la transici\u00f3n a la Democracia. As\u00ed se vivi\u00f3 en Alcoy\"}]},{\"@type\":\"WebSite\",\"@id\":\"https:\\\/\\\/www.copealcoy.es\\\/es\\\/#website\",\"url\":\"https:\\\/\\\/www.copealcoy.es\\\/es\\\/\",\"name\":\"COPE Alcoy\",\"description\":\"Emisora COPE de radio local con emisi\u00f3n online. Pont de Sant Jordi 8-10 03803 Alcoy\",\"potentialAction\":[{\"@type\":\"SearchAction\",\"target\":{\"@type\":\"EntryPoint\",\"urlTemplate\":\"https:\\\/\\\/www.copealcoy.es\\\/es\\\/?s={search_term_string}\"},\"query-input\":{\"@type\":\"PropertyValueSpecification\",\"valueRequired\":true,\"valueName\":\"search_term_string\"}}],\"inLanguage\":\"es\"},{\"@type\":\"Person\",\"@id\":\"https:\\\/\\\/www.copealcoy.es\\\/es\\\/#\\\/schema\\\/person\\\/e777c87fa024e57d40170af9df39882c\",\"name\":\"Cope Alcoy\",\"image\":{\"@type\":\"ImageObject\",\"inLanguage\":\"es\",\"@id\":\"https:\\\/\\\/secure.gravatar.com\\\/avatar\\\/bb65d0283347e303893ba14f0692005417c1e0e690a325a4c5d8bb2b3943ee14?s=96&d=mm&r=g\",\"url\":\"https:\\\/\\\/secure.gravatar.com\\\/avatar\\\/bb65d0283347e303893ba14f0692005417c1e0e690a325a4c5d8bb2b3943ee14?s=96&d=mm&r=g\",\"contentUrl\":\"https:\\\/\\\/secure.gravatar.com\\\/avatar\\\/bb65d0283347e303893ba14f0692005417c1e0e690a325a4c5d8bb2b3943ee14?s=96&d=mm&r=g\",\"caption\":\"Cope Alcoy\"}}]}<\/script>\n<!-- \/ Yoast SEO plugin. -->","yoast_head_json":{"title":"50 a\u00f1os de la muerte de Franco y del inicio de la transici\u00f3n a la Democracia. As\u00ed se vivi\u00f3 en Alcoy - COPE Alcoy","description":"50 a\u00f1os de la muerte de Franco y del inicio de la transici\u00f3n a la Democracia. As\u00ed se vivi\u00f3 en Alcoy","robots":{"index":"index","follow":"follow","max-snippet":"max-snippet:-1","max-image-preview":"max-image-preview:large","max-video-preview":"max-video-preview:-1"},"canonical":"https:\/\/www.copealcoy.es\/es\/50-anos-de-la-muerte-de-franco-y-del-inicio-de-la-transicion-a-la-democracia-asi-se-vivio-en-alcoy\/","og_locale":"es_ES","og_type":"article","og_title":"50 a\u00f1os de la muerte de Franco y del inicio de la transici\u00f3n a la Democracia. As\u00ed se vivi\u00f3 en Alcoy - COPE Alcoy","og_description":"50 a\u00f1os de la muerte de Franco y del inicio de la transici\u00f3n a la Democracia. As\u00ed se vivi\u00f3 en Alcoy","og_url":"https:\/\/www.copealcoy.es\/es\/50-anos-de-la-muerte-de-franco-y-del-inicio-de-la-transicion-a-la-democracia-asi-se-vivio-en-alcoy\/","og_site_name":"COPE Alcoy","article_published_time":"2025-11-20T18:44:40+00:00","article_modified_time":"2025-11-20T18:51:26+00:00","og_image":[{"width":1706,"height":960,"url":"https:\/\/www.copealcoy.es\/wp-content\/uploads\/2023\/04\/756184608_232411004_1706x960.webp","type":"image\/webp"}],"author":"Cope Alcoy","twitter_misc":{"Escrito por":"Cope Alcoy","Tiempo de lectura":"4 minutos"},"schema":{"@context":"https:\/\/schema.org","@graph":[{"@type":"Article","@id":"https:\/\/www.copealcoy.es\/es\/50-anos-de-la-muerte-de-franco-y-del-inicio-de-la-transicion-a-la-democracia-asi-se-vivio-en-alcoy\/#article","isPartOf":{"@id":"https:\/\/www.copealcoy.es\/es\/50-anos-de-la-muerte-de-franco-y-del-inicio-de-la-transicion-a-la-democracia-asi-se-vivio-en-alcoy\/"},"author":{"name":"Cope Alcoy","@id":"https:\/\/www.copealcoy.es\/es\/#\/schema\/person\/e777c87fa024e57d40170af9df39882c"},"headline":"50 a\u00f1os de la muerte de Franco y del inicio de la transici\u00f3n a la Democracia. As\u00ed se vivi\u00f3 en Alcoy","datePublished":"2025-11-20T18:44:40+00:00","dateModified":"2025-11-20T18:51:26+00:00","mainEntityOfPage":{"@id":"https:\/\/www.copealcoy.es\/es\/50-anos-de-la-muerte-de-franco-y-del-inicio-de-la-transicion-a-la-democracia-asi-se-vivio-en-alcoy\/"},"wordCount":568,"image":{"@id":"https:\/\/www.copealcoy.es\/es\/50-anos-de-la-muerte-de-franco-y-del-inicio-de-la-transicion-a-la-democracia-asi-se-vivio-en-alcoy\/#primaryimage"},"thumbnailUrl":"https:\/\/www.copealcoy.es\/wp-content\/uploads\/2023\/04\/756184608_232411004_1706x960.webp","keywords":["50 a\u00f1os","Alcoy","fallecimiento Franco","inicio transici\u00f3n","Pedro Juan Parra"],"articleSection":["Actualidad"],"inLanguage":"es"},{"@type":"WebPage","@id":"https:\/\/www.copealcoy.es\/es\/50-anos-de-la-muerte-de-franco-y-del-inicio-de-la-transicion-a-la-democracia-asi-se-vivio-en-alcoy\/","url":"https:\/\/www.copealcoy.es\/es\/50-anos-de-la-muerte-de-franco-y-del-inicio-de-la-transicion-a-la-democracia-asi-se-vivio-en-alcoy\/","name":"50 a\u00f1os de la muerte de Franco y del inicio de la transici\u00f3n a la Democracia. As\u00ed se vivi\u00f3 en Alcoy - COPE Alcoy","isPartOf":{"@id":"https:\/\/www.copealcoy.es\/es\/#website"},"primaryImageOfPage":{"@id":"https:\/\/www.copealcoy.es\/es\/50-anos-de-la-muerte-de-franco-y-del-inicio-de-la-transicion-a-la-democracia-asi-se-vivio-en-alcoy\/#primaryimage"},"image":{"@id":"https:\/\/www.copealcoy.es\/es\/50-anos-de-la-muerte-de-franco-y-del-inicio-de-la-transicion-a-la-democracia-asi-se-vivio-en-alcoy\/#primaryimage"},"thumbnailUrl":"https:\/\/www.copealcoy.es\/wp-content\/uploads\/2023\/04\/756184608_232411004_1706x960.webp","datePublished":"2025-11-20T18:44:40+00:00","dateModified":"2025-11-20T18:51:26+00:00","author":{"@id":"https:\/\/www.copealcoy.es\/es\/#\/schema\/person\/e777c87fa024e57d40170af9df39882c"},"description":"50 a\u00f1os de la muerte de Franco y del inicio de la transici\u00f3n a la Democracia. As\u00ed se vivi\u00f3 en Alcoy","breadcrumb":{"@id":"https:\/\/www.copealcoy.es\/es\/50-anos-de-la-muerte-de-franco-y-del-inicio-de-la-transicion-a-la-democracia-asi-se-vivio-en-alcoy\/#breadcrumb"},"inLanguage":"es","potentialAction":[{"@type":"ReadAction","target":["https:\/\/www.copealcoy.es\/es\/50-anos-de-la-muerte-de-franco-y-del-inicio-de-la-transicion-a-la-democracia-asi-se-vivio-en-alcoy\/"]}]},{"@type":"ImageObject","inLanguage":"es","@id":"https:\/\/www.copealcoy.es\/es\/50-anos-de-la-muerte-de-franco-y-del-inicio-de-la-transicion-a-la-democracia-asi-se-vivio-en-alcoy\/#primaryimage","url":"https:\/\/www.copealcoy.es\/wp-content\/uploads\/2023\/04\/756184608_232411004_1706x960.webp","contentUrl":"https:\/\/www.copealcoy.es\/wp-content\/uploads\/2023\/04\/756184608_232411004_1706x960.webp","width":1706,"height":960},{"@type":"BreadcrumbList","@id":"https:\/\/www.copealcoy.es\/es\/50-anos-de-la-muerte-de-franco-y-del-inicio-de-la-transicion-a-la-democracia-asi-se-vivio-en-alcoy\/#breadcrumb","itemListElement":[{"@type":"ListItem","position":1,"name":"Portada","item":"https:\/\/www.copealcoy.es\/es\/"},{"@type":"ListItem","position":2,"name":"50 a\u00f1os de la muerte de Franco y del inicio de la transici\u00f3n a la Democracia. As\u00ed se vivi\u00f3 en Alcoy"}]},{"@type":"WebSite","@id":"https:\/\/www.copealcoy.es\/es\/#website","url":"https:\/\/www.copealcoy.es\/es\/","name":"COPE Alcoy","description":"Emisora COPE de radio local con emisi\u00f3n online. Pont de Sant Jordi 8-10 03803 Alcoy","potentialAction":[{"@type":"SearchAction","target":{"@type":"EntryPoint","urlTemplate":"https:\/\/www.copealcoy.es\/es\/?s={search_term_string}"},"query-input":{"@type":"PropertyValueSpecification","valueRequired":true,"valueName":"search_term_string"}}],"inLanguage":"es"},{"@type":"Person","@id":"https:\/\/www.copealcoy.es\/es\/#\/schema\/person\/e777c87fa024e57d40170af9df39882c","name":"Cope Alcoy","image":{"@type":"ImageObject","inLanguage":"es","@id":"https:\/\/secure.gravatar.com\/avatar\/bb65d0283347e303893ba14f0692005417c1e0e690a325a4c5d8bb2b3943ee14?s=96&d=mm&r=g","url":"https:\/\/secure.gravatar.com\/avatar\/bb65d0283347e303893ba14f0692005417c1e0e690a325a4c5d8bb2b3943ee14?s=96&d=mm&r=g","contentUrl":"https:\/\/secure.gravatar.com\/avatar\/bb65d0283347e303893ba14f0692005417c1e0e690a325a4c5d8bb2b3943ee14?s=96&d=mm&r=g","caption":"Cope Alcoy"}}]}},"_links":{"self":[{"href":"https:\/\/www.copealcoy.es\/es\/wp-json\/wp\/v2\/posts\/160252","targetHints":{"allow":["GET"]}}],"collection":[{"href":"https:\/\/www.copealcoy.es\/es\/wp-json\/wp\/v2\/posts"}],"about":[{"href":"https:\/\/www.copealcoy.es\/es\/wp-json\/wp\/v2\/types\/post"}],"author":[{"embeddable":true,"href":"https:\/\/www.copealcoy.es\/es\/wp-json\/wp\/v2\/users\/1"}],"replies":[{"embeddable":true,"href":"https:\/\/www.copealcoy.es\/es\/wp-json\/wp\/v2\/comments?post=160252"}],"version-history":[{"count":3,"href":"https:\/\/www.copealcoy.es\/es\/wp-json\/wp\/v2\/posts\/160252\/revisions"}],"predecessor-version":[{"id":160273,"href":"https:\/\/www.copealcoy.es\/es\/wp-json\/wp\/v2\/posts\/160252\/revisions\/160273"}],"wp:featuredmedia":[{"embeddable":true,"href":"https:\/\/www.copealcoy.es\/es\/wp-json\/wp\/v2\/media\/113928"}],"wp:attachment":[{"href":"https:\/\/www.copealcoy.es\/es\/wp-json\/wp\/v2\/media?parent=160252"}],"wp:term":[{"taxonomy":"category","embeddable":true,"href":"https:\/\/www.copealcoy.es\/es\/wp-json\/wp\/v2\/categories?post=160252"},{"taxonomy":"post_tag","embeddable":true,"href":"https:\/\/www.copealcoy.es\/es\/wp-json\/wp\/v2\/tags?post=160252"}],"curies":[{"name":"wp","href":"https:\/\/api.w.org\/{rel}","templated":true}]}}